{"id":9982,"date":"2018-05-23T16:30:14","date_gmt":"2018-05-23T16:30:14","guid":{"rendered":"http:\/\/historiografija.hr\/?p=9982"},"modified":"2018-05-23T16:30:14","modified_gmt":"2018-05-23T16:30:14","slug":"internetski-monopoli-i-redistribucija-digitalnog-bogatstva","status":"publish","type":"post","link":"https:\/\/historiografija.hr\/?p=9982","title":{"rendered":"Internetski monopoli i redistribucija digitalnog bogatstva"},"content":{"rendered":"<p>U \u010detvrtak, 24. svibnja 2018. u 19 sati u Multimedijalnom institutu u Zagrebu bit \u0107e odr\u017eano predavanje u kojem \u0107e se \u201cistra\u017eiti pozicija mo\u0107i globalnih internetskih kompanija iz dru\u0161tveno-povijesne perspektive\u201d.<\/p>\n<p>&nbsp;<\/p>\n<p>&#8212;<\/p>\n<p>&nbsp;<\/p>\n<p>Odjel za kulturu i komunikacije Instituta za razvoj i me\u0111unarodne odnose u suradnji sa Sekcijom za sociologiju medija Hrvatskog sociolo\u0161kog dru\u0161tva:<\/p>\n<p>&nbsp;<\/p>\n<p><strong>Internetski monopoli i redistribucija digitalnog bogatstva<\/strong><\/p>\n<p>&nbsp;<\/p>\n<p>\u010detvrtak, 24.5.2018, 19:00h @ MaMa<\/p>\n<p>&nbsp;<\/p>\n<p>Globalnim \u0161irenjem mre\u017ene infrastrukture raste ekonomska i politi\u010dka vrijednost podataka koji cirkuliraju internetom. Kompanije koje se bave proizvodnjom i distribucijom informacija najprofitabilnije su kompanije. Apple, Alphabet, Amazon, Microsoft i Facebook postaju oligopol koji usmjerava i kontrolira aktivnosti internetskih korisnika kao \u0161to su mre\u017eno pretra\u017eivanje, dru\u0161tveno umre\u017eavanje, e-trgovina, mobilna telefonija i ra\u010dunalni operativni sustavi. Podaci postaju glavni resurs novog tipa kapitalizma (Srnicek, 2017), a ra\u010dunalni algoritamski sustavi osnovni alati valorizacije podataka, stvaranja vi\u0161ka vrijednosti i ostvarivanja profita (Bili\u0107, 2017) na temelju eksploatiranog digitalnog rada (Fuchs, 2010). U ovom \u0107e se predavanju istra\u017eiti pozicija mo\u0107i globalnih internetskih kompanija iz dru\u0161tveno-povijesne perspektive. Prikazat \u0107e se na\u010dini stvaranja prihoda od digitalnih podataka, vrijednost digitalnih tr\u017ei\u0161ta u Europi i Hrvatskoj te navike internetskih korisnika u Hrvatskoj. Pritom \u0107emo se posebice osvrnuti na povijesne promjene u legitimacijskom digitalnom diskursu (Fisher, 2012), odr\u017eivost lokalne digitalne industrije, kvalitetu i vjerodostojnost informacija, informiranost gra\u0111ana o klju\u010dnim dru\u0161tvenim temama te potencijale za pravedniju distribuciju digitalnog bogatstva.<\/p>\n<p>&nbsp;<\/p>\n<p>O predava\u010dima:<\/p>\n<p>Dr. sc. Pa\u0161ko Bili\u0107 znanstveni je suradnik u Odjelu za kulturu i komunikacije Instituta za razvoj i me\u0111unarodne odnose (IRMO) u Zagrebu i suradnik na CULPOL projektu. Godine 2013. doktorirao je sociologiju na Filozofskom fakultetu Sveu\u010dili\u0161ta u Zagrebu. Bio je gostuju\u0107i istra\u017eiva\u010d na Institutu za napredne studije Sveu\u010dili\u0161ta Westminster u Londonu, gostuju\u0107i istra\u017eiva\u010d na Sveu\u010dili\u0161tu u Bremenu, gostuju\u0107i istra\u017eiva\u010d na Sveu\u010dili\u0161tu Bilgi u Istanbulu i gostuju\u0107i istra\u017eiva\u010d doktorand na Sveu\u010dili\u0161tu Alberta u Kanadi. Za svoja je istra\u017eivanja dobio nagradu za najbolji rad Kanadske sociolo\u0161ke asocijacije u 2012. godini. Njegovi su glavni istra\u017eiva\u010dki interesi medijska sociologija i komunikacijske znanosti. To\u010dnije, zainteresiran je za kriti\u010dku analizu dru\u0161tvenih odnosa posredovanih digitalnim tehnologijama, javnim politikama i tr\u017ei\u0161tima. Od 2015. voditelj je hrvatskog tima projekta kojim se prati medijski pluralizam, a koji koordinira Europski sveu\u010dili\u0161ni institut (EUI) u Firenci i financira Europska komisija. Tako\u0111er je sudjelovao na projektima financiranima iz programa COST Europske unije, Sedmog okvirnog programa Europske unije (FP7) te Hrvatske zaklade za znanost (HRZZ). \u010clan je odbora Istra\u017eiva\u010dke mre\u017ee 18: sociologija medija i komunikacijskih istra\u017eivanja Europske sociolo\u0161ke asocijacije i voditelj Sekcije za sociologiju medija Hrvatskoga sociolo\u0161kog dru\u0161tva od 2013. godine. Urednik je knjige (zajedno s Jakom Primorac i Bjarkijem Valtyssonom) pod naslovom \u201eTechnologies of Labour and the Politics of Contradiction\u201c (Palgrave Macmillan, 2018). Njegova su istra\u017eivanja objavljena u \u010dasopisima kao \u0161to su Dru\u0161tvena istra\u017eivanja i Revija za sociologiju te me\u0111unarodnim \u010dasopisima Journal of Political Economy of Communication, TripleC: Communication, Capitalism and Critique, New Media &amp; Society, European Journal of Communication, Big Data &amp; Society i Interactions: Studies in Communication and Culture.<\/p>\n<p>&nbsp;<\/p>\n<p>Doc. dr. sc. Kre\u0161imir Krolo diplomirao je sociologiju i povijest, a doktorat iz sociologije stje\u010de temom \u201cNa\u010dini kori\u0161tenja internetskih dru\u0161tvnih mre\u017ea kao pokazatelj dru\u0161tvenog kapitala mladih u Hrvatskoj\u201d. Istra\u017eiva\u010dki interesi su mu vezani uz odnos digitalno-interaktivnih medija i dru\u0161tva s posebnim naglaskom na razli\u010dite oblike digitalnih kultura te suvremene perspektive kulturnog razvoja i kulturnih potreba mladih. Osmislio je i koordinirao nekoliko neovisnih istra\u017eiva\u010dkih projekata poput \u201cSociokulturni profil video igra\u010da i igra\u010dica u Hrvatskoj\u201d (2014), \u201cKulturne potrebe i kulturni kapital mladih u Zadru\u201d (2014), te \u201cKulturne potrebe i kulturni kapital mladih na Jadranskoj obali\u201d (2015\/2016). Trenutno je suradnik na projektu HZZZ-a \u201eDru\u0161tvena stratifikacija u Hrvatskoj: strukturalni i subjektivni aspekti\u201c (2016-) pod vodstvom doc. dr.sc. Karin Doolan (Odjel za sociologiju, Sveu\u010dili\u0161te u Zadru). \u010clan je Hrvatskog sociolo\u0161kog dru\u0161tva (HSD) i sekcije \u201cSociologija medija\u201d pri Hrvatskom sociolo\u0161kom dru\u0161tvu i dobitnik stipendije JFDP (Junior Faculty Development Program) ameri\u010dkog konzulata u obliku petomjese\u010dnog boravka na Sveu\u010dili\u0161tu u Sjevernoj Karolini.<\/p>\n<p>&nbsp;<\/p>\n<p>Predavanje organizira Odjel za kulturu i komunikacije Instituta za razvoj i me\u0111unarodne odnose (IRMO) u suradnji sa Sekcijom za sociologiju medija Hrvatskog sociolo\u0161kog dru\u0161tva (HSD) u sklopu Jean Monnet projekta \u2018EU kompetencije i nacionalne kulturne politike: kriti\u010dki dijalozi\u2019 (CULPOL).<\/p>\n<p>&nbsp;<\/p>\n<p>&nbsp;<\/p>\n<p>Izvor: <a href=\"http:\/\/www.mi2.hr\/2018\/05\/internetski-monopoli-i-redistribucija-digitalnog-bogatstva\/\">http:\/\/www.mi2.hr\/2018\/05\/internetski-monopoli-i-redistribucija-digitalnog-bogatstva\/<\/a><\/p>\n<p>&nbsp;<\/p>\n<p>&nbsp;<\/p>\n","protected":false},"excerpt":{"rendered":"","protected":false},"author":2,"featured_media":9985,"comment_status":"open","ping_status":"open","sticky":false,"template":"","format":"standard","meta":{"_acf_changed":false,"jetpack_post_was_ever_published":false,"_jetpack_newsletter_access":"","_jetpack_dont_email_post_to_subs":false,"_jetpack_newsletter_tier_id":0,"_jetpack_memberships_contains_paywalled_content":false,"_jetpack_memberships_contains_paid_content":false,"footnotes":"","jetpack_publicize_message":"","jetpack_publicize_feature_enabled":true,"jetpack_social_post_already_shared":true,"jetpack_social_options":{"image_generator_settings":{"template":"highway","default_image_id":0,"font":"","enabled":false},"version":2}},"categories":[3],"tags":[],"class_list":["post-9982","post","type-post","status-publish","format-standard","has-post-thumbnail","hentry","category-novosti"],"acf":{"facebook_opis":""},"jetpack_publicize_connections":[],"jetpack_featured_media_url":"https:\/\/i0.wp.com\/historiografija.hr\/wp-content\/uploads\/2018\/05\/monopoli.png?fit=1147%2C763&ssl=1","jetpack_sharing_enabled":true,"jetpack-related-posts":[{"id":52552,"url":"https:\/\/historiografija.hr\/?p=52552","url_meta":{"origin":9982,"position":0},"title":"Besplatni glazbeni antikvarijat","author":"Branimir Jankovi\u0107","date":"20. travnja 2026.","format":false,"excerpt":"Muzi\u010dka akademija Sveu\u010dili\u0161ta u Zagrebu 23. travnja 2026. od 10 do 17 sati Pozivamo Vas na Besplatni glazbeni antikvarijat, koji u sklopu manifestacije No\u0107 knjige 2026. organizira Hrvatska udruga muzi\u010dkih knji\u017enica, arhiva i dokumentacijskih centara (HUMKAD). Antikvarijat \u0107e se odr\u017eati na Svjetski dan knjige \u2013 u \u010detvrtak 23. travnja 2026.\u2026","rel":"","context":"U &quot;Novosti&quot;","block_context":{"text":"Novosti","link":"https:\/\/historiografija.hr\/?cat=3"},"img":{"alt_text":"","src":"https:\/\/i0.wp.com\/historiografija.hr\/wp-content\/uploads\/2026\/04\/Besplatni-glazbeni-antikvarijat-23.-4.-2026.jpg?fit=1200%2C848&ssl=1&resize=350%2C200","width":350,"height":200,"srcset":"https:\/\/i0.wp.com\/historiografija.hr\/wp-content\/uploads\/2026\/04\/Besplatni-glazbeni-antikvarijat-23.-4.-2026.jpg?fit=1200%2C848&ssl=1&resize=350%2C200 1x, https:\/\/i0.wp.com\/historiografija.hr\/wp-content\/uploads\/2026\/04\/Besplatni-glazbeni-antikvarijat-23.-4.-2026.jpg?fit=1200%2C848&ssl=1&resize=525%2C300 1.5x, https:\/\/i0.wp.com\/historiografija.hr\/wp-content\/uploads\/2026\/04\/Besplatni-glazbeni-antikvarijat-23.-4.-2026.jpg?fit=1200%2C848&ssl=1&resize=700%2C400 2x, https:\/\/i0.wp.com\/historiografija.hr\/wp-content\/uploads\/2026\/04\/Besplatni-glazbeni-antikvarijat-23.-4.-2026.jpg?fit=1200%2C848&ssl=1&resize=1050%2C600 3x"},"classes":[]},{"id":52607,"url":"https:\/\/historiografija.hr\/?p=52607","url_meta":{"origin":9982,"position":1},"title":"No\u0107 knjige: Kako je prije 410 godina smr\u0107u Shakespearea i Cervantesa zavr\u0161ilo razdoblje renesanse u knji\u017eevnosti","author":"Branimir Jankovi\u0107","date":"22. travnja 2026.","format":false,"excerpt":"\u010cetvrtak, 23. travnja 2026. u 18:00 sati, Knji\u017eara Matice hrvatske, Ulica Matice hrvatske 2, Zagreb Uvodna rije\u010d: dr. sc.\u00a0Dubravka Brezak Stama\u0107, pro\u010delnica Odjela za knji\u017eevnost Matice hrvatske Prof. dr. sc. Ivan Lupi\u0107, redoviti profesor u Odsjeku za anglistiku i Odsjeku za kroatistiku Sveu\u010dili\u0161ta u RijeciShakespeare, kazali\u0161te, glazbaKada se susre\u0107emo sa\u2026","rel":"","context":"U &quot;Novosti&quot;","block_context":{"text":"Novosti","link":"https:\/\/historiografija.hr\/?cat=3"},"img":{"alt_text":"","src":"https:\/\/i0.wp.com\/historiografija.hr\/wp-content\/uploads\/2026\/04\/noc_knjige_2026.jpg?fit=680%2C276&ssl=1&resize=350%2C200","width":350,"height":200,"srcset":"https:\/\/i0.wp.com\/historiografija.hr\/wp-content\/uploads\/2026\/04\/noc_knjige_2026.jpg?fit=680%2C276&ssl=1&resize=350%2C200 1x, https:\/\/i0.wp.com\/historiografija.hr\/wp-content\/uploads\/2026\/04\/noc_knjige_2026.jpg?fit=680%2C276&ssl=1&resize=525%2C300 1.5x"},"classes":[]},{"id":52439,"url":"https:\/\/historiografija.hr\/?p=52439","url_meta":{"origin":9982,"position":2},"title":"Tribina &#8220;Ahmi\u0107i 33 godine kasnije: Ne u na\u0161e ime&#8221;","author":"Branimir Jankovi\u0107","date":"16. travnja 2026.","format":false,"excerpt":"U \u010detvrtak, 16. travnja 2026. u 17 sati u Knji\u017enici i \u010ditaonici Bogdana Ogrizovi\u0107a u Zagrebu odr\u017eat \u0107e se tribina pod nazivom Ahmi\u0107i 33 godine kasnije: Ne u na\u0161e ime. Na tribini \u0107e govoriti Ivica \u0110iki\u0107, novinar, Mubera Masli\u0107 \u2013 \u017ddralovi\u0107, aktivistikinja, prevoditeljica za arapski, Domagoj Fuk, student politologije, \u010dlan\u2026","rel":"","context":"U &quot;Novosti&quot;","block_context":{"text":"Novosti","link":"https:\/\/historiografija.hr\/?cat=3"},"img":{"alt_text":"","src":"https:\/\/i0.wp.com\/historiografija.hr\/wp-content\/uploads\/2026\/04\/Zagreb_2026.jpeg?fit=1200%2C900&ssl=1&resize=350%2C200","width":350,"height":200,"srcset":"https:\/\/i0.wp.com\/historiografija.hr\/wp-content\/uploads\/2026\/04\/Zagreb_2026.jpeg?fit=1200%2C900&ssl=1&resize=350%2C200 1x, https:\/\/i0.wp.com\/historiografija.hr\/wp-content\/uploads\/2026\/04\/Zagreb_2026.jpeg?fit=1200%2C900&ssl=1&resize=525%2C300 1.5x, https:\/\/i0.wp.com\/historiografija.hr\/wp-content\/uploads\/2026\/04\/Zagreb_2026.jpeg?fit=1200%2C900&ssl=1&resize=700%2C400 2x, https:\/\/i0.wp.com\/historiografija.hr\/wp-content\/uploads\/2026\/04\/Zagreb_2026.jpeg?fit=1200%2C900&ssl=1&resize=1050%2C600 3x"},"classes":[]},{"id":52508,"url":"https:\/\/historiografija.hr\/?p=52508","url_meta":{"origin":9982,"position":3},"title":"Glazbena radionica \u201eDUGMETARA REVISITED\u201c","author":"Branimir Jankovi\u0107","date":"17. travnja 2026.","format":false,"excerpt":"DUGMETARA REVISITED glazbena radionica vodi: Ana Horvat 13., 20. i 27. travnja, od 18 do 20 sati Radiona, Nova cesta 186 Na tri radioni\u010dka susreta uranjamo u naslje\u0111e Dugmetare, biv\u0161e tvornice dugmadi na Savskoj cesti koja je po\u010detkom 2000-ih igrom slu\u010daja postala \u017eivo, jedinstveno mjesto glazbene proizvodnje. Svoje su probe\u2026","rel":"","context":"U &quot;Novosti&quot;","block_context":{"text":"Novosti","link":"https:\/\/historiografija.hr\/?cat=3"},"img":{"alt_text":"","src":"https:\/\/i0.wp.com\/historiografija.hr\/wp-content\/uploads\/2026\/04\/TRESNJA_TRESTI.jpg?fit=380%2C475&ssl=1&resize=350%2C200","width":350,"height":200},"classes":[]},{"id":52675,"url":"https:\/\/historiografija.hr\/?p=52675","url_meta":{"origin":9982,"position":4},"title":"Predstavljanje knjige Luke Peji\u0107a &#8220;U taboru anarhista: \u017divot Ivana Zeppa&#8221; u Osijeku","author":"Branimir Jankovi\u0107","date":"27. travnja 2026.","format":false,"excerpt":"U \u010detvrtak, 30. travnja 2026.\u00a0u\u00a019.00 sati\u00a0u Klubu knji\u017eare Nova\u00a0(Trg Ante Star\u010devi\u0107a 4, Osijek) odr\u017eat \u0107e se predstavljanje nove knjige Luke Peji\u0107a U taboru anarhista: \u017divot Ivana Zeppa (DAF, 2025.). Uz autora o knjizi \u0107e govoriti recenzent i povjesni\u010dar Nikola Toma\u0161egovi\u0107 te povjesni\u010darka Ana Rajkovi\u0107 Peji\u0107. Razgovor \u0107e moderirati doktorandica\u00a0Valentina Kezi\u0107.\u2026","rel":"","context":"U &quot;Novosti&quot;","block_context":{"text":"Novosti","link":"https:\/\/historiografija.hr\/?cat=3"},"img":{"alt_text":"","src":"https:\/\/i0.wp.com\/historiografija.hr\/wp-content\/uploads\/2025\/11\/Pejic.jpg?fit=574%2C790&ssl=1&resize=350%2C200","width":350,"height":200,"srcset":"https:\/\/i0.wp.com\/historiografija.hr\/wp-content\/uploads\/2025\/11\/Pejic.jpg?fit=574%2C790&ssl=1&resize=350%2C200 1x, https:\/\/i0.wp.com\/historiografija.hr\/wp-content\/uploads\/2025\/11\/Pejic.jpg?fit=574%2C790&ssl=1&resize=525%2C300 1.5x"},"classes":[]},{"id":52528,"url":"https:\/\/historiografija.hr\/?p=52528","url_meta":{"origin":9982,"position":5},"title":"[Promocija knjige] Banja Luka u ratu: Etnopolitika i svakodnevica (1990\u20131995) (ActiveLab, YugoLab)","author":"Branimir Jankovi\u0107","date":"17. travnja 2026.","format":false,"excerpt":"Institut za filozofiju i dru\u0161tvenu teoriju i O\u0161tra Nula organizuju promociju knjige Banja Luka u ratu: Etnopolitika i svakodnevica (1990\u20131995) autorke Armine Galija\u0161, koja \u0107e se odr\u017eati 20. aprila 2026. u 12.00 sati u prostorijama Instituta (Kraljice Natalije 45, Beograd). Re\u010d je o prvom nau\u010dno utemeljenom i sistematskom radu koji\u2026","rel":"","context":"U &quot;Novosti&quot;","block_context":{"text":"Novosti","link":"https:\/\/historiografija.hr\/?cat=3"},"img":{"alt_text":"","src":"https:\/\/i0.wp.com\/historiografija.hr\/wp-content\/uploads\/2026\/04\/20-april-RS.jpg?fit=1200%2C675&ssl=1&resize=350%2C200","width":350,"height":200,"srcset":"https:\/\/i0.wp.com\/historiografija.hr\/wp-content\/uploads\/2026\/04\/20-april-RS.jpg?fit=1200%2C675&ssl=1&resize=350%2C200 1x, https:\/\/i0.wp.com\/historiografija.hr\/wp-content\/uploads\/2026\/04\/20-april-RS.jpg?fit=1200%2C675&ssl=1&resize=525%2C300 1.5x, https:\/\/i0.wp.com\/historiografija.hr\/wp-content\/uploads\/2026\/04\/20-april-RS.jpg?fit=1200%2C675&ssl=1&resize=700%2C400 2x, https:\/\/i0.wp.com\/historiografija.hr\/wp-content\/uploads\/2026\/04\/20-april-RS.jpg?fit=1200%2C675&ssl=1&resize=1050%2C600 3x"},"classes":[]}],"_links":{"self":[{"href":"https:\/\/historiografija.hr\/index.php?rest_route=\/wp\/v2\/posts\/9982","targetHints":{"allow":["GET"]}}],"collection":[{"href":"https:\/\/historiografija.hr\/index.php?rest_route=\/wp\/v2\/posts"}],"about":[{"href":"https:\/\/historiografija.hr\/index.php?rest_route=\/wp\/v2\/types\/post"}],"author":[{"embeddable":true,"href":"https:\/\/historiografija.hr\/index.php?rest_route=\/wp\/v2\/users\/2"}],"replies":[{"embeddable":true,"href":"https:\/\/historiografija.hr\/index.php?rest_route=%2Fwp%2Fv2%2Fcomments&post=9982"}],"version-history":[{"count":1,"href":"https:\/\/historiografija.hr\/index.php?rest_route=\/wp\/v2\/posts\/9982\/revisions"}],"predecessor-version":[{"id":9986,"href":"https:\/\/historiografija.hr\/index.php?rest_route=\/wp\/v2\/posts\/9982\/revisions\/9986"}],"wp:featuredmedia":[{"embeddable":true,"href":"https:\/\/historiografija.hr\/index.php?rest_route=\/wp\/v2\/media\/9985"}],"wp:attachment":[{"href":"https:\/\/historiografija.hr\/index.php?rest_route=%2Fwp%2Fv2%2Fmedia&parent=9982"}],"wp:term":[{"taxonomy":"category","embeddable":true,"href":"https:\/\/historiografija.hr\/index.php?rest_route=%2Fwp%2Fv2%2Fcategories&post=9982"},{"taxonomy":"post_tag","embeddable":true,"href":"https:\/\/historiografija.hr\/index.php?rest_route=%2Fwp%2Fv2%2Ftags&post=9982"}],"curies":[{"name":"wp","href":"https:\/\/api.w.org\/{rel}","templated":true}]}}