{"id":9885,"date":"2018-05-19T13:19:03","date_gmt":"2018-05-19T13:19:03","guid":{"rendered":"http:\/\/historiografija.hr\/?p=9885"},"modified":"2018-05-19T13:25:56","modified_gmt":"2018-05-19T13:25:56","slug":"historiografska-misao-dana-werner-sombart-1929-no-theory-%cc%b6-no-history","status":"publish","type":"post","link":"https:\/\/historiografija.hr\/?p=9885","title":{"rendered":"Historiografska misao dana: Werner Sombart (1929): \u201cNo theory \u0336 no history!\u201d"},"content":{"rendered":"<p>Werner Sombart jo\u0161 je daleke 1929. godine raspravljaju\u0107i o tome jesu li teorija i povijest suprotstavljene jedna drugoj zagovarao nu\u017enost teorije za povjesni\u010dare. Podsjetnik je to da povjesni\u010dari ne vode samo borbe oko interpretacije povijesti nego i o zna\u010denju koje pridaju teoriji.<\/p>\n<p>&nbsp;<\/p>\n<p><strong><em>Theoretical training alone makes the true historian. No theory-no history!<\/em><\/strong><\/p>\n<p>&nbsp;<\/p>\n<p>&#8212;<\/p>\n<p>&nbsp;<\/p>\n<p><strong>Werner Sombart<\/strong><\/p>\n<p>&nbsp;<\/p>\n<p>\u201cEconomic Theory and Economic History\u201d<\/p>\n<p>&nbsp;<\/p>\n<p><em>The Economic History Review<\/em>, Vol. 2, No. 1 (Jan., 1929), pp. 1-19.<\/p>\n<p>&nbsp;<\/p>\n<p>&nbsp;<\/p>\n<p>(1) The erroneous conceptions prevalent among historians spring from a misunderstanding of the correct relationship between theory and history. They rest on the mistaken idea that history can be approached without theory; and occasional attempts are even made to banish all theory from the investigation of historical reality.<\/p>\n<p>&nbsp;<\/p>\n<p>(\u2026)<\/p>\n<p>&nbsp;<\/p>\n<p>The aim of the real historian, on the contrary, is &#8220;to describe things as they were.&#8221; Why is this view essentially wrong ? Are theory and history really opposed, and does one harm or exclude the other ? Are they not both required ? Is it not necessary that one should complement the other, and must not their combination be indispensable to any adequate investigation of real life ? What is the relation of theory to history ? The following pages are an attempt to answer these questions.<\/p>\n<p>&nbsp;<\/p>\n<p>(\u2026)<\/p>\n<p>&nbsp;<\/p>\n<p>&nbsp;<\/p>\n<p>(3) In other words, the writer of history who desires to be more than a mere antiquarian must have a thorough theoretical training in those fields of inquiry with which his work is concerned. I need not add, of course, that he must be adequately equipped for handling his own special subject, must be skilled in the technique of his craft, and in particular must have a knowledge of sources and ability to criticize them. But technical equipment alone does not make a historian. If this is his sole qualification, he is destined to remain a mere &#8220;hodman,&#8221; performing only the most menial offices. Theoretical training alone makes the true historian. <strong>No theory-no history!<\/strong> Theory is the pre-requisite to any scientific writing of history.<\/p>\n<p>&nbsp;<\/p>\n<p>(\u2026)<\/p>\n<p>&nbsp;<\/p>\n<p>(19) I claim for my work that it makes a contribution both to theory and to history. I trust that it may help to end the baseless hostility prevailing between economic theory and economic history. Theory \u00a0and history are not enemies. It is time that theorists and historians realized that work of permanent value can only be produced from their co-operation. To emphasize this, and thereby to vindicate my own life&#8217;s work, are the objects of this essay.<\/p>\n<p>&nbsp;<\/p>\n<p>&nbsp;<\/p>\n","protected":false},"excerpt":{"rendered":"","protected":false},"author":2,"featured_media":9886,"comment_status":"open","ping_status":"open","sticky":false,"template":"","format":"standard","meta":{"_acf_changed":false,"jetpack_post_was_ever_published":false,"_jetpack_newsletter_access":"","_jetpack_dont_email_post_to_subs":false,"_jetpack_newsletter_tier_id":0,"_jetpack_memberships_contains_paywalled_content":false,"_jetpack_memberships_contains_paid_content":false,"footnotes":"","jetpack_publicize_message":"","jetpack_publicize_feature_enabled":true,"jetpack_social_post_already_shared":true,"jetpack_social_options":{"image_generator_settings":{"template":"highway","default_image_id":0,"font":"","enabled":false},"version":2}},"categories":[3,11],"tags":[],"class_list":["post-9885","post","type-post","status-publish","format-standard","has-post-thumbnail","hentry","category-novosti","category-rubrike"],"acf":{"facebook_opis":""},"jetpack_publicize_connections":[],"jetpack_featured_media_url":"https:\/\/i0.wp.com\/historiografija.hr\/wp-content\/uploads\/2018\/05\/1929.png?fit=633%2C962&ssl=1","jetpack_sharing_enabled":true,"jetpack-related-posts":[{"id":52516,"url":"https:\/\/historiografija.hr\/?p=52516","url_meta":{"origin":9885,"position":0},"title":"Marko Grde\u0161i\u0107, Mislav \u017ditko, \u201eSocialist Economics in Yugoslavia: A Critical History\u201c","author":"Branimir Jankovi\u0107","date":"17. travnja 2026.","format":false,"excerpt":"This book presents a critical history of Yugoslav socialist economics, from its inception in the late 1940s to its dissolution in the late 1980s. After the dramatic break with the Soviet Union in 1948, Yugoslavia found itself in urgent need of a third way: A socialist trajectory which would not\u2026","rel":"","context":"U &quot;Knjige&quot;","block_context":{"text":"Knjige","link":"https:\/\/historiografija.hr\/?cat=8"},"img":{"alt_text":"","src":"https:\/\/i0.wp.com\/historiografija.hr\/wp-content\/uploads\/2026\/04\/Zitko_Grdesic.jpg?fit=350%2C535&ssl=1&resize=350%2C200","width":350,"height":200},"classes":[]},{"id":52664,"url":"https:\/\/historiografija.hr\/?p=52664","url_meta":{"origin":9885,"position":1},"title":"CfP: CONFERENCE OF THE HISTORY OF CONCEPTS GROUP, HELSINKI, 19TH\u201321ST AUGUST 2026 (DEADLINE: 30TH APRIL 2026)","author":"Branimir Jankovi\u0107","date":"24. travnja 2026.","format":false,"excerpt":"The annual conference of the History of Concepts Group is held at the University of Helsinki, 19-21 August 2026. Conference of the History of Concepts Group Conceptual history studies the use of concepts and tries to understand how historical actors have linguistically articulated views of the world. Studying concepts from\u2026","rel":"","context":"U &quot;Novosti&quot;","block_context":{"text":"Novosti","link":"https:\/\/historiografija.hr\/?cat=3"},"img":{"alt_text":"","src":"https:\/\/i0.wp.com\/historiografija.hr\/wp-content\/uploads\/2017\/10\/hsozkult.png?fit=1006%2C241&ssl=1&resize=350%2C200","width":350,"height":200,"srcset":"https:\/\/i0.wp.com\/historiografija.hr\/wp-content\/uploads\/2017\/10\/hsozkult.png?fit=1006%2C241&ssl=1&resize=350%2C200 1x, https:\/\/i0.wp.com\/historiografija.hr\/wp-content\/uploads\/2017\/10\/hsozkult.png?fit=1006%2C241&ssl=1&resize=525%2C300 1.5x, https:\/\/i0.wp.com\/historiografija.hr\/wp-content\/uploads\/2017\/10\/hsozkult.png?fit=1006%2C241&ssl=1&resize=700%2C400 2x"},"classes":[]},{"id":52673,"url":"https:\/\/historiografija.hr\/?p=52673","url_meta":{"origin":9885,"position":2},"title":"TWO POSTDOCTORAL POSITIONS IN THE &#8220;PROLETGARD ERC STARTING GRANT PROJECT&#8221;, KASS\u00c1K FOUNDATION, BUDAPEST (DEADLINE: 1ST MAY 2026)","author":"Branimir Jankovi\u0107","date":"27. travnja 2026.","format":false,"excerpt":"This five-year ERC-funded project examines how avant-garde art contributed to the formation of a workers\u2019 movement counterculture in East Central Europe after 1918. It argues that socialist and avant-garde periodicals, groups, and figures shaped both avant-garde culture and transnational workers\u2019 movements. Focusing on the successor states of the Austro\u2013Hungarian Empire\u2026","rel":"","context":"U &quot;Novosti&quot;","block_context":{"text":"Novosti","link":"https:\/\/historiografija.hr\/?cat=3"},"img":{"alt_text":"","src":"https:\/\/i0.wp.com\/historiografija.hr\/wp-content\/uploads\/2017\/10\/hsozkult.png?fit=1006%2C241&ssl=1&resize=350%2C200","width":350,"height":200,"srcset":"https:\/\/i0.wp.com\/historiografija.hr\/wp-content\/uploads\/2017\/10\/hsozkult.png?fit=1006%2C241&ssl=1&resize=350%2C200 1x, https:\/\/i0.wp.com\/historiografija.hr\/wp-content\/uploads\/2017\/10\/hsozkult.png?fit=1006%2C241&ssl=1&resize=525%2C300 1.5x, https:\/\/i0.wp.com\/historiografija.hr\/wp-content\/uploads\/2017\/10\/hsozkult.png?fit=1006%2C241&ssl=1&resize=700%2C400 2x"},"classes":[]},{"id":52520,"url":"https:\/\/historiografija.hr\/?p=52520","url_meta":{"origin":9885,"position":3},"title":"Predstavljanje knjige &#8220;Socialist Economics in Yugoslavia: A Critical History&#8221; u Zagrebu","author":"Branimir Jankovi\u0107","date":"17. travnja 2026.","format":false,"excerpt":"Pozivamo vas na predstavljanje knjige \"Socialist Economics in Yugoslavia: A Critical History\", autora Mislava \u00a0\u017ditka i Marka Grde\u0161i\u0107a (Routledge, 2026). Na predstavljanju \u0107e govoriti Branko Milanovi\u0107 (CUNY), Milica Uvali\u0107 (EUI), Zdravko Petak (FPZG) te autori.\u00a0 Predstavljanje \u0107e se odr\u017eati u srijedu 22. travnja u 16:00 sati na Fakultetu politi\u010dkih znanosti\u2026","rel":"","context":"U &quot;Novosti&quot;","block_context":{"text":"Novosti","link":"https:\/\/historiografija.hr\/?cat=3"},"img":{"alt_text":"","src":"https:\/\/i0.wp.com\/historiografija.hr\/wp-content\/uploads\/2026\/04\/Poziv-na-predstavljanje.png?fit=800%2C652&ssl=1&resize=350%2C200","width":350,"height":200,"srcset":"https:\/\/i0.wp.com\/historiografija.hr\/wp-content\/uploads\/2026\/04\/Poziv-na-predstavljanje.png?fit=800%2C652&ssl=1&resize=350%2C200 1x, https:\/\/i0.wp.com\/historiografija.hr\/wp-content\/uploads\/2026\/04\/Poziv-na-predstavljanje.png?fit=800%2C652&ssl=1&resize=525%2C300 1.5x, https:\/\/i0.wp.com\/historiografija.hr\/wp-content\/uploads\/2026\/04\/Poziv-na-predstavljanje.png?fit=800%2C652&ssl=1&resize=700%2C400 2x"},"classes":[]},{"id":52622,"url":"https:\/\/historiografija.hr\/?p=52622","url_meta":{"origin":9885,"position":4},"title":"Annual CAPONEU conference: Political Novel in Europe Between Democracy and Authoritarianism","author":"Branimir Jankovi\u0107","date":"23. travnja 2026.","format":false,"excerpt":"Caponeu event 22.04.2026 - 24.04.2026 Location: The Faculty of Polish and Classical Philology AMU (Fredry 10, Pozna\u0144)Organized by: Tomasz Mizerkiewicz, Krystyna Pieni\u0105\u017cek-Markovi\u0107, Anna Gawarecka, Ewa Szperlik, Magda Potok, B\u0142a\u017cej Warkocki, Gerard Ronge (all Adam Mickiewicz University in Pozna\u0144)Contact: gerron@amu.edu.pl The Adam Mickiewicz University team, as part of the international CAPONEU\u2026","rel":"","context":"U &quot;Novosti&quot;","block_context":{"text":"Novosti","link":"https:\/\/historiografija.hr\/?cat=3"},"img":{"alt_text":"","src":"https:\/\/i0.wp.com\/historiografija.hr\/wp-content\/uploads\/2026\/04\/Caponeu-political-novel.jpg?fit=500%2C261&ssl=1&resize=350%2C200","width":350,"height":200},"classes":[]},{"id":52692,"url":"https:\/\/historiografija.hr\/?p=52692","url_meta":{"origin":9885,"position":5},"title":"Florian Bieber \u201eHvar in the Modern Age: Identity and Change in Southeast Europe\u201c","author":"Filip \u0160imunjak","date":"28. travnja 2026.","format":false,"excerpt":"Description\u00a0 In this open-access book, Florian Bieber traces the history of the Adriatic island of Hvar over half a millennium, from the advent of Venetian rule in the 15th century to the end of Yugoslavia in the late 20th century. The history of Hvar tells a larger story about modernity,\u2026","rel":"","context":"U &quot;Knjige&quot;","block_context":{"text":"Knjige","link":"https:\/\/historiografija.hr\/?cat=8"},"img":{"alt_text":"","src":"https:\/\/i0.wp.com\/historiografija.hr\/wp-content\/uploads\/2026\/04\/Florian-Bieber-Hvar-in-the-Modern-Age-Identity-and-Change-in-Southeast-Europe.webp?fit=540%2C810&ssl=1&resize=350%2C200","width":350,"height":200,"srcset":"https:\/\/i0.wp.com\/historiografija.hr\/wp-content\/uploads\/2026\/04\/Florian-Bieber-Hvar-in-the-Modern-Age-Identity-and-Change-in-Southeast-Europe.webp?fit=540%2C810&ssl=1&resize=350%2C200 1x, https:\/\/i0.wp.com\/historiografija.hr\/wp-content\/uploads\/2026\/04\/Florian-Bieber-Hvar-in-the-Modern-Age-Identity-and-Change-in-Southeast-Europe.webp?fit=540%2C810&ssl=1&resize=525%2C300 1.5x"},"classes":[]}],"_links":{"self":[{"href":"https:\/\/historiografija.hr\/index.php?rest_route=\/wp\/v2\/posts\/9885","targetHints":{"allow":["GET"]}}],"collection":[{"href":"https:\/\/historiografija.hr\/index.php?rest_route=\/wp\/v2\/posts"}],"about":[{"href":"https:\/\/historiografija.hr\/index.php?rest_route=\/wp\/v2\/types\/post"}],"author":[{"embeddable":true,"href":"https:\/\/historiografija.hr\/index.php?rest_route=\/wp\/v2\/users\/2"}],"replies":[{"embeddable":true,"href":"https:\/\/historiografija.hr\/index.php?rest_route=%2Fwp%2Fv2%2Fcomments&post=9885"}],"version-history":[{"count":3,"href":"https:\/\/historiografija.hr\/index.php?rest_route=\/wp\/v2\/posts\/9885\/revisions"}],"predecessor-version":[{"id":9889,"href":"https:\/\/historiografija.hr\/index.php?rest_route=\/wp\/v2\/posts\/9885\/revisions\/9889"}],"wp:featuredmedia":[{"embeddable":true,"href":"https:\/\/historiografija.hr\/index.php?rest_route=\/wp\/v2\/media\/9886"}],"wp:attachment":[{"href":"https:\/\/historiografija.hr\/index.php?rest_route=%2Fwp%2Fv2%2Fmedia&parent=9885"}],"wp:term":[{"taxonomy":"category","embeddable":true,"href":"https:\/\/historiografija.hr\/index.php?rest_route=%2Fwp%2Fv2%2Fcategories&post=9885"},{"taxonomy":"post_tag","embeddable":true,"href":"https:\/\/historiografija.hr\/index.php?rest_route=%2Fwp%2Fv2%2Ftags&post=9885"}],"curies":[{"name":"wp","href":"https:\/\/api.w.org\/{rel}","templated":true}]}}