{"id":9879,"date":"2018-05-19T12:25:08","date_gmt":"2018-05-19T12:25:08","guid":{"rendered":"http:\/\/historiografija.hr\/?p=9879"},"modified":"2018-05-19T13:31:13","modified_gmt":"2018-05-19T13:31:13","slug":"adolf-klaic-stariji-uspomene-na-moje-selo","status":"publish","type":"post","link":"https:\/\/historiografija.hr\/?p=9879","title":{"rendered":"Adolf Klai\u0107 stariji, &#8220;Uspomene na moje selo&#8221;"},"content":{"rendered":"<p>Matica hrvatska Bizovac objavila je 2018. godine knjigu \u201cUspomene na moje selo\u201d Adolfa Klai\u0107a starijeg (1875. &#8211; 1954.), jedino njegovo napisano djelo.<\/p>\n<p>&nbsp;<\/p>\n<p>&#8212;<\/p>\n<p>&nbsp;<\/p>\n<p>Adolf Klai\u0107 stariji<\/p>\n<p>&nbsp;<\/p>\n<p><em><strong>Uspomene na moje selo<\/strong><\/em><\/p>\n<p>&nbsp;<\/p>\n<p>&nbsp;<\/p>\n<p>Neko vrijeme nakon smrti moga oca Bratoljuba 1983. godine po\u010deo sam malo-pomalo ra\u0161\u010di\u0161\u0107avati i \u2013 zauzet raznim poslovima \u2013 ne ba\u0161 sustavno sre\u0111ivati njegovu materijalnu ostav\u0161tinu. Sastojala se od uglavnom ve\u0107 objavljenih znanstvenih, stru\u010dnih i prijevodnih tekstova, ali jednim dijelom i od neobjavljenih knji\u017eevno-autobiografskih zapisa. Na dnu jedne kutije na\u0161ao sam izme\u0111u ostaloga tamni kartonski fascikl s etiketom \u201eUspomene na moje selo\u201c bez ikakve naznake autora.<\/p>\n<p>&nbsp;<\/p>\n<p>&nbsp;<\/p>\n<p>Sadr\u017eavao je sve\u017eanj vrlo tankih listova papira ispisanih tintom meni potpuno nepoznatim rukopisom. Bio je uz to i pro\u0161aran pravopisnim, gramati\u010dkim i stilisti\u010dkim ispravcima i dotjerivanjima, sasvim o\u010dito unesenima rukom moga oca, koju sam jasno prepoznao. Zaklju\u010dio sam da mu je taj tekst dospio na lekturu negdje potkraj drugoga svjetskog rata, no vjerojatno je, uslijed naglih promjena koje je donijelo pora\u0107e, na tome i ostalo. Zbog toga je sljede\u0107a \u010detiri desetlje\u0107a taj nepotpisani rukopis ostao le\u017eati netaknut kao svojevrsno skriveno blago.<\/p>\n<p>&nbsp;<\/p>\n<p>&nbsp;<\/p>\n<p>Kad ka\u017eem \u201eblago\u201c, mislim na \u010dinjenicu da sadr\u017eava obilje povijesno i etnografski dragocjenih podataka o nekoliko razvojnih faza bizova\u010dkih mjesnih prilika, kao i o zbivanjima i ljudima koji su ih obilje\u017eili. I to sve tamo od Napoleonovih vremena i gradnje cesta, manje-vi\u0161e prisilnog u\u0161oravanja pod Marijom Terezijom, prolaska austrougarskih vojnih postrojbi na povratku s okupacijskog pohoda na Bosnu i Hercegovinu, sve\u010danog posjeta pe\u010du\u0161kog biskupa i prve krizme odr\u017eane u selu, trenutka kada su se mnogi seljani po\u010deli baviti unosnim prijevozom drvne gra\u0111e potpuno zanemariv\u0161i poljodjelstvo, pa sve do gospodarskog oporavka zahvaljuju\u0107i osnivanju mljekarskih, p\u010delarskih i sli\u010dnih zadruga.<\/p>\n<p>&nbsp;<\/p>\n<p>Kao \u0161to autor s\u00e2m ka\u017ee, te je \u201euspomene, osje\u0107aje i utiske\u201c zabilje\u017eio \u201edijelom \u0161to ih je vidio, \u010duo i upamtio, a dijelom \u0161to ih je od najstarijih ljudi \u010duo pripovijedati i pjevati\u201c. I zaista, osim prepri\u010davanjem davnih, ali i osobno pro\u017eivljenih doga\u0111aja, rukopis je protkan i notama i tekstovima brojnih narodnih pjesama koje su u Bizovcu u razli\u010ditim prigodama izvodili \u0161to doma\u0107i ljudi, \u0161to pak pjeva\u010di iz drugih krajeva.<\/p>\n<p>&nbsp;<\/p>\n<p>&nbsp;<\/p>\n<p>Pri svemu su tome iskreno i prostodu\u0161no \u2013 mjestimi\u010dno i idealisti\u010dki naivno \u2013 opisani bizova\u010dki mentalitet, gospodarske i dru\u0161tvene prilike, seoska zemlji\u0161ta i poljodjelski poslovi, a napose se podrobno prikazuju narodni obi\u010daji, osobito oni vezani uz pojedine crkvene blagdane i sve\u010dane obiteljske prigode. Sve se to ilustrira brojnim slikovitim detaljima, dok su dijalozi napisani u autohtonom bizova\u010dkom dijalektu.<\/p>\n<p>&nbsp;<\/p>\n<p>&nbsp;<\/p>\n<p>O sebi me\u0111utim autor navodi tek nekoliko \u0161turih pojedinosti. Iz njih doznajemo da je u Bizovcu \u017eivio kao \u201edje\u010darac\u201c i poha\u0111ao pu\u010dku \u0161kolu, ali nigdje ne potvr\u0111uje da se u njemu i rodio. Jedino spominje redovite posjete roditeljima do svoje zrele dobi, no ovi su se u me\u0111uvremenu preselili k njemu u Zagreb, kamo je on bio oti\u0161ao \u201epo svome zvanju\u201c, ali ne precizira ni kada se to dogodilo, ni o kakvom je zvanju rije\u010d. I to je otprilike sve. Osim \u0161to jo\u0161 ka\u017ee da je sudjelovao u prvom svjetskom ratu, da je \u010dak i u to vrijeme, kao i kasnije, znao iskoristiti dopust za posjet Bizovcu, te dodaje da je posljednji put u njemu bio u jesen 1941. godine. A \u201eUspomene na moje selo\u201c napisao je, po vlastitim rije\u010dima, tri godine nakon toga, \u0161to se dade zaklju\u010diti po ovim njegovim rije\u010dima: \u201eNakon \u0161to sam godine 1944. napisao ove moje uspomene\u2026\u201c (str. 193).<\/p>\n<p>&nbsp;<\/p>\n<p>&nbsp;<\/p>\n<p>Iz teksta na neizravan na\u010din saznajemo da ga je napisao iskren, smjeran i bogobojazan domoljub \u2013 usudio bih se \u010dak re\u0107i i lokalpatriot \u2013 koji se ne suste\u017ee od iskazivanja ljubavi i privr\u017eenosti koje je, kao \u0161to s\u00e2m ka\u017ee, \u201eod svoje mladosti gajio prema tom selu i njegovim stanovnicima\u201c.<\/p>\n<p>&nbsp;<\/p>\n<p><strong>\u017deljko Klai\u0107, iz predgovora knjige<\/strong><\/p>\n<p>&nbsp;<\/p>\n<p>&nbsp;<\/p>\n<p>&nbsp;<\/p>\n<p>Adolf Klai\u0107 stariji (1875. &#8211; 1954.) ro\u0111en je u Osijeku 1875. godine, a djetinjstvo je proveo u Bizovcu gdje je zavr\u0161io pu\u010dku \u0161kolu. Po zanimanju je bio stolar, poput oca Kristijana, te se zbog posla s obitelji preselio u Zagreb 1913. godine. Ondje je radio kao prokurist u Tvornici poku\u0107stva Bothe i Ehrmann, bio je vlasnik nekoliko skladi\u0161ta te je, kao orgulja\u0161, volontirao u crkvi Svete Marije na zagreba\u010dkom Dolcu. 1919. godine promijenio je prezime iz Klotz u Klai\u0107.<\/p>\n<p>&nbsp;<\/p>\n<p>&nbsp;<\/p>\n<p>Bio je sudionik Prvog svjetskog rata te je za vrijeme dopusta \u010desto navra\u0107ao u Bizovac svojim roditeljima. Prema Bizovcu i tradicionalnim obi\u010dajima gajio je osobitu privr\u017eenost koju je preto\u010dio u \u017eivopisnu ljubavnu pri\u010du \u201eUspomene na moje selo\u201c, koja je ujedno jedino njegovo napisano djelo. Umro je u Zagrebu 1954. godine.<\/p>\n<p>&nbsp;<\/p>\n<p>&nbsp;<\/p>\n<p>Izvor: <a href=\"https:\/\/www.mvinfo.hr\/knjiga\/12174\/uspomene-na-moje-selo\">https:\/\/www.mvinfo.hr\/knjiga\/12174\/uspomene-na-moje-selo<\/a><\/p>\n<p>&nbsp;<\/p>\n<p>&nbsp;<\/p>\n<p>&nbsp;<\/p>\n<p>Dodatne informacije:<\/p>\n<p>&nbsp;<\/p>\n<p>Sjajne slavonske crtice od Napoleona do Jugoslavije. U nakladi Ogranka MH iz Bizovca objavljeni zapisi Adolfa Klai\u0107a, oca poznata jezikoslovca Bratoljuba Klai\u0107a<\/p>\n<p>&nbsp;<\/p>\n<p><a href=\"http:\/\/www.matica.hr\/odjeci\/1183\/\">http:\/\/www.matica.hr\/odjeci\/1183\/<\/a><\/p>\n<p>&nbsp;<\/p>\n<p>&nbsp;<\/p>\n<p>&nbsp;<\/p>\n","protected":false},"excerpt":{"rendered":"","protected":false},"author":2,"featured_media":9880,"comment_status":"open","ping_status":"open","sticky":false,"template":"","format":"standard","meta":{"_acf_changed":false,"jetpack_post_was_ever_published":false,"_jetpack_newsletter_access":"","_jetpack_dont_email_post_to_subs":false,"_jetpack_newsletter_tier_id":0,"_jetpack_memberships_contains_paywalled_content":false,"_jetpack_memberships_contains_paid_content":false,"footnotes":"","jetpack_publicize_message":"","jetpack_publicize_feature_enabled":true,"jetpack_social_post_already_shared":true,"jetpack_social_options":{"image_generator_settings":{"template":"highway","default_image_id":0,"font":"","enabled":false},"version":2}},"categories":[8,3],"tags":[],"class_list":["post-9879","post","type-post","status-publish","format-standard","has-post-thumbnail","hentry","category-knjige","category-novosti"],"acf":{"facebook_opis":""},"jetpack_publicize_connections":[],"jetpack_featured_media_url":"https:\/\/i0.wp.com\/historiografija.hr\/wp-content\/uploads\/2018\/05\/uspomene.jpg?fit=300%2C407&ssl=1","jetpack_sharing_enabled":true,"jetpack-related-posts":[{"id":52616,"url":"https:\/\/historiografija.hr\/?p=52616","url_meta":{"origin":9879,"position":0},"title":"No\u0107 knjige 2026.","author":"Branimir Jankovi\u0107","date":"22. travnja 2026.","format":false,"excerpt":"Slavljeni\u010dka 15. No\u0107 knjige odr\u017eat \u0107e se 23. travnja diljem Hrvatske u povodu Svjetskog dana knjige i autorskih prava te Dana hrvatske knjige. S vi\u0161e od 1.000 prijavljenih programa i akcija s pravom nosi epitet najmasovnije doma\u0107e kulturne manifestacije, a ove \u0107e godine prote\u0107i u znaku mira, razumijevanja, tolerancije, srodnosti\u2026","rel":"","context":"U &quot;Novosti&quot;","block_context":{"text":"Novosti","link":"https:\/\/historiografija.hr\/?cat=3"},"img":{"alt_text":"","src":"https:\/\/i0.wp.com\/historiografija.hr\/wp-content\/uploads\/2026\/04\/noc_knjige_2026.jpg?fit=680%2C276&ssl=1&resize=350%2C200","width":350,"height":200,"srcset":"https:\/\/i0.wp.com\/historiografija.hr\/wp-content\/uploads\/2026\/04\/noc_knjige_2026.jpg?fit=680%2C276&ssl=1&resize=350%2C200 1x, https:\/\/i0.wp.com\/historiografija.hr\/wp-content\/uploads\/2026\/04\/noc_knjige_2026.jpg?fit=680%2C276&ssl=1&resize=525%2C300 1.5x"},"classes":[]},{"id":52631,"url":"https:\/\/historiografija.hr\/?p=52631","url_meta":{"origin":9879,"position":1},"title":"Predavanje Ivana Tepe\u0161a: Djelovanje hrvatske politi\u010dke emigracije","author":"Branimir Jankovi\u0107","date":"23. travnja 2026.","format":false,"excerpt":"Odjel za me\u0111unarodnu suradnju i iseljeni\u0161tvo Matice hrvatske Predavanje Ivana Tepe\u0161a: Djelovanje hrvatske politi\u010dke emigracije Utorak, 28. travnja 2026. u 18:00 sati, Dvorana Ljudevita Jonkea (Mala dvorana MH), Strossmayerov trg 4, Zagreb dr. sc. Ivan Tepe\u0161, Institut za istra\u017eivanje migracija Hrvatska politi\u010dka emigracija obilje\u017eila je polustoljetnu hrvatsku povijest u drugoj\u2026","rel":"","context":"U &quot;Novosti&quot;","block_context":{"text":"Novosti","link":"https:\/\/historiografija.hr\/?cat=3"},"img":{"alt_text":"","src":"","width":0,"height":0},"classes":[]},{"id":52569,"url":"https:\/\/historiografija.hr\/?p=52569","url_meta":{"origin":9879,"position":2},"title":"[Predavanje] Ne \u010dekaju\u0107i inspiraciju \u2013 anga\u017eovane intelektualne, kulturalne i umetni\u010dke prakse u me\u0111uratnom periodu: teorija i praksa kriti\u010dke levice u jugoslovenskoj kulturi (YugoLab)","author":"Branimir Jankovi\u0107","date":"21. travnja 2026.","format":false,"excerpt":"U vreme agresivnog ja\u010danja globalne desnice, (pro)fa\u0161isti\u010dkih, rasisti\u010dkih i imperijalisti\u010dkih politika, dok je istovremeno globalna levica izrazito slaba, a progresivni pokreti atomizirani i fragmentisani, va\u017eno je iz savremene perspektive vratiti se revolucionarnim i emancipatorskim zbivanjima u jugoslovenskom (ali i s njima u vezi internacionalnim de\u0161avanjima), kao i dru\u0161tvenoj ulozi kulturalnih\u2026","rel":"","context":"U &quot;Novosti&quot;","block_context":{"text":"Novosti","link":"https:\/\/historiografija.hr\/?cat=3"},"img":{"alt_text":"","src":"","width":0,"height":0},"classes":[]},{"id":52439,"url":"https:\/\/historiografija.hr\/?p=52439","url_meta":{"origin":9879,"position":3},"title":"Tribina &#8220;Ahmi\u0107i 33 godine kasnije: Ne u na\u0161e ime&#8221;","author":"Branimir Jankovi\u0107","date":"16. travnja 2026.","format":false,"excerpt":"U \u010detvrtak, 16. travnja 2026. u 17 sati u Knji\u017enici i \u010ditaonici Bogdana Ogrizovi\u0107a u Zagrebu odr\u017eat \u0107e se tribina pod nazivom Ahmi\u0107i 33 godine kasnije: Ne u na\u0161e ime. Na tribini \u0107e govoriti Ivica \u0110iki\u0107, novinar, Mubera Masli\u0107 \u2013 \u017ddralovi\u0107, aktivistikinja, prevoditeljica za arapski, Domagoj Fuk, student politologije, \u010dlan\u2026","rel":"","context":"U &quot;Novosti&quot;","block_context":{"text":"Novosti","link":"https:\/\/historiografija.hr\/?cat=3"},"img":{"alt_text":"","src":"https:\/\/i0.wp.com\/historiografija.hr\/wp-content\/uploads\/2026\/04\/Zagreb_2026.jpeg?fit=1200%2C900&ssl=1&resize=350%2C200","width":350,"height":200,"srcset":"https:\/\/i0.wp.com\/historiografija.hr\/wp-content\/uploads\/2026\/04\/Zagreb_2026.jpeg?fit=1200%2C900&ssl=1&resize=350%2C200 1x, https:\/\/i0.wp.com\/historiografija.hr\/wp-content\/uploads\/2026\/04\/Zagreb_2026.jpeg?fit=1200%2C900&ssl=1&resize=525%2C300 1.5x, https:\/\/i0.wp.com\/historiografija.hr\/wp-content\/uploads\/2026\/04\/Zagreb_2026.jpeg?fit=1200%2C900&ssl=1&resize=700%2C400 2x, https:\/\/i0.wp.com\/historiografija.hr\/wp-content\/uploads\/2026\/04\/Zagreb_2026.jpeg?fit=1200%2C900&ssl=1&resize=1050%2C600 3x"},"classes":[]},{"id":52666,"url":"https:\/\/historiografija.hr\/?p=52666","url_meta":{"origin":9879,"position":4},"title":"Najava programa Festivala povijesti Kliofest (5-8. V. 2026)","author":"Branimir Jankovi\u0107","date":"24. travnja 2026.","format":false,"excerpt":"Po trinaesti put odr\u017eava se Festival povijesti Kliofest! Do petka \u0107emo odr\u017eati osam okruglih stolova i dva kolokvija te niz predstavljanja knjiga i projekata razli\u010dite tematike, od antike do suvremenosti. Bit \u0107e predstavljeno i nekoliko izlo\u017ebi te odr\u017ean jedan povijesni kviz. Prikazat \u0107emo i jedan film \u2013 o generalu Boroevi\u0107u.\u2026","rel":"","context":"U &quot;Novosti&quot;","block_context":{"text":"Novosti","link":"https:\/\/historiografija.hr\/?cat=3"},"img":{"alt_text":"","src":"https:\/\/i0.wp.com\/historiografija.hr\/wp-content\/uploads\/2026\/04\/Kliofest-2026.jpg?fit=526%2C526&ssl=1&resize=350%2C200","width":350,"height":200,"srcset":"https:\/\/i0.wp.com\/historiografija.hr\/wp-content\/uploads\/2026\/04\/Kliofest-2026.jpg?fit=526%2C526&ssl=1&resize=350%2C200 1x, https:\/\/i0.wp.com\/historiografija.hr\/wp-content\/uploads\/2026\/04\/Kliofest-2026.jpg?fit=526%2C526&ssl=1&resize=525%2C300 1.5x"},"classes":[]},{"id":52539,"url":"https:\/\/historiografija.hr\/?p=52539","url_meta":{"origin":9879,"position":5},"title":"Drugi po redu studentski simpozij &#8220;In fonte veritas&#8221;","author":"Branimir Jankovi\u0107","date":"20. travnja 2026.","format":false,"excerpt":"U srijedu, 22. travnja 2026. godine, u dvorani C 0.4 na Hrvatskom katoli\u010dkom sveu\u010dili\u0161tu odr\u017eat \u0107e se drugi studentski simpozij \u201eIn fonte veritas\". Ovogodi\u0161nja sredi\u0161nja tema simpozija je Papinstvo. Kroz istra\u017eiva\u010dko suo\u010davanje s povijesnim izvorima deset \u0107e studenata predstaviti rezultate svojih istra\u017eivanja o instituciji koja je stolje\u0107ima oblikovala europsku i\u2026","rel":"","context":"U &quot;Novosti&quot;","block_context":{"text":"Novosti","link":"https:\/\/historiografija.hr\/?cat=3"},"img":{"alt_text":"","src":"https:\/\/i0.wp.com\/historiografija.hr\/wp-content\/uploads\/2026\/04\/Papinstvo.png?fit=1024%2C500&ssl=1&resize=350%2C200","width":350,"height":200,"srcset":"https:\/\/i0.wp.com\/historiografija.hr\/wp-content\/uploads\/2026\/04\/Papinstvo.png?fit=1024%2C500&ssl=1&resize=350%2C200 1x, https:\/\/i0.wp.com\/historiografija.hr\/wp-content\/uploads\/2026\/04\/Papinstvo.png?fit=1024%2C500&ssl=1&resize=525%2C300 1.5x, https:\/\/i0.wp.com\/historiografija.hr\/wp-content\/uploads\/2026\/04\/Papinstvo.png?fit=1024%2C500&ssl=1&resize=700%2C400 2x"},"classes":[]}],"_links":{"self":[{"href":"https:\/\/historiografija.hr\/index.php?rest_route=\/wp\/v2\/posts\/9879","targetHints":{"allow":["GET"]}}],"collection":[{"href":"https:\/\/historiografija.hr\/index.php?rest_route=\/wp\/v2\/posts"}],"about":[{"href":"https:\/\/historiografija.hr\/index.php?rest_route=\/wp\/v2\/types\/post"}],"author":[{"embeddable":true,"href":"https:\/\/historiografija.hr\/index.php?rest_route=\/wp\/v2\/users\/2"}],"replies":[{"embeddable":true,"href":"https:\/\/historiografija.hr\/index.php?rest_route=%2Fwp%2Fv2%2Fcomments&post=9879"}],"version-history":[{"count":2,"href":"https:\/\/historiografija.hr\/index.php?rest_route=\/wp\/v2\/posts\/9879\/revisions"}],"predecessor-version":[{"id":9890,"href":"https:\/\/historiografija.hr\/index.php?rest_route=\/wp\/v2\/posts\/9879\/revisions\/9890"}],"wp:featuredmedia":[{"embeddable":true,"href":"https:\/\/historiografija.hr\/index.php?rest_route=\/wp\/v2\/media\/9880"}],"wp:attachment":[{"href":"https:\/\/historiografija.hr\/index.php?rest_route=%2Fwp%2Fv2%2Fmedia&parent=9879"}],"wp:term":[{"taxonomy":"category","embeddable":true,"href":"https:\/\/historiografija.hr\/index.php?rest_route=%2Fwp%2Fv2%2Fcategories&post=9879"},{"taxonomy":"post_tag","embeddable":true,"href":"https:\/\/historiografija.hr\/index.php?rest_route=%2Fwp%2Fv2%2Ftags&post=9879"}],"curies":[{"name":"wp","href":"https:\/\/api.w.org\/{rel}","templated":true}]}}