{"id":9863,"date":"2018-05-18T09:38:42","date_gmt":"2018-05-18T09:38:42","guid":{"rendered":"http:\/\/historiografija.hr\/?p=9863"},"modified":"2020-07-11T22:37:34","modified_gmt":"2020-07-11T22:37:34","slug":"encyclopedia-of-romantic-nationalism-in-europe","status":"publish","type":"post","link":"https:\/\/historiografija.hr\/?p=9863","title":{"rendered":"&#8220;Encyclopedia of Romantic Nationalism in Europe&#8221;"},"content":{"rendered":"<p>U svibnju 2018. predstavljeno je tiskano izdanje \u2013 uz ve\u0107 postoje\u0107u digitalnu verziju \u2013 opse\u017ene i sveobuhvatne Enciklopedije romanti\u010dnog nacionalizma u Europi na kojoj su s vi\u0161e priloga sura\u0111ivali i autori i autorice iz Hrvatske.<\/p>\n<p>&nbsp;<\/p>\n<p>&nbsp;<\/p>\n<p>&#8212;<\/p>\n<p>&nbsp;<\/p>\n<p>&nbsp;<\/p>\n<p><strong>&#8220;Encyclopedia of Romantic Nationalism in Europe&#8221; Book launch<\/strong><\/p>\n<p>&nbsp;<\/p>\n<p>&nbsp;<\/p>\n<p>On 16 May, from 15:00 to 17:30, the &#8220;Encyclopedia of Romantic Nationalism in Europe&#8221; will be launched at Central European University (Nador 9, Popper Room). The first copy will be presented by the Encyclopedia&#8217;s editor, Joep Leerssen of Amsterdam University, to the CEU rector, Michael Ignatieff.<\/p>\n<p>&nbsp;<\/p>\n<p>The <strong>&#8220;Encyclopedia of Romantic Nationalism in Europe&#8221;<\/strong> (<a href=\"http:\/\/ernie.uva.nl\">http:\/\/ernie.uva.nl<\/a>) brings to fruition a major collaborative enterprise, involving 350 authors and covering countries and nationalist movements from Iceland to Azerbaijan. CEU has been an important collaborator in this project, which was funded by the Spinoza Award, the premier scientific prize in the Netherlands. CEU functioned as a Central-European hub for the Encyclopedia&#8217;s transnational macroregional scope and as a collaborator in the developing field of comparative and transnational history.<\/p>\n<p>&nbsp;<\/p>\n<p>After the presentation, a Round Table will be held to discuss the project&#8217;s methodological and historical implications and its topical political relevance in today&#8217;s Europe. The Round Table, chaired by Balazs Trencsenyi, brings together panellists from various parts of the Continent: CEU affiliates Zsuzsa Sid\u00f3 and Francesco La Rocca, and the Italian and Estonian historians Francesca Zantedeschi and Marek Tamm.<\/p>\n<p>&nbsp;<\/p>\n<p>&nbsp;<\/p>\n<p><a href=\"https:\/\/pasts.ceu.edu\/node\/365\">https:\/\/pasts.ceu.edu\/node\/365<\/a><\/p>\n<p>&nbsp;<\/p>\n<p>&nbsp;<\/p>\n<p>&#8212;<\/p>\n<p>&nbsp;<\/p>\n<p>&nbsp;<\/p>\n<p><strong>Launch events for ERNiE &#8211; the book<\/strong><\/p>\n<p>&nbsp;<\/p>\n<p>&nbsp;<\/p>\n<p>The Encyclopedia of Romantic Nationalism in Europe will be officially launched on 16 May at Central European University, Budapest. A Round Table will be held on the topic of Romantic Nationalism as a historical and a contemporary phenomenon and on its transnational analysis, and a first copy will be presented to CEU\u2019s Rector, Michael Ignatieff.<\/p>\n<p>&nbsp;<\/p>\n<p>&nbsp;<\/p>\n<p>Within The Netherlands, a launch event will be held on 4 June at Spui25 in Amsterdam, with Jos\u00e9 van Dijck (President, Royal Netherlands Academy of Science), Fred Weerman (Dean, Humanities Faculty, University of Amsterdam) and Michael Wintle (Director, Huizinga Institute).<\/p>\n<p>&nbsp;<\/p>\n<p>&nbsp;<\/p>\n<p><a href=\"http:\/\/spinnet.eu\/news.p\/3.m\/103\/book-version-of-the-encyclopedia-in-production\">http:\/\/spinnet.eu\/news.p\/3.m\/103\/book-version-of-the-encyclopedia-in-production<\/a><\/p>\n<p>&nbsp;<\/p>\n<p>&nbsp;<\/p>\n<p>The book version of the Encyclopedia of Romantic Nationalism in Europe has appeared with Amsterdam University Press.<\/p>\n<p>&nbsp;<\/p>\n<p>&nbsp;<\/p>\n<p>Its 2 volumes contain 1200 articles with an extensive introduction on Romantic Nationalism, and accompanied by ca. 150 illustrations and indexes. Innovative design captures the intricate cross-referencing structure from the hyperlnks on the web version, while the book fomat affords an instant overview and browsable, haptic access to the complete Europe-wide coverage of cultural currents and nodal personalities.<\/p>\n<p>&nbsp;<\/p>\n<p>&nbsp;<\/p>\n<p>ERNiE-the-book is intended as a \u201cpaper portal\u201d to be used alongside the digital online version, and as its offline, portable, analogue extension.<\/p>\n<p>&nbsp;<\/p>\n<p>&nbsp;<\/p>\n<p>&#8212;<\/p>\n<p>&nbsp;<\/p>\n<p>&nbsp;<\/p>\n<p><strong>Encyclopedia of Romantic Nationalism in Europe<\/strong><\/p>\n<p>&nbsp;<\/p>\n<p>&nbsp;<\/p>\n<p>This encyclopedia documents the presence and impact of nationalized cultural consciousness in European nationalism. It tracks how intellectuals, historians, philologists, novelists, poets, painters, folklorists, and composers, in an intensely collaborative transnational network, articulated the national identities and aspirations that would go on to determine European history and politics, with effects that are still felt today.<\/p>\n<p>&nbsp;<\/p>\n<p>&nbsp;<\/p>\n<p>Edited by Joep Leerssen, in cooperation with almost 350 authors from dozens of countries, this encyclopedia gives a clear idea of the intricate (transnational and intermedial) networks and entanglements in which all aspects of Romantic Nationalism are connected.<\/p>\n<p>&nbsp;<\/p>\n<p>&nbsp;<\/p>\n<p><em>This excellent encyclopedia is an extraordinarily rich source of information on the cultural background of nation-formation. Its sophisticated and effective system of cross-references allows it to go beyond earlier English-language surveys in mapping all European nations comprehensively, regardless of size or power, in both East and West. It is equally even-handed in analysing &#8220;Romantic Nationalism&#8221;, and the 19th-century national movements that were inspired by it, as motivated by an idealistic, Europe-wide cultivation effort for the improvement of national cultures (which I consider to form part of European values).<\/em> &#8211; <strong>Miroslav Hroch, Prague<\/strong><\/p>\n<p>&nbsp;<\/p>\n<p>&nbsp;<\/p>\n<p><em>Ambitious in its scope and as far as I can see, impeccable in its execution, the Encyclopedia of Romantic Nationalism in Europe is a major addition to earlier historical encyclopaedias. It will become indispensable to scholars in all the disciplines concerned with either nationalism or romanticism.<\/em> &#8211; <strong>Peter Burke, Cambridge<\/strong><\/p>\n<p>&nbsp;<\/p>\n<p>&nbsp;<\/p>\n<p><em>This vast encyclopedia is the essential resource for understanding the ethnocultural repertoires that [=] sought to define, indeed to create, the nations of Europe. Leerssen, [=] has drawn on a vast network of scholars to present the entire spectrum of cultural production-linguistic, literary, material, and performative-that nineteenth-century Europeans [=] mobilized to express their transcendent sense of national identity [=] [I]n a climate of renewed nationalist fervor, [=] all those who hope to understand the deep roots of European identity and identities in these challenging times will profit from the Encyclopedia of Romantic Nationalism in Europe.<\/em> &#8211; <strong>Patrick Geary, Princeton<\/strong><\/p>\n<p>&nbsp;<\/p>\n<p>&nbsp;<\/p>\n<p><a href=\"https:\/\/en.aup.nl\/books\/9789462981188-encyclopedia-of-romantic-nationalism-in-europe.html\">https:\/\/en.aup.nl\/books\/9789462981188-encyclopedia-of-romantic-nationalism-in-europe.html<\/a><\/p>\n<p>&nbsp;<\/p>\n<p>&nbsp;<\/p>\n","protected":false},"excerpt":{"rendered":"","protected":false},"author":2,"featured_media":9864,"comment_status":"open","ping_status":"open","sticky":false,"template":"","format":"standard","meta":{"_acf_changed":false,"jetpack_post_was_ever_published":false,"_jetpack_newsletter_access":"","_jetpack_dont_email_post_to_subs":false,"_jetpack_newsletter_tier_id":0,"_jetpack_memberships_contains_paywalled_content":false,"_jetpack_memberships_contains_paid_content":false,"footnotes":"","jetpack_publicize_message":"","jetpack_publicize_feature_enabled":true,"jetpack_social_post_already_shared":true,"jetpack_social_options":{"image_generator_settings":{"template":"highway","default_image_id":0,"font":"","enabled":false},"version":2}},"categories":[19,8,3],"tags":[],"class_list":["post-9863","post","type-post","status-publish","format-standard","has-post-thumbnail","hentry","category-e-knjige","category-knjige","category-novosti"],"acf":{"facebook_opis":""},"jetpack_publicize_connections":[],"jetpack_featured_media_url":"https:\/\/i0.wp.com\/historiografija.hr\/wp-content\/uploads\/2018\/05\/ERNiE.jpg?fit=2688%2C1520&ssl=1","jetpack_sharing_enabled":true,"jetpack-related-posts":[{"id":52625,"url":"https:\/\/historiografija.hr\/?p=52625","url_meta":{"origin":9863,"position":0},"title":"Omer Bartov, \u201eIsrael: What Went Wrong?\u201c","author":"Branimir Jankovi\u0107","date":"23. travnja 2026.","format":false,"excerpt":"Professor Omer Bartov was born on a kibbutz, grew up in Tel Aviv and served in the Israel Defence Forces during the Yom Kippur War. He went on to become an expert on the German army and the Holocaust, before turning his attention to his native country.In Israel: What Went\u2026","rel":"","context":"U &quot;Knjige&quot;","block_context":{"text":"Knjige","link":"https:\/\/historiografija.hr\/?cat=8"},"img":{"alt_text":"","src":"https:\/\/i0.wp.com\/historiografija.hr\/wp-content\/uploads\/2026\/04\/Bartov.jpeg?fit=320%2C500&ssl=1&resize=350%2C200","width":350,"height":200},"classes":[]},{"id":52616,"url":"https:\/\/historiografija.hr\/?p=52616","url_meta":{"origin":9863,"position":1},"title":"No\u0107 knjige 2026.","author":"Branimir Jankovi\u0107","date":"22. travnja 2026.","format":false,"excerpt":"Slavljeni\u010dka 15. No\u0107 knjige odr\u017eat \u0107e se 23. travnja diljem Hrvatske u povodu Svjetskog dana knjige i autorskih prava te Dana hrvatske knjige. S vi\u0161e od 1.000 prijavljenih programa i akcija s pravom nosi epitet najmasovnije doma\u0107e kulturne manifestacije, a ove \u0107e godine prote\u0107i u znaku mira, razumijevanja, tolerancije, srodnosti\u2026","rel":"","context":"U &quot;Novosti&quot;","block_context":{"text":"Novosti","link":"https:\/\/historiografija.hr\/?cat=3"},"img":{"alt_text":"","src":"https:\/\/i0.wp.com\/historiografija.hr\/wp-content\/uploads\/2026\/04\/noc_knjige_2026.jpg?fit=680%2C276&ssl=1&resize=350%2C200","width":350,"height":200,"srcset":"https:\/\/i0.wp.com\/historiografija.hr\/wp-content\/uploads\/2026\/04\/noc_knjige_2026.jpg?fit=680%2C276&ssl=1&resize=350%2C200 1x, https:\/\/i0.wp.com\/historiografija.hr\/wp-content\/uploads\/2026\/04\/noc_knjige_2026.jpg?fit=680%2C276&ssl=1&resize=525%2C300 1.5x"},"classes":[]},{"id":52603,"url":"https:\/\/historiografija.hr\/?p=52603","url_meta":{"origin":9863,"position":2},"title":"No\u0107 knjige: Carska i kraljevska kuhinja","author":"Branimir Jankovi\u0107","date":"22. travnja 2026.","format":false,"excerpt":"Pozivamo vas da nam se pridru\u017eite 23. travnja 2026. u 18 sati u obilje\u017eavanju No\u0107i knjige u Pivnici Bobi&Rudi na Trgu Ivana Me\u0161trovi\u0107a u Zapru\u0111u u Zagrebu gdje uz kavu \u010ditamo recepte iz zemalja Austro-Ugarske Monarhije iz knjige Carska i kraljevska kuhinja, autora Roberta Mak\u0142owicza, u prijevodu Damira Agi\u010di\u0107a. Izvor:\u2026","rel":"","context":"U &quot;Novosti&quot;","block_context":{"text":"Novosti","link":"https:\/\/historiografija.hr\/?cat=3"},"img":{"alt_text":"","src":"https:\/\/i0.wp.com\/historiografija.hr\/wp-content\/uploads\/2026\/04\/Noc-knjige-Carska-i-kraljevska.jpg?fit=1200%2C1200&ssl=1&resize=350%2C200","width":350,"height":200,"srcset":"https:\/\/i0.wp.com\/historiografija.hr\/wp-content\/uploads\/2026\/04\/Noc-knjige-Carska-i-kraljevska.jpg?fit=1200%2C1200&ssl=1&resize=350%2C200 1x, https:\/\/i0.wp.com\/historiografija.hr\/wp-content\/uploads\/2026\/04\/Noc-knjige-Carska-i-kraljevska.jpg?fit=1200%2C1200&ssl=1&resize=525%2C300 1.5x, https:\/\/i0.wp.com\/historiografija.hr\/wp-content\/uploads\/2026\/04\/Noc-knjige-Carska-i-kraljevska.jpg?fit=1200%2C1200&ssl=1&resize=700%2C400 2x, https:\/\/i0.wp.com\/historiografija.hr\/wp-content\/uploads\/2026\/04\/Noc-knjige-Carska-i-kraljevska.jpg?fit=1200%2C1200&ssl=1&resize=1050%2C600 3x"},"classes":[]},{"id":52651,"url":"https:\/\/historiografija.hr\/?p=52651","url_meta":{"origin":9863,"position":3},"title":"Promocija knjige Emira O. Filipovi\u0107a \u201cVite\u0161tvo u srednjovjekovnoj Bosni\u201d u Sarajevu","author":"Branimir Jankovi\u0107","date":"24. travnja 2026.","format":false,"excerpt":"Knji\u017eevni korner poziva na promociju knjige Emira O. Filipovi\u0107a \u201cVite\u0161tvo u srednjovjekovnoj Bosni\u201d koja \u0107e se odr\u017eati u srijedu, 29. aprila 2026. u 18 sati u Evropskoj ku\u0107i kulture i nacionalnih manjina (Austrijska ku\u0107a) u Sarajevu. Na promociji \u0107e govoriti Mirsad Sijari\u0107, Ema Mazrak i autor, a moderirat \u0107e Nikola\u2026","rel":"","context":"U &quot;Novosti&quot;","block_context":{"text":"Novosti","link":"https:\/\/historiografija.hr\/?cat=3"},"img":{"alt_text":"","src":"https:\/\/i0.wp.com\/historiografija.hr\/wp-content\/uploads\/2026\/04\/Vitestvo.jpg?fit=1080%2C565&ssl=1&resize=350%2C200","width":350,"height":200,"srcset":"https:\/\/i0.wp.com\/historiografija.hr\/wp-content\/uploads\/2026\/04\/Vitestvo.jpg?fit=1080%2C565&ssl=1&resize=350%2C200 1x, https:\/\/i0.wp.com\/historiografija.hr\/wp-content\/uploads\/2026\/04\/Vitestvo.jpg?fit=1080%2C565&ssl=1&resize=525%2C300 1.5x, https:\/\/i0.wp.com\/historiografija.hr\/wp-content\/uploads\/2026\/04\/Vitestvo.jpg?fit=1080%2C565&ssl=1&resize=700%2C400 2x, https:\/\/i0.wp.com\/historiografija.hr\/wp-content\/uploads\/2026\/04\/Vitestvo.jpg?fit=1080%2C565&ssl=1&resize=1050%2C600 3x"},"classes":[]},{"id":52613,"url":"https:\/\/historiografija.hr\/?p=52613","url_meta":{"origin":9863,"position":4},"title":"No\u0107 knjige u Hrvatskom dr\u017eavnom arhivu","author":"Branimir Jankovi\u0107","date":"22. travnja 2026.","format":false,"excerpt":"Predstavljanje knjige Rajke Bu\u0107in \u201dLije\u010denje i zbrinjavanje \u017didova u Bolnici sestara milosrdnica u Zagrebu 1941. \u2013 1945.\u201d u \u010detvrtak, 23. travnja 2026. u 13 sati u Hrvatskom dr\u017eavnom arhivu u Zagrebu. Izvor: https:\/\/www.arhiv.hr\/hr-hr\/Kulturno-prosvjetne-aktivnosti\/ArticleId\/1986\/oamid\/1633","rel":"","context":"U &quot;Novosti&quot;","block_context":{"text":"Novosti","link":"https:\/\/historiografija.hr\/?cat=3"},"img":{"alt_text":"","src":"https:\/\/i0.wp.com\/historiografija.hr\/wp-content\/uploads\/2026\/04\/noc_knjige_2026.jpg?fit=680%2C276&ssl=1&resize=350%2C200","width":350,"height":200,"srcset":"https:\/\/i0.wp.com\/historiografija.hr\/wp-content\/uploads\/2026\/04\/noc_knjige_2026.jpg?fit=680%2C276&ssl=1&resize=350%2C200 1x, https:\/\/i0.wp.com\/historiografija.hr\/wp-content\/uploads\/2026\/04\/noc_knjige_2026.jpg?fit=680%2C276&ssl=1&resize=525%2C300 1.5x"},"classes":[]},{"id":52520,"url":"https:\/\/historiografija.hr\/?p=52520","url_meta":{"origin":9863,"position":5},"title":"Predstavljanje knjige &#8220;Socialist Economics in Yugoslavia: A Critical History&#8221; u Zagrebu","author":"Branimir Jankovi\u0107","date":"17. travnja 2026.","format":false,"excerpt":"Pozivamo vas na predstavljanje knjige \"Socialist Economics in Yugoslavia: A Critical History\", autora Mislava \u00a0\u017ditka i Marka Grde\u0161i\u0107a (Routledge, 2026). Na predstavljanju \u0107e govoriti Branko Milanovi\u0107 (CUNY), Milica Uvali\u0107 (EUI), Zdravko Petak (FPZG) te autori.\u00a0 Predstavljanje \u0107e se odr\u017eati u srijedu 22. travnja u 16:00 sati na Fakultetu politi\u010dkih znanosti\u2026","rel":"","context":"U &quot;Novosti&quot;","block_context":{"text":"Novosti","link":"https:\/\/historiografija.hr\/?cat=3"},"img":{"alt_text":"","src":"https:\/\/i0.wp.com\/historiografija.hr\/wp-content\/uploads\/2026\/04\/Poziv-na-predstavljanje.png?fit=800%2C652&ssl=1&resize=350%2C200","width":350,"height":200,"srcset":"https:\/\/i0.wp.com\/historiografija.hr\/wp-content\/uploads\/2026\/04\/Poziv-na-predstavljanje.png?fit=800%2C652&ssl=1&resize=350%2C200 1x, https:\/\/i0.wp.com\/historiografija.hr\/wp-content\/uploads\/2026\/04\/Poziv-na-predstavljanje.png?fit=800%2C652&ssl=1&resize=525%2C300 1.5x, https:\/\/i0.wp.com\/historiografija.hr\/wp-content\/uploads\/2026\/04\/Poziv-na-predstavljanje.png?fit=800%2C652&ssl=1&resize=700%2C400 2x"},"classes":[]}],"_links":{"self":[{"href":"https:\/\/historiografija.hr\/index.php?rest_route=\/wp\/v2\/posts\/9863","targetHints":{"allow":["GET"]}}],"collection":[{"href":"https:\/\/historiografija.hr\/index.php?rest_route=\/wp\/v2\/posts"}],"about":[{"href":"https:\/\/historiografija.hr\/index.php?rest_route=\/wp\/v2\/types\/post"}],"author":[{"embeddable":true,"href":"https:\/\/historiografija.hr\/index.php?rest_route=\/wp\/v2\/users\/2"}],"replies":[{"embeddable":true,"href":"https:\/\/historiografija.hr\/index.php?rest_route=%2Fwp%2Fv2%2Fcomments&post=9863"}],"version-history":[{"count":1,"href":"https:\/\/historiografija.hr\/index.php?rest_route=\/wp\/v2\/posts\/9863\/revisions"}],"predecessor-version":[{"id":9865,"href":"https:\/\/historiografija.hr\/index.php?rest_route=\/wp\/v2\/posts\/9863\/revisions\/9865"}],"wp:featuredmedia":[{"embeddable":true,"href":"https:\/\/historiografija.hr\/index.php?rest_route=\/wp\/v2\/media\/9864"}],"wp:attachment":[{"href":"https:\/\/historiografija.hr\/index.php?rest_route=%2Fwp%2Fv2%2Fmedia&parent=9863"}],"wp:term":[{"taxonomy":"category","embeddable":true,"href":"https:\/\/historiografija.hr\/index.php?rest_route=%2Fwp%2Fv2%2Fcategories&post=9863"},{"taxonomy":"post_tag","embeddable":true,"href":"https:\/\/historiografija.hr\/index.php?rest_route=%2Fwp%2Fv2%2Ftags&post=9863"}],"curies":[{"name":"wp","href":"https:\/\/api.w.org\/{rel}","templated":true}]}}