{"id":9861,"date":"2018-05-18T09:21:03","date_gmt":"2018-05-18T09:21:03","guid":{"rendered":"http:\/\/historiografija.hr\/?p=9861"},"modified":"2018-05-18T09:21:03","modified_gmt":"2018-05-18T09:21:03","slug":"tribina-o-knjizi-jugoslavija-u-istorijskoj-perspektivi-u-beogradu","status":"publish","type":"post","link":"https:\/\/historiografija.hr\/?p=9861","title":{"rendered":"Tribina o knjizi &#8220;Jugoslavija u istorijskoj perspektivi&#8221; u Beogradu"},"content":{"rendered":"<p>Centar za jugoslovenske studije (Cejus) poziva u ponedjeljak, 21. svibnja 2018. u 19h u Centru za kulturnu dekontaminaciju u Beogradu na tribinu o knjizi &#8220;Jugoslavija u istorijskoj perspektivi&#8221; na kojoj govore Milivoj Be\u0161lin, Ivana Panteli\u0107, Vladimir Unkovski-Korica, Sonja Biserko, a moderira Stanislava Bara\u0107.<\/p>\n<p>&nbsp;<\/p>\n<p>&#8212;<\/p>\n<p>&nbsp;<\/p>\n<p>Centar za jugoslovenske studije (Cejus) vas poziva na tribinu o knjizi &#8220;Jugoslavija u istorijskoj perspektivi&#8221; (Beograd 2017) u izdanju Helsin\u0161kog odbora za ljudska prava u Srbiji.<\/p>\n<p>&nbsp;<\/p>\n<p>&nbsp;<\/p>\n<p>Na tribini govore:<\/p>\n<p>\u2013 Milivoj Be\u0161lin (IFDT)<\/p>\n<p>\u2013 Ivana Panteli\u0107 (Institut za noviju istoriju Srbije, Cejus)<\/p>\n<p>\u2013 Vladimir Unkovski-Korica (Univerzitet u Glazgovu)<\/p>\n<p>\u2013 Sonja Biserko (Helsin\u0161ki odbor)<\/p>\n<p>Moderatorka: Stanislava Bara\u0107 (Institut za knji\u017eevnost i umetnost, Cejus)<\/p>\n<p>&nbsp;<\/p>\n<p>Iz uvoda Milivoja Be\u0161lina i Sr\u0111ana Milo\u0161evi\u0107a:<\/p>\n<p>&#8220;Jugoslavija je ostavila dubok trag, i sve do sada, a mo\u017ee se pretpostaviti da \u0107e tako biti jo\u0161 dugo, unosi puno emotivnog naboja u svim dr\u017eavama njenim naslednicama. To je iskustvo koje se ne mo\u017ee izbrisati, nezavisno od toga kako ga danas neko ocenjuje i vrednuje. Jugoslavija je imala dinami\u010dnu i veoma slu\u017eenu istoriju, ali se isto mo\u017ee re\u0107i i za mnogo druge dr\u017eave, ako ne i za sve. Ono \u0161to Jugoslaviju \u010dini druga\u010dijom jeste \u010dinjenica da o njoj, kao i o tek nekolikim drugim zemljama nastalim i nestalim u kratkom XX veku, govorimo isklju\u010divo u pro\u0161lom vremenu. Ovaj zbornik je jedan u nizu poku\u0161aja da se odgovori na pitanje za\u0161to je to tako.&#8221;<\/p>\n<p>&nbsp;<\/p>\n<p>Izvor:<\/p>\n<p>&nbsp;<\/p>\n<p><a href=\"https:\/\/www.facebook.com\/cejus.jus\/\">https:\/\/www.facebook.com\/cejus.jus\/<\/a><\/p>\n<p>&nbsp;<\/p>\n<p><a href=\"https:\/\/www.facebook.com\/events\/172070320088209\/\">https:\/\/www.facebook.com\/events\/172070320088209\/<\/a><\/p>\n<p>&nbsp;<\/p>\n","protected":false},"excerpt":{"rendered":"","protected":false},"author":2,"featured_media":6563,"comment_status":"open","ping_status":"open","sticky":false,"template":"","format":"standard","meta":{"_acf_changed":false,"jetpack_post_was_ever_published":false,"_jetpack_newsletter_access":"","_jetpack_dont_email_post_to_subs":false,"_jetpack_newsletter_tier_id":0,"_jetpack_memberships_contains_paywalled_content":false,"_jetpack_memberships_contains_paid_content":false,"footnotes":"","jetpack_publicize_message":"","jetpack_publicize_feature_enabled":true,"jetpack_social_post_already_shared":true,"jetpack_social_options":{"image_generator_settings":{"template":"highway","default_image_id":0,"font":"","enabled":false},"version":2}},"categories":[3],"tags":[],"class_list":["post-9861","post","type-post","status-publish","format-standard","has-post-thumbnail","hentry","category-novosti"],"acf":{"facebook_opis":""},"jetpack_publicize_connections":[],"jetpack_featured_media_url":"https:\/\/i0.wp.com\/historiografija.hr\/wp-content\/uploads\/2017\/10\/Jugoslavija.jpg?fit=560%2C352&ssl=1","jetpack_sharing_enabled":true,"jetpack-related-posts":[{"id":52520,"url":"https:\/\/historiografija.hr\/?p=52520","url_meta":{"origin":9861,"position":0},"title":"Predstavljanje knjige &#8220;Socialist Economics in Yugoslavia: A Critical History&#8221; u Zagrebu","author":"Branimir Jankovi\u0107","date":"17. travnja 2026.","format":false,"excerpt":"Pozivamo vas na predstavljanje knjige \"Socialist Economics in Yugoslavia: A Critical History\", autora Mislava \u00a0\u017ditka i Marka Grde\u0161i\u0107a (Routledge, 2026). Na predstavljanju \u0107e govoriti Branko Milanovi\u0107 (CUNY), Milica Uvali\u0107 (EUI), Zdravko Petak (FPZG) te autori.\u00a0 Predstavljanje \u0107e se odr\u017eati u srijedu 22. travnja u 16:00 sati na Fakultetu politi\u010dkih znanosti\u2026","rel":"","context":"U &quot;Novosti&quot;","block_context":{"text":"Novosti","link":"https:\/\/historiografija.hr\/?cat=3"},"img":{"alt_text":"","src":"https:\/\/i0.wp.com\/historiografija.hr\/wp-content\/uploads\/2026\/04\/Poziv-na-predstavljanje.png?fit=800%2C652&ssl=1&resize=350%2C200","width":350,"height":200,"srcset":"https:\/\/i0.wp.com\/historiografija.hr\/wp-content\/uploads\/2026\/04\/Poziv-na-predstavljanje.png?fit=800%2C652&ssl=1&resize=350%2C200 1x, https:\/\/i0.wp.com\/historiografija.hr\/wp-content\/uploads\/2026\/04\/Poziv-na-predstavljanje.png?fit=800%2C652&ssl=1&resize=525%2C300 1.5x, https:\/\/i0.wp.com\/historiografija.hr\/wp-content\/uploads\/2026\/04\/Poziv-na-predstavljanje.png?fit=800%2C652&ssl=1&resize=700%2C400 2x"},"classes":[]},{"id":52657,"url":"https:\/\/historiografija.hr\/?p=52657","url_meta":{"origin":9861,"position":1},"title":"[Predavanje] Jezik i drugost u (post)socijalisti\u010dkoj Srbiji: diskurzivne politike identiteta (YugoLab)","author":"Branimir Jankovi\u0107","date":"24. travnja 2026.","format":false,"excerpt":"U sklopu projekta Prizma \/ IMAGINATION (\u201eZami\u0161ljanje nacije: srpski nacionalni narativi u sporu (XX\u2013XXI vek)\u201c), koji se realizuje na Institutu za filozofiju i dru\u0161tvenu teoriju Univerziteta u Beogradu (2024\u20132027) uz finansijsku podr\u0161ku Fonda za nauku Republike Srbije, organizuje se serija predavanja na kojoj istra\u017eiva\u010di i istra\u017eiva\u010dice projekta predstavljaju rezultate svojih\u2026","rel":"","context":"U &quot;Novosti&quot;","block_context":{"text":"Novosti","link":"https:\/\/historiografija.hr\/?cat=3"},"img":{"alt_text":"","src":"https:\/\/i0.wp.com\/historiografija.hr\/wp-content\/uploads\/2026\/04\/IFDT_28_IV.png?fit=1200%2C675&ssl=1&resize=350%2C200","width":350,"height":200,"srcset":"https:\/\/i0.wp.com\/historiografija.hr\/wp-content\/uploads\/2026\/04\/IFDT_28_IV.png?fit=1200%2C675&ssl=1&resize=350%2C200 1x, https:\/\/i0.wp.com\/historiografija.hr\/wp-content\/uploads\/2026\/04\/IFDT_28_IV.png?fit=1200%2C675&ssl=1&resize=525%2C300 1.5x, https:\/\/i0.wp.com\/historiografija.hr\/wp-content\/uploads\/2026\/04\/IFDT_28_IV.png?fit=1200%2C675&ssl=1&resize=700%2C400 2x, https:\/\/i0.wp.com\/historiografija.hr\/wp-content\/uploads\/2026\/04\/IFDT_28_IV.png?fit=1200%2C675&ssl=1&resize=1050%2C600 3x"},"classes":[]},{"id":52675,"url":"https:\/\/historiografija.hr\/?p=52675","url_meta":{"origin":9861,"position":2},"title":"Predstavljanje knjige Luke Peji\u0107a &#8220;U taboru anarhista: \u017divot Ivana Zeppa&#8221; u Osijeku","author":"Branimir Jankovi\u0107","date":"27. travnja 2026.","format":false,"excerpt":"U \u010detvrtak, 30. travnja 2026.\u00a0u\u00a019.00 sati\u00a0u Klubu knji\u017eare Nova\u00a0(Trg Ante Star\u010devi\u0107a 4, Osijek) odr\u017eat \u0107e se predstavljanje nove knjige Luke Peji\u0107a U taboru anarhista: \u017divot Ivana Zeppa (DAF, 2025.). Uz autora o knjizi \u0107e govoriti recenzent i povjesni\u010dar Nikola Toma\u0161egovi\u0107 te povjesni\u010darka Ana Rajkovi\u0107 Peji\u0107. Razgovor \u0107e moderirati doktorandica\u00a0Valentina Kezi\u0107.\u2026","rel":"","context":"U &quot;Novosti&quot;","block_context":{"text":"Novosti","link":"https:\/\/historiografija.hr\/?cat=3"},"img":{"alt_text":"","src":"https:\/\/i0.wp.com\/historiografija.hr\/wp-content\/uploads\/2025\/11\/Pejic.jpg?fit=574%2C790&ssl=1&resize=350%2C200","width":350,"height":200,"srcset":"https:\/\/i0.wp.com\/historiografija.hr\/wp-content\/uploads\/2025\/11\/Pejic.jpg?fit=574%2C790&ssl=1&resize=350%2C200 1x, https:\/\/i0.wp.com\/historiografija.hr\/wp-content\/uploads\/2025\/11\/Pejic.jpg?fit=574%2C790&ssl=1&resize=525%2C300 1.5x"},"classes":[]},{"id":52528,"url":"https:\/\/historiografija.hr\/?p=52528","url_meta":{"origin":9861,"position":3},"title":"[Promocija knjige] Banja Luka u ratu: Etnopolitika i svakodnevica (1990\u20131995) (ActiveLab, YugoLab)","author":"Branimir Jankovi\u0107","date":"17. travnja 2026.","format":false,"excerpt":"Institut za filozofiju i dru\u0161tvenu teoriju i O\u0161tra Nula organizuju promociju knjige Banja Luka u ratu: Etnopolitika i svakodnevica (1990\u20131995) autorke Armine Galija\u0161, koja \u0107e se odr\u017eati 20. aprila 2026. u 12.00 sati u prostorijama Instituta (Kraljice Natalije 45, Beograd). Re\u010d je o prvom nau\u010dno utemeljenom i sistematskom radu koji\u2026","rel":"","context":"U &quot;Novosti&quot;","block_context":{"text":"Novosti","link":"https:\/\/historiografija.hr\/?cat=3"},"img":{"alt_text":"","src":"https:\/\/i0.wp.com\/historiografija.hr\/wp-content\/uploads\/2026\/04\/20-april-RS.jpg?fit=1200%2C675&ssl=1&resize=350%2C200","width":350,"height":200,"srcset":"https:\/\/i0.wp.com\/historiografija.hr\/wp-content\/uploads\/2026\/04\/20-april-RS.jpg?fit=1200%2C675&ssl=1&resize=350%2C200 1x, https:\/\/i0.wp.com\/historiografija.hr\/wp-content\/uploads\/2026\/04\/20-april-RS.jpg?fit=1200%2C675&ssl=1&resize=525%2C300 1.5x, https:\/\/i0.wp.com\/historiografija.hr\/wp-content\/uploads\/2026\/04\/20-april-RS.jpg?fit=1200%2C675&ssl=1&resize=700%2C400 2x, https:\/\/i0.wp.com\/historiografija.hr\/wp-content\/uploads\/2026\/04\/20-april-RS.jpg?fit=1200%2C675&ssl=1&resize=1050%2C600 3x"},"classes":[]},{"id":52502,"url":"https:\/\/historiografija.hr\/?p=52502","url_meta":{"origin":9861,"position":4},"title":"Novi znanstveni projekt Hrvatskog instituta za povijest: \u201c\u017drtve ratova i dr\u017eavnog\/politi\u010dkog nasilja u hrvatskoj povijesti 20. stolje\u0107a\u201d","author":"Branimir Jankovi\u0107","date":"17. travnja 2026.","format":false,"excerpt":"Na redovitoj sjednici Vlade RH, 16. travnja 2026., donijet je Zaklju\u010dak kojim se pokre\u0107e znanstveni projekt \u201c\u017drtve ratova i dr\u017eavnog\/politi\u010dkog nasilja u hrvatskoj povijesti 20. stolje\u0107a\u201d. Projekt \u0107e provoditi i koordinirati Hrvatski institut za povijest u razdoblju trajanja projekta od pet godina. Zakljucak Vlade RH Iz teksta projektnog prijedloga: Problematika\u2026","rel":"","context":"U &quot;Novosti&quot;","block_context":{"text":"Novosti","link":"https:\/\/historiografija.hr\/?cat=3"},"img":{"alt_text":"","src":"https:\/\/i0.wp.com\/historiografija.hr\/wp-content\/uploads\/2026\/04\/Vlada-RH.jpg?fit=1200%2C557&ssl=1&resize=350%2C200","width":350,"height":200,"srcset":"https:\/\/i0.wp.com\/historiografija.hr\/wp-content\/uploads\/2026\/04\/Vlada-RH.jpg?fit=1200%2C557&ssl=1&resize=350%2C200 1x, https:\/\/i0.wp.com\/historiografija.hr\/wp-content\/uploads\/2026\/04\/Vlada-RH.jpg?fit=1200%2C557&ssl=1&resize=525%2C300 1.5x, https:\/\/i0.wp.com\/historiografija.hr\/wp-content\/uploads\/2026\/04\/Vlada-RH.jpg?fit=1200%2C557&ssl=1&resize=700%2C400 2x, https:\/\/i0.wp.com\/historiografija.hr\/wp-content\/uploads\/2026\/04\/Vlada-RH.jpg?fit=1200%2C557&ssl=1&resize=1050%2C600 3x"},"classes":[]},{"id":52439,"url":"https:\/\/historiografija.hr\/?p=52439","url_meta":{"origin":9861,"position":5},"title":"Tribina &#8220;Ahmi\u0107i 33 godine kasnije: Ne u na\u0161e ime&#8221;","author":"Branimir Jankovi\u0107","date":"16. travnja 2026.","format":false,"excerpt":"U \u010detvrtak, 16. travnja 2026. u 17 sati u Knji\u017enici i \u010ditaonici Bogdana Ogrizovi\u0107a u Zagrebu odr\u017eat \u0107e se tribina pod nazivom Ahmi\u0107i 33 godine kasnije: Ne u na\u0161e ime. Na tribini \u0107e govoriti Ivica \u0110iki\u0107, novinar, Mubera Masli\u0107 \u2013 \u017ddralovi\u0107, aktivistikinja, prevoditeljica za arapski, Domagoj Fuk, student politologije, \u010dlan\u2026","rel":"","context":"U &quot;Novosti&quot;","block_context":{"text":"Novosti","link":"https:\/\/historiografija.hr\/?cat=3"},"img":{"alt_text":"","src":"https:\/\/i0.wp.com\/historiografija.hr\/wp-content\/uploads\/2026\/04\/Zagreb_2026.jpeg?fit=1200%2C900&ssl=1&resize=350%2C200","width":350,"height":200,"srcset":"https:\/\/i0.wp.com\/historiografija.hr\/wp-content\/uploads\/2026\/04\/Zagreb_2026.jpeg?fit=1200%2C900&ssl=1&resize=350%2C200 1x, https:\/\/i0.wp.com\/historiografija.hr\/wp-content\/uploads\/2026\/04\/Zagreb_2026.jpeg?fit=1200%2C900&ssl=1&resize=525%2C300 1.5x, https:\/\/i0.wp.com\/historiografija.hr\/wp-content\/uploads\/2026\/04\/Zagreb_2026.jpeg?fit=1200%2C900&ssl=1&resize=700%2C400 2x, https:\/\/i0.wp.com\/historiografija.hr\/wp-content\/uploads\/2026\/04\/Zagreb_2026.jpeg?fit=1200%2C900&ssl=1&resize=1050%2C600 3x"},"classes":[]}],"_links":{"self":[{"href":"https:\/\/historiografija.hr\/index.php?rest_route=\/wp\/v2\/posts\/9861","targetHints":{"allow":["GET"]}}],"collection":[{"href":"https:\/\/historiografija.hr\/index.php?rest_route=\/wp\/v2\/posts"}],"about":[{"href":"https:\/\/historiografija.hr\/index.php?rest_route=\/wp\/v2\/types\/post"}],"author":[{"embeddable":true,"href":"https:\/\/historiografija.hr\/index.php?rest_route=\/wp\/v2\/users\/2"}],"replies":[{"embeddable":true,"href":"https:\/\/historiografija.hr\/index.php?rest_route=%2Fwp%2Fv2%2Fcomments&post=9861"}],"version-history":[{"count":1,"href":"https:\/\/historiografija.hr\/index.php?rest_route=\/wp\/v2\/posts\/9861\/revisions"}],"predecessor-version":[{"id":9862,"href":"https:\/\/historiografija.hr\/index.php?rest_route=\/wp\/v2\/posts\/9861\/revisions\/9862"}],"wp:featuredmedia":[{"embeddable":true,"href":"https:\/\/historiografija.hr\/index.php?rest_route=\/wp\/v2\/media\/6563"}],"wp:attachment":[{"href":"https:\/\/historiografija.hr\/index.php?rest_route=%2Fwp%2Fv2%2Fmedia&parent=9861"}],"wp:term":[{"taxonomy":"category","embeddable":true,"href":"https:\/\/historiografija.hr\/index.php?rest_route=%2Fwp%2Fv2%2Fcategories&post=9861"},{"taxonomy":"post_tag","embeddable":true,"href":"https:\/\/historiografija.hr\/index.php?rest_route=%2Fwp%2Fv2%2Ftags&post=9861"}],"curies":[{"name":"wp","href":"https:\/\/api.w.org\/{rel}","templated":true}]}}