{"id":9840,"date":"2018-05-17T13:13:41","date_gmt":"2018-05-17T13:13:41","guid":{"rendered":"http:\/\/historiografija.hr\/?p=9840"},"modified":"2018-05-17T13:13:41","modified_gmt":"2018-05-17T13:13:41","slug":"medunarodni-dan-muzeja-novi-pristupi-nova-publika","status":"publish","type":"post","link":"https:\/\/historiografija.hr\/?p=9840","title":{"rendered":"Me\u0111unarodni dan muzeja &#8211; novi pristupi, nova publika"},"content":{"rendered":"<p>U petak 18. svibnja 2018. muzeji diljem Hrvatske otvorit \u0107e svoja vrata posjetiteljima obilje\u017eavaju\u0107i 38. Me\u0111unarodni dan muzeja pod temom &#8220;Hiper-povezani muzeji: novi pristupi, nova publika&#8221;. Nositelj manifestacije je Muzejski dokumentacijski centar (MDC) iz Zagreba na \u010diju se inicijativu Me\u0111unarodni dan muzeja u Hrvatskoj obilje\u017eava od 1980. godine, a ovogodi\u0161nja tema koju je odredio Me\u0111unarodni savjet muzeja (ICOM) sa sjedi\u0161tem u Parizu ukazuje na muzeje kao dru\u0161tveno odgovorne institucije koje svake godine preispituju svoju djelatnost nastoje\u0107i prenijeti vrijedno naslje\u0111e na suvremen na\u010din publici digitalnog doba i prilagoditi svoje djelovanje izazovima suvremenog dru\u0161tva.<\/p>\n<p>&nbsp;<\/p>\n<p>&nbsp;<\/p>\n<p>21. stolje\u0107e obilje\u017eeno je brojnim dostignu\u0107ima na podru\u010dju tehnologije, znanosti i medicine, ubrzanim ekonomskim povezivanjem i globalizacijom koja po\u010diva na novim informacijskim tehnologijama. Na tragu te znanstveno-tehnolo\u0161ke revolucije i sveop\u0107eg civilizacijskog napretka muzeji danas zauzimaju sve aktivniju ulogu u dru\u0161tvu postaju\u0107i kulturna sredi\u0161ta unutar svojih zajednica i mjesta inkluzije koja zadovoljavaju razli\u010dite kulturne, obrazovne i socijalno-komunikacijske potrebe svojih korisnika, nude\u0107i pojedincima nova partnerstva i mogu\u0107nosti umre\u017eavanja bez obzira na njihov statusni, socijalni ili dru\u0161tveni background.<\/p>\n<p>&nbsp;<\/p>\n<p>&nbsp;<\/p>\n<p>U skladu s ovogodi\u0161njom temom Dana muzeja Hiper povezani muzeji \u2013 novi pristupi, nova publika, muzeji diljem Hrvatske predstavit \u0107e se kao institucije koje povezuju\u0107i ba\u0161tinu i umjetnost sa suvremenim komunikacijskim tehnologijama spajaju virtualni i realni prostor u novu iskustvenu dimenziju koja pove\u0107ava kulturnu participaciju i zadovoljstvo posjetitelja, utje\u010de na njihove osje\u0107aje i vrijednosti te ih motivira na promi\u0161ljanje povijesti i suvremenog \u017eivota.<\/p>\n<p>&nbsp;<\/p>\n<p>&nbsp;<\/p>\n<p>Muzeji nude kreativnost u interpretacijskom i prezentacijskom smislu<\/p>\n<p>&nbsp;<\/p>\n<p>&nbsp;<\/p>\n<p>Me\u0111u stotinjak programa izdvajamo projekt Muzeja i galerija Konavala koji \u0107e javnosti predstaviti audio-vizualni vodi\u010d Smart Guide, vodi\u010d kroz muzejski postav i povijest Konavala, zatim audio vodi\u010d namijenjen pametnim telefonima i tabletima koji donosi niz kratkih pri\u010da o lokalitetu rijeke Ljuta, online izlo\u017ebenu crticu &#8220;Vlaho Bukovac i glazba&#8221; te 3D fotogrametriju ste\u0107aka s UNESCO-va lokaliteta Sveta Barbara.<\/p>\n<p>&nbsp;<\/p>\n<p>&nbsp;<\/p>\n<p>Hrvatski povijesni muzej organizira radionicu izrade animiranog filma tehnikom stop animacije namijenjenu mla\u0111im posjetiteljima. Polaznici radionice, koja se nadovezuje na izlo\u017ebu &#8220;Nedostupna ba\u0161tina&#8221;, suvremenim \u0107e tehnologijama interpretirati povijesne doga\u0111aje i osobe i svojom kreativno\u0161\u0107u ih o\u017eivjeti u virtualnom svijetu, a glavni junaci animiranog filma postat \u0107e Ilustrirani likovi iz hrvatske pro\u0161losti koje je kreirao poznati svjetski ilustrator Milan Trenc.<\/p>\n<p>&nbsp;<\/p>\n<p>&nbsp;<\/p>\n<p>Koriste\u0107i medij javnog prostora Hrvatski prirodoslovni muzej uz podr\u0161ku Turisti\u010dke zajednice grada Zagreba organizira manifestaciju &#8220;Muzeji izvan muzeja&#8221; u kojoj sudjeluje vi\u0161e muzejskih ku\u0107a &#8211; Arheolo\u0161ki muzej u Zagrebu, Muzej za umjetnost i obrt, Muzej suvremene umjetnosti i Tehni\u010dki muzej Nikola Tesla, koje \u0107e u paviljonu u Cesar\u010devoj ulici u Zagrebu predstaviti bogatu kulturno-povijesnu ba\u0161tinu o kojoj skrbe kroz izlo\u017ebu najprepoznatljivijih muzejskih predmeta.<\/p>\n<p>&nbsp;<\/p>\n<p>&nbsp;<\/p>\n<p>Od \u010de\u0161era i pli\u0161anog medvjedi\u0107a do nepoznatih i nikad objavljenih rukopisa<\/p>\n<p>&nbsp;<\/p>\n<p>&nbsp;<\/p>\n<p>Muzejski dokumentacijski centar Me\u0111unarodni dana muzeja obilje\u017eava najavom novog elektroni\u010dkog projekta &#8211; Knji\u017eevna ba\u0161tina u muzejima, koji u skladu s temom Hiper-povezani muzeji: novi pristupi, nova publika \u017eeli povezati knji\u017eevnike, muzeje i suvremene korisnike. Radi se o prvom tematskom online vodi\u010du kroz muzeje, zbirke i ostale ba\u0161tinske ustanove u Hrvatskoj koje \u010duvaju vrijednu ostav\u0161tinu 262 knji\u017eevnice i knji\u017eevnika, a me\u0111u \u0161estotinjak predmeta koji kod virtualnih posjetitelja bude znati\u017eelju i interes za pomak iz virtualnoga u realni svijet muzejskih prostora na\u0161li su se i lepeza od nojeva perja Ivane Brli\u0107-Ma\u017eurani\u0107, ukrasni jastu\u010di\u0107 Vladimira Nazora poklon AF\u017d-a iz 1945., numizmati\u010dka zbirka Augusta \u0160enoe, trinidadska pokladna maska Sunce Jo\u017ee Horvata, jednooki pli\u0161ani medvjedi\u0107 Jagode Truhelke te studentski indeks Ivana Gorana Kova\u010di\u0107a.<\/p>\n<p>&nbsp;<\/p>\n<p>&nbsp;<\/p>\n<p>Vrijedna inicijativa dolazi iz Tehni\u010dkog muzeja Nikola Tesla koji kroz projekt &#8220;Nikola Tesla. Migrant&#8221; propituje temu migracija. Kako bi doprinijeli \u0161to boljoj integraciji migranata u dru\u0161tvo i potaknuli kulturni razvoj zajednice iz muzeja najavljuju formiranje web platforme za razmjenu znanja i informacija vezanih uz tehnolo\u0161ke inovacije namijenjene migrantima i izbjeglicama te poticanje aktivne participacije izbjeglica i preostalih marginaliziranih skupina u muzejskim programima.<\/p>\n<p>&nbsp;<\/p>\n<p>&nbsp;<\/p>\n<p>Va\u017eno je napomenuti kako je posjet stalnim postavima i raznim drugim programima u muzejima i galerijama diljem Hrvatske besplatan, a cjelokupni program obilje\u017eavanja 38. Me\u0111unarodnog dana muzeja dostupan je na internetskim stranicama Muzejskog dokumentacijskogcentra www.mdc.hr.<\/p>\n<p>&nbsp;<\/p>\n<p>&nbsp;<\/p>\n<p><a href=\"http:\/\/www.mdc.hr\/hr\/kalendar\/pregled-mjeseca\/medunarodni-dan-muzeja?y=2018\">http:\/\/www.mdc.hr\/hr\/kalendar\/pregled-mjeseca\/medunarodni-dan-muzeja?y=2018<\/a><\/p>\n<p>&nbsp;<\/p>\n<p>&nbsp;<\/p>\n<p><a href=\"http:\/\/mdc.hr\/hr\/mdc\/skupovi-manifestacije\/medunarodni-dan-muzeja\/\">http:\/\/mdc.hr\/hr\/mdc\/skupovi-manifestacije\/medunarodni-dan-muzeja\/<\/a><\/p>\n<p>&nbsp;<\/p>\n<p>&nbsp;<\/p>\n<p>&nbsp;<\/p>\n","protected":false},"excerpt":{"rendered":"","protected":false},"author":2,"featured_media":9841,"comment_status":"open","ping_status":"open","sticky":false,"template":"","format":"standard","meta":{"_acf_changed":false,"jetpack_post_was_ever_published":false,"_jetpack_newsletter_access":"","_jetpack_dont_email_post_to_subs":false,"_jetpack_newsletter_tier_id":0,"_jetpack_memberships_contains_paywalled_content":false,"_jetpack_memberships_contains_paid_content":false,"footnotes":"","jetpack_publicize_message":"","jetpack_publicize_feature_enabled":true,"jetpack_social_post_already_shared":true,"jetpack_social_options":{"image_generator_settings":{"template":"highway","default_image_id":0,"font":"","enabled":false},"version":2}},"categories":[10,3],"tags":[],"class_list":["post-9840","post","type-post","status-publish","format-standard","has-post-thumbnail","hentry","category-izlozbe","category-novosti"],"acf":{"facebook_opis":""},"jetpack_publicize_connections":[],"jetpack_featured_media_url":"https:\/\/i0.wp.com\/historiografija.hr\/wp-content\/uploads\/2018\/05\/MDM_2018_icom_hrv.jpg?fit=540%2C160&ssl=1","jetpack_sharing_enabled":true,"jetpack-related-posts":[{"id":52633,"url":"https:\/\/historiografija.hr\/?p=52633","url_meta":{"origin":9840,"position":0},"title":"POVIJEST TRE\u0160NJEVA\u010cKE GLAZBE: prikupljanje virtualnog fundusa Muzeja susjedstva Tre\u0161njevka","author":"Branimir Jankovi\u0107","date":"23. travnja 2026.","format":false,"excerpt":"utorak 28. 4. 2026. 14 - 18 h Nova BAZA, Nova cesta 66, Zagreb Prvi su dani ljeta 1957. godine. Bo\u017eica Kalafati\u0107 poha\u0111a drugi razred Osnovne \u0161kole Bratstvo i jedinstvo, danas kralja Tomislava, a ide i na muzi\u010dke satove u Mo\u0161\u0107eni\u010dkoj ulici. Na fotografiji s harmonikom u rukama stoji u\u2026","rel":"","context":"U &quot;Novosti&quot;","block_context":{"text":"Novosti","link":"https:\/\/historiografija.hr\/?cat=3"},"img":{"alt_text":"","src":"https:\/\/i0.wp.com\/historiografija.hr\/wp-content\/uploads\/2026\/04\/MST_prikupljanje.jpg?fit=380%2C475&ssl=1&resize=350%2C200","width":350,"height":200},"classes":[]},{"id":52511,"url":"https:\/\/historiografija.hr\/?p=52511","url_meta":{"origin":9840,"position":1},"title":"Izlo\u017eba &#8220;Lica Sljemena&#8221;","author":"Branimir Jankovi\u0107","date":"17. travnja 2026.","format":false,"excerpt":"Srda\u010dno vas pozivamo na otvorenje izlo\u017ebe Lica Sljemena koje \u0107e se odr\u017eati u srijedu 22. travnja 2026. u 18 h ispred Muzeja Prigorja (Trg Dragutina Domjani\u0107a 5, Sesvete). Izlo\u017eba proizlazi iz istra\u017eivanja Nevene \u0160krbi\u0107 Alempijevi\u0107, Petre Kelemen i Sanje Potkonjak te intervjua sa Sljemena\u0161icama i Sljemena\u0161ima, koji su provedeni u\u2026","rel":"","context":"U &quot;Izlo\u017ebe&quot;","block_context":{"text":"Izlo\u017ebe","link":"https:\/\/historiografija.hr\/?cat=10"},"img":{"alt_text":"","src":"https:\/\/i0.wp.com\/historiografija.hr\/wp-content\/uploads\/2026\/04\/Izlozba-Lica-Sljemena.png?fit=1080%2C686&ssl=1&resize=350%2C200","width":350,"height":200,"srcset":"https:\/\/i0.wp.com\/historiografija.hr\/wp-content\/uploads\/2026\/04\/Izlozba-Lica-Sljemena.png?fit=1080%2C686&ssl=1&resize=350%2C200 1x, https:\/\/i0.wp.com\/historiografija.hr\/wp-content\/uploads\/2026\/04\/Izlozba-Lica-Sljemena.png?fit=1080%2C686&ssl=1&resize=525%2C300 1.5x, https:\/\/i0.wp.com\/historiografija.hr\/wp-content\/uploads\/2026\/04\/Izlozba-Lica-Sljemena.png?fit=1080%2C686&ssl=1&resize=700%2C400 2x, https:\/\/i0.wp.com\/historiografija.hr\/wp-content\/uploads\/2026\/04\/Izlozba-Lica-Sljemena.png?fit=1080%2C686&ssl=1&resize=1050%2C600 3x"},"classes":[]},{"id":52666,"url":"https:\/\/historiografija.hr\/?p=52666","url_meta":{"origin":9840,"position":2},"title":"Najava programa Festivala povijesti Kliofest (5-8. V. 2026)","author":"Branimir Jankovi\u0107","date":"24. travnja 2026.","format":false,"excerpt":"Po trinaesti put odr\u017eava se Festival povijesti Kliofest! Do petka \u0107emo odr\u017eati osam okruglih stolova i dva kolokvija te niz predstavljanja knjiga i projekata razli\u010dite tematike, od antike do suvremenosti. Bit \u0107e predstavljeno i nekoliko izlo\u017ebi te odr\u017ean jedan povijesni kviz. Prikazat \u0107emo i jedan film \u2013 o generalu Boroevi\u0107u.\u2026","rel":"","context":"U &quot;Novosti&quot;","block_context":{"text":"Novosti","link":"https:\/\/historiografija.hr\/?cat=3"},"img":{"alt_text":"","src":"https:\/\/i0.wp.com\/historiografija.hr\/wp-content\/uploads\/2026\/04\/Kliofest-2026.jpg?fit=526%2C526&ssl=1&resize=350%2C200","width":350,"height":200,"srcset":"https:\/\/i0.wp.com\/historiografija.hr\/wp-content\/uploads\/2026\/04\/Kliofest-2026.jpg?fit=526%2C526&ssl=1&resize=350%2C200 1x, https:\/\/i0.wp.com\/historiografija.hr\/wp-content\/uploads\/2026\/04\/Kliofest-2026.jpg?fit=526%2C526&ssl=1&resize=525%2C300 1.5x"},"classes":[]},{"id":52556,"url":"https:\/\/historiografija.hr\/?p=52556","url_meta":{"origin":9840,"position":3},"title":"ZagrebDox 2026.","author":"Branimir Jankovi\u0107","date":"20. travnja 2026.","format":false,"excerpt":"Me\u0111unarodni festival dokumentarnog filma 19. - 26. travnja 2026. Kaptol Boutique Cinema, Zagreb Program i dodatne obavijesti: https:\/\/zagrebdox.net\/hr","rel":"","context":"U &quot;Filmovi i serije&quot;","block_context":{"text":"Filmovi i serije","link":"https:\/\/historiografija.hr\/?cat=13"},"img":{"alt_text":"","src":"https:\/\/i0.wp.com\/historiografija.hr\/wp-content\/uploads\/2026\/04\/DOX-logo.jpg?fit=600%2C600&ssl=1&resize=350%2C200","width":350,"height":200,"srcset":"https:\/\/i0.wp.com\/historiografija.hr\/wp-content\/uploads\/2026\/04\/DOX-logo.jpg?fit=600%2C600&ssl=1&resize=350%2C200 1x, https:\/\/i0.wp.com\/historiografija.hr\/wp-content\/uploads\/2026\/04\/DOX-logo.jpg?fit=600%2C600&ssl=1&resize=525%2C300 1.5x"},"classes":[]},{"id":52578,"url":"https:\/\/historiografija.hr\/?p=52578","url_meta":{"origin":9840,"position":4},"title":"Poziv za sudjelovanje: XXII. Dani Julija Bene\u0161i\u0107a u Iloku","author":"Branimir Jankovi\u0107","date":"21. travnja 2026.","format":false,"excerpt":"Zavod za lingvisti\u010dka istra\u017eivanja Hrvatske akademije znanosti i umjetnosti, zajedno s Muzejom grada Iloka, organizira XXII. Dane Julija Bene\u0161i\u0107a, koji \u0107e se odr\u017eati od 28. do 30. listopada 2026. u Iloku.\u00a0Teme ovogodi\u0161njih Dana podijeljene su u dvije cjeline: Knji\u017eevno-jezikoslovni d\u00ecv\u0101n s Bene\u0161i\u0107em te Ilok i Srijem u povijesnim stalnicama i\u2026","rel":"","context":"U &quot;Novosti&quot;","block_context":{"text":"Novosti","link":"https:\/\/historiografija.hr\/?cat=3"},"img":{"alt_text":"","src":"https:\/\/i0.wp.com\/historiografija.hr\/wp-content\/uploads\/2019\/10\/HE2_Benesic.jpg?fit=413%2C591&ssl=1&resize=350%2C200","width":350,"height":200},"classes":[]},{"id":52439,"url":"https:\/\/historiografija.hr\/?p=52439","url_meta":{"origin":9840,"position":5},"title":"Tribina &#8220;Ahmi\u0107i 33 godine kasnije: Ne u na\u0161e ime&#8221;","author":"Branimir Jankovi\u0107","date":"16. travnja 2026.","format":false,"excerpt":"U \u010detvrtak, 16. travnja 2026. u 17 sati u Knji\u017enici i \u010ditaonici Bogdana Ogrizovi\u0107a u Zagrebu odr\u017eat \u0107e se tribina pod nazivom Ahmi\u0107i 33 godine kasnije: Ne u na\u0161e ime. Na tribini \u0107e govoriti Ivica \u0110iki\u0107, novinar, Mubera Masli\u0107 \u2013 \u017ddralovi\u0107, aktivistikinja, prevoditeljica za arapski, Domagoj Fuk, student politologije, \u010dlan\u2026","rel":"","context":"U &quot;Novosti&quot;","block_context":{"text":"Novosti","link":"https:\/\/historiografija.hr\/?cat=3"},"img":{"alt_text":"","src":"https:\/\/i0.wp.com\/historiografija.hr\/wp-content\/uploads\/2026\/04\/Zagreb_2026.jpeg?fit=1200%2C900&ssl=1&resize=350%2C200","width":350,"height":200,"srcset":"https:\/\/i0.wp.com\/historiografija.hr\/wp-content\/uploads\/2026\/04\/Zagreb_2026.jpeg?fit=1200%2C900&ssl=1&resize=350%2C200 1x, https:\/\/i0.wp.com\/historiografija.hr\/wp-content\/uploads\/2026\/04\/Zagreb_2026.jpeg?fit=1200%2C900&ssl=1&resize=525%2C300 1.5x, https:\/\/i0.wp.com\/historiografija.hr\/wp-content\/uploads\/2026\/04\/Zagreb_2026.jpeg?fit=1200%2C900&ssl=1&resize=700%2C400 2x, https:\/\/i0.wp.com\/historiografija.hr\/wp-content\/uploads\/2026\/04\/Zagreb_2026.jpeg?fit=1200%2C900&ssl=1&resize=1050%2C600 3x"},"classes":[]}],"_links":{"self":[{"href":"https:\/\/historiografija.hr\/index.php?rest_route=\/wp\/v2\/posts\/9840","targetHints":{"allow":["GET"]}}],"collection":[{"href":"https:\/\/historiografija.hr\/index.php?rest_route=\/wp\/v2\/posts"}],"about":[{"href":"https:\/\/historiografija.hr\/index.php?rest_route=\/wp\/v2\/types\/post"}],"author":[{"embeddable":true,"href":"https:\/\/historiografija.hr\/index.php?rest_route=\/wp\/v2\/users\/2"}],"replies":[{"embeddable":true,"href":"https:\/\/historiografija.hr\/index.php?rest_route=%2Fwp%2Fv2%2Fcomments&post=9840"}],"version-history":[{"count":1,"href":"https:\/\/historiografija.hr\/index.php?rest_route=\/wp\/v2\/posts\/9840\/revisions"}],"predecessor-version":[{"id":9842,"href":"https:\/\/historiografija.hr\/index.php?rest_route=\/wp\/v2\/posts\/9840\/revisions\/9842"}],"wp:featuredmedia":[{"embeddable":true,"href":"https:\/\/historiografija.hr\/index.php?rest_route=\/wp\/v2\/media\/9841"}],"wp:attachment":[{"href":"https:\/\/historiografija.hr\/index.php?rest_route=%2Fwp%2Fv2%2Fmedia&parent=9840"}],"wp:term":[{"taxonomy":"category","embeddable":true,"href":"https:\/\/historiografija.hr\/index.php?rest_route=%2Fwp%2Fv2%2Fcategories&post=9840"},{"taxonomy":"post_tag","embeddable":true,"href":"https:\/\/historiografija.hr\/index.php?rest_route=%2Fwp%2Fv2%2Ftags&post=9840"}],"curies":[{"name":"wp","href":"https:\/\/api.w.org\/{rel}","templated":true}]}}