{"id":9836,"date":"2018-05-17T12:56:25","date_gmt":"2018-05-17T12:56:25","guid":{"rendered":"http:\/\/historiografija.hr\/?p=9836"},"modified":"2018-05-17T12:57:45","modified_gmt":"2018-05-17T12:57:45","slug":"predavanje-srecka-puliga-tri-teze-o-jugoslovenskom-samoupravljanju","status":"publish","type":"post","link":"https:\/\/historiografija.hr\/?p=9836","title":{"rendered":"Predavanje Sre\u0107ka Puliga &#8220;Tri teze o Jugoslovenskom samoupravljanju&#8221;"},"content":{"rendered":"<p>U sklopu programa \u201cRazgovori o Jugoslaviji \u2013 uvod u (post)jugoslovenske studije\u201d Muzeja Jugoslavije u Beogradu Sre\u0107ko Pulig (Zagreb) odr\u017eat \u0107e u petak, 18. svibnja 2018. predavanje \u201cTri teze o Jugoslovenskom samoupravljanju\u201d.<\/p>\n<p>&nbsp;<\/p>\n<p>&#8212;<\/p>\n<p>&nbsp;<\/p>\n<p><strong>Sre\u0107ko Pulig: Tri teze o Jugoslovenskom samoupravljanju<\/strong><\/p>\n<p>&nbsp;<\/p>\n<p>Predavanje \u0107e se odr\u017eati u alternativnom umetni\u010dkom prostoru Kvaka 22, Ruzveltova 39. Ulaz je slobodan.<\/p>\n<p>&nbsp;<\/p>\n<p>\u201c\u0160to mi imamo od toga \u0161to \u0107emo npr. prepoznati i onda nekriti\u010dki priznati postojanje socijalisti\u010dkog samoupravljanja? To, da i\u017eivljavamo svoju potrebu za \u2018arheologijom znanja\u2019 (onaj lo\u0161iji dio epistemologije, za \u010dijeg paradigmatskog predstavnika mo\u017eemo uzeti Foucault-a). Pri tome pod nektiri\u010dno\u0161\u0107u mislimo na jedno apsolutizirano kritikantstvo, koje svoj predmet tretira kao ne\u017eivu i definitivno mrtvu pro\u0161lost, podobnu, kao i svaki le\u0161, za seciranje. Da, samupravljanje je zanimljiv predmet znanstvenog interesa, ali samo zato \u0161to smo sigurni da je mrtvo. To je apolegetski diskurs \u201enormalizacije\u201c, koji se najjednostavnije svodi na slijede\u0107e: sada \u017eivimo u normalnom dru\u0161tvu, kapitalizma i njegovih kriza, a prije je postojala nekakva anomalija, za koju su suvremenici mislili da je socijalizam. Tu je mo\u017eda i bilo neke povijesti, ali danas je sigurno nema.\u201d<\/p>\n<p>&nbsp;<\/p>\n<p>Do\u0111ite da se bli\u017ee upoznate sa specifi\u010dnim jugoslovenskim dru\u0161tveno-politi\u010dko-ekonomskim modelom koji je u razli\u010ditim fazama i modalitetima bio na snazi oko \u010detiri decenije (1950 \u2013 1990). Sre\u0107ko Pulig \u0107e posebno razmotriti slede\u0107a pitanja: Da li koncept samoupravljanja mo\u017ee biti tema\u201djugoslovenskih studija\u201d? Kako je izgledao poku\u0161aj sampoupravnog preobra\u017eaja kulture? Koliki je dana\u0161nji zna\u010daj socijalisti\u010dkog samoupravljanja?<\/p>\n<p>&nbsp;<\/p>\n<p>Pre po\u010detka izlaganja prikaza\u0107e se dokumentarni filmski materijal iz pedesetih i \u0161ezdesetih godina koji se odnosi na samoupravljanje. Nakon izlaganja Sre\u0107ka Puliga sa diskusijom pozivamo vas na obilazak stalne postavke u okviru Muzeja Kvaka 22 koju \u010dine predmeti i dokumentacija prona\u0111eni u napu\u0161tenoj zgradi koja je nekada bila radionica za popravku muzi\u010dkih instrumenata vojnih orkestara SFRJ. Ve\u010de nastavlja na terasi pod toplim majskim zvezdanim nebom uz jugoslovensku pop i rok muziku koju \u0107e za vas izabrati DJ Slu\u017ebeno lice.<\/p>\n<p>&nbsp;<\/p>\n<p>SRE\u0106KO PULIG (1957) je filozof i komparatista, publicista i prevodilac, urednik Aktiva, priloga nedeljnika Novosti za teoriju prakse. Radio je u \u0161koli, bavio se novinarstvom na Omladinskom radiju, u Arkzinu, Feralu i Zarezu, Slobodnoj Dalmaciji, objavljivao je u Filozofskim istra\u017eivanjima. Uvek na neistra\u017eenom izme\u0111u novinarstva i politi\u010dkog, civilnog i teorijskog aktivizma.<\/p>\n<p>&nbsp;<\/p>\n<p>&nbsp;<\/p>\n<p>Izabrani tekstovi Sre\u0107ka Puliga:<\/p>\n<p>&nbsp;<\/p>\n<p>&nbsp;<\/p>\n<p>Vrijeme samoupravljanja<br \/>\n<a href=\"https:\/\/www.portalnovosti.com\/vrijeme-samoupravljanja\">https:\/\/www.portalnovosti.com\/vrijeme-samoupravljanja<\/a><\/p>\n<p>&nbsp;<\/p>\n<p>&nbsp;<\/p>\n<p>Kakvo dru\u0161tvo ho\u0107emo?<br \/>\n<a href=\"https:\/\/www.portalnovosti.com\/kakvo-drustvo-hocemo\">https:\/\/www.portalnovosti.com\/kakvo-drustvo-hocemo<\/a><\/p>\n<p>&nbsp;<\/p>\n<p>&nbsp;<\/p>\n<p>Izme\u0111u komune i tvornice<br \/>\n<a href=\"https:\/\/www.portalnovosti.com\/izmedju-komune-i-tvornice\">https:\/\/www.portalnovosti.com\/izmedju-komune-i-tvornice<\/a><\/p>\n<p>&nbsp;<\/p>\n<p>&nbsp;<\/p>\n<p>Samoupravni preobra\u017eaj kulture<br \/>\n<a href=\"https:\/\/www.portalnovosti.com\/samoupravni-preobrazaj-kulture\">https:\/\/www.portalnovosti.com\/samoupravni-preobrazaj-kulture<\/a><\/p>\n<p>&nbsp;<\/p>\n<p>&nbsp;<\/p>\n<p>Inspirativnost samoupravljanja<br \/>\n<a href=\"https:\/\/www.portalnovosti.com\/inspirativnost-samoupravljanja\">https:\/\/www.portalnovosti.com\/inspirativnost-samoupravljanja<\/a><\/p>\n<p>&nbsp;<\/p>\n<p>&nbsp;<\/p>\n<p>O programu<\/p>\n<p>&nbsp;<\/p>\n<p>Razgovori o Jugoslaviji \u2013 uvod u (post)jugoslovenske studije redovan je program Muzeja Jugoslavije pokrenut 2014. godine. Program je zami\u0161ljen kao kulturolo\u0161ka, transdisciplinarna analiza raznih jugoslovenskih fenomena, dru\u0161tvenih odnosa i praksi, direktno na liniji misije muzeja kao \u201emesta otvorenog dijaloga i razmene znanja i iskustava\u201c. Ciljevi programa su povezivanje i umre\u017eavanje sa institucijama, organizacijama i pojedincima koji se na razli\u010dite na\u010dine bave Jugoslavijom; propitivanje i problematizacija postoje\u0107ih mi\u0161ljenja, znanja i perspektiva; stvaranje osnova za edukativni i nau\u010dno-istra\u017eiva\u010dki rad u Muzeju Jugoslavije.<\/p>\n<p>&nbsp;<\/p>\n<p>&nbsp;<\/p>\n<p>Izvor: <a href=\"https:\/\/www.muzej-jugoslavije.org\/program\/srecko-pulig-tri-teze-o-jugoslovenskom-samoupravljanju\/\">https:\/\/www.muzej-jugoslavije.org\/program\/srecko-pulig-tri-teze-o-jugoslovenskom-samoupravljanju\/<\/a><\/p>\n<p>&nbsp;<\/p>\n<p>&nbsp;<\/p>\n","protected":false},"excerpt":{"rendered":"","protected":false},"author":2,"featured_media":9837,"comment_status":"open","ping_status":"open","sticky":false,"template":"","format":"standard","meta":{"_acf_changed":false,"jetpack_post_was_ever_published":false,"_jetpack_newsletter_access":"","_jetpack_dont_email_post_to_subs":false,"_jetpack_newsletter_tier_id":0,"_jetpack_memberships_contains_paywalled_content":false,"_jetpack_memberships_contains_paid_content":false,"footnotes":"","jetpack_publicize_message":"","jetpack_publicize_feature_enabled":true,"jetpack_social_post_already_shared":true,"jetpack_social_options":{"image_generator_settings":{"template":"highway","default_image_id":0,"font":"","enabled":false},"version":2}},"categories":[3],"tags":[],"class_list":["post-9836","post","type-post","status-publish","format-standard","has-post-thumbnail","hentry","category-novosti"],"acf":{"facebook_opis":""},"jetpack_publicize_connections":[],"jetpack_featured_media_url":"https:\/\/i0.wp.com\/historiografija.hr\/wp-content\/uploads\/2018\/05\/razgovori.jpg?fit=820%2C462&ssl=1","jetpack_sharing_enabled":true,"jetpack-related-posts":[{"id":52669,"url":"https:\/\/historiografija.hr\/?p=52669","url_meta":{"origin":9836,"position":0},"title":"Predavanje Igora Dude &#8220;Odmor kao \u017eivotna potreba: o slobodnom vremenu u socijalisti\u010dkoj Jugoslaviji&#8221;","author":"Branimir Jankovi\u0107","date":"27. travnja 2026.","format":false,"excerpt":"U sklopu proljetnog ciklusa programa\u00a0Kriti\u010dka dramaturgija: pauza, u\u00a0subotu, 25. travnja 2026. u 19 sati\u00a0u prostoru Udru\u017eenja hrvatskih arhitekata povjesni\u010dar Igor Duda\u00a0odr\u017eao je predavanje naslovljeno\u00a0Odmor kao \u017eivotna potreba: o slobodnom vremenu u socijalisti\u010dkoj Jugoslaviji. Industrijalizacija i urbanizacija dru\u0161tava u povijesti su zna\u010dile i prelazak s predindustrijskog na industrijsko shva\u0107anje vremena. Ono\u2026","rel":"","context":"U &quot;Novosti&quot;","block_context":{"text":"Novosti","link":"https:\/\/historiografija.hr\/?cat=3"},"img":{"alt_text":"","src":"https:\/\/i0.wp.com\/historiografija.hr\/wp-content\/uploads\/2026\/04\/Duda.png?fit=1200%2C628&ssl=1&resize=350%2C200","width":350,"height":200,"srcset":"https:\/\/i0.wp.com\/historiografija.hr\/wp-content\/uploads\/2026\/04\/Duda.png?fit=1200%2C628&ssl=1&resize=350%2C200 1x, https:\/\/i0.wp.com\/historiografija.hr\/wp-content\/uploads\/2026\/04\/Duda.png?fit=1200%2C628&ssl=1&resize=525%2C300 1.5x, https:\/\/i0.wp.com\/historiografija.hr\/wp-content\/uploads\/2026\/04\/Duda.png?fit=1200%2C628&ssl=1&resize=700%2C400 2x, https:\/\/i0.wp.com\/historiografija.hr\/wp-content\/uploads\/2026\/04\/Duda.png?fit=1200%2C628&ssl=1&resize=1050%2C600 3x"},"classes":[]},{"id":52631,"url":"https:\/\/historiografija.hr\/?p=52631","url_meta":{"origin":9836,"position":1},"title":"Predavanje Ivana Tepe\u0161a: Djelovanje hrvatske politi\u010dke emigracije","author":"Branimir Jankovi\u0107","date":"23. travnja 2026.","format":false,"excerpt":"Odjel za me\u0111unarodnu suradnju i iseljeni\u0161tvo Matice hrvatske Predavanje Ivana Tepe\u0161a: Djelovanje hrvatske politi\u010dke emigracije Utorak, 28. travnja 2026. u 18:00 sati, Dvorana Ljudevita Jonkea (Mala dvorana MH), Strossmayerov trg 4, Zagreb dr. sc. Ivan Tepe\u0161, Institut za istra\u017eivanje migracija Hrvatska politi\u010dka emigracija obilje\u017eila je polustoljetnu hrvatsku povijest u drugoj\u2026","rel":"","context":"U &quot;Novosti&quot;","block_context":{"text":"Novosti","link":"https:\/\/historiografija.hr\/?cat=3"},"img":{"alt_text":"","src":"","width":0,"height":0},"classes":[]},{"id":52654,"url":"https:\/\/historiografija.hr\/?p=52654","url_meta":{"origin":9836,"position":2},"title":"Gostuju\u0107e predavanje &#8211; Danijel D\u017eino \u201eKasnoanti\u010dke i ranosrednjovjekovne gra\u0111evine u Brezi: Spomenici nepotpune biografije\u201c","author":"Branimir Jankovi\u0107","date":"24. travnja 2026.","format":false,"excerpt":"Doktorski studij predmoderne povijesti poziva na predavanje \"Kasnoanti\u010dke i ranosrednjovjekovne gra\u0111evine u Brezi: Spomenici nepotpune biografije\u201d koje \u0107e odr\u017eati profesor Danijel D\u017eino sa Sveu\u010dili\u0161ta Macquarie u Sydneyu u\u00a0utorak 28. travnja 2026. u 17h u Konferencijskoj dvorani Knji\u017enice Filozofskog fakulteta u Zagrebu. Predavanje \u0107e predo\u010diti nova saznanja dobivena kroz arhivsko-dokumentarna istra\u017eivanja\u2026","rel":"","context":"U &quot;Novosti&quot;","block_context":{"text":"Novosti","link":"https:\/\/historiografija.hr\/?cat=3"},"img":{"alt_text":"","src":"https:\/\/i0.wp.com\/historiografija.hr\/wp-content\/uploads\/2026\/04\/Dzino.jpg?fit=980%2C819&ssl=1&resize=350%2C200","width":350,"height":200,"srcset":"https:\/\/i0.wp.com\/historiografija.hr\/wp-content\/uploads\/2026\/04\/Dzino.jpg?fit=980%2C819&ssl=1&resize=350%2C200 1x, https:\/\/i0.wp.com\/historiografija.hr\/wp-content\/uploads\/2026\/04\/Dzino.jpg?fit=980%2C819&ssl=1&resize=525%2C300 1.5x, https:\/\/i0.wp.com\/historiografija.hr\/wp-content\/uploads\/2026\/04\/Dzino.jpg?fit=980%2C819&ssl=1&resize=700%2C400 2x"},"classes":[]},{"id":52496,"url":"https:\/\/historiografija.hr\/?p=52496","url_meta":{"origin":9836,"position":3},"title":"30 godina Podru\u017enice \u2013 Javno predavanje Matea \u010calu\u0161i\u0107a \u201eSlavonski Brod u Domovinskom ratu\u201c","author":"Branimir Jankovi\u0107","date":"17. travnja 2026.","format":false,"excerpt":"U 2026. navr\u0161ava se trideset godina od osnutka Podru\u017enice za povijest Slavonije, Srijema i Baranje Hrvatskoga instituta za povijest. Obilje\u017eavanje ove zna\u010dajne obljetnice zapo\u010dinje ciklusom javnih povijesnih predavanja znanstvenika Instituta. Tre\u0107e po redu je predavanje Matea \u010calu\u0161i\u0107a \u2013 \u201eSLAVONSKI BROD U DOMOVINSKOM RATU\u201c. Predavanje \u0107e se odr\u017eati 21. travnja 2026.\u2026","rel":"","context":"U &quot;Novosti&quot;","block_context":{"text":"Novosti","link":"https:\/\/historiografija.hr\/?cat=3"},"img":{"alt_text":"","src":"https:\/\/i0.wp.com\/historiografija.hr\/wp-content\/uploads\/2026\/04\/Predavanje-Calusic.png?fit=860%2C1200&ssl=1&resize=350%2C200","width":350,"height":200,"srcset":"https:\/\/i0.wp.com\/historiografija.hr\/wp-content\/uploads\/2026\/04\/Predavanje-Calusic.png?fit=860%2C1200&ssl=1&resize=350%2C200 1x, https:\/\/i0.wp.com\/historiografija.hr\/wp-content\/uploads\/2026\/04\/Predavanje-Calusic.png?fit=860%2C1200&ssl=1&resize=525%2C300 1.5x, https:\/\/i0.wp.com\/historiografija.hr\/wp-content\/uploads\/2026\/04\/Predavanje-Calusic.png?fit=860%2C1200&ssl=1&resize=700%2C400 2x"},"classes":[]},{"id":52563,"url":"https:\/\/historiografija.hr\/?p=52563","url_meta":{"origin":9836,"position":4},"title":"Predavanje Nenada Fabijani\u0107a o stadionu Poljud u Splitu","author":"Branimir Jankovi\u0107","date":"21. travnja 2026.","format":false,"excerpt":"Znanstveno vije\u0107e za arhitekturu, urbanizam i ure\u0111enje prostora Hrvatske akademije znanosti i umjetnosti organizira predavanje \u201cPo Poljudu\u201d koje \u0107e u srijedu 22. travnja 2026. s po\u010detkom u 14 sati u Knji\u017enici HAZU, Strossmayerov trg 14 u Zagrebu, odr\u017eati\u00a0prof. emerit. dr. art. Nenad Fabijani\u0107,\u00a0\u010dlan suradnik HAZU. Predavanje \u201ePo Poljudu\u201c (Projekt obnove)\u2026","rel":"","context":"U &quot;Novosti&quot;","block_context":{"text":"Novosti","link":"https:\/\/historiografija.hr\/?cat=3"},"img":{"alt_text":"","src":"https:\/\/i0.wp.com\/historiografija.hr\/wp-content\/uploads\/2026\/04\/Poljud-scaled.jpeg?fit=1200%2C800&ssl=1&resize=350%2C200","width":350,"height":200,"srcset":"https:\/\/i0.wp.com\/historiografija.hr\/wp-content\/uploads\/2026\/04\/Poljud-scaled.jpeg?fit=1200%2C800&ssl=1&resize=350%2C200 1x, https:\/\/i0.wp.com\/historiografija.hr\/wp-content\/uploads\/2026\/04\/Poljud-scaled.jpeg?fit=1200%2C800&ssl=1&resize=525%2C300 1.5x, https:\/\/i0.wp.com\/historiografija.hr\/wp-content\/uploads\/2026\/04\/Poljud-scaled.jpeg?fit=1200%2C800&ssl=1&resize=700%2C400 2x, https:\/\/i0.wp.com\/historiografija.hr\/wp-content\/uploads\/2026\/04\/Poljud-scaled.jpeg?fit=1200%2C800&ssl=1&resize=1050%2C600 3x"},"classes":[]},{"id":52628,"url":"https:\/\/historiografija.hr\/?p=52628","url_meta":{"origin":9836,"position":5},"title":"Predavanje dopisnog \u010dlana HAZU Alaina Finkielkrauta Izrael, Europa, antisemitizam","author":"Branimir Jankovi\u0107","date":"23. travnja 2026.","format":false,"excerpt":"Francuski filozof Alain Finkielkraut, redoviti \u010dlan Francuske akademije i dopisni \u010dlan HAZU, odr\u017eat \u0107e predavanje\u00a0Izrael, Europa, antisemitizam u utorak 28. travnja 2026. u 13 sati u Knji\u017enici HAZU,\u00a0Strossmayerov trg 14 u Zagrebu. Uvodne rije\u010di odr\u017eat \u0107e\u00a0akademkinja \u017deljka \u010corak i\u00a0akademik Dra\u017een Katunari\u0107. Predavanje \u0107e se odr\u017eati na francuskom jeziku uz konsekutivno\u2026","rel":"","context":"U &quot;Novosti&quot;","block_context":{"text":"Novosti","link":"https:\/\/historiografija.hr\/?cat=3"},"img":{"alt_text":"","src":"https:\/\/i0.wp.com\/historiografija.hr\/wp-content\/uploads\/2026\/04\/Alain_Finkielkraut.jpg?fit=350%2C407&ssl=1&resize=350%2C200","width":350,"height":200},"classes":[]}],"_links":{"self":[{"href":"https:\/\/historiografija.hr\/index.php?rest_route=\/wp\/v2\/posts\/9836","targetHints":{"allow":["GET"]}}],"collection":[{"href":"https:\/\/historiografija.hr\/index.php?rest_route=\/wp\/v2\/posts"}],"about":[{"href":"https:\/\/historiografija.hr\/index.php?rest_route=\/wp\/v2\/types\/post"}],"author":[{"embeddable":true,"href":"https:\/\/historiografija.hr\/index.php?rest_route=\/wp\/v2\/users\/2"}],"replies":[{"embeddable":true,"href":"https:\/\/historiografija.hr\/index.php?rest_route=%2Fwp%2Fv2%2Fcomments&post=9836"}],"version-history":[{"count":2,"href":"https:\/\/historiografija.hr\/index.php?rest_route=\/wp\/v2\/posts\/9836\/revisions"}],"predecessor-version":[{"id":9839,"href":"https:\/\/historiografija.hr\/index.php?rest_route=\/wp\/v2\/posts\/9836\/revisions\/9839"}],"wp:featuredmedia":[{"embeddable":true,"href":"https:\/\/historiografija.hr\/index.php?rest_route=\/wp\/v2\/media\/9837"}],"wp:attachment":[{"href":"https:\/\/historiografija.hr\/index.php?rest_route=%2Fwp%2Fv2%2Fmedia&parent=9836"}],"wp:term":[{"taxonomy":"category","embeddable":true,"href":"https:\/\/historiografija.hr\/index.php?rest_route=%2Fwp%2Fv2%2Fcategories&post=9836"},{"taxonomy":"post_tag","embeddable":true,"href":"https:\/\/historiografija.hr\/index.php?rest_route=%2Fwp%2Fv2%2Ftags&post=9836"}],"curies":[{"name":"wp","href":"https:\/\/api.w.org\/{rel}","templated":true}]}}