{"id":9826,"date":"2018-05-16T16:40:39","date_gmt":"2018-05-16T16:40:39","guid":{"rendered":"http:\/\/historiografija.hr\/?p=9826"},"modified":"2018-05-16T16:40:39","modified_gmt":"2018-05-16T16:40:39","slug":"prikazivanje-filma-poezija-i-revolucija-o-studentskim-prosvjedima-1971","status":"publish","type":"post","link":"https:\/\/historiografija.hr\/?p=9826","title":{"rendered":"Prikazivanje filma &#8216;Poezija i revolucija&#8217; o studentskim prosvjedima 1971."},"content":{"rendered":"<p>Film &#8216;Poezija i revolucija&#8217; Branka Ivande prikazuje se u \u010detvrtak, 17. svibnja u 19.30 sati u MM centru (Studentski centar u Zagrebu, Savska cesta 25). Nakon projekcije bit \u0107e razgovor s Brankom Ivandom.<\/p>\n<p>&nbsp;<\/p>\n<p>&#8212;<\/p>\n<p>&nbsp;<\/p>\n<p><strong>Poezija i revolucija<\/strong><\/p>\n<p>&nbsp;<\/p>\n<p>Kratke slike &#8211; Runda kratkog<\/p>\n<p>&nbsp;<\/p>\n<p>Prvih pola stolje\u0107a \u201edivnog maja\u201c Runda kratkog obilje\u017eit \u0107e programom Poezija i revolucija u sklopu kojega \u0107e biti prikazan istoimeni film Branka Ivande uz gostovanje samog autora. U doma\u0107oj povijesti presudne 1971. tada mladi redatelji Zoran Tadi\u0107 i Branko Ivanda snimali su dokumentarni film o revolucionarnim studentskim prosvjedima u Zagrebu, a producent je bio Kruno Heidler i njegov Filmski autorski studio, koji je generirao neke od najzna\u010dajnijih doma\u0107ih filmova s kraja \u0161ezdesetih i po\u010detka sedamdesetih. No, snimljeni materijal u re\u017eiji budu\u0107ih klasika hrvatske kinematografije zavr\u0161io je na policiji te ostao zaboravljen punih trideset godina, sve dok po\u010detkom novoga milenija nije iskopan iz arhiva i pretvoren u film znakovita naziva Poezija i revolucija, a u produkciji agilnoga Factuma. Revolucija zabilje\u017eena ovim filmom zavr\u0161ila je uhi\u0107enjem i zatvaranjem studentskih vo\u0111a te cenzuriranjem i arhiviranjem svih postoje\u0107ih materijala o prosvjedima. No, na\u0161a se pro\u0161lost uvijek i iznova vra\u0107a unato\u010d svim poku\u0161ajima da je se promijeni, zaboravi, izgubi. Tako je i Branko Ivanda kona\u010dno dobio priliku da s dijelom originalnih materijala ispri\u010da pri\u010du o jedinstvenoj pobuni mladih kojoj su on i Tadi\u0107 svjedo\u010dili, a koja je bila jedan od oni trenutaka kada se \u010dini kako povijest o\u0161tro mijenja svoj smjer dolaze\u0107i korak bli\u017ee idealu boljega i druga\u010dijega svijeta. Nakon projekcije, 17. 5. u 19:30 sati u MM centru, filmska kriti\u010darka Vi\u0161nja Vuka\u0161inovi\u0107 s Brankom Ivandom u\u017eivo razgovara o kontekstu nastanka ovoga ostvarenja, ali i o tome mogu li se i kako kona\u010dno susresti poezija, revolucija i film.<\/p>\n<p>&nbsp;<\/p>\n<p>&nbsp;<\/p>\n<p>Branko Ivanda ro\u0111en je u Splitu, gdje zavr\u0161ava Klasi\u010dnu gimnaziju. Apsolvirao je na Filozofskom fakultetu Komparativnu knji\u017eevnost i Filozofiju, a diplomira Filmsku i kazali\u0161nu re\u017eiju na Akademiji dramske umjetnosti Sveu\u010dili\u0161ta u Zagrebu. Preko trideset godina re\u017eira televizijske igrane filmove i drame, glazbene i dokumentarne emisije, poneku kazali\u0161nu predstavu, pi\u0161e scenarije i eseje, a povremeno re\u017eira i reklamne filmove.<\/p>\n<p>&nbsp;<\/p>\n<p>&nbsp;<\/p>\n<p>Re\u017eirao je i \u010detiri dugometra\u017ena igrana filma. Sa svojim televizijskim i kino igranim filmovima sudjelovao je na brojnim stranim i doma\u0107im festivalima, gdje je \u010desto nagra\u0111ivan (Nagrada kritike FIPRESCI na Festivalu u Berlinu, Diploma na Festivalu u Bergamu, vi\u0161ekratno predstavnik HRT-a na PRIX ITALIA, Debitantska nagrada na Festivalu u Puli i nekoliko Zlatnih Arena za svoje filmove, dva puta pobjednik TV Festivala u Portoro\u017eu, Mar del Plata, Goa, itd.).<\/p>\n<p>&nbsp;<\/p>\n<p>&nbsp;<\/p>\n<p>Od 1980. godine predaje filmsku i televizijsku re\u017eiju kao Redoviti profesor na Akademiji dramske umjetnosti. U periodu od 1985. do 1990. godine bio je profesor na University of California Los Angeles.<\/p>\n<p>&nbsp;<\/p>\n<p>&nbsp;<\/p>\n<p>Vi\u0161nja Vuka\u0161inovi\u0107 diplomirala je komparativnu knji\u017eevnost i engleski jezik na Filozofskom fakultetu u Zagrebu. Objavljuje eseje i kritike o knji\u017eevnosti, likovnoj umjetnosti i filmu. Voditeljica je radionice filmske kritike te radionice pisanja za film Kinokluba Zagreb. Dobitnica je diplome Vladimir Vukovi\u0107 za najboljeg mladog filmskog kriti\u010dara 2013. Autorica je filmskog bloga http:\/\/felix-trot.tumblr.com\/. Sudionica Berlinale Talent Campusa 2013. u sklopu programa Talent Press za filmske kriti\u010dare i programa Nisimazine na 70. Mostri. \u010clanica je FIPRESCI-ja i voditeljica radionice filmske kritike na Danima hrvatskog filma i festivalu Vox Feminae. Autorica je edukativnog projekta Prozori koji nizom eseja, intervjua, projekcija i analiza u\u017eivo propituje povijest doma\u0107e dokumentaristike na portalu dokumentarni.net. Dugogodi\u0161nja je suradnica programa Sedmi kontinent za filmsku edukaciju djece i mladih. Dobitnica je nagrade Vladimir Vukovi\u0107 za najboljeg filmskog kriti\u010dara 2016.<\/p>\n<p>&nbsp;<\/p>\n<p>Izvor: <a href=\"http:\/\/mmcentar.sczg.hr\/index.php\/2018\/04\/25\/poezija-i-revolucija\/\">http:\/\/mmcentar.sczg.hr\/index.php\/2018\/04\/25\/poezija-i-revolucija\/<\/a><\/p>\n<p>&nbsp;<\/p>\n<p>&nbsp;<\/p>\n","protected":false},"excerpt":{"rendered":"","protected":false},"author":2,"featured_media":9827,"comment_status":"open","ping_status":"open","sticky":false,"template":"","format":"standard","meta":{"_acf_changed":false,"jetpack_post_was_ever_published":false,"_jetpack_newsletter_access":"","_jetpack_dont_email_post_to_subs":false,"_jetpack_newsletter_tier_id":0,"_jetpack_memberships_contains_paywalled_content":false,"_jetpack_memberships_contains_paid_content":false,"footnotes":"","jetpack_publicize_message":"","jetpack_publicize_feature_enabled":true,"jetpack_social_post_already_shared":true,"jetpack_social_options":{"image_generator_settings":{"template":"highway","default_image_id":0,"font":"","enabled":false},"version":2}},"categories":[13,3],"tags":[],"class_list":["post-9826","post","type-post","status-publish","format-standard","has-post-thumbnail","hentry","category-filmovi-i-serije","category-novosti"],"acf":{"facebook_opis":""},"jetpack_publicize_connections":[],"jetpack_featured_media_url":"https:\/\/i0.wp.com\/historiografija.hr\/wp-content\/uploads\/2018\/05\/poezija_i_revolucija.jpg?fit=691%2C503&ssl=1","jetpack_sharing_enabled":true,"jetpack-related-posts":[{"id":52520,"url":"https:\/\/historiografija.hr\/?p=52520","url_meta":{"origin":9826,"position":0},"title":"Predstavljanje knjige &#8220;Socialist Economics in Yugoslavia: A Critical History&#8221; u Zagrebu","author":"Branimir Jankovi\u0107","date":"17. travnja 2026.","format":false,"excerpt":"Pozivamo vas na predstavljanje knjige \"Socialist Economics in Yugoslavia: A Critical History\", autora Mislava \u00a0\u017ditka i Marka Grde\u0161i\u0107a (Routledge, 2026). Na predstavljanju \u0107e govoriti Branko Milanovi\u0107 (CUNY), Milica Uvali\u0107 (EUI), Zdravko Petak (FPZG) te autori.\u00a0 Predstavljanje \u0107e se odr\u017eati u srijedu 22. travnja u 16:00 sati na Fakultetu politi\u010dkih znanosti\u2026","rel":"","context":"U &quot;Novosti&quot;","block_context":{"text":"Novosti","link":"https:\/\/historiografija.hr\/?cat=3"},"img":{"alt_text":"","src":"https:\/\/i0.wp.com\/historiografija.hr\/wp-content\/uploads\/2026\/04\/Poziv-na-predstavljanje.png?fit=800%2C652&ssl=1&resize=350%2C200","width":350,"height":200,"srcset":"https:\/\/i0.wp.com\/historiografija.hr\/wp-content\/uploads\/2026\/04\/Poziv-na-predstavljanje.png?fit=800%2C652&ssl=1&resize=350%2C200 1x, https:\/\/i0.wp.com\/historiografija.hr\/wp-content\/uploads\/2026\/04\/Poziv-na-predstavljanje.png?fit=800%2C652&ssl=1&resize=525%2C300 1.5x, https:\/\/i0.wp.com\/historiografija.hr\/wp-content\/uploads\/2026\/04\/Poziv-na-predstavljanje.png?fit=800%2C652&ssl=1&resize=700%2C400 2x"},"classes":[]},{"id":52439,"url":"https:\/\/historiografija.hr\/?p=52439","url_meta":{"origin":9826,"position":1},"title":"Tribina &#8220;Ahmi\u0107i 33 godine kasnije: Ne u na\u0161e ime&#8221;","author":"Branimir Jankovi\u0107","date":"16. travnja 2026.","format":false,"excerpt":"U \u010detvrtak, 16. travnja 2026. u 17 sati u Knji\u017enici i \u010ditaonici Bogdana Ogrizovi\u0107a u Zagrebu odr\u017eat \u0107e se tribina pod nazivom Ahmi\u0107i 33 godine kasnije: Ne u na\u0161e ime. Na tribini \u0107e govoriti Ivica \u0110iki\u0107, novinar, Mubera Masli\u0107 \u2013 \u017ddralovi\u0107, aktivistikinja, prevoditeljica za arapski, Domagoj Fuk, student politologije, \u010dlan\u2026","rel":"","context":"U &quot;Novosti&quot;","block_context":{"text":"Novosti","link":"https:\/\/historiografija.hr\/?cat=3"},"img":{"alt_text":"","src":"https:\/\/i0.wp.com\/historiografija.hr\/wp-content\/uploads\/2026\/04\/Zagreb_2026.jpeg?fit=1200%2C900&ssl=1&resize=350%2C200","width":350,"height":200,"srcset":"https:\/\/i0.wp.com\/historiografija.hr\/wp-content\/uploads\/2026\/04\/Zagreb_2026.jpeg?fit=1200%2C900&ssl=1&resize=350%2C200 1x, https:\/\/i0.wp.com\/historiografija.hr\/wp-content\/uploads\/2026\/04\/Zagreb_2026.jpeg?fit=1200%2C900&ssl=1&resize=525%2C300 1.5x, https:\/\/i0.wp.com\/historiografija.hr\/wp-content\/uploads\/2026\/04\/Zagreb_2026.jpeg?fit=1200%2C900&ssl=1&resize=700%2C400 2x, https:\/\/i0.wp.com\/historiografija.hr\/wp-content\/uploads\/2026\/04\/Zagreb_2026.jpeg?fit=1200%2C900&ssl=1&resize=1050%2C600 3x"},"classes":[]},{"id":52704,"url":"https:\/\/historiografija.hr\/?p=52704","url_meta":{"origin":9826,"position":2},"title":"Predstavljanje knjige &#8220;Vladimir Vasiljevi\u0107: Moji do\u017eivljaji. Dnevni\u010dki zapisi iz Prvoga svjetskog rata i poratnoga vremena&#8221;","author":"Filip \u0160imunjak","date":"29. travnja 2026.","format":false,"excerpt":"Doga\u0111anja ovogodi\u0161njega Festivala povijesti Kliofest zapo\u010dinjemo ve\u0107 i prije samoga slu\u017ebenog otvaranja, predstavljanjem knjige \u201eMoji do\u017eivljaji. Dnevni\u010dki zapisi iz Prvoga svjetskog rata i poratnoga vremena\u201d Vladimira Vasiljevi\u0107a, koju su priredili Karlo Rukavina i Damir Agi\u010di\u0107. Pozivamo Vas na predstavljanje koje \u0107e se odr\u017eati u ponedjeljak 4. svibnja, s po\u010detkom u\u2026","rel":"","context":"U &quot;Knjige&quot;","block_context":{"text":"Knjige","link":"https:\/\/historiografija.hr\/?cat=8"},"img":{"alt_text":"","src":"https:\/\/i0.wp.com\/historiografija.hr\/wp-content\/uploads\/2026\/04\/Naslovna-V.-Vasiljevic.webp?fit=1200%2C600&ssl=1&resize=350%2C200","width":350,"height":200,"srcset":"https:\/\/i0.wp.com\/historiografija.hr\/wp-content\/uploads\/2026\/04\/Naslovna-V.-Vasiljevic.webp?fit=1200%2C600&ssl=1&resize=350%2C200 1x, https:\/\/i0.wp.com\/historiografija.hr\/wp-content\/uploads\/2026\/04\/Naslovna-V.-Vasiljevic.webp?fit=1200%2C600&ssl=1&resize=525%2C300 1.5x, https:\/\/i0.wp.com\/historiografija.hr\/wp-content\/uploads\/2026\/04\/Naslovna-V.-Vasiljevic.webp?fit=1200%2C600&ssl=1&resize=700%2C400 2x, https:\/\/i0.wp.com\/historiografija.hr\/wp-content\/uploads\/2026\/04\/Naslovna-V.-Vasiljevic.webp?fit=1200%2C600&ssl=1&resize=1050%2C600 3x"},"classes":[]},{"id":52563,"url":"https:\/\/historiografija.hr\/?p=52563","url_meta":{"origin":9826,"position":3},"title":"Predavanje Nenada Fabijani\u0107a o stadionu Poljud u Splitu","author":"Branimir Jankovi\u0107","date":"21. travnja 2026.","format":false,"excerpt":"Znanstveno vije\u0107e za arhitekturu, urbanizam i ure\u0111enje prostora Hrvatske akademije znanosti i umjetnosti organizira predavanje \u201cPo Poljudu\u201d koje \u0107e u srijedu 22. travnja 2026. s po\u010detkom u 14 sati u Knji\u017enici HAZU, Strossmayerov trg 14 u Zagrebu, odr\u017eati\u00a0prof. emerit. dr. art. Nenad Fabijani\u0107,\u00a0\u010dlan suradnik HAZU. Predavanje \u201ePo Poljudu\u201c (Projekt obnove)\u2026","rel":"","context":"U &quot;Novosti&quot;","block_context":{"text":"Novosti","link":"https:\/\/historiografija.hr\/?cat=3"},"img":{"alt_text":"","src":"https:\/\/i0.wp.com\/historiografija.hr\/wp-content\/uploads\/2026\/04\/Poljud-scaled.jpeg?fit=1200%2C800&ssl=1&resize=350%2C200","width":350,"height":200,"srcset":"https:\/\/i0.wp.com\/historiografija.hr\/wp-content\/uploads\/2026\/04\/Poljud-scaled.jpeg?fit=1200%2C800&ssl=1&resize=350%2C200 1x, https:\/\/i0.wp.com\/historiografija.hr\/wp-content\/uploads\/2026\/04\/Poljud-scaled.jpeg?fit=1200%2C800&ssl=1&resize=525%2C300 1.5x, https:\/\/i0.wp.com\/historiografija.hr\/wp-content\/uploads\/2026\/04\/Poljud-scaled.jpeg?fit=1200%2C800&ssl=1&resize=700%2C400 2x, https:\/\/i0.wp.com\/historiografija.hr\/wp-content\/uploads\/2026\/04\/Poljud-scaled.jpeg?fit=1200%2C800&ssl=1&resize=1050%2C600 3x"},"classes":[]},{"id":52547,"url":"https:\/\/historiografija.hr\/?p=52547","url_meta":{"origin":9826,"position":4},"title":"ISHA Zagreb \u2013 Filmska ve\u010der: Povratak Martina Guerrea","author":"Branimir Jankovi\u0107","date":"20. travnja 2026.","format":false,"excerpt":"Klub studenata povijesti \u2013 ISHA Zagreb poziva Vas na filmsku ve\u010der na kojoj \u0107e se prikazivati \u201ePovratak Martina Guerrea\u201c, povijesna drama iz 1982. godine s radnjom smje\u0161tenom u 16. stolje\u0107u. Radnja je utemeljena na stvarnoj povijesnoj li\u010dnosti Martina Guerrea koji se nakon mnogo godina izbivanja vra\u0107a u svoje rodno mjesto\u2026","rel":"","context":"U &quot;Filmovi i serije&quot;","block_context":{"text":"Filmovi i serije","link":"https:\/\/historiografija.hr\/?cat=13"},"img":{"alt_text":"","src":"https:\/\/i0.wp.com\/historiografija.hr\/wp-content\/uploads\/2026\/04\/M-Guerre.png?fit=702%2C1006&ssl=1&resize=350%2C200","width":350,"height":200,"srcset":"https:\/\/i0.wp.com\/historiografija.hr\/wp-content\/uploads\/2026\/04\/M-Guerre.png?fit=702%2C1006&ssl=1&resize=350%2C200 1x, https:\/\/i0.wp.com\/historiografija.hr\/wp-content\/uploads\/2026\/04\/M-Guerre.png?fit=702%2C1006&ssl=1&resize=525%2C300 1.5x, https:\/\/i0.wp.com\/historiografija.hr\/wp-content\/uploads\/2026\/04\/M-Guerre.png?fit=702%2C1006&ssl=1&resize=700%2C400 2x"},"classes":[]},{"id":52552,"url":"https:\/\/historiografija.hr\/?p=52552","url_meta":{"origin":9826,"position":5},"title":"Besplatni glazbeni antikvarijat","author":"Branimir Jankovi\u0107","date":"20. travnja 2026.","format":false,"excerpt":"Muzi\u010dka akademija Sveu\u010dili\u0161ta u Zagrebu 23. travnja 2026. od 10 do 17 sati Pozivamo Vas na Besplatni glazbeni antikvarijat, koji u sklopu manifestacije No\u0107 knjige 2026. organizira Hrvatska udruga muzi\u010dkih knji\u017enica, arhiva i dokumentacijskih centara (HUMKAD). Antikvarijat \u0107e se odr\u017eati na Svjetski dan knjige \u2013 u \u010detvrtak 23. travnja 2026.\u2026","rel":"","context":"U &quot;Novosti&quot;","block_context":{"text":"Novosti","link":"https:\/\/historiografija.hr\/?cat=3"},"img":{"alt_text":"","src":"https:\/\/i0.wp.com\/historiografija.hr\/wp-content\/uploads\/2026\/04\/Besplatni-glazbeni-antikvarijat-23.-4.-2026.jpg?fit=1200%2C848&ssl=1&resize=350%2C200","width":350,"height":200,"srcset":"https:\/\/i0.wp.com\/historiografija.hr\/wp-content\/uploads\/2026\/04\/Besplatni-glazbeni-antikvarijat-23.-4.-2026.jpg?fit=1200%2C848&ssl=1&resize=350%2C200 1x, https:\/\/i0.wp.com\/historiografija.hr\/wp-content\/uploads\/2026\/04\/Besplatni-glazbeni-antikvarijat-23.-4.-2026.jpg?fit=1200%2C848&ssl=1&resize=525%2C300 1.5x, https:\/\/i0.wp.com\/historiografija.hr\/wp-content\/uploads\/2026\/04\/Besplatni-glazbeni-antikvarijat-23.-4.-2026.jpg?fit=1200%2C848&ssl=1&resize=700%2C400 2x, https:\/\/i0.wp.com\/historiografija.hr\/wp-content\/uploads\/2026\/04\/Besplatni-glazbeni-antikvarijat-23.-4.-2026.jpg?fit=1200%2C848&ssl=1&resize=1050%2C600 3x"},"classes":[]}],"_links":{"self":[{"href":"https:\/\/historiografija.hr\/index.php?rest_route=\/wp\/v2\/posts\/9826","targetHints":{"allow":["GET"]}}],"collection":[{"href":"https:\/\/historiografija.hr\/index.php?rest_route=\/wp\/v2\/posts"}],"about":[{"href":"https:\/\/historiografija.hr\/index.php?rest_route=\/wp\/v2\/types\/post"}],"author":[{"embeddable":true,"href":"https:\/\/historiografija.hr\/index.php?rest_route=\/wp\/v2\/users\/2"}],"replies":[{"embeddable":true,"href":"https:\/\/historiografija.hr\/index.php?rest_route=%2Fwp%2Fv2%2Fcomments&post=9826"}],"version-history":[{"count":1,"href":"https:\/\/historiografija.hr\/index.php?rest_route=\/wp\/v2\/posts\/9826\/revisions"}],"predecessor-version":[{"id":9828,"href":"https:\/\/historiografija.hr\/index.php?rest_route=\/wp\/v2\/posts\/9826\/revisions\/9828"}],"wp:featuredmedia":[{"embeddable":true,"href":"https:\/\/historiografija.hr\/index.php?rest_route=\/wp\/v2\/media\/9827"}],"wp:attachment":[{"href":"https:\/\/historiografija.hr\/index.php?rest_route=%2Fwp%2Fv2%2Fmedia&parent=9826"}],"wp:term":[{"taxonomy":"category","embeddable":true,"href":"https:\/\/historiografija.hr\/index.php?rest_route=%2Fwp%2Fv2%2Fcategories&post=9826"},{"taxonomy":"post_tag","embeddable":true,"href":"https:\/\/historiografija.hr\/index.php?rest_route=%2Fwp%2Fv2%2Ftags&post=9826"}],"curies":[{"name":"wp","href":"https:\/\/api.w.org\/{rel}","templated":true}]}}