{"id":9818,"date":"2018-05-16T16:10:42","date_gmt":"2018-05-16T16:10:42","guid":{"rendered":"http:\/\/historiografija.hr\/?p=9818"},"modified":"2018-05-16T16:10:42","modified_gmt":"2018-05-16T16:10:42","slug":"izabrani-novi-clanovi-hrvatske-akademije-znanosti-i-umjetnosti","status":"publish","type":"post","link":"https:\/\/historiografija.hr\/?p=9818","title":{"rendered":"Izabrani novi \u010dlanovi Hrvatske akademije znanosti i umjetnosti"},"content":{"rendered":"<p>Za \u010dlanove suradnike Hrvatske akademije znanosti i umjetnosti u Razredu za dru\u0161tvene znanosti izabrani su An\u0111elko Akrap, Vladimir Strugar i na\u0161 kolega povjesni\u010dar Stjepan \u0106osi\u0107.<\/p>\n<p>&nbsp;<\/p>\n<hr \/>\n<p>&nbsp;<\/p>\n<p>&nbsp;<\/p>\n<p>Zagreb, 10. svibnja 2018. \u2013 Hrvatska akademija znanosti i umjetnosti u \u010detvrtak 10. svibnja odr\u017eala je izbornu skup\u0161tinu na kojoj je izabrano 10 novih redovitih \u010dlanova, 8 dopisnih \u010dlanova i 11 \u010dlanova suradnika, a ponovno je izabrano 6 dosada\u0161njih \u010dlanova suradnika.<\/p>\n<p>&nbsp;<\/p>\n<p>Natpolovi\u010dnom ve\u0107inom glasova ukupnog broja redovitih \u010dlanova Hrvatske akademije za akademike su izabrani: u Razredu za dru\u0161tvene znanosti Arsen Ba\u010di\u0107 i \u017deljko Tomi\u010di\u0107, u Razredu za matemati\u010dke, fizi\u010dke i kemijske znanosti Goran Mui\u0107 i Tomislav Cvita\u0161, u Razredu za medicinske znanosti Dra\u017een Mati\u010di\u0107 i Mirna \u0160itum, u Razredu za filolo\u0161ke znanosti Marko Samard\u017eija, u Razredu za knji\u017eevnost \u017deljka \u010corak, u Razredu za likovne umjetnosti Igor Ron\u010devi\u0107 te u Razredu za glazbenu umjetnost i muzikologiju Davorin Kempf.<\/p>\n<p>&nbsp;<\/p>\n<p>Za dopisne \u010dlanove Hrvatske akademije znanosti i umjetnosti izabrani su: Davor Rodin u Razredu za dru\u0161tvene znanosti, Silvio Ferrari iz Italije u Razredu za knji\u017eevnost, Vanda Grubi\u0161i\u0107 iz SAD-a u Razredu za prirodne znanosti, Jadranka Gvozdanovi\u0107 iz Njema\u010dke u Razredu za filolo\u0161ke znanosti, Ivan Mirkovi\u0107 iz SAD-a u Razredu za matemati\u010dke, fizi\u010dke i kemijske znanosti, \u017divko Pavleti\u0107 iz SAD-a u Razredu za medicinske znanosti, Harry White iz Irske u Razredu za glazbenu umjetnost i muzikologiju te Peter Wriggers iz Njema\u010dke u Razredu za tehni\u010dke znanosti.<\/p>\n<p>&nbsp;<\/p>\n<p>Za \u010dlanove suradnike Hrvatske akademije znanosti i umjetnosti izabrani su: u Razredu za dru\u0161tvene znanosti An\u0111elko Akrap, Vladimir Strugar i Stjepan \u0106osi\u0107, u Razredu za prirodne znanosti Vlasta \u0106osovi\u0107 i Tvrtko Korbar, u Razredu za medicinske znanosti Lovorka Grgurevi\u0107 i Davor \u0160timac, u Razredu za likovne umjetnosti Kre\u0161imir Rogina i Vinko Penezi\u0107, u Razredu za glazbenu umjetnost i muzikologiju Hana Breko Kustura i u Razredu za tehni\u010dke znanosti Sanja Steiner.<\/p>\n<p>&nbsp;<\/p>\n<p>Za \u010dlanove suradnike Hrvatske akademije ponovno su izabrani Silvia Tomi\u0107 u Razredu za matemati\u010dke, fizi\u010dke i kemijske znanosti, Milo\u0161 Juda\u0161 u Razredu za medicinske znanosti, Mira Menac-Mihali\u0107 i Marko Tadi\u0107 u Razredu za filolo\u0161ke znanosti, Nenad Fabijani\u0107 u Razredu za likovne umjetnosti i Jurica Sori\u0107 u Razredu za tehni\u010dke znanosti.<br \/>\nNakon ovogodi\u0161njih izbora Hrvatska akademija znanosti i umjetnosti ima ukupno 147 redovitih \u010dlanova, 130 dopisnih \u010dlanova i 87 \u010dlanova suradnika.<\/p>\n<p>&nbsp;<\/p>\n<p>\u201eIzbor novih \u010dlanova Akademije posebna je sve\u010danost jer \u010dlanovi Akademije su Akademija sama. Izbor novih \u010dlanova na\u0161a je poruka dru\u0161tvu, dokaz na koji na\u010din Akademija mo\u017ee sudjelovati u procesima u dru\u0161tvu temelje\u0107i se na priznatom stvarala\u010dkom i moralnom autoritetu svojih \u010dlanova. \u010clanovi Akademije legitimiraju se svojim radom, a Akademija nije samo skup struka, nego i skup li\u010dnosti u kojoj do izra\u017eaja dolaze multikompetentnost i sinergijske sposobnosti\u201c, kazao je u svom govoru uo\u010di izbora predsjednik HAZU akademik Zvonko Kusi\u0107. Istaknuo je da je Hrvatska akademija kao jedna od temeljnih hrvatskih institucija danas otvorena i okrenuta budu\u0107nosti, zbog \u010dega se promijenila njena percepcija u dru\u0161tvu. \u201eTo je veliko priznanje koje smo dobili od dru\u0161tva i to povjerenje moramo odr\u017eati i ponoviti. Vjerujem da \u0107emo danas svojim glasanjem potvrditi takav kurs i odlu\u010dnost Akademije i da \u0107emo osigurati ono \u0161to su prije vi\u0161e od 150 godina postavili na\u0161i utemeljitelji. Hrvatska akademija mora biti ne samo autoritet u znanosti i umjetnosti, nego i va\u017ean moralni autoritet u dru\u0161tvenim zbivanjima. Ona mora naciji osigurati odgovore na sve dru\u0161tvene izazove i utjecati na konstituiranje dru\u0161tvene svijesti. Danas kad imamo uru\u0161avanje sustava vrijednosti uloga Akademije je mo\u017eda va\u017enija nego ikad\u201c, poru\u010dio je akademik Kusi\u0107.<\/p>\n<p>&nbsp;<\/p>\n<p>Sve\u010dano progla\u0161enje novih \u010dlanova Hrvatske akademije odr\u017eat \u0107e se u \u010detvrtak 14. lipnja u pala\u010di HAZU.<\/p>\n<p>&nbsp;<\/p>\n<p>&nbsp;<\/p>\n<p>Marijan Lipovac<br \/>\nUred za odnose s javno\u0161\u0107u i medije HAZU<\/p>\n<p>&nbsp;<\/p>\n<p>&nbsp;<\/p>\n<p>Izvor: <a href=\"http:\/\/info.hazu.hr\/\">http:\/\/info.hazu.hr\/<\/a><\/p>\n<p>&nbsp;<\/p>\n<p>&nbsp;<\/p>\n","protected":false},"excerpt":{"rendered":"","protected":false},"author":2,"featured_media":743,"comment_status":"open","ping_status":"open","sticky":false,"template":"","format":"standard","meta":{"_acf_changed":false,"jetpack_post_was_ever_published":false,"_jetpack_newsletter_access":"","_jetpack_dont_email_post_to_subs":false,"_jetpack_newsletter_tier_id":0,"_jetpack_memberships_contains_paywalled_content":false,"_jetpack_memberships_contains_paid_content":false,"footnotes":"","jetpack_publicize_message":"","jetpack_publicize_feature_enabled":true,"jetpack_social_post_already_shared":true,"jetpack_social_options":{"image_generator_settings":{"template":"highway","default_image_id":0,"font":"","enabled":false},"version":2}},"categories":[3],"tags":[],"class_list":["post-9818","post","type-post","status-publish","format-standard","has-post-thumbnail","hentry","category-novosti"],"acf":{"facebook_opis":""},"jetpack_publicize_connections":[],"jetpack_featured_media_url":"https:\/\/i0.wp.com\/historiografija.hr\/wp-content\/uploads\/2012\/05\/logo_HAZU.gif?fit=264%2C267&ssl=1","jetpack_sharing_enabled":true,"jetpack-related-posts":[{"id":52578,"url":"https:\/\/historiografija.hr\/?p=52578","url_meta":{"origin":9818,"position":0},"title":"Poziv za sudjelovanje: XXII. Dani Julija Bene\u0161i\u0107a u Iloku","author":"Branimir Jankovi\u0107","date":"21. travnja 2026.","format":false,"excerpt":"Zavod za lingvisti\u010dka istra\u017eivanja Hrvatske akademije znanosti i umjetnosti, zajedno s Muzejom grada Iloka, organizira XXII. Dane Julija Bene\u0161i\u0107a, koji \u0107e se odr\u017eati od 28. do 30. listopada 2026. u Iloku.\u00a0Teme ovogodi\u0161njih Dana podijeljene su u dvije cjeline: Knji\u017eevno-jezikoslovni d\u00ecv\u0101n s Bene\u0161i\u0107em te Ilok i Srijem u povijesnim stalnicama i\u2026","rel":"","context":"U &quot;Novosti&quot;","block_context":{"text":"Novosti","link":"https:\/\/historiografija.hr\/?cat=3"},"img":{"alt_text":"","src":"https:\/\/i0.wp.com\/historiografija.hr\/wp-content\/uploads\/2019\/10\/HE2_Benesic.jpg?fit=413%2C591&ssl=1&resize=350%2C200","width":350,"height":200},"classes":[]},{"id":52563,"url":"https:\/\/historiografija.hr\/?p=52563","url_meta":{"origin":9818,"position":1},"title":"Predavanje Nenada Fabijani\u0107a o stadionu Poljud u Splitu","author":"Branimir Jankovi\u0107","date":"21. travnja 2026.","format":false,"excerpt":"Znanstveno vije\u0107e za arhitekturu, urbanizam i ure\u0111enje prostora Hrvatske akademije znanosti i umjetnosti organizira predavanje \u201cPo Poljudu\u201d koje \u0107e u srijedu 22. travnja 2026. s po\u010detkom u 14 sati u Knji\u017enici HAZU, Strossmayerov trg 14 u Zagrebu, odr\u017eati\u00a0prof. emerit. dr. art. Nenad Fabijani\u0107,\u00a0\u010dlan suradnik HAZU. Predavanje \u201ePo Poljudu\u201c (Projekt obnove)\u2026","rel":"","context":"U &quot;Novosti&quot;","block_context":{"text":"Novosti","link":"https:\/\/historiografija.hr\/?cat=3"},"img":{"alt_text":"","src":"https:\/\/i0.wp.com\/historiografija.hr\/wp-content\/uploads\/2026\/04\/Poljud-scaled.jpeg?fit=1200%2C800&ssl=1&resize=350%2C200","width":350,"height":200,"srcset":"https:\/\/i0.wp.com\/historiografija.hr\/wp-content\/uploads\/2026\/04\/Poljud-scaled.jpeg?fit=1200%2C800&ssl=1&resize=350%2C200 1x, https:\/\/i0.wp.com\/historiografija.hr\/wp-content\/uploads\/2026\/04\/Poljud-scaled.jpeg?fit=1200%2C800&ssl=1&resize=525%2C300 1.5x, https:\/\/i0.wp.com\/historiografija.hr\/wp-content\/uploads\/2026\/04\/Poljud-scaled.jpeg?fit=1200%2C800&ssl=1&resize=700%2C400 2x, https:\/\/i0.wp.com\/historiografija.hr\/wp-content\/uploads\/2026\/04\/Poljud-scaled.jpeg?fit=1200%2C800&ssl=1&resize=1050%2C600 3x"},"classes":[]},{"id":52559,"url":"https:\/\/historiografija.hr\/?p=52559","url_meta":{"origin":9818,"position":2},"title":"Dobitnici dr\u017eavne nagrade za znanost za 2024. godinu","author":"Branimir Jankovi\u0107","date":"20. travnja 2026.","format":false,"excerpt":"Na sjednici Odbora za podjelu dr\u017eavnih nagrada za znanost odr\u017eanoj 16. travnja 2026. godine donesena je Odluka o dodjeli dr\u017eavnih nagrada za znanost za 2024. godinu. Godi\u0161njom nagradom za popularizaciju i promid\u017ebu znanosti nagra\u0111eni su u podru\u010dju humanisti\u010dkih znanosti znanstveni suradnici dr. sc. Josip Mihaljevi\u0107 i dr. sc. Gordan Ravan\u010di\u0107,\u2026","rel":"","context":"U &quot;Novosti&quot;","block_context":{"text":"Novosti","link":"https:\/\/historiografija.hr\/?cat=3"},"img":{"alt_text":"","src":"https:\/\/i0.wp.com\/historiografija.hr\/wp-content\/uploads\/2021\/12\/povijesne-kontroverze.jpg?fit=1200%2C675&ssl=1&resize=350%2C200","width":350,"height":200,"srcset":"https:\/\/i0.wp.com\/historiografija.hr\/wp-content\/uploads\/2021\/12\/povijesne-kontroverze.jpg?fit=1200%2C675&ssl=1&resize=350%2C200 1x, https:\/\/i0.wp.com\/historiografija.hr\/wp-content\/uploads\/2021\/12\/povijesne-kontroverze.jpg?fit=1200%2C675&ssl=1&resize=525%2C300 1.5x, https:\/\/i0.wp.com\/historiografija.hr\/wp-content\/uploads\/2021\/12\/povijesne-kontroverze.jpg?fit=1200%2C675&ssl=1&resize=700%2C400 2x, https:\/\/i0.wp.com\/historiografija.hr\/wp-content\/uploads\/2021\/12\/povijesne-kontroverze.jpg?fit=1200%2C675&ssl=1&resize=1050%2C600 3x"},"classes":[]},{"id":52499,"url":"https:\/\/historiografija.hr\/?p=52499","url_meta":{"origin":9818,"position":3},"title":"POTPISAN UGOVOR O ZNANSTVENO-ISTRA\u017dIVA\u010cKOJ SURADNJI: PROJEKT \u201eTEMELJI HRVATSKE SAMOSTALNOSTI\u201d","author":"Branimir Jankovi\u0107","date":"17. travnja 2026.","format":false,"excerpt":"Hrvatski institut za povijest, Sveu\u010dili\u0161te obrane i sigurnosti \u201eDr. Franjo Tu\u0111man\u201d, Institut dru\u0161tvenih znanosti Ivo Pilar i Hrvatski dr\u017eavni arhiv\u00a0potpisali su 23. o\u017eujka 2026.\u00a0Ugovor o znanstveno-istra\u017eiva\u010dkoj suradnji s ciljem provedbe projekta \u201eTemelji hrvatske samostalnosti\u201d. Tim projektom obuhva\u0107a se istra\u017eivanje arhivskoga gradiva, priprema znanstvenih publikacija, digitalizacija i javna prezentacija rezultata istra\u017eivanja\u2026","rel":"","context":"U &quot;Novosti&quot;","block_context":{"text":"Novosti","link":"https:\/\/historiografija.hr\/?cat=3"},"img":{"alt_text":"","src":"https:\/\/i0.wp.com\/historiografija.hr\/wp-content\/uploads\/2026\/04\/THS_sporazum.jpg?fit=1200%2C583&ssl=1&resize=350%2C200","width":350,"height":200,"srcset":"https:\/\/i0.wp.com\/historiografija.hr\/wp-content\/uploads\/2026\/04\/THS_sporazum.jpg?fit=1200%2C583&ssl=1&resize=350%2C200 1x, https:\/\/i0.wp.com\/historiografija.hr\/wp-content\/uploads\/2026\/04\/THS_sporazum.jpg?fit=1200%2C583&ssl=1&resize=525%2C300 1.5x, https:\/\/i0.wp.com\/historiografija.hr\/wp-content\/uploads\/2026\/04\/THS_sporazum.jpg?fit=1200%2C583&ssl=1&resize=700%2C400 2x, https:\/\/i0.wp.com\/historiografija.hr\/wp-content\/uploads\/2026\/04\/THS_sporazum.jpg?fit=1200%2C583&ssl=1&resize=1050%2C600 3x"},"classes":[]},{"id":52660,"url":"https:\/\/historiografija.hr\/?p=52660","url_meta":{"origin":9818,"position":4},"title":"Medijski odjeci \u010dlanka Steve \u0110ura\u0161kovi\u0107a \u201e\u017dupanovljeva ne\u017eeljena djeca: ideolo\u0161ko pribli\u017eavanje neoliberala i kr\u0161\u0107anske radikalne desnice u Hrvatskoj\u201c","author":"Branimir Jankovi\u0107","date":"24. travnja 2026.","format":false,"excerpt":"U sklopu projekta \u201eIzazovi intelektualne povijesti: recepcije, preobrazbe i upotrebe politi\u010dkih ideja\u201c objavljen je polemi\u010dki \u010dlanak Steve \u0110ura\u0161kovi\u0107a \u201e\u017dupanovljeva ne\u017eeljena djeca: ideolo\u0161ko pribli\u017eavanje neoliberala i kr\u0161\u0107anske radikalne desnice u Hrvatskoj\u201c, koji je izazvao odre\u0111ene medijske reakcije. Stevo \u0110ura\u0161kovi\u0107 \u017dupanovljeva ne\u017eeljena djeca: ideolo\u0161ko pribli\u017eavanje neoliberala i kr\u0161\u0107anske radikalne desnice u Hrvatskoj\u2026","rel":"","context":"U &quot;Novosti&quot;","block_context":{"text":"Novosti","link":"https:\/\/historiografija.hr\/?cat=3"},"img":{"alt_text":"","src":"https:\/\/i0.wp.com\/historiografija.hr\/wp-content\/uploads\/2026\/04\/SD.png?fit=809%2C821&ssl=1&resize=350%2C200","width":350,"height":200,"srcset":"https:\/\/i0.wp.com\/historiografija.hr\/wp-content\/uploads\/2026\/04\/SD.png?fit=809%2C821&ssl=1&resize=350%2C200 1x, https:\/\/i0.wp.com\/historiografija.hr\/wp-content\/uploads\/2026\/04\/SD.png?fit=809%2C821&ssl=1&resize=525%2C300 1.5x, https:\/\/i0.wp.com\/historiografija.hr\/wp-content\/uploads\/2026\/04\/SD.png?fit=809%2C821&ssl=1&resize=700%2C400 2x"},"classes":[]},{"id":52666,"url":"https:\/\/historiografija.hr\/?p=52666","url_meta":{"origin":9818,"position":5},"title":"Najava programa Festivala povijesti Kliofest (5-8. V. 2026)","author":"Branimir Jankovi\u0107","date":"24. travnja 2026.","format":false,"excerpt":"Po trinaesti put odr\u017eava se Festival povijesti Kliofest! Do petka \u0107emo odr\u017eati osam okruglih stolova i dva kolokvija te niz predstavljanja knjiga i projekata razli\u010dite tematike, od antike do suvremenosti. Bit \u0107e predstavljeno i nekoliko izlo\u017ebi te odr\u017ean jedan povijesni kviz. Prikazat \u0107emo i jedan film \u2013 o generalu Boroevi\u0107u.\u2026","rel":"","context":"U &quot;Novosti&quot;","block_context":{"text":"Novosti","link":"https:\/\/historiografija.hr\/?cat=3"},"img":{"alt_text":"","src":"https:\/\/i0.wp.com\/historiografija.hr\/wp-content\/uploads\/2026\/04\/Kliofest-2026.jpg?fit=526%2C526&ssl=1&resize=350%2C200","width":350,"height":200,"srcset":"https:\/\/i0.wp.com\/historiografija.hr\/wp-content\/uploads\/2026\/04\/Kliofest-2026.jpg?fit=526%2C526&ssl=1&resize=350%2C200 1x, https:\/\/i0.wp.com\/historiografija.hr\/wp-content\/uploads\/2026\/04\/Kliofest-2026.jpg?fit=526%2C526&ssl=1&resize=525%2C300 1.5x"},"classes":[]}],"_links":{"self":[{"href":"https:\/\/historiografija.hr\/index.php?rest_route=\/wp\/v2\/posts\/9818","targetHints":{"allow":["GET"]}}],"collection":[{"href":"https:\/\/historiografija.hr\/index.php?rest_route=\/wp\/v2\/posts"}],"about":[{"href":"https:\/\/historiografija.hr\/index.php?rest_route=\/wp\/v2\/types\/post"}],"author":[{"embeddable":true,"href":"https:\/\/historiografija.hr\/index.php?rest_route=\/wp\/v2\/users\/2"}],"replies":[{"embeddable":true,"href":"https:\/\/historiografija.hr\/index.php?rest_route=%2Fwp%2Fv2%2Fcomments&post=9818"}],"version-history":[{"count":1,"href":"https:\/\/historiografija.hr\/index.php?rest_route=\/wp\/v2\/posts\/9818\/revisions"}],"predecessor-version":[{"id":9819,"href":"https:\/\/historiografija.hr\/index.php?rest_route=\/wp\/v2\/posts\/9818\/revisions\/9819"}],"wp:featuredmedia":[{"embeddable":true,"href":"https:\/\/historiografija.hr\/index.php?rest_route=\/wp\/v2\/media\/743"}],"wp:attachment":[{"href":"https:\/\/historiografija.hr\/index.php?rest_route=%2Fwp%2Fv2%2Fmedia&parent=9818"}],"wp:term":[{"taxonomy":"category","embeddable":true,"href":"https:\/\/historiografija.hr\/index.php?rest_route=%2Fwp%2Fv2%2Fcategories&post=9818"},{"taxonomy":"post_tag","embeddable":true,"href":"https:\/\/historiografija.hr\/index.php?rest_route=%2Fwp%2Fv2%2Ftags&post=9818"}],"curies":[{"name":"wp","href":"https:\/\/api.w.org\/{rel}","templated":true}]}}