{"id":9734,"date":"2018-05-10T21:30:28","date_gmt":"2018-05-10T21:30:28","guid":{"rendered":"http:\/\/historiografija.hr\/?p=9734"},"modified":"2018-05-10T21:30:28","modified_gmt":"2018-05-10T21:30:28","slug":"kliofest-2018-dodjela-nagrada-povjesnicarima","status":"publish","type":"post","link":"https:\/\/historiografija.hr\/?p=9734","title":{"rendered":"Kliofest 2018: Dodjela nagrada povjesni\u010darima"},"content":{"rendered":"<p>Dodjela nagrada povjesni\u010darima odr\u017eat \u0107e se u petak, 11. svibnja 2018. u 12 sati u Nacionalnoj i sveu\u010dili\u0161noj knji\u017enici u Zagrebu. U glazbenom dijelu programu nastupa Gradski zbor Franjo pl. Lu\u010di\u0107 iz Velike Gorice. \u010cestitamo nagra\u0111enima!<\/p>\n<p>&nbsp;<\/p>\n<p>&nbsp;<\/p>\n<p>&nbsp;<\/p>\n<p><strong>Nagrade povjesni\u010darima 2018<\/strong><\/p>\n<p>&nbsp;<\/p>\n<p>&nbsp;<\/p>\n<p>&nbsp;<\/p>\n<p><strong>Nagrada \u201eIvan Lu\u010di\u0107\u201c za \u017eivotno djelo <\/strong><\/p>\n<p>&nbsp;<\/p>\n<p>&nbsp;<\/p>\n<p><strong>Akademik prof. dr. sc. NIK\u0160A STAN\u010cI\u0106<\/strong><\/p>\n<p>&nbsp;<\/p>\n<p>&nbsp;<\/p>\n<p>Akademik Nik\u0161a Stan\u010di\u0107 ro\u0111en je 16. o\u017eujka 1938. u Starom Gradu na Hvaru. Diplomirao je i potom 1979. doktorirao na Filozofskom fakultetu Sveu\u010dili\u0161ta u Zagrebu obraniv\u0161i disertaciju <em>Hrvatska nacionalna ideologija preporodnog pokreta u Dalmaciji (Mihovil Pavlinovi\u0107 i njegov krug do 1869)<\/em>. Od 1968. radio je kao kustos u Povijesnom muzeju Hrvatske, a od 1971. do umirovljenja 2008. bio je zaposlen na Odsjeku za povijest Filozofskog fakulteta Sveu\u010dili\u0161ta u Zagrebu. Godine 1991. izabran je u zvanje redovitog profesora. Od 2000. je \u010dlan suradnik, a od 2004. redoviti \u010dlan Hrvatske akademije znanosti i umjetnosti. Glavni je urednik Akademijina \u010dasopisa <em>Rad \u2013 Razred za dru\u0161tvene znanosti<\/em>, a vodio je i <em>Radove Zavoda za hrvatsku povijest<\/em>.<\/p>\n<p>Nik\u0161a Stan\u010di\u0107 istra\u017euje hrvatsku povijest 19. stolje\u0107a u njezinu europskom kontekstu, napose povijest nacionalno-integracijskih procesa u sjevernoj Hrvatskoj i Dalmaciji, problematiku nacije i nacionalizma te heraldi\u010dku problematiku. Dao je velik doprinos poznavanju hrvatske povijesti 19. stolje\u0107a, ali je velika i va\u017enost njegova opusa u unapre\u0111enju metodologije historijskih istra\u017eivanja. Svoje je znanstvene radove objavljivao u brojnim \u00a0\u010dasopisima u zemlji i inozemstvu, a priredio je i nekoliko izdanja izvorne gra\u0111e te napisao brojne stru\u010dne radove, ocjene i prikaze, kao i zapa\u017eene polemike.<\/p>\n<p>Objavio je nekoliko autorskih knjiga, me\u0111u kojima se osobito isti\u010du <em>Hrvatska nacionalna ideologija preporodnog pokreta u Dalmaciji (Mihovil Pavlinovi\u0107 i njegov krug do 1869)<\/em>,<em> Gajeva \u201eJo\u0161 Horvatska ni propala\u201d iz 1832-33. Ideologija Ljudevita Gaja u pripremnom razdoblju hrvatskog narodnog preporoda <\/em>te <em>Hrvatska nacija i nacionalizam u 19. i 20. stolje\u0107u<\/em>. Za potonju je knjigu 2002. akademik Stan\u010di\u0107 dobio Dr\u017eavnu nagradu za znanost.<\/p>\n<p>S Dubravkom Pei\u0107 \u010caldarovi\u0107 objavio je i va\u017enu knjigu <em>Povijest hrvatskoga grba. Hrvatski grb u mijenama hrvatske povijesti od 14. do po\u010detka 21. stolje\u0107a<\/em>.<\/p>\n<p>Nema dvojbe da je upravo opus Nik\u0161e Stan\u010di\u0107a bio va\u017ean za druga\u010dije, suvremenije razumijevanje nacionalno-integracijskih procesa koji su doveli do stvaranja hrvatske nacije, ali i da je svojom metodologijom utjecao na sveukupni razvoj hrvatske historiografije.<\/p>\n<p>&nbsp;<\/p>\n<p>&nbsp;<\/p>\n<p><strong>Nagrada \u201eMirjana Gross\u201c za najbolju knjigu iz povijesti 2017. <\/strong><\/p>\n<p>&nbsp;<\/p>\n<p>&nbsp;<\/p>\n<p><strong> dr. sc. ROBERT SKENDEROVI\u0106<\/strong><\/p>\n<p>&nbsp;<\/p>\n<p><strong><br \/>\nza knjigu <em>Povijest podunavskih Hrvata (Bunjevaca i \u0160okaca) od doseljavanja do propasti Austro-Ugarske Monarhije<\/em><\/strong><\/p>\n<p>&nbsp;<\/p>\n<p>&nbsp;<\/p>\n<p><strong>Robert Skenderovi\u0107 <\/strong>ro\u0111en je u Zagrebu 14. svibnja 1972. Tu je zavr\u0161io studij povijesti i filozofije na Filozofskom fakultetu. Na istom je fakultetu magistrirao 2002. s temom \u201eStanovni\u0161tvo Po\u017eege 1699-1781. prema mati\u010dnim knjigama\u201c, a tri godine potom i doktorirao s temom \u201eUtjecaj terezijanskih reformi na demografski razvoj slavonskog Provincijala\u201c.<\/p>\n<p>Od 1998. radi u Podru\u017enici za povijest Slavonije, Srijema i Baranje Hrvatskoga instituta za povijest. Voditelj je znanstvenoga projekta \u201eOd pra\u0161uma do oranica: povijest \u0161uma u Slavoniji od srednjeg vijeka do po\u010detka 20. stolje\u0107a\u201c.<\/p>\n<p>Dr. Skenderovi\u0107 bavi se problematikom povijesne demografije, crkvenom povije\u0161\u0107u, povije\u0161\u0107u okoli\u0161a slavonsko-podunavskoga podru\u010dja i pitanjima povijesti podunavskih Hrvata \u2013 Bunjevaca i \u0160okaca u novome vijeku. O potonjoj je temi objavio vi\u0161e od dvadeset \u010dlanaka, brojne natuknice za <em>Leksikon podunavskih Hrvata<\/em> te napokon i ovu nagra\u0111enu knjigu \u2013 krunu\u00a0 njegova vi\u0161egodi\u0161njeg znanstveno-istra\u017eiva\u010dkog rada o toj problematici koja je dosad bila vi\u0161e u dosegu interesa jezikoslovaca i povjesni\u010dara knji\u017eevnosti nego histori\u010dara.<\/p>\n<p>Skenderovi\u0107eva je knjiga zapravo pionirski poku\u0161aj da se svestrano i podrobno istra\u017ei povijest podunavskih Hrvata, Bunjevaca i \u0160okaca, koji ve\u0107 nekoliko stolje\u0107a \u017eive u podru\u010dju izme\u0111u Dunava i Tise odnosno Titela na jugu i Budimpe\u0161te na sjeveru. Rije\u010d je o slo\u017eenoj vi\u0161estoljetnoj problematici koju je autor vrlo uspje\u0161no svladao zadr\u017eavaju\u0107i se na klju\u010dnim trenucima i va\u017enim procesima koji su bitno utjecali na demografski, dru\u0161tveni, gospodarski, kulturni i politi\u010dki \u017eivot podunavskih Hrvata. Dokazao je da su naselja hrvatskih zajednica na tom prostoru me\u0111usobno komunicirala te da su postojale brojne veze koje su povezivale podunavske Hrvate jedne s drugima, ali i s Hrvatima u matici.<\/p>\n<p>Knjiga nesumnjivo predstavlja vrlo va\u017ean prinos na\u0161em poznavanju povijesti podunavskih Hrvata, zanemarenog dijela hrvatske nacije. Za o\u010dekivati je da \u0107e pru\u017eiti poticaj da se istra\u017ei i njihova povijest u dvadesetom stolje\u0107u, napose u posljednjim desetlje\u0107ima kada su podunavski Hrvati do\u017eivjeli brojne te\u0161ke trenutke, uklju\u010duju\u0107i i opasnost od raseljavanja i odnaro\u0111ivanja.<\/p>\n<p>&nbsp;<\/p>\n<p>&nbsp;<\/p>\n<p><strong>Nagrada \u201eVjekoslav Klai\u0107\u201c za popularizaciju povijesti <\/strong><\/p>\n<p>&nbsp;<\/p>\n<p>&nbsp;<\/p>\n<p><strong>izv. prof. dr. sc. HRVOJE GRA\u010cANIN i VESNA TURTULA, prof.<\/strong><\/p>\n<p>&nbsp;<\/p>\n<p>&nbsp;<\/p>\n<p>Nagrada za popularizaciju povijesti ove se godine dodjeljuje dr. sc. <strong>Hrvoju Gra\u010daninu<\/strong>, izvanrednom profesoru Filozofskog fakulteta Sveu\u010dili\u0161ta u Zagrebu i <strong>Vesni Turtuli<\/strong>, novinarki i urednici Hrvatskoga radija.<\/p>\n<p>Njih dvoje ve\u0107 deset godina intenzivno sura\u0111uju u osmi\u0161ljavanju i stvaranju radijske emisije <em>Putnici kroz vrijeme<\/em> koju producira i emitira Hrvatski radio. Emisija je izrasla u jedan od prepoznatljivih produkcijskih pothvata Dje\u010djeg programa Hrvatskog radija. Idejni pokreta\u010d i urednica emisije je Vesna Turtula koja je <em>Putnike kroz vrijeme <\/em>predstavila u eteru prvi put 5. velja\u010de 2008. godine, isprva u okviru Dje\u010dje redakcije. Do danas je emitirano vi\u0161e od 500 emisija, u trajanju od otprilike 15 minuta svaka, koje na popularan, ali znanstveno utemeljen na\u010din, pribli\u017eavaju radijskoj publici brojne razli\u010dite aspekte hrvatske i svjetske povijesti, obja\u0161njavaju\u0107i ih jasno, razumljivo i zanimljivo.<\/p>\n<p>Emisija je ubrzo po\u010dela privla\u010diti pozornost slu\u0161atelja svih nara\u0161taja te je naposljetku prerasla svoje prvotne okvire. Vrlo je \u0161irok raspon dosad obra\u0111enih tema u emisiji, a jedna je od istaknutih odlika <em>Putnika kroz vrijeme<\/em> \u0161to, s jedne strane, nastoje biti aktualni s obzirom na trenutak, a s druge strane pru\u017eaju mogu\u0107nost stjecanja dobrog uvida i u slo\u017eene povijesne procese i pojave, na jednostavan na\u010din prilago\u0111en slu\u0161ateljstvu razli\u010dite dobi i interesa. Ovo je osobito korisno u vezi sa slu\u0161ateljima \u0161kolskog uzrasta. Tako\u0111er, a to svakako treba naglasiti, u emisiji se sustavno obra\u0111uju teme iz hrvatske povijest, ali i brojne teme iz svjetske i europske povijesti.<\/p>\n<p>Vesna Turtula je i u ostalom profesionalnom radu predana popularizaciji povijesti, \u0161to ponajbolje pokazuje <em>Vodi\u010d za moderna vremena<\/em>, emisija u produkciji Obrazovnog programa Hrvatskog radija. Emisija je prvenstveno okrenuta dana\u0161njici i suvremenom \u017eivotu, ali u nju urednica uklapa i povijesne teme.<\/p>\n<p>Profesor Hrvoje Gra\u010danin razvio je razgranatu djelatnost u popularizaciji povijesti i rezultata povijesne znanosti. Autor je\u00a0 brojnih \u010dlanaka iz povijesti za \u010dasopise <em>Drvo znanja<\/em>,<em> Meridijani<\/em> <em>te \u010covjek i svemir<\/em>, kao i za <em>Ve\u010dernji list<\/em>. Jo\u0161 2006. godine objavio je dvosve\u0161\u010danu <em>Kratku povijest Hrvatske za mlade <\/em>u nakladi SysPrinta, prvo takvo djelo u hrvatskoj publicistici okrenuto mla\u0111im nara\u0161tajima \u010ditatelja, u kojemu je ponu\u0111ena povijest hrvatskog prostora od starog vijeka do po\u010detka 21. stolje\u0107a. Nedavno je objavio knjigu <em>Slavne povijesne li\u010dnosti od starog do novog vijeka. 10 velikih osvaja\u010da + 10 slavnih vladarica<\/em> u nakladi Meridijana.<\/p>\n<p>&nbsp;<\/p>\n<p>&nbsp;<\/p>\n<p><strong>Nagrada \u201eFerdo \u0160i\u0161i\u0107\u201c za diplomski rad <\/strong><\/p>\n<p>&nbsp;<\/p>\n<p>&nbsp;<\/p>\n<p><strong>FILIP HREN, mag. hist.<\/strong><\/p>\n<p><strong>VERONIKA NOVOSELAC, mag. hist. <\/strong><\/p>\n<p>&nbsp;<\/p>\n<p>&nbsp;<\/p>\n<p><strong>Filip Hren<\/strong> zavr\u0161io je preddiplomski studij povijesti na Hrvatskom katoli\u010dkom sveu\u010dili\u0161tu, a diplomirao na diplomskom studiju povijesti ranonovovjekovnog modula na Filozofskom fakultetu Sveu\u010dili\u0161ta u Zagrebu. Diplomski rad \u201eHrvatski stale\u017ei i Vojna krajina u Tridesetogodi\u0161njem ratu\u201c izradio je pod mentorstvom prof. dr. sc. Drage Roksandi\u0107a, a obranio u listopadu 2017. godine.<\/p>\n<p>Hrenov je diplomski rad napisan na temelju literature i objavljenih te djelomice neobjavljenih izvora iz be\u010dkoga Ratnog arhiva. U radu je po\u0161ao od hrvatskih stale\u017ea i njihova me\u0111uodnosa s Vojnom krajinom \u0161to je klju\u010d razumijevanja mehanizama koji su hrvatske vojnike uop\u0107e doveli u Tridesetogodi\u0161nji rat. Dao je i mnogo novih spoznaja o sudjelovanju hrvatskih postrojbi u tom ratu te pokazao da Hrvatska i Slavonija nisu bili samo \u201eopskrbljiva\u010di\u201c carske vojske nego su i aktivno sudjelovali u pojedinim fazama rata. U svakom slu\u010daju radi se o pametno sro\u010denom i lijepo napisanom diplomskom radu, koji se odli\u010dno uklapa u \u010detiristotu obljetnicu po\u010detka Tridesetogodi\u0161njeg rata.<\/p>\n<p><strong>Veronika Novoselac <\/strong>diplomirala je 2017. diplomskim radom \u201eZna\u010daj humoristi\u010dko-satiri\u010dkog lista <em>Bi\u010d<\/em> u prava\u0161kom novinstvu druge polovice 19. stolje\u0107a\u201c. Rad je izradila pod mentorstvom izv. prof. dr. sc. Jasne Turkalj na Hrvatskom katoli\u010dkom sveu\u010dili\u0161tu u Zagrebu.<\/p>\n<p>Diplomski rad daje novi doprinos u poznavanju povijesti satiri\u010dkog novinstva u modernoj Hrvatskoj, a napose je mno\u0161tvo novih spoznaja o listu <em>Bi\u010d<\/em> \u2013 periodi\u010dnost njegova izla\u017eenja, odre\u0111ene specifi\u010dnosti vezane uz tu tiskovinu, problematiku zapljene pojedinih brojeva, ka\u017enjavanje autora priloga i urednika lista itd. Autorica je uspje\u0161no objedinila historiografski pristup i metodologiju istra\u017eivanja u komunikologiji. Odgovorila je na nekoliko istra\u017eiva\u010dkih pitanja koja je postavila, napose mogu li se na temelju pisanih i slikovnih priloga u ovome listu utvrditi razli\u010dita politi\u010dka i dru\u0161tvena kretanja u Banskoj Hrvatskoj u osamdesetim godinama devetnaestoga stolje\u0107a, te kako je karikatura u to doba vr\u0161ila funkciju vizualne propagande.<\/p>\n<p>Autorica je ovim radom pokazala sposobnost kriti\u010dke analize slo\u017eene povijesne problematike.<\/p>\n<p>&nbsp;<\/p>\n<p>&nbsp;<\/p>\n<p><strong>Nagrada \u201eJaroslav \u0160idak\u201c inozemnom povjesni\u010daru <\/strong><\/p>\n<p><strong> dr. sc. RUMJANA BO\u017dILOVA<\/strong><\/p>\n<p>&nbsp;<\/p>\n<p>&nbsp;<\/p>\n<p><strong>Rumjana Bo\u017eilova <\/strong>umirovljena je znanstvena savjetnica Instituta za balkanistiku Bugarske akademije znanosti u Sofiji. Diplomirala je povijest 1965. i isprva se bavila makedonskom problematikom. Potom je istra\u017eivala povijest slavenskih naroda u Habsbur\u0161koj monarhiji odnosno u Austro-Ugarskoj \u2013 bavila se nacionalnih pitanjem u Dalmaciji i Bosni i Hercegovini u drugoj polovici 19. stolje\u0107a te napose op\u0107enito hrvatsko-bugarskim odnosima u pro\u0161losti. Prvi je put posjetila Hrvatsku prije \u010detrdeset godina \u2013 1988. i otad je bila \u010dest istra\u017eiva\u010d u hrvatskim arhivima, osobito u Zagrebu, te sudionik i organizatorica hrvatsko-bugarskih znanstvenih skupova. Vi\u0161e od dvadeset godina bila je voditeljica projekta u sklopu suradnje Bugarske akademije znanosti i Hrvatske akademije znanosti i umjetnosti. Godine 1995. dobila je Danicu hrvatsku s likom Marka Maruli\u0107a, a 2008. priznanje Bugarske akademije znanosti za kulturna i znanstvena postignu\u0107a.<\/p>\n<p>Napisala je brojne \u010dlanke o hrvatsko-bugarskim odnosima u 19. i po\u010detkom 20. stolje\u0107a, u kojima je iz skrivenih zakutaka arhiva izvadila neke manje poznate osobe ili nepoznate detalje o djelatnosti poznatih. Osobito ju je fascinirala osoba biskupa Josipa Jurja Strossmayera i njegova bliska suradnika, povjesni\u010dara i prvoga predsjednika Jugoslavenske akademije znanosti i umjetnosti Franje Ra\u010dkooga u kontekstu hrvatsko-bugarskih odnosa. Osim \u0161to je pisala o njima dvojici, kao i o nekim drugim hrvatskim politi\u010darima poput Ante Star\u010devi\u0107a i Stjepana Radi\u0107a, mnogo je prevodila s hrvatskoga na bugarski: prevela je\u00a0 Ra\u010dkijevu knjigu <em>Povijest Bugarske<\/em> te nekoliko drugih hrvatskih djela koja govore o bugarskoj povijesti i kulturi.<\/p>\n<p>Objavila je tri knjige posve\u0107ene hrvatskoj povijesti: <em>Hrvatski nacionalni pokret u o\u010dima Bugara <\/em>(1988) i <em>Povijest Hrvatske<\/em> (1998) te, u suradnji sa suprugom Ivanom Bo\u017eilovim, profesorom srednjovjekovne povijesti, knjigu <em>Franjo Ra\u010dki i Bugari<\/em>. U prvoj je pokazala kako su bugarski javni i kulturni djelatnici vidjeli hrvatski preporod i op\u0107enito nacionalno-integracijska zbivanja u 19. stolje\u0107u, a druga je sintetski pregled hrvatske povijesti.<\/p>\n<p>U svakom slu\u010daju, doktorica Rumjana Bo\u017eilova ulazi me\u0111u najplodnije strane povjesni\u010dare koji su pisali o hrvatskoj povijesti, organizirali susrete i konferencije hrvatskih i bugarskih povjesni\u010dara, vodila zajedni\u010dke projekte i odgajala mlade bugarske povjesni\u010dare koji se danas bave problemima hrvatske povijesti te hrvatsko-bugarskih odnosa. Stoga joj se dodjeljuje ovo priznanje hrvatske historiografije, Nagrada Jaroslav \u0160idak.<\/p>\n<p>&nbsp;<\/p>\n<p>&nbsp;<\/p>\n<p>Izvor: <a href=\"http:\/\/www.kliofest.org\/nagrade-povjesnicarima-2018\/\">http:\/\/www.kliofest.org\/nagrade-povjesnicarima-2018\/<\/a><\/p>\n<p>&nbsp;<\/p>\n<p>&nbsp;<\/p>\n<p>&nbsp;<\/p>\n<p>&nbsp;<\/p>\n","protected":false},"excerpt":{"rendered":"","protected":false},"author":2,"featured_media":9735,"comment_status":"open","ping_status":"open","sticky":false,"template":"","format":"standard","meta":{"_acf_changed":false,"jetpack_post_was_ever_published":false,"_jetpack_newsletter_access":"","_jetpack_dont_email_post_to_subs":false,"_jetpack_newsletter_tier_id":0,"_jetpack_memberships_contains_paywalled_content":false,"_jetpack_memberships_contains_paid_content":false,"footnotes":"","jetpack_publicize_message":"","jetpack_publicize_feature_enabled":true,"jetpack_social_post_already_shared":true,"jetpack_social_options":{"image_generator_settings":{"template":"highway","default_image_id":0,"font":"","enabled":false},"version":2}},"categories":[3],"tags":[],"class_list":["post-9734","post","type-post","status-publish","format-standard","has-post-thumbnail","hentry","category-novosti"],"acf":{"facebook_opis":""},"jetpack_publicize_connections":[],"jetpack_featured_media_url":"https:\/\/i0.wp.com\/historiografija.hr\/wp-content\/uploads\/2018\/05\/Kliofest-pozivnice-za-web39.jpg?fit=1241%2C585&ssl=1","jetpack_sharing_enabled":true,"jetpack-related-posts":[{"id":52563,"url":"https:\/\/historiografija.hr\/?p=52563","url_meta":{"origin":9734,"position":0},"title":"Predavanje Nenada Fabijani\u0107a o stadionu Poljud u Splitu","author":"Branimir Jankovi\u0107","date":"21. travnja 2026.","format":false,"excerpt":"Znanstveno vije\u0107e za arhitekturu, urbanizam i ure\u0111enje prostora Hrvatske akademije znanosti i umjetnosti organizira predavanje \u201cPo Poljudu\u201d koje \u0107e u srijedu 22. travnja 2026. s po\u010detkom u 14 sati u Knji\u017enici HAZU, Strossmayerov trg 14 u Zagrebu, odr\u017eati\u00a0prof. emerit. dr. art. Nenad Fabijani\u0107,\u00a0\u010dlan suradnik HAZU. Predavanje \u201ePo Poljudu\u201c (Projekt obnove)\u2026","rel":"","context":"U &quot;Novosti&quot;","block_context":{"text":"Novosti","link":"https:\/\/historiografija.hr\/?cat=3"},"img":{"alt_text":"","src":"https:\/\/i0.wp.com\/historiografija.hr\/wp-content\/uploads\/2026\/04\/Poljud-scaled.jpeg?fit=1200%2C800&ssl=1&resize=350%2C200","width":350,"height":200,"srcset":"https:\/\/i0.wp.com\/historiografija.hr\/wp-content\/uploads\/2026\/04\/Poljud-scaled.jpeg?fit=1200%2C800&ssl=1&resize=350%2C200 1x, https:\/\/i0.wp.com\/historiografija.hr\/wp-content\/uploads\/2026\/04\/Poljud-scaled.jpeg?fit=1200%2C800&ssl=1&resize=525%2C300 1.5x, https:\/\/i0.wp.com\/historiografija.hr\/wp-content\/uploads\/2026\/04\/Poljud-scaled.jpeg?fit=1200%2C800&ssl=1&resize=700%2C400 2x, https:\/\/i0.wp.com\/historiografija.hr\/wp-content\/uploads\/2026\/04\/Poljud-scaled.jpeg?fit=1200%2C800&ssl=1&resize=1050%2C600 3x"},"classes":[]},{"id":52559,"url":"https:\/\/historiografija.hr\/?p=52559","url_meta":{"origin":9734,"position":1},"title":"Dobitnici dr\u017eavne nagrade za znanost za 2024. godinu","author":"Branimir Jankovi\u0107","date":"20. travnja 2026.","format":false,"excerpt":"Na sjednici Odbora za podjelu dr\u017eavnih nagrada za znanost odr\u017eanoj 16. travnja 2026. godine donesena je Odluka o dodjeli dr\u017eavnih nagrada za znanost za 2024. godinu. Godi\u0161njom nagradom za popularizaciju i promid\u017ebu znanosti nagra\u0111eni su u podru\u010dju humanisti\u010dkih znanosti znanstveni suradnici dr. sc. Josip Mihaljevi\u0107 i dr. sc. Gordan Ravan\u010di\u0107,\u2026","rel":"","context":"U &quot;Novosti&quot;","block_context":{"text":"Novosti","link":"https:\/\/historiografija.hr\/?cat=3"},"img":{"alt_text":"","src":"https:\/\/i0.wp.com\/historiografija.hr\/wp-content\/uploads\/2021\/12\/povijesne-kontroverze.jpg?fit=1200%2C675&ssl=1&resize=350%2C200","width":350,"height":200,"srcset":"https:\/\/i0.wp.com\/historiografija.hr\/wp-content\/uploads\/2021\/12\/povijesne-kontroverze.jpg?fit=1200%2C675&ssl=1&resize=350%2C200 1x, https:\/\/i0.wp.com\/historiografija.hr\/wp-content\/uploads\/2021\/12\/povijesne-kontroverze.jpg?fit=1200%2C675&ssl=1&resize=525%2C300 1.5x, https:\/\/i0.wp.com\/historiografija.hr\/wp-content\/uploads\/2021\/12\/povijesne-kontroverze.jpg?fit=1200%2C675&ssl=1&resize=700%2C400 2x, https:\/\/i0.wp.com\/historiografija.hr\/wp-content\/uploads\/2021\/12\/povijesne-kontroverze.jpg?fit=1200%2C675&ssl=1&resize=1050%2C600 3x"},"classes":[]},{"id":52552,"url":"https:\/\/historiografija.hr\/?p=52552","url_meta":{"origin":9734,"position":2},"title":"Besplatni glazbeni antikvarijat","author":"Branimir Jankovi\u0107","date":"20. travnja 2026.","format":false,"excerpt":"Muzi\u010dka akademija Sveu\u010dili\u0161ta u Zagrebu 23. travnja 2026. od 10 do 17 sati Pozivamo Vas na Besplatni glazbeni antikvarijat, koji u sklopu manifestacije No\u0107 knjige 2026. organizira Hrvatska udruga muzi\u010dkih knji\u017enica, arhiva i dokumentacijskih centara (HUMKAD). Antikvarijat \u0107e se odr\u017eati na Svjetski dan knjige \u2013 u \u010detvrtak 23. travnja 2026.\u2026","rel":"","context":"U &quot;Novosti&quot;","block_context":{"text":"Novosti","link":"https:\/\/historiografija.hr\/?cat=3"},"img":{"alt_text":"","src":"https:\/\/i0.wp.com\/historiografija.hr\/wp-content\/uploads\/2026\/04\/Besplatni-glazbeni-antikvarijat-23.-4.-2026.jpg?fit=1200%2C848&ssl=1&resize=350%2C200","width":350,"height":200,"srcset":"https:\/\/i0.wp.com\/historiografija.hr\/wp-content\/uploads\/2026\/04\/Besplatni-glazbeni-antikvarijat-23.-4.-2026.jpg?fit=1200%2C848&ssl=1&resize=350%2C200 1x, https:\/\/i0.wp.com\/historiografija.hr\/wp-content\/uploads\/2026\/04\/Besplatni-glazbeni-antikvarijat-23.-4.-2026.jpg?fit=1200%2C848&ssl=1&resize=525%2C300 1.5x, https:\/\/i0.wp.com\/historiografija.hr\/wp-content\/uploads\/2026\/04\/Besplatni-glazbeni-antikvarijat-23.-4.-2026.jpg?fit=1200%2C848&ssl=1&resize=700%2C400 2x, https:\/\/i0.wp.com\/historiografija.hr\/wp-content\/uploads\/2026\/04\/Besplatni-glazbeni-antikvarijat-23.-4.-2026.jpg?fit=1200%2C848&ssl=1&resize=1050%2C600 3x"},"classes":[]},{"id":52666,"url":"https:\/\/historiografija.hr\/?p=52666","url_meta":{"origin":9734,"position":3},"title":"Najava programa Festivala povijesti Kliofest (5-8. V. 2026)","author":"Branimir Jankovi\u0107","date":"24. travnja 2026.","format":false,"excerpt":"Po trinaesti put odr\u017eava se Festival povijesti Kliofest! Do petka \u0107emo odr\u017eati osam okruglih stolova i dva kolokvija te niz predstavljanja knjiga i projekata razli\u010dite tematike, od antike do suvremenosti. Bit \u0107e predstavljeno i nekoliko izlo\u017ebi te odr\u017ean jedan povijesni kviz. Prikazat \u0107emo i jedan film \u2013 o generalu Boroevi\u0107u.\u2026","rel":"","context":"U &quot;Novosti&quot;","block_context":{"text":"Novosti","link":"https:\/\/historiografija.hr\/?cat=3"},"img":{"alt_text":"","src":"https:\/\/i0.wp.com\/historiografija.hr\/wp-content\/uploads\/2026\/04\/Kliofest-2026.jpg?fit=526%2C526&ssl=1&resize=350%2C200","width":350,"height":200,"srcset":"https:\/\/i0.wp.com\/historiografija.hr\/wp-content\/uploads\/2026\/04\/Kliofest-2026.jpg?fit=526%2C526&ssl=1&resize=350%2C200 1x, https:\/\/i0.wp.com\/historiografija.hr\/wp-content\/uploads\/2026\/04\/Kliofest-2026.jpg?fit=526%2C526&ssl=1&resize=525%2C300 1.5x"},"classes":[]},{"id":52439,"url":"https:\/\/historiografija.hr\/?p=52439","url_meta":{"origin":9734,"position":4},"title":"Tribina &#8220;Ahmi\u0107i 33 godine kasnije: Ne u na\u0161e ime&#8221;","author":"Branimir Jankovi\u0107","date":"16. travnja 2026.","format":false,"excerpt":"U \u010detvrtak, 16. travnja 2026. u 17 sati u Knji\u017enici i \u010ditaonici Bogdana Ogrizovi\u0107a u Zagrebu odr\u017eat \u0107e se tribina pod nazivom Ahmi\u0107i 33 godine kasnije: Ne u na\u0161e ime. Na tribini \u0107e govoriti Ivica \u0110iki\u0107, novinar, Mubera Masli\u0107 \u2013 \u017ddralovi\u0107, aktivistikinja, prevoditeljica za arapski, Domagoj Fuk, student politologije, \u010dlan\u2026","rel":"","context":"U &quot;Novosti&quot;","block_context":{"text":"Novosti","link":"https:\/\/historiografija.hr\/?cat=3"},"img":{"alt_text":"","src":"https:\/\/i0.wp.com\/historiografija.hr\/wp-content\/uploads\/2026\/04\/Zagreb_2026.jpeg?fit=1200%2C900&ssl=1&resize=350%2C200","width":350,"height":200,"srcset":"https:\/\/i0.wp.com\/historiografija.hr\/wp-content\/uploads\/2026\/04\/Zagreb_2026.jpeg?fit=1200%2C900&ssl=1&resize=350%2C200 1x, https:\/\/i0.wp.com\/historiografija.hr\/wp-content\/uploads\/2026\/04\/Zagreb_2026.jpeg?fit=1200%2C900&ssl=1&resize=525%2C300 1.5x, https:\/\/i0.wp.com\/historiografija.hr\/wp-content\/uploads\/2026\/04\/Zagreb_2026.jpeg?fit=1200%2C900&ssl=1&resize=700%2C400 2x, https:\/\/i0.wp.com\/historiografija.hr\/wp-content\/uploads\/2026\/04\/Zagreb_2026.jpeg?fit=1200%2C900&ssl=1&resize=1050%2C600 3x"},"classes":[]},{"id":52669,"url":"https:\/\/historiografija.hr\/?p=52669","url_meta":{"origin":9734,"position":5},"title":"Predavanje Igora Dude &#8220;Odmor kao \u017eivotna potreba: o slobodnom vremenu u socijalisti\u010dkoj Jugoslaviji&#8221;","author":"Branimir Jankovi\u0107","date":"27. travnja 2026.","format":false,"excerpt":"U sklopu proljetnog ciklusa programa\u00a0Kriti\u010dka dramaturgija: pauza, u\u00a0subotu, 25. travnja 2026. u 19 sati\u00a0u prostoru Udru\u017eenja hrvatskih arhitekata povjesni\u010dar Igor Duda\u00a0odr\u017eao je predavanje naslovljeno\u00a0Odmor kao \u017eivotna potreba: o slobodnom vremenu u socijalisti\u010dkoj Jugoslaviji. Industrijalizacija i urbanizacija dru\u0161tava u povijesti su zna\u010dile i prelazak s predindustrijskog na industrijsko shva\u0107anje vremena. Ono\u2026","rel":"","context":"U &quot;Novosti&quot;","block_context":{"text":"Novosti","link":"https:\/\/historiografija.hr\/?cat=3"},"img":{"alt_text":"","src":"https:\/\/i0.wp.com\/historiografija.hr\/wp-content\/uploads\/2026\/04\/Duda.png?fit=1200%2C628&ssl=1&resize=350%2C200","width":350,"height":200,"srcset":"https:\/\/i0.wp.com\/historiografija.hr\/wp-content\/uploads\/2026\/04\/Duda.png?fit=1200%2C628&ssl=1&resize=350%2C200 1x, https:\/\/i0.wp.com\/historiografija.hr\/wp-content\/uploads\/2026\/04\/Duda.png?fit=1200%2C628&ssl=1&resize=525%2C300 1.5x, https:\/\/i0.wp.com\/historiografija.hr\/wp-content\/uploads\/2026\/04\/Duda.png?fit=1200%2C628&ssl=1&resize=700%2C400 2x, https:\/\/i0.wp.com\/historiografija.hr\/wp-content\/uploads\/2026\/04\/Duda.png?fit=1200%2C628&ssl=1&resize=1050%2C600 3x"},"classes":[]}],"_links":{"self":[{"href":"https:\/\/historiografija.hr\/index.php?rest_route=\/wp\/v2\/posts\/9734","targetHints":{"allow":["GET"]}}],"collection":[{"href":"https:\/\/historiografija.hr\/index.php?rest_route=\/wp\/v2\/posts"}],"about":[{"href":"https:\/\/historiografija.hr\/index.php?rest_route=\/wp\/v2\/types\/post"}],"author":[{"embeddable":true,"href":"https:\/\/historiografija.hr\/index.php?rest_route=\/wp\/v2\/users\/2"}],"replies":[{"embeddable":true,"href":"https:\/\/historiografija.hr\/index.php?rest_route=%2Fwp%2Fv2%2Fcomments&post=9734"}],"version-history":[{"count":1,"href":"https:\/\/historiografija.hr\/index.php?rest_route=\/wp\/v2\/posts\/9734\/revisions"}],"predecessor-version":[{"id":9736,"href":"https:\/\/historiografija.hr\/index.php?rest_route=\/wp\/v2\/posts\/9734\/revisions\/9736"}],"wp:featuredmedia":[{"embeddable":true,"href":"https:\/\/historiografija.hr\/index.php?rest_route=\/wp\/v2\/media\/9735"}],"wp:attachment":[{"href":"https:\/\/historiografija.hr\/index.php?rest_route=%2Fwp%2Fv2%2Fmedia&parent=9734"}],"wp:term":[{"taxonomy":"category","embeddable":true,"href":"https:\/\/historiografija.hr\/index.php?rest_route=%2Fwp%2Fv2%2Fcategories&post=9734"},{"taxonomy":"post_tag","embeddable":true,"href":"https:\/\/historiografija.hr\/index.php?rest_route=%2Fwp%2Fv2%2Ftags&post=9734"}],"curies":[{"name":"wp","href":"https:\/\/api.w.org\/{rel}","templated":true}]}}