{"id":9695,"date":"2018-05-08T22:02:38","date_gmt":"2018-05-08T22:02:38","guid":{"rendered":"http:\/\/historiografija.hr\/?p=9695"},"modified":"2018-05-08T22:02:38","modified_gmt":"2018-05-08T22:02:38","slug":"otvoren-peti-po-redu-festival-povijesti-i-sajam-knjiga-kliofest-2018","status":"publish","type":"post","link":"https:\/\/historiografija.hr\/?p=9695","title":{"rendered":"Otvoren peti po redu Festival povijesti i sajam knjiga Kliofest 2018."},"content":{"rendered":"<p>Danas je u <strong>Nacionalnoj i sveu\u010dili\u0161noj knji\u017enici<\/strong> u Zagrebu otvoren peti po redu <strong>Festival povijesti i sajam knjiga Kliofest 2018.<\/strong><\/p>\n<p>Prisutne je pozdravila glavna ravnateljica Nacionalne i sveu\u010dili\u0161ne knji\u017enice u Zagrebu, <strong>Tatijana Petri\u0107<\/strong>, a program Festivala predstavio<strong> Damir Agi\u010di\u0107<\/strong>, predsjednik Hrvatskoga nacionalnog odbora za povijesne znanosti. U nastavku prenosimo njegov govor i uvod u ovogodi\u0161nji bogati program Festivala:<\/p>\n<p>&#8220;Ideja kojom se od po\u010detka vodimo jest: \u0161iroj javnosti predstaviti hrvatske i inozemne povjesni\u010dare te doma\u0107e nakladnike koji objavljuju knjige povijesne tematike preko okruglih stolova i tribina na kojima se obra\u0111uje va\u017ena i zanimljiva problematika kojom se bave povjesni\u010dari, kao i preko predstavljanja novih povijesnih knjiga ili pak predavanja o zna\u010dajnim temama. Svake smo godine organizirali i izlo\u017ebe, a povremeno prikazivali povijesne filmove ili pomagali u dovo\u0111enju kazali\u0161nih skupina.<\/p>\n<p>Tako \u0107e biti i na ovogodi\u0161njem <strong>Kliofestu <\/strong>na kojem smo osobitu pozornost posvetili jubilejima: stopedesetoj obljetnici Hrvatsko-ugarske nagodbe, dokumenta kojim su bili ure\u0111eni odnosi izme\u0111u hrvatskih i ma\u0111arskih politi\u010dkih elita u Austro-Ugarskoj Monarhiji;\u00a0stopedesetoj obljetnici ro\u0111enja <strong>Antuna Radi\u0107a<\/strong> i devedesetoj smrti njegova mla\u0111eg i poznatijeg brata Stjepana; stotoj obljetnici kraja Prvoga svjetskog rata, nestanka Austro-Ugarske i postanka Dr\u017eave SHS odnosno Kraljevine SHS; stotoj obljetnici pandemije \u0161panjolske gripe;\u00a0sedamdesetoj obljetnici Rezolucije Kominforma i raskida izme\u0111u Tita i Staljina; pedesetoj obljetnici studentskih prosvjeda koji su 1968. godine pogodili Europu, a svoj su odraz imali i u onda\u0161njoj Jugoslaviji; desetoj obljetnici Desni\u010dinih susreta, niza znanstvenih konferencija posve\u0107enih na\u0161em istaknutom knji\u017eevniku Vladanu Desnici, na kojima sudjeluju brojni hrvatski i srpski povjesni\u010dari, povjesni\u010dari knji\u017eevnosti i drugi humanisti\u010dki stru\u010dnjaci te\u00a0desetoj obljetnici Modru\u0161kog zbornika, publikacije posve\u0107ene povijesti i kulturi Like i Gorskog kotara.<\/p>\n<p>Tu su i okrugli stolovi koji nemaju obljetni\u010dki karakter, ali pokrivaju va\u017eu i zanimljivu problematiku: <strong>o pitanju monopola nad povijesnom istinom<\/strong>, \u0161to je jedno od temeljnih pitanja na\u0161e struke, o muzejskoj gra\u0111i kao povijesnom izvoru ili pak o stanju egiptolo\u0161kih istra\u017eivanja u Hrvatskoj \u2013 tijekom potonjeg okruglog stola imat \u0107ete prilike poslu\u0161ati predavanje o paleoradiolo\u0161kim istra\u017eivanjima zagreba\u010dkih mumija i vidjeti knjigu Staroegipatska civilizacija odnosno \u010duti o projektu Croato-Aegyptica.<\/p>\n<p>Na\u00a0Kliofestu\u00a0ove godine imamo i dvadesetak gostiju iz inozemstva, povjesni\u010dara koji se bave hrvatskom i\/ili jugoslavenskom povije\u0161\u0107u \u2013 tako \u0107ete imati prilike \u010duti o tom \u0161to se radi i objavljuje u\u00a0<strong>Udru\u017eenju za modernu historiju u Sarajevu<\/strong>\u00a0ili pak na srednjoeuropskom projektu Integrirana selja\u010dka ekonomija. S nama je i pove\u0107a grupa \u010de\u0161kih povjesni\u010dara na \u010delu s profesorima\u00a0<strong>Janom Pelik\u00e1nom\u00a0<\/strong>i\u00a0<strong>V\u00e1clavom \u0160t\u011bpanekom<\/strong>, s kojima \u0107emo razgovarati o uistinu obilnoj produkciji radova o hrvatskim i jugoslavenskim temama, a mo\u0107i \u0107ete prisustvovati i promocijama nekoliko \u010de\u0161kih knjiga. Do\u0107i \u0107e nam i jedna od najistaknutijih srpskih povjesni\u010darki,\u00a0<strong>Latinka Perovi\u0107<\/strong>, koja \u0107e govoriti o knjizi &#8220;Jugoslavija u istorijskoj perspektivi&#8221;,\u00a0\u0161to je iza\u0161la u izdanju Helsin\u0161koga odbora za ljudska prava u Srbiji, pa \u0107e s nama biti i njegova predsjednica\u00a0<strong>Sonja Biserko<\/strong>.<\/p>\n<p>Na Kliofestu \u0107e biti predstavljeno vi\u0161e od dvadeset knjiga razli\u010ditih izdava\u010da, od\u00a0<strong>Budakove\u00a0<\/strong>&#8220;Hrvatske povijesti od 550. do 1100.&#8221; i &#8220;Leksikona hrvatskog srednjovjekovlja&#8221; koji su uredili akademik<strong>\u00a0\u0160anjek <\/strong>i<strong> B. Grbavac\u00a0<\/strong>do knjige posve\u0107ene istaknutome hrvatskom povjesni\u010daru\u00a0Ljubi Bobanu\u00a0odnosno &#8220;Sje\u0107anje i suvremenost. Ogledi o novom njema\u010dkom povijesnom romanu&#8221;\u00a0<strong>M. Bobinca<\/strong>.\u00a0Nekoliko je knjiga posve\u0107eno staroj povijesti \u2013\u00a0<strong>Lukijanova\u00a0<\/strong>&#8220;Kako treba pisati povijest&#8221;,\u00a0<strong>Ciceronovi\u00a0<\/strong>&#8220;Govori protiv <strong>Katiline<\/strong>&#8221; ili pak\u00a0<strong>Veynova\u00a0<\/strong>&#8220;Jesu li Grci vjerovali u svoje mitove?&#8221;. Predstavit \u0107e se i knjige o odnosu dijela hrvatskih intelektualaca prema Jugoslaviji u predve\u010derje Drugoga svjetskog rata, o mladima Hrvatske nakon tog rata, kao i o odnosu hrvatskih Srba prema Jugoslaviji. Tu je i nekoliko knjiga koje govore o te\u0161kim vremenima holokausta, odnosno jasenova\u010dkom logoru te o sukobima hrvatskih i srpskih povjesni\u010dara o razli\u010ditim temama novije povijesti. U suradnji s Hrvatskom maticom iseljenika predstavit \u0107emo i dvije va\u017ene knjige koje govore o povijesti i kulturi podunavskih Hrvata.<\/p>\n<p>Ovogodi\u0161nje <strong>izlo\u017ebe <\/strong>koje mo\u017eete razgledati u <strong>holu Nacionalne i sveu\u010dili\u0161ne knji\u017eice<\/strong> govore o\u00a0povijesti zrakoplovstva\u00a0te o tom kako je bilo biti u\u010denik u devetnaestostoljetnoj Hrvatskoj. Drago mi je \u0161to se u na\u0161 festival uklju\u010dila i <strong>\u0160kola primijenjene umjetnosti iz Zagreba<\/strong>\u00a0sa svojom izlo\u017ebom u\u010deni\u010dkih radova o Prvome svjetskom ratu. U auli Hrvatskoga dr\u017eavnog arhiva posjetitelji mogu razgledati izlo\u017ebu naslovljenu \u201eTko su bili ti stra\u0161ni Hrvati?\u201c, koja govori o Hrvatima u Tridesetogodi\u0161njem ratu.&#8221;<\/p>\n<p>Sredi\u0161nje doga\u0111anje na Kliofestu, <strong>dodjela nagrada povjesni\u010darima,<\/strong> odr\u017eat \u0107e se u petak, na<strong>\u00a0Dan povijesti\u00a0<\/strong>kada se diljem Hrvatske odr\u017eavaju okrugli stolovi, tribine, predstavljanja povijesnih knjiga i predavanja na povijesne teme. Ove se godine uklju\u010dilo vi\u0161e od dvadeset gradova i naselja, od Belog Manastira do Zadra (ako \u0107ete abecedom), od Pule do Dubrovnika, od Splita do Jal\u017eabeta kod Vara\u017edina.<\/p>\n<p>&nbsp;<\/p>\n<p>Izvor: <a href=\"https:\/\/www.mvinfo.hr\/clanak\/otvoren-peti-po-redu-festival-povijesti-i-sajam-knjiga-kliofest-2018\">https:\/\/www.mvinfo.hr\/clanak\/otvoren-peti-po-redu-festival-povijesti-i-sajam-knjiga-kliofest-2018<\/a><\/p>\n<p>&nbsp;<\/p>\n<p>&nbsp;<\/p>\n<p>&nbsp;<\/p>\n<p>&nbsp;<\/p>\n","protected":false},"excerpt":{"rendered":"","protected":false},"author":2,"featured_media":9696,"comment_status":"open","ping_status":"open","sticky":false,"template":"","format":"standard","meta":{"_acf_changed":false,"jetpack_post_was_ever_published":false,"_jetpack_newsletter_access":"","_jetpack_dont_email_post_to_subs":false,"_jetpack_newsletter_tier_id":0,"_jetpack_memberships_contains_paywalled_content":false,"_jetpack_memberships_contains_paid_content":false,"footnotes":"","jetpack_publicize_message":"","jetpack_publicize_feature_enabled":true,"jetpack_social_post_already_shared":true,"jetpack_social_options":{"image_generator_settings":{"template":"highway","default_image_id":0,"font":"","enabled":false},"version":2}},"categories":[3],"tags":[],"class_list":["post-9695","post","type-post","status-publish","format-standard","has-post-thumbnail","hentry","category-novosti"],"acf":{"facebook_opis":""},"jetpack_publicize_connections":[],"jetpack_featured_media_url":"https:\/\/i0.wp.com\/historiografija.hr\/wp-content\/uploads\/2018\/05\/Foto-Iva-Perkovic.png?fit=1307%2C871&ssl=1","jetpack_sharing_enabled":true,"jetpack-related-posts":[{"id":52666,"url":"https:\/\/historiografija.hr\/?p=52666","url_meta":{"origin":9695,"position":0},"title":"Najava programa Festivala povijesti Kliofest (5-8. V. 2026)","author":"Branimir Jankovi\u0107","date":"24. travnja 2026.","format":false,"excerpt":"Po trinaesti put odr\u017eava se Festival povijesti Kliofest! Do petka \u0107emo odr\u017eati osam okruglih stolova i dva kolokvija te niz predstavljanja knjiga i projekata razli\u010dite tematike, od antike do suvremenosti. Bit \u0107e predstavljeno i nekoliko izlo\u017ebi te odr\u017ean jedan povijesni kviz. Prikazat \u0107emo i jedan film \u2013 o generalu Boroevi\u0107u.\u2026","rel":"","context":"U &quot;Novosti&quot;","block_context":{"text":"Novosti","link":"https:\/\/historiografija.hr\/?cat=3"},"img":{"alt_text":"","src":"https:\/\/i0.wp.com\/historiografija.hr\/wp-content\/uploads\/2026\/04\/Kliofest-2026.jpg?fit=526%2C526&ssl=1&resize=350%2C200","width":350,"height":200,"srcset":"https:\/\/i0.wp.com\/historiografija.hr\/wp-content\/uploads\/2026\/04\/Kliofest-2026.jpg?fit=526%2C526&ssl=1&resize=350%2C200 1x, https:\/\/i0.wp.com\/historiografija.hr\/wp-content\/uploads\/2026\/04\/Kliofest-2026.jpg?fit=526%2C526&ssl=1&resize=525%2C300 1.5x"},"classes":[]},{"id":52699,"url":"https:\/\/historiografija.hr\/?p=52699","url_meta":{"origin":9695,"position":1},"title":"Sve\u010dano otvaranje Festivala povijesti Kliofest","author":"Filip \u0160imunjak","date":"28. travnja 2026.","format":false,"excerpt":"Pozivamo Vas na sve\u010dano otvaranje XIII. Festivala povijesti Kliofest, u utorak, 5. svibnja 2026. u Nacionalnoj i sveu\u010dili\u0161noj knji\u017enici u Zagrebu, s po\u010detkom u 11 sati. Cijeli program skupa mo\u017eete poglededati na www.kliofest.hr te https:\/\/historiografija.hr\/?p=52681.","rel":"","context":"U &quot;Novosti&quot;","block_context":{"text":"Novosti","link":"https:\/\/historiografija.hr\/?cat=3"},"img":{"alt_text":"","src":"https:\/\/i0.wp.com\/historiografija.hr\/wp-content\/uploads\/2026\/04\/Otvaranje-Kliofest-2026.jpg?fit=1200%2C566&ssl=1&resize=350%2C200","width":350,"height":200,"srcset":"https:\/\/i0.wp.com\/historiografija.hr\/wp-content\/uploads\/2026\/04\/Otvaranje-Kliofest-2026.jpg?fit=1200%2C566&ssl=1&resize=350%2C200 1x, https:\/\/i0.wp.com\/historiografija.hr\/wp-content\/uploads\/2026\/04\/Otvaranje-Kliofest-2026.jpg?fit=1200%2C566&ssl=1&resize=525%2C300 1.5x, https:\/\/i0.wp.com\/historiografija.hr\/wp-content\/uploads\/2026\/04\/Otvaranje-Kliofest-2026.jpg?fit=1200%2C566&ssl=1&resize=700%2C400 2x, https:\/\/i0.wp.com\/historiografija.hr\/wp-content\/uploads\/2026\/04\/Otvaranje-Kliofest-2026.jpg?fit=1200%2C566&ssl=1&resize=1050%2C600 3x"},"classes":[]},{"id":52704,"url":"https:\/\/historiografija.hr\/?p=52704","url_meta":{"origin":9695,"position":2},"title":"Predstavljanje knjige &#8220;Vladimir Vasiljevi\u0107: Moji do\u017eivljaji. Dnevni\u010dki zapisi iz Prvoga svjetskog rata i poratnoga vremena&#8221;","author":"Filip \u0160imunjak","date":"29. travnja 2026.","format":false,"excerpt":"Doga\u0111anja ovogodi\u0161njega Festivala povijesti Kliofest zapo\u010dinjemo ve\u0107 i prije samoga slu\u017ebenog otvaranja, predstavljanjem knjige \u201eMoji do\u017eivljaji. Dnevni\u010dki zapisi iz Prvoga svjetskog rata i poratnoga vremena\u201d Vladimira Vasiljevi\u0107a, koju su priredili Karlo Rukavina i Damir Agi\u010di\u0107. Pozivamo Vas na predstavljanje koje \u0107e se odr\u017eati u ponedjeljak 4. svibnja, s po\u010detkom u\u2026","rel":"","context":"U &quot;Knjige&quot;","block_context":{"text":"Knjige","link":"https:\/\/historiografija.hr\/?cat=8"},"img":{"alt_text":"","src":"https:\/\/i0.wp.com\/historiografija.hr\/wp-content\/uploads\/2026\/04\/Naslovna-V.-Vasiljevic.webp?fit=1200%2C600&ssl=1&resize=350%2C200","width":350,"height":200,"srcset":"https:\/\/i0.wp.com\/historiografija.hr\/wp-content\/uploads\/2026\/04\/Naslovna-V.-Vasiljevic.webp?fit=1200%2C600&ssl=1&resize=350%2C200 1x, https:\/\/i0.wp.com\/historiografija.hr\/wp-content\/uploads\/2026\/04\/Naslovna-V.-Vasiljevic.webp?fit=1200%2C600&ssl=1&resize=525%2C300 1.5x, https:\/\/i0.wp.com\/historiografija.hr\/wp-content\/uploads\/2026\/04\/Naslovna-V.-Vasiljevic.webp?fit=1200%2C600&ssl=1&resize=700%2C400 2x, https:\/\/i0.wp.com\/historiografija.hr\/wp-content\/uploads\/2026\/04\/Naslovna-V.-Vasiljevic.webp?fit=1200%2C600&ssl=1&resize=1050%2C600 3x"},"classes":[]},{"id":52681,"url":"https:\/\/historiografija.hr\/?p=52681","url_meta":{"origin":9695,"position":3},"title":"XIII. Festival povijesti Kliofest 2026.","author":"Branimir Jankovi\u0107","date":"27. travnja 2026.","format":false,"excerpt":"Trinaesti Festival povijesti Kliofest odr\u017eava se od 5. do 8. svibnja 2026. u Nacionalnoj i sveu\u010dili\u0161noj knji\u017enici u Zagrebu, kao i na nekoliko drugih lokacija u gradu. Cjelokupni program nalazi se u programskoj knji\u017eici u nastavku. Kliofest 2026 - ProgramPreuzmi","rel":"","context":"U &quot;Prikazi i osvrti&quot;","block_context":{"text":"Prikazi i osvrti","link":"https:\/\/historiografija.hr\/?cat=4"},"img":{"alt_text":"","src":"","width":0,"height":0},"classes":[]},{"id":52712,"url":"https:\/\/historiografija.hr\/?p=52712","url_meta":{"origin":9695,"position":4},"title":"Okrugli stol &#8220;Proslava 1100 godina Hrvatskoga Kraljevstva \u2013 kako danas gledamo na hrvatski rani srednji vijek?&#8221;","author":"Filip \u0160imunjak","date":"29. travnja 2026.","format":false,"excerpt":"Godinu iza nas obilje\u017eile su brojne manifestacije posve\u0107ene 1100. obljetnici Hrvatskoga Kraljevstva, koje su privukle veliku pozornost javnosti i medija, pa tako i na\u0161ega portala. Nastavljaju\u0107i se na taj niz, pozivamo Vas na okrugli stol \u201eProslava 1100 godina Hrvatskoga Kraljevstva \u2013 kako danas gledamo na hrvatski rani srednji vijek?\u201d, koji\u2026","rel":"","context":"U &quot;Novosti&quot;","block_context":{"text":"Novosti","link":"https:\/\/historiografija.hr\/?cat=3"},"img":{"alt_text":"","src":"https:\/\/i0.wp.com\/historiografija.hr\/wp-content\/uploads\/2026\/04\/Kliofest-01-utorak-I-01-OS-1100-godina.jpg?fit=1200%2C566&ssl=1&resize=350%2C200","width":350,"height":200,"srcset":"https:\/\/i0.wp.com\/historiografija.hr\/wp-content\/uploads\/2026\/04\/Kliofest-01-utorak-I-01-OS-1100-godina.jpg?fit=1200%2C566&ssl=1&resize=350%2C200 1x, https:\/\/i0.wp.com\/historiografija.hr\/wp-content\/uploads\/2026\/04\/Kliofest-01-utorak-I-01-OS-1100-godina.jpg?fit=1200%2C566&ssl=1&resize=525%2C300 1.5x, https:\/\/i0.wp.com\/historiografija.hr\/wp-content\/uploads\/2026\/04\/Kliofest-01-utorak-I-01-OS-1100-godina.jpg?fit=1200%2C566&ssl=1&resize=700%2C400 2x, https:\/\/i0.wp.com\/historiografija.hr\/wp-content\/uploads\/2026\/04\/Kliofest-01-utorak-I-01-OS-1100-godina.jpg?fit=1200%2C566&ssl=1&resize=1050%2C600 3x"},"classes":[]},{"id":52539,"url":"https:\/\/historiografija.hr\/?p=52539","url_meta":{"origin":9695,"position":5},"title":"Drugi po redu studentski simpozij &#8220;In fonte veritas&#8221;","author":"Branimir Jankovi\u0107","date":"20. travnja 2026.","format":false,"excerpt":"U srijedu, 22. travnja 2026. godine, u dvorani C 0.4 na Hrvatskom katoli\u010dkom sveu\u010dili\u0161tu odr\u017eat \u0107e se drugi studentski simpozij \u201eIn fonte veritas\". Ovogodi\u0161nja sredi\u0161nja tema simpozija je Papinstvo. Kroz istra\u017eiva\u010dko suo\u010davanje s povijesnim izvorima deset \u0107e studenata predstaviti rezultate svojih istra\u017eivanja o instituciji koja je stolje\u0107ima oblikovala europsku i\u2026","rel":"","context":"U &quot;Novosti&quot;","block_context":{"text":"Novosti","link":"https:\/\/historiografija.hr\/?cat=3"},"img":{"alt_text":"","src":"https:\/\/i0.wp.com\/historiografija.hr\/wp-content\/uploads\/2026\/04\/Papinstvo.png?fit=1024%2C500&ssl=1&resize=350%2C200","width":350,"height":200,"srcset":"https:\/\/i0.wp.com\/historiografija.hr\/wp-content\/uploads\/2026\/04\/Papinstvo.png?fit=1024%2C500&ssl=1&resize=350%2C200 1x, https:\/\/i0.wp.com\/historiografija.hr\/wp-content\/uploads\/2026\/04\/Papinstvo.png?fit=1024%2C500&ssl=1&resize=525%2C300 1.5x, https:\/\/i0.wp.com\/historiografija.hr\/wp-content\/uploads\/2026\/04\/Papinstvo.png?fit=1024%2C500&ssl=1&resize=700%2C400 2x"},"classes":[]}],"_links":{"self":[{"href":"https:\/\/historiografija.hr\/index.php?rest_route=\/wp\/v2\/posts\/9695","targetHints":{"allow":["GET"]}}],"collection":[{"href":"https:\/\/historiografija.hr\/index.php?rest_route=\/wp\/v2\/posts"}],"about":[{"href":"https:\/\/historiografija.hr\/index.php?rest_route=\/wp\/v2\/types\/post"}],"author":[{"embeddable":true,"href":"https:\/\/historiografija.hr\/index.php?rest_route=\/wp\/v2\/users\/2"}],"replies":[{"embeddable":true,"href":"https:\/\/historiografija.hr\/index.php?rest_route=%2Fwp%2Fv2%2Fcomments&post=9695"}],"version-history":[{"count":1,"href":"https:\/\/historiografija.hr\/index.php?rest_route=\/wp\/v2\/posts\/9695\/revisions"}],"predecessor-version":[{"id":9697,"href":"https:\/\/historiografija.hr\/index.php?rest_route=\/wp\/v2\/posts\/9695\/revisions\/9697"}],"wp:featuredmedia":[{"embeddable":true,"href":"https:\/\/historiografija.hr\/index.php?rest_route=\/wp\/v2\/media\/9696"}],"wp:attachment":[{"href":"https:\/\/historiografija.hr\/index.php?rest_route=%2Fwp%2Fv2%2Fmedia&parent=9695"}],"wp:term":[{"taxonomy":"category","embeddable":true,"href":"https:\/\/historiografija.hr\/index.php?rest_route=%2Fwp%2Fv2%2Fcategories&post=9695"},{"taxonomy":"post_tag","embeddable":true,"href":"https:\/\/historiografija.hr\/index.php?rest_route=%2Fwp%2Fv2%2Ftags&post=9695"}],"curies":[{"name":"wp","href":"https:\/\/api.w.org\/{rel}","templated":true}]}}