{"id":9656,"date":"2018-05-07T08:14:03","date_gmt":"2018-05-07T08:14:03","guid":{"rendered":"http:\/\/historiografija.hr\/?p=9656"},"modified":"2018-05-07T08:14:03","modified_gmt":"2018-05-07T08:14:03","slug":"igor-krnjeta-prikaz-knjige-timothy-snyder-o-tiraniji-dvadeset-lekcija-20-stoljeca-2017","status":"publish","type":"post","link":"https:\/\/historiografija.hr\/?p=9656","title":{"rendered":"Igor Krnjeta &#8211; prikaz knjige &#8211; Timothy Snyder, &#8220;O tiraniji: dvadeset lekcija 20. stolje\u0107a&#8221;, 2017."},"content":{"rendered":"<p><strong>\u00a0<\/strong><\/p>\n<p><strong>Timothy Snyder, <em>O tiraniji: dvadeset lekcija 20. stolje\u0107a<\/em>, preveo s engleskog Damir Bili\u010di\u0107, Naklada Ljevak, Zagreb 2017.<\/strong><\/p>\n<p>&nbsp;<\/p>\n<p>&nbsp;<\/p>\n<p>Kada je Friedrich Nietzsche u predgovoru <em>O koristi i \u0161teti historije za \u017eivot<\/em> konstatirao (pritom parafraziraju\u0107i i intelektualno se naslanjaju\u0107i na Goetheov citat o mrskom karakteru znanja) da je \u010dovje\u010danstvu nu\u017ena ona varijanta historije koja \u0107e mu biti potrebna za \u017eivot i djelovanje, o\u010digledno je smatrao i aludirao na to da je jedna od va\u017enih stavki izu\u010davanja pro\u0161losti, izuzev njenog prou\u010davanja isklju\u010divo zbog znanja kao takvog, i ona pou\u010dnog karaktera koja \u0107e nam pomo\u0107i da uo\u010dimo ponavljanje pojedinih obrazaca u povijesnim procesima.<\/p>\n<p>&nbsp;<\/p>\n<p>&nbsp;<\/p>\n<p>Naslanjaju\u0107i se na tu nit vodilju, u jesen 2017. Naklada Ljevak objavila je hrvatski prijevod iznimno va\u017enog i nadasve korisnog naslova na koji bi vjerojatno i veliki gorespomenuti filozof zadovoljno gledao. Rije\u010d je o djelu <em>O tiraniji: dvadeset lekcija 20. stolje\u0107a<\/em> ameri\u010dkog povjesni\u010dara Timothyja Snydera (ro\u0111en 1969.), \u010dija su ranija djela tako\u0111er imala iznimno pou\u010dan karakter jer su perspektive i interpretacije koje su bile izno\u0161ene u njima svakako potpadale u povijesni revizionizam najbolje vrste te su kao takve slu\u017eile kao izvrstan poligon za daljnje razmi\u0161ljanje o implikacijama pojedinih povijesnih doga\u0111aja na moderni svijet. Tako je u djelu <em>Bloodlands: Europe between Hitler and Stalin <\/em>Snyder podsjetio na zanemarenu \u010dinjenicu da je ve\u0107ina \u017ertava Holokausta stradala u masovnim ubijanjima van logora smrti, dok je u <em>Black Earth: The Holocaust as History and Warning<\/em> detektirao da je jedan od glavnih razloga za izbijanje holokausta bio onaj ekolo\u0161kog tipa, to\u010dnije da je katalizator koji je ozna\u010dio po\u010detak ubijanja bio vezan za potencijalnu manjkavost hrane za njema\u010dke gra\u0111ane.<\/p>\n<p>&nbsp;<\/p>\n<p>&nbsp;<\/p>\n<p>Djelo <em>O tiraniji: dvadeset lekcija 20. stolje\u0107a<\/em> podijeljeno je u prolog, epilog te dvadeset kra\u0107ih odjeljaka od kojih se svaki sastoji od kratkog poja\u0161njenja naslova svake cjeline koji je koncipiran kao instrukcija, odnosno lekcija, te elaboracije na temelju povijesnog primjera ili politolo\u0161ki nastrojene analize. Te su elaboracije zami\u0161ljene tako da autor preko njih detektira sli\u010dnosti pro\u0161lih pojavnosti vezanih za uspon i vladavinu fa\u0161isti\u010dkih i komunisti\u010dkih re\u017eima sa sli\u010dnim modernim doga\u0111ajima te na taj na\u010din upozori u kojemu smjeru bi trenutne pojavnosti u socio-politi\u010dkom \u017eivotu mogle skrenuti te na koji na\u010din bi svaki odgovoran gra\u0111anin trebao postupati u privatnom i u javnom \u017eivotu. Pritom je nu\u017eno napomenuti da Snyder posebnu pa\u017enju pola\u017ee na trenutnu situaciju u Sjedinjenim Ameri\u010dkim Dr\u017eavama, no knjiga bi sa svojim op\u0107im tonom svakako mogla \u201edati pokoju lekciju\u201c bilo kojem gra\u0111aninu neke od zapadnih demokratskih dr\u017eava.<\/p>\n<p>&nbsp;<\/p>\n<p>&nbsp;<\/p>\n<p>Doti\u010dnih se dvadeset odjeljaka redom doti\u010de sljede\u0107ih tema. Prvo se razla\u017eu problemi opasnosti neupitnog i prijevremenog pokoravanja pojedinaca novoj vlasti i razloga zbog kojih je potrebno braniti institucije kao \u0161to su sindikati ili pojedine novinske ku\u0107e. Potom se pomo\u0107u povijesnog iskustva upozorava na suptilne znakove koji impliciraju na odstranjivanje vi\u0161estrana\u010dja. Zatim se obra\u0111uju problemi grafitiranja simbola ekstremnih politi\u010dkih sustava na javnim povr\u0161inama, zadr\u017eavanja profesionalne etike (pritom nas Snyder podsje\u0107a koliko su stru\u010dna znanja poput birokracije imala va\u017enu ulogu u provo\u0111enju holokausta) te pojave paravojski. Autor dalje isti\u010de da svaki pojedinac koji nosi oru\u017eje svakako treba biti refleksivan te da nikoga ne bi trebalo biti strah isticati se u svojim stajali\u0161tima. U potonjem odjeljku se nagla\u0161ava koliku ulogu je konformiranost masa imala u sprovo\u0111enju masovnih zlo\u010dina 20. stolje\u0107a. Nadalje, isti\u010de se va\u017enost njegovanja osobnog vokabulara literaturom i u tom se odjeljku upozorava na opasnost pra\u0107enja <em>mainstream<\/em> vijesti i \u010ditanja internetskih \u010dlanaka. Vezano za internetske izvore znanja, Snyder posve\u0107uje dva odjeljka problemu la\u017enih vijesti i teorija zavjere na internetu te nagla\u0161ava da je usprkos tim izvorima nu\u017eno vjerovati u istinu temeljenu na vlastitoj spoznaji koja je nastala putem istra\u017eivanja. Potom se naredna dva dijela posve\u0107uju stvaranju osobnih veza i poznanstava i na koji na\u010din takav neelektroni\u010dki posredovan tip poznanstva poma\u017ee u ostvarivanju politi\u010dkih ciljeva putem \u201ekorporealne\u201c politike, odnosno prosvjedovanjem i fizi\u010dkim otporom. \u0160to se ti\u010de privatnog \u017eivota, njemu Snyder tako\u0111er posve\u0107uje nekoliko stavki knjige u kojima upozorava na opasnost izlaganja privatnog \u017eivota na internetu, poziva na doniranje dobrim ciljevima te na razmjenu podataka, ideja i znanja s kolegama. Naposljetku, Snyder upozorava na pove\u0107anu pa\u017enju prilikom pojave \u201eopasnih rije\u010di\u201c (kao \u0161to su ekstremizam, iznimka itd.), poziva na smirenost prilikom teroristi\u010dkih napada i iskazivanje osobnih stajali\u0161ta o reakciji vladaju\u0107ih organa te u zavr\u0161nim stavkama knjige poziva \u010ditatelje da budu patrioti, a ne nacionalisti (pritom isti\u010du\u0107i razlike) te da budu hrabri.<\/p>\n<p>&nbsp;<\/p>\n<p>&nbsp;<\/p>\n<p>Ton Snyderova djela iznimno podsje\u0107a na ton francuskih politi\u010dki anga\u017eiranih intelektualaca poput Sartrea, Foucaulta i Fanona koji se pozicioniraju kao da iz naroda govore za narod, pritom nazna\u010duju\u0107i koje su opasnosti \u017eivota u modernom svijetu. Snyder se opravdano postavlja kao stru\u010dnjak s autoritetom koji je izvukao lekcije iz predmeta svog prou\u010davanja (\u0161to je dvadesetostoljetna povijest srednje i isto\u010dne Europe) i odlu\u010duje ih diseminirati \u0161to ve\u0107em broju ljudi. U tome je tako\u0111er vidljivo da Snyder iskreno vjeruje u modernu kulturolo\u0161ku paradigmu da bi svaki gra\u0111anin modernog svijeta ujedno trebao biti i kriti\u010dki nastrojen pojedinac, ponajprije orijentiran prema ljudskim pravima koja se odnose na sve ljude bez obzira na religijske, etni\u010dke ili politi\u010dke razlike. Pritom je o\u010digledna autorova nesno\u0161ljivost ne samo spram ameri\u010dkog predsjednika (kojega u djelu ni ne oslovljava imenom), ve\u0107 i spram ruskog vojno-politi\u010dkog djelovanja koje je u zadnje vrijeme pre\u0161lo na diskretnije metode, pritom inkorporiraju\u0107i u svoje taktike i modernu informacijsku tehnologiju, \u0161to je stavka na koju autor posebno upozorava. Va\u017eno je napomenuti da tijekom svog narativa, autor ne upada u bilo kakvu demagogizaciju i hvaljenje odre\u0111enog politi\u010dkog cilja, ve\u0107 pola\u017ee na to da se iz teksta mogu i\u0161\u010ditati pouke i metode namijenjene dobrobiti svakog \u010ditatelja ponaosob. Eventualna zamjerka djelu bi mogla biti ta da u odjeljku u kojemu inzistira na razvoju osobnog vokabulara, tako\u0111er sugerira listu podobnih beletristi\u010dkih naslova za \u010ditanje, \u010dime se stje\u010de dojam da bi i \u010ditatelji mogli postati perceptivni kao i autor ako bi odvojili ne\u0161to vremena da upiju \u010dar tih knjiga.<\/p>\n<p>&nbsp;<\/p>\n<p>&nbsp;<\/p>\n<p>Me\u0111utim, bilo kakve zamjerke djelu tu prestaju zato \u0161to je Snyder o\u010digledno djelo namijenio \u0161iroj javnosti pa je zbog toga izbjegavao leksik koji bi prosje\u010dnom \u010ditatelju mogao biti prekompleksan te se potrudio iznimno slo\u017eene ideje sa\u017eeti i \u0161to je mogu\u0107e konciznije prikazati, \u0161to je \u010din koji svakako treba cijeniti. Tako\u0111er je neke od ideja iz proteklih knjiga (npr. iz <em>Bloodlands<\/em>) ponovio u ovom djelu \u010dime o\u010dito \u017eeli pokazati da mu je stalo do toga da neke od njegovih ideja upiju i ljudi koji ne \u010ditaju historiografska djela. Zaklju\u010dno se mo\u017ee ustvrditi da je velika korist ove knjige, izuzev njene prakti\u010dnosti kao \u201evodi\u010da za opstanak\u201c u modernom svijetu, i ta da mo\u017ee biti korisna za upoznavanje \u0161ire javnosti s trenutnim strujanjima u historijskoj znanosti. Iz svega nazna\u010denog mo\u017ee se i\u0161\u010ditati mi\u0161ljenje autora ovih redaka da je ovo naslov koji je svakako vrijedno pro\u010ditati, djelomi\u010dno zbog njegova nevelikog obujma, no ponajprije kako bi na temelju ove knjige \u010ditatelji uo\u010dili odre\u0111ene obrasce iz pro\u0161losti koji su doveli do nekih od najstra\u0161nijih zlo\u010dina u ljudskoj povijesti te djelovali kako se oni ne bi ponovili.<\/p>\n<p>&nbsp;<\/p>\n<p>Igor Krnjeta<\/p>\n<p>&nbsp;<\/p>\n<hr \/>\n<p>&nbsp;<\/p>\n<p><strong>Napomena:<\/strong> prikaz \u0107e biti objavljen u \u010dasopisu studenata povijesti <em>Pro tempore<\/em> (br. 13, Zagreb 2018).<\/p>\n<p>&nbsp;<\/p>\n<p>&nbsp;<\/p>\n","protected":false},"excerpt":{"rendered":"","protected":false},"author":2,"featured_media":0,"comment_status":"open","ping_status":"open","sticky":false,"template":"","format":"standard","meta":{"_acf_changed":false,"jetpack_post_was_ever_published":false,"_jetpack_newsletter_access":"","_jetpack_dont_email_post_to_subs":false,"_jetpack_newsletter_tier_id":0,"_jetpack_memberships_contains_paywalled_content":false,"_jetpack_memberships_contains_paid_content":false,"footnotes":"","jetpack_publicize_message":"","jetpack_publicize_feature_enabled":true,"jetpack_social_post_already_shared":true,"jetpack_social_options":{"image_generator_settings":{"template":"highway","default_image_id":0,"font":"","enabled":false},"version":2}},"categories":[4],"tags":[],"class_list":["post-9656","post","type-post","status-publish","format-standard","hentry","category-osvrti"],"acf":{"facebook_opis":""},"jetpack_publicize_connections":[],"jetpack_featured_media_url":"","jetpack_sharing_enabled":true,"jetpack-related-posts":[{"id":52502,"url":"https:\/\/historiografija.hr\/?p=52502","url_meta":{"origin":9656,"position":0},"title":"Novi znanstveni projekt Hrvatskog instituta za povijest: \u201c\u017drtve ratova i dr\u017eavnog\/politi\u010dkog nasilja u hrvatskoj povijesti 20. stolje\u0107a\u201d","author":"Branimir Jankovi\u0107","date":"17. travnja 2026.","format":false,"excerpt":"Na redovitoj sjednici Vlade RH, 16. travnja 2026., donijet je Zaklju\u010dak kojim se pokre\u0107e znanstveni projekt \u201c\u017drtve ratova i dr\u017eavnog\/politi\u010dkog nasilja u hrvatskoj povijesti 20. stolje\u0107a\u201d. Projekt \u0107e provoditi i koordinirati Hrvatski institut za povijest u razdoblju trajanja projekta od pet godina. Zakljucak Vlade RH Iz teksta projektnog prijedloga: Problematika\u2026","rel":"","context":"U &quot;Novosti&quot;","block_context":{"text":"Novosti","link":"https:\/\/historiografija.hr\/?cat=3"},"img":{"alt_text":"","src":"https:\/\/i0.wp.com\/historiografija.hr\/wp-content\/uploads\/2026\/04\/Vlada-RH.jpg?fit=1200%2C557&ssl=1&resize=350%2C200","width":350,"height":200,"srcset":"https:\/\/i0.wp.com\/historiografija.hr\/wp-content\/uploads\/2026\/04\/Vlada-RH.jpg?fit=1200%2C557&ssl=1&resize=350%2C200 1x, https:\/\/i0.wp.com\/historiografija.hr\/wp-content\/uploads\/2026\/04\/Vlada-RH.jpg?fit=1200%2C557&ssl=1&resize=525%2C300 1.5x, https:\/\/i0.wp.com\/historiografija.hr\/wp-content\/uploads\/2026\/04\/Vlada-RH.jpg?fit=1200%2C557&ssl=1&resize=700%2C400 2x, https:\/\/i0.wp.com\/historiografija.hr\/wp-content\/uploads\/2026\/04\/Vlada-RH.jpg?fit=1200%2C557&ssl=1&resize=1050%2C600 3x"},"classes":[]},{"id":52539,"url":"https:\/\/historiografija.hr\/?p=52539","url_meta":{"origin":9656,"position":1},"title":"Drugi po redu studentski simpozij &#8220;In fonte veritas&#8221;","author":"Branimir Jankovi\u0107","date":"20. travnja 2026.","format":false,"excerpt":"U srijedu, 22. travnja 2026. godine, u dvorani C 0.4 na Hrvatskom katoli\u010dkom sveu\u010dili\u0161tu odr\u017eat \u0107e se drugi studentski simpozij \u201eIn fonte veritas\". Ovogodi\u0161nja sredi\u0161nja tema simpozija je Papinstvo. Kroz istra\u017eiva\u010dko suo\u010davanje s povijesnim izvorima deset \u0107e studenata predstaviti rezultate svojih istra\u017eivanja o instituciji koja je stolje\u0107ima oblikovala europsku i\u2026","rel":"","context":"U &quot;Novosti&quot;","block_context":{"text":"Novosti","link":"https:\/\/historiografija.hr\/?cat=3"},"img":{"alt_text":"","src":"https:\/\/i0.wp.com\/historiografija.hr\/wp-content\/uploads\/2026\/04\/Papinstvo.png?fit=1024%2C500&ssl=1&resize=350%2C200","width":350,"height":200,"srcset":"https:\/\/i0.wp.com\/historiografija.hr\/wp-content\/uploads\/2026\/04\/Papinstvo.png?fit=1024%2C500&ssl=1&resize=350%2C200 1x, https:\/\/i0.wp.com\/historiografija.hr\/wp-content\/uploads\/2026\/04\/Papinstvo.png?fit=1024%2C500&ssl=1&resize=525%2C300 1.5x, https:\/\/i0.wp.com\/historiografija.hr\/wp-content\/uploads\/2026\/04\/Papinstvo.png?fit=1024%2C500&ssl=1&resize=700%2C400 2x"},"classes":[]},{"id":52499,"url":"https:\/\/historiografija.hr\/?p=52499","url_meta":{"origin":9656,"position":2},"title":"POTPISAN UGOVOR O ZNANSTVENO-ISTRA\u017dIVA\u010cKOJ SURADNJI: PROJEKT \u201eTEMELJI HRVATSKE SAMOSTALNOSTI\u201d","author":"Branimir Jankovi\u0107","date":"17. travnja 2026.","format":false,"excerpt":"Hrvatski institut za povijest, Sveu\u010dili\u0161te obrane i sigurnosti \u201eDr. Franjo Tu\u0111man\u201d, Institut dru\u0161tvenih znanosti Ivo Pilar i Hrvatski dr\u017eavni arhiv\u00a0potpisali su 23. o\u017eujka 2026.\u00a0Ugovor o znanstveno-istra\u017eiva\u010dkoj suradnji s ciljem provedbe projekta \u201eTemelji hrvatske samostalnosti\u201d. Tim projektom obuhva\u0107a se istra\u017eivanje arhivskoga gradiva, priprema znanstvenih publikacija, digitalizacija i javna prezentacija rezultata istra\u017eivanja\u2026","rel":"","context":"U &quot;Novosti&quot;","block_context":{"text":"Novosti","link":"https:\/\/historiografija.hr\/?cat=3"},"img":{"alt_text":"","src":"https:\/\/i0.wp.com\/historiografija.hr\/wp-content\/uploads\/2026\/04\/THS_sporazum.jpg?fit=1200%2C583&ssl=1&resize=350%2C200","width":350,"height":200,"srcset":"https:\/\/i0.wp.com\/historiografija.hr\/wp-content\/uploads\/2026\/04\/THS_sporazum.jpg?fit=1200%2C583&ssl=1&resize=350%2C200 1x, https:\/\/i0.wp.com\/historiografija.hr\/wp-content\/uploads\/2026\/04\/THS_sporazum.jpg?fit=1200%2C583&ssl=1&resize=525%2C300 1.5x, https:\/\/i0.wp.com\/historiografija.hr\/wp-content\/uploads\/2026\/04\/THS_sporazum.jpg?fit=1200%2C583&ssl=1&resize=700%2C400 2x, https:\/\/i0.wp.com\/historiografija.hr\/wp-content\/uploads\/2026\/04\/THS_sporazum.jpg?fit=1200%2C583&ssl=1&resize=1050%2C600 3x"},"classes":[]},{"id":52528,"url":"https:\/\/historiografija.hr\/?p=52528","url_meta":{"origin":9656,"position":3},"title":"[Promocija knjige] Banja Luka u ratu: Etnopolitika i svakodnevica (1990\u20131995) (ActiveLab, YugoLab)","author":"Branimir Jankovi\u0107","date":"17. travnja 2026.","format":false,"excerpt":"Institut za filozofiju i dru\u0161tvenu teoriju i O\u0161tra Nula organizuju promociju knjige Banja Luka u ratu: Etnopolitika i svakodnevica (1990\u20131995) autorke Armine Galija\u0161, koja \u0107e se odr\u017eati 20. aprila 2026. u 12.00 sati u prostorijama Instituta (Kraljice Natalije 45, Beograd). Re\u010d je o prvom nau\u010dno utemeljenom i sistematskom radu koji\u2026","rel":"","context":"U &quot;Novosti&quot;","block_context":{"text":"Novosti","link":"https:\/\/historiografija.hr\/?cat=3"},"img":{"alt_text":"","src":"https:\/\/i0.wp.com\/historiografija.hr\/wp-content\/uploads\/2026\/04\/20-april-RS.jpg?fit=1200%2C675&ssl=1&resize=350%2C200","width":350,"height":200,"srcset":"https:\/\/i0.wp.com\/historiografija.hr\/wp-content\/uploads\/2026\/04\/20-april-RS.jpg?fit=1200%2C675&ssl=1&resize=350%2C200 1x, https:\/\/i0.wp.com\/historiografija.hr\/wp-content\/uploads\/2026\/04\/20-april-RS.jpg?fit=1200%2C675&ssl=1&resize=525%2C300 1.5x, https:\/\/i0.wp.com\/historiografija.hr\/wp-content\/uploads\/2026\/04\/20-april-RS.jpg?fit=1200%2C675&ssl=1&resize=700%2C400 2x, https:\/\/i0.wp.com\/historiografija.hr\/wp-content\/uploads\/2026\/04\/20-april-RS.jpg?fit=1200%2C675&ssl=1&resize=1050%2C600 3x"},"classes":[]},{"id":52508,"url":"https:\/\/historiografija.hr\/?p=52508","url_meta":{"origin":9656,"position":4},"title":"Glazbena radionica \u201eDUGMETARA REVISITED\u201c","author":"Branimir Jankovi\u0107","date":"17. travnja 2026.","format":false,"excerpt":"DUGMETARA REVISITED glazbena radionica vodi: Ana Horvat 13., 20. i 27. travnja, od 18 do 20 sati Radiona, Nova cesta 186 Na tri radioni\u010dka susreta uranjamo u naslje\u0111e Dugmetare, biv\u0161e tvornice dugmadi na Savskoj cesti koja je po\u010detkom 2000-ih igrom slu\u010daja postala \u017eivo, jedinstveno mjesto glazbene proizvodnje. Svoje su probe\u2026","rel":"","context":"U &quot;Novosti&quot;","block_context":{"text":"Novosti","link":"https:\/\/historiografija.hr\/?cat=3"},"img":{"alt_text":"","src":"https:\/\/i0.wp.com\/historiografija.hr\/wp-content\/uploads\/2026\/04\/TRESNJA_TRESTI.jpg?fit=380%2C475&ssl=1&resize=350%2C200","width":350,"height":200},"classes":[]},{"id":52631,"url":"https:\/\/historiografija.hr\/?p=52631","url_meta":{"origin":9656,"position":5},"title":"Predavanje Ivana Tepe\u0161a: Djelovanje hrvatske politi\u010dke emigracije","author":"Branimir Jankovi\u0107","date":"23. travnja 2026.","format":false,"excerpt":"Odjel za me\u0111unarodnu suradnju i iseljeni\u0161tvo Matice hrvatske Predavanje Ivana Tepe\u0161a: Djelovanje hrvatske politi\u010dke emigracije Utorak, 28. travnja 2026. u 18:00 sati, Dvorana Ljudevita Jonkea (Mala dvorana MH), Strossmayerov trg 4, Zagreb dr. sc. Ivan Tepe\u0161, Institut za istra\u017eivanje migracija Hrvatska politi\u010dka emigracija obilje\u017eila je polustoljetnu hrvatsku povijest u drugoj\u2026","rel":"","context":"U &quot;Novosti&quot;","block_context":{"text":"Novosti","link":"https:\/\/historiografija.hr\/?cat=3"},"img":{"alt_text":"","src":"","width":0,"height":0},"classes":[]}],"_links":{"self":[{"href":"https:\/\/historiografija.hr\/index.php?rest_route=\/wp\/v2\/posts\/9656","targetHints":{"allow":["GET"]}}],"collection":[{"href":"https:\/\/historiografija.hr\/index.php?rest_route=\/wp\/v2\/posts"}],"about":[{"href":"https:\/\/historiografija.hr\/index.php?rest_route=\/wp\/v2\/types\/post"}],"author":[{"embeddable":true,"href":"https:\/\/historiografija.hr\/index.php?rest_route=\/wp\/v2\/users\/2"}],"replies":[{"embeddable":true,"href":"https:\/\/historiografija.hr\/index.php?rest_route=%2Fwp%2Fv2%2Fcomments&post=9656"}],"version-history":[{"count":1,"href":"https:\/\/historiografija.hr\/index.php?rest_route=\/wp\/v2\/posts\/9656\/revisions"}],"predecessor-version":[{"id":9657,"href":"https:\/\/historiografija.hr\/index.php?rest_route=\/wp\/v2\/posts\/9656\/revisions\/9657"}],"wp:attachment":[{"href":"https:\/\/historiografija.hr\/index.php?rest_route=%2Fwp%2Fv2%2Fmedia&parent=9656"}],"wp:term":[{"taxonomy":"category","embeddable":true,"href":"https:\/\/historiografija.hr\/index.php?rest_route=%2Fwp%2Fv2%2Fcategories&post=9656"},{"taxonomy":"post_tag","embeddable":true,"href":"https:\/\/historiografija.hr\/index.php?rest_route=%2Fwp%2Fv2%2Ftags&post=9656"}],"curies":[{"name":"wp","href":"https:\/\/api.w.org\/{rel}","templated":true}]}}