{"id":9625,"date":"2018-05-05T20:53:12","date_gmt":"2018-05-05T20:53:12","guid":{"rendered":"http:\/\/historiografija.hr\/?p=9625"},"modified":"2018-05-05T20:54:04","modified_gmt":"2018-05-05T20:54:04","slug":"11-subversive-film-festival","status":"publish","type":"post","link":"https:\/\/historiografija.hr\/?p=9625","title":{"rendered":"11. Subversive Film Festival"},"content":{"rendered":"<p>Od 6. do 14. svibnja u kinima Europa i Tu\u0161kanac te u Muzeju suvremene umjetnosti u Zagrebu odr\u017eat \u0107e se 11. Subversive Film Festival, a od 13. do 23. svibnja 2018. u kinu Europa 11. Subversive Forum.<\/p>\n<p>&nbsp;<\/p>\n<p>&#8212;<\/p>\n<p>&nbsp;<\/p>\n<p>&nbsp;<\/p>\n<p>Od 6. do 14. svibnja u kinima Europa i Tu\u0161kanac, te u Muzeju suvremene umjetnosti odr\u017eat \u0107e se 11. Subversive Film Festival, s vi\u0161e od 50 filmskih naslova i natjecateljskim programom dokumentarnih, igranih i kratkometra\u017enih filmova koji \u0107e se natjecati za nagradu Wild Dreamer.<\/p>\n<p>&nbsp;<\/p>\n<p>&nbsp;<\/p>\n<p>\u201cPoput svih revolucija, uklju\u010duju\u0107i i jubilarnu \u201968, tako i 11. izdanje Subversive Film Festivala postaje teritorij, mjesto i identitet. Zato je na\u0161a vokacija osna\u017eiti razli\u010ditost glasova koji tra\u017ee i \u017eele da ih se \u010duje. Biti zauvijek divlji u srcu. Dr\u017eati se neke vrste \u201ediskontinuiranog kontinuiteta\u201c (oprostite nam na oksimoronu). U\u010dvrstiti ve\u0107 postoje\u0107i programski teren, ali ga i raskr\u010diti nekim novim radikalnim komadima koji \u0107e nas natjerati na punokrvni dijalog. Biti u vje\u010dnom pokretu, na cesti. Ne izolirati se u tvr\u0111avi konvencija, ve\u0107 prihvatiti igru i njezine rizike. Prihvatiti politi\u010dki stav kao mogu\u0107nost zavo\u0111enja i igre otkrivanja. Tragati za onim najodva\u017enijim segmentom (filmskog) u\u017eitka.\u201d \u2013 Dragan Rube\u0161a.<\/p>\n<p>&nbsp;<\/p>\n<p>&nbsp;<\/p>\n<p>Filmski program otvara se u nedjelju, 6. svibnja, u 19 sati u kinu Europa, filmom Lucky u kojem je legenda ameri\u010dkog nezavisnog filma 91-godi\u0161nji Harry Dean Stanton u velikom stilu ostvario svoj posljednji filmski nastup, a u filmu se pojavljuje i David Lynch.<\/p>\n<p>&nbsp;<\/p>\n<p>&nbsp;<\/p>\n<p>Iz natjecateljskog programa izdvajamo marksisti\u010dki mjuzikl Tvornica ni\u010dega (A F\u00e1brica de Nada) Portugalca Pedra Pinhe koji je osvojio nagradu FIPRESCI na pro\u0161logodi\u0161njem Cannesu te jedan od rijetkih filmova iz Dominikanske Republike i pobjednika inovativnog programa Signs of Life presti\u017enog Locarno Film Festivala Cocote Nelsona Carla De Los Santosa Ariasa. Najzna\u010dajnije ime Novog argentinskog filma Lucrecia Martel nakon devetogodi\u0161nje pauze vratila se s kolonijalnom sagom Zama, a tu je i Lutaju\u0107a sapunica (La Telenovela Errante) \u010dileanskog nadrealista Ra\u00fala Ruiza \u010dije je snimke iz 1990. godine nanovo montirala njegova udovica i redateljica Valeria Sarmiento. Niz aktivisti\u010dkih dokumentaraca predvodi Kada do\u0111u svinje Biljane Tutorov o naizgled obi\u010dnoj \u017eeni koja nas svojim primjerom u\u010di kako dru\u0161tvene promjene proizlaze iz svakodnevnih gesta i odgovornosti za druge. Film je prikazan na presti\u017enim svjetskim festivalima poput Vision du R\u00e9el i Hot Docs, a osvojio je i nagradu Europske dokumentarne mre\u017ee (EDN). Prikazat \u0107e se i hvaljeni dugometra\u017eni dokumentarni debi \u0161vicarskog redatelja Nicolasa Wagni\u00e8resa Hotel Jugoslavija koji nas vodi u sablasno puste interijere neko\u0107 najve\u0107eg hotela na Balkanu, za \u010diju se premijeru na Berlinaleu tra\u017eila karta vi\u0161e. Tu su i novi filmovi hvaljenih dokumentaristica Claire Simon i Narimane Mari, a dru\u0161tvo im pravi kultni Abel Ferrara s Piazza Vittorio posvetom migrantskoj raznolikosti koja otkriva njegovu trenuta\u010dnu rimsku adresu.<\/p>\n<p>&nbsp;<\/p>\n<p>&nbsp;<\/p>\n<p>Osim natjecateljskog, i ove godine \u010deka nas bogat popratni program. Paralelno s radikalnim politi\u010dkim promjenama koje su pomele Kubu 1960-ih godina, te u duhu nepokolebljivog suprotstavljanja holivudskoj filmskoj politici i estetici, ro\u0111ena je nova kinematografija unutar koje je dokumentarni film bio klju\u010dan. Retrospektiva Kubanski revolucionarni film koju su organizatori priredili u suradnji s Cinemateca de Cuba u Havani i vrsnim poznavateljem latinoameri\u010dke kinematografije, profesorom Michaelom Chananom, donosi nam presjek kubanskog novog vala, uz filmove strastvenog dokumentarista i tvorca \u201cnervozne monta\u017ee\u201d Santiaga \u00c1lvareza, kao i Manuela Octavija Gomeza, Tom\u00e1sa Guti\u00e9rreza Alee i drugih. U ovogodi\u0161njem Hommageu vidjet \u0107emo estetski i eti\u010dki beskompromisne filmove Jean-Marie Strauba i njegove umjetni\u010dke i \u017eivotne partnerice Dani\u00e8le Huillet, kao i posljednji film iranskog filmskog maestra Abbasa Kiarostamija, eksperimentalnu elegiju 24 kadrova.<\/p>\n<p>&nbsp;<\/p>\n<p>&nbsp;<\/p>\n<p>Uz to Subversive Film Festival u suradnji s Francuskim institutom donosi izlo\u017ebu Au coeur de mai 68 francuskog nezavisnog fotografa Philippea Grasa (1942. \u2013 2007.), koji je sura\u0111ivao s brojnim slavnim umjetnicima i glazbenicima, uklju\u010duju\u0107i i Roberta Wilsona. Grasove crno-bijele fotografije vode nas u sredi\u0161te burnih doga\u0111anja u svibnju 1968. kada su pari\u0161ki studenti mar\u0161irali ulicama i sudjelovali u prosvjedima koji su se \u0161irili diljem Francuske. 50. obljetnica svibnja 1968. obilje\u017eit \u0107e se i filmskim ciklusom Filmozofija koji \u0107e se zaklju\u010diti projekcijom esejisti\u010dkog dokumentarnog filma No Intenso Agora brazilskog sineasta Jo\u00e3oa Moreire Sallesa u suradnji s Multimedijalnim institutom.<\/p>\n<p>&nbsp;<\/p>\n<p>&nbsp;<\/p>\n<p>Dodatan zna\u010daj festivalu pridaje ciklus Kinematografije otpora koji se pokre\u0107e u suradnji s Muzejom suvremene umjestnosti, a u \u010dijem \u0107e se sklopu ugostiti filmske autorice i autori \u010diji opus nastaje na sjeci\u0161tima strategija i praksi suvremene umjetnosti i filma. Ovogodi\u0161nja je go\u0161\u0107a mlada francuska redateljica Maud Alpi, pro\u0161logodi\u0161nja dobitnica nagrade Wild Dreamer za najbolji igrani film Grlo srce trbuh.<\/p>\n<p>&nbsp;<\/p>\n<p>&nbsp;<\/p>\n<p>Cijena ulaznice za projekcije natjecateljskog programa u kinu Europa iznosi 20 kuna, a za ostale projekcije u kinu Europa i Muzeju suvremene umjetnosti ulaz je slobodan. Cijena ulaznice za projekcije u kinu Tu\u0161kanac iznosi 20 kuna.<\/p>\n<p>&nbsp;<\/p>\n<p>&nbsp;<\/p>\n<p>Cijeli program 11. Subversive Film Festivala pogledajte ovdje:<\/p>\n<p>&nbsp;<\/p>\n<p>&nbsp;<\/p>\n<p><strong>Preuzmite program 11. Subversive Film Festivala u PDF formatu<\/strong><\/p>\n<p>&nbsp;<\/p>\n<p>&nbsp;<\/p>\n<p><strong>Preuzmite program 11. Subversive Foruma u PDF formatu<\/strong><\/p>\n<p>&nbsp;<\/p>\n<p>&nbsp;<\/p>\n<blockquote class=\"wp-embedded-content\" data-secret=\"iJdby2t6KO\"><p><a href=\"http:\/\/subversivefestival.com\/raspored\/\">Raspored<\/a><\/p><\/blockquote>\n<p><iframe loading=\"lazy\" class=\"wp-embedded-content\" sandbox=\"allow-scripts\" security=\"restricted\" style=\"position: absolute; clip: rect(1px, 1px, 1px, 1px);\" src=\"http:\/\/subversivefestival.com\/raspored\/embed\/#?secret=iJdby2t6KO\" data-secret=\"iJdby2t6KO\" width=\"600\" height=\"338\" title=\"&#8220;Raspored&#8221; &#8212; 11. Subversive Festival\" frameborder=\"0\" marginwidth=\"0\" marginheight=\"0\" scrolling=\"no\"><\/iframe><\/p>\n<blockquote class=\"wp-embedded-content\" data-secret=\"CDVrpZiZVC\"><p><a href=\"http:\/\/subversivefestival.com\/sf18\/11-subversive-film-festival\/\">11. Subversive Film Festival<\/a><\/p><\/blockquote>\n<p><iframe loading=\"lazy\" class=\"wp-embedded-content\" sandbox=\"allow-scripts\" security=\"restricted\" style=\"position: absolute; clip: rect(1px, 1px, 1px, 1px);\" src=\"http:\/\/subversivefestival.com\/sf18\/11-subversive-film-festival\/embed\/#?secret=CDVrpZiZVC\" data-secret=\"CDVrpZiZVC\" width=\"600\" height=\"338\" title=\"&#8220;11. Subversive Film Festival&#8221; &#8212; 11. Subversive Festival\" frameborder=\"0\" marginwidth=\"0\" marginheight=\"0\" scrolling=\"no\"><\/iframe><\/p>\n","protected":false},"excerpt":{"rendered":"","protected":false},"author":2,"featured_media":9626,"comment_status":"open","ping_status":"open","sticky":false,"template":"","format":"standard","meta":{"_acf_changed":false,"jetpack_post_was_ever_published":false,"_jetpack_newsletter_access":"","_jetpack_dont_email_post_to_subs":false,"_jetpack_newsletter_tier_id":0,"_jetpack_memberships_contains_paywalled_content":false,"_jetpack_memberships_contains_paid_content":false,"footnotes":"","jetpack_publicize_message":"","jetpack_publicize_feature_enabled":true,"jetpack_social_post_already_shared":true,"jetpack_social_options":{"image_generator_settings":{"template":"highway","default_image_id":0,"font":"","enabled":false},"version":2}},"categories":[13,3],"tags":[],"class_list":["post-9625","post","type-post","status-publish","format-standard","has-post-thumbnail","hentry","category-filmovi-i-serije","category-novosti"],"acf":{"facebook_opis":""},"jetpack_publicize_connections":[],"jetpack_featured_media_url":"https:\/\/i0.wp.com\/historiografija.hr\/wp-content\/uploads\/2018\/05\/Subversive-ff.png?fit=752%2C440&ssl=1","jetpack_sharing_enabled":true,"jetpack-related-posts":[{"id":52681,"url":"https:\/\/historiografija.hr\/?p=52681","url_meta":{"origin":9625,"position":0},"title":"XIII. Festival povijesti Kliofest 2026.","author":"Branimir Jankovi\u0107","date":"27. travnja 2026.","format":false,"excerpt":"Trinaesti Festival povijesti Kliofest odr\u017eava se od 5. do 8. svibnja 2026. u Nacionalnoj i sveu\u010dili\u0161noj knji\u017enici u Zagrebu, kao i na nekoliko drugih lokacija u gradu. Cjelokupni program nalazi se u programskoj knji\u017eici u nastavku. Kliofest 2026 - ProgramPreuzmi","rel":"","context":"U &quot;Prikazi i osvrti&quot;","block_context":{"text":"Prikazi i osvrti","link":"https:\/\/historiografija.hr\/?cat=4"},"img":{"alt_text":"","src":"","width":0,"height":0},"classes":[]},{"id":52628,"url":"https:\/\/historiografija.hr\/?p=52628","url_meta":{"origin":9625,"position":1},"title":"Predavanje dopisnog \u010dlana HAZU Alaina Finkielkrauta Izrael, Europa, antisemitizam","author":"Branimir Jankovi\u0107","date":"23. travnja 2026.","format":false,"excerpt":"Francuski filozof Alain Finkielkraut, redoviti \u010dlan Francuske akademije i dopisni \u010dlan HAZU, odr\u017eat \u0107e predavanje\u00a0Izrael, Europa, antisemitizam u utorak 28. travnja 2026. u 13 sati u Knji\u017enici HAZU,\u00a0Strossmayerov trg 14 u Zagrebu. Uvodne rije\u010di odr\u017eat \u0107e\u00a0akademkinja \u017deljka \u010corak i\u00a0akademik Dra\u017een Katunari\u0107. Predavanje \u0107e se odr\u017eati na francuskom jeziku uz konsekutivno\u2026","rel":"","context":"U &quot;Novosti&quot;","block_context":{"text":"Novosti","link":"https:\/\/historiografija.hr\/?cat=3"},"img":{"alt_text":"","src":"https:\/\/i0.wp.com\/historiografija.hr\/wp-content\/uploads\/2026\/04\/Alain_Finkielkraut.jpg?fit=350%2C407&ssl=1&resize=350%2C200","width":350,"height":200},"classes":[]},{"id":52712,"url":"https:\/\/historiografija.hr\/?p=52712","url_meta":{"origin":9625,"position":2},"title":"Okrugli stol &#8220;Proslava 1100 godina Hrvatskoga Kraljevstva \u2013 kako danas gledamo na hrvatski rani srednji vijek?&#8221;","author":"Filip \u0160imunjak","date":"29. travnja 2026.","format":false,"excerpt":"Godinu iza nas obilje\u017eile su brojne manifestacije posve\u0107ene 1100. obljetnici Hrvatskoga Kraljevstva, koje su privukle veliku pozornost javnosti i medija, pa tako i na\u0161ega portala. Nastavljaju\u0107i se na taj niz, pozivamo Vas na okrugli stol \u201eProslava 1100 godina Hrvatskoga Kraljevstva \u2013 kako danas gledamo na hrvatski rani srednji vijek?\u201d, koji\u2026","rel":"","context":"U &quot;Novosti&quot;","block_context":{"text":"Novosti","link":"https:\/\/historiografija.hr\/?cat=3"},"img":{"alt_text":"","src":"https:\/\/i0.wp.com\/historiografija.hr\/wp-content\/uploads\/2026\/04\/Kliofest-01-utorak-I-01-OS-1100-godina.jpg?fit=1200%2C566&ssl=1&resize=350%2C200","width":350,"height":200,"srcset":"https:\/\/i0.wp.com\/historiografija.hr\/wp-content\/uploads\/2026\/04\/Kliofest-01-utorak-I-01-OS-1100-godina.jpg?fit=1200%2C566&ssl=1&resize=350%2C200 1x, https:\/\/i0.wp.com\/historiografija.hr\/wp-content\/uploads\/2026\/04\/Kliofest-01-utorak-I-01-OS-1100-godina.jpg?fit=1200%2C566&ssl=1&resize=525%2C300 1.5x, https:\/\/i0.wp.com\/historiografija.hr\/wp-content\/uploads\/2026\/04\/Kliofest-01-utorak-I-01-OS-1100-godina.jpg?fit=1200%2C566&ssl=1&resize=700%2C400 2x, https:\/\/i0.wp.com\/historiografija.hr\/wp-content\/uploads\/2026\/04\/Kliofest-01-utorak-I-01-OS-1100-godina.jpg?fit=1200%2C566&ssl=1&resize=1050%2C600 3x"},"classes":[]},{"id":52704,"url":"https:\/\/historiografija.hr\/?p=52704","url_meta":{"origin":9625,"position":3},"title":"Predstavljanje knjige &#8220;Vladimir Vasiljevi\u0107: Moji do\u017eivljaji. Dnevni\u010dki zapisi iz Prvoga svjetskog rata i poratnoga vremena&#8221;","author":"Filip \u0160imunjak","date":"29. travnja 2026.","format":false,"excerpt":"Doga\u0111anja ovogodi\u0161njega Festivala povijesti Kliofest zapo\u010dinjemo ve\u0107 i prije samoga slu\u017ebenog otvaranja, predstavljanjem knjige \u201eMoji do\u017eivljaji. Dnevni\u010dki zapisi iz Prvoga svjetskog rata i poratnoga vremena\u201d Vladimira Vasiljevi\u0107a, koju su priredili Karlo Rukavina i Damir Agi\u010di\u0107. Pozivamo Vas na predstavljanje koje \u0107e se odr\u017eati u ponedjeljak 4. svibnja, s po\u010detkom u\u2026","rel":"","context":"U &quot;Knjige&quot;","block_context":{"text":"Knjige","link":"https:\/\/historiografija.hr\/?cat=8"},"img":{"alt_text":"","src":"https:\/\/i0.wp.com\/historiografija.hr\/wp-content\/uploads\/2026\/04\/Naslovna-V.-Vasiljevic.webp?fit=1200%2C600&ssl=1&resize=350%2C200","width":350,"height":200,"srcset":"https:\/\/i0.wp.com\/historiografija.hr\/wp-content\/uploads\/2026\/04\/Naslovna-V.-Vasiljevic.webp?fit=1200%2C600&ssl=1&resize=350%2C200 1x, https:\/\/i0.wp.com\/historiografija.hr\/wp-content\/uploads\/2026\/04\/Naslovna-V.-Vasiljevic.webp?fit=1200%2C600&ssl=1&resize=525%2C300 1.5x, https:\/\/i0.wp.com\/historiografija.hr\/wp-content\/uploads\/2026\/04\/Naslovna-V.-Vasiljevic.webp?fit=1200%2C600&ssl=1&resize=700%2C400 2x, https:\/\/i0.wp.com\/historiografija.hr\/wp-content\/uploads\/2026\/04\/Naslovna-V.-Vasiljevic.webp?fit=1200%2C600&ssl=1&resize=1050%2C600 3x"},"classes":[]},{"id":52578,"url":"https:\/\/historiografija.hr\/?p=52578","url_meta":{"origin":9625,"position":4},"title":"Poziv za sudjelovanje: XXII. Dani Julija Bene\u0161i\u0107a u Iloku","author":"Branimir Jankovi\u0107","date":"21. travnja 2026.","format":false,"excerpt":"Zavod za lingvisti\u010dka istra\u017eivanja Hrvatske akademije znanosti i umjetnosti, zajedno s Muzejom grada Iloka, organizira XXII. Dane Julija Bene\u0161i\u0107a, koji \u0107e se odr\u017eati od 28. do 30. listopada 2026. u Iloku.\u00a0Teme ovogodi\u0161njih Dana podijeljene su u dvije cjeline: Knji\u017eevno-jezikoslovni d\u00ecv\u0101n s Bene\u0161i\u0107em te Ilok i Srijem u povijesnim stalnicama i\u2026","rel":"","context":"U &quot;Novosti&quot;","block_context":{"text":"Novosti","link":"https:\/\/historiografija.hr\/?cat=3"},"img":{"alt_text":"","src":"https:\/\/i0.wp.com\/historiografija.hr\/wp-content\/uploads\/2019\/10\/HE2_Benesic.jpg?fit=413%2C591&ssl=1&resize=350%2C200","width":350,"height":200},"classes":[]},{"id":52573,"url":"https:\/\/historiografija.hr\/?p=52573","url_meta":{"origin":9625,"position":5},"title":"Znanstvena konferencija &#8220;Filozofija odgoja: povijest, praksa, perspektive&#8221;","author":"Branimir Jankovi\u0107","date":"21. travnja 2026.","format":false,"excerpt":"Znanstvena konferencija \"Filozofija odgoja: povijest, praksa, perspektive\" odr\u017eat \u0107e se 23. i 24. travnja 2026. u Konferencijskoj dvorani Knji\u017enice Filozofskog fakulteta u Zagrebu (2. kat).\u00a0Konferencija je organizirana u okviru projekta\u00a0SUMKOS (voditeljica prof. dr. sc. Ivana Zagorac, financiran\u00a0sredstvima NextGenerationEU), uz potporu Odsjeka za filozofiju.\u00a0 Uz izlaga\u010dki dio, konferencija obuhva\u0107a i izlo\u017ebu\u2026","rel":"","context":"U &quot;Novosti&quot;","block_context":{"text":"Novosti","link":"https:\/\/historiografija.hr\/?cat=3"},"img":{"alt_text":"","src":"","width":0,"height":0},"classes":[]}],"_links":{"self":[{"href":"https:\/\/historiografija.hr\/index.php?rest_route=\/wp\/v2\/posts\/9625","targetHints":{"allow":["GET"]}}],"collection":[{"href":"https:\/\/historiografija.hr\/index.php?rest_route=\/wp\/v2\/posts"}],"about":[{"href":"https:\/\/historiografija.hr\/index.php?rest_route=\/wp\/v2\/types\/post"}],"author":[{"embeddable":true,"href":"https:\/\/historiografija.hr\/index.php?rest_route=\/wp\/v2\/users\/2"}],"replies":[{"embeddable":true,"href":"https:\/\/historiografija.hr\/index.php?rest_route=%2Fwp%2Fv2%2Fcomments&post=9625"}],"version-history":[{"count":2,"href":"https:\/\/historiografija.hr\/index.php?rest_route=\/wp\/v2\/posts\/9625\/revisions"}],"predecessor-version":[{"id":9628,"href":"https:\/\/historiografija.hr\/index.php?rest_route=\/wp\/v2\/posts\/9625\/revisions\/9628"}],"wp:featuredmedia":[{"embeddable":true,"href":"https:\/\/historiografija.hr\/index.php?rest_route=\/wp\/v2\/media\/9626"}],"wp:attachment":[{"href":"https:\/\/historiografija.hr\/index.php?rest_route=%2Fwp%2Fv2%2Fmedia&parent=9625"}],"wp:term":[{"taxonomy":"category","embeddable":true,"href":"https:\/\/historiografija.hr\/index.php?rest_route=%2Fwp%2Fv2%2Fcategories&post=9625"},{"taxonomy":"post_tag","embeddable":true,"href":"https:\/\/historiografija.hr\/index.php?rest_route=%2Fwp%2Fv2%2Ftags&post=9625"}],"curies":[{"name":"wp","href":"https:\/\/api.w.org\/{rel}","templated":true}]}}