{"id":9612,"date":"2018-05-04T16:12:42","date_gmt":"2018-05-04T16:12:42","guid":{"rendered":"http:\/\/historiografija.hr\/?p=9612"},"modified":"2018-05-04T16:12:42","modified_gmt":"2018-05-04T16:12:42","slug":"walter-benjamin-berlinsko-djetinjstvo-devetstote-posljednja-verzija-jednosmjerna-ulica","status":"publish","type":"post","link":"https:\/\/historiografija.hr\/?p=9612","title":{"rendered":"Walter Benjamin, \u201eBerlinsko djetinjstvo devetstote: posljednja verzija; Jednosmjerna ulica\u201c"},"content":{"rendered":"<p>Izdava\u010d Antibarbarus objavio je 2017. godine knjigu Waltera Benjamina \u201eBerlinsko djetinjstvo devetstote: posljednja verzija; Jednosmjerna ulica\u201c koju je prevela i priredila Snje\u0161ka Kne\u017eevi\u0107.<\/p>\n<p>&nbsp;<\/p>\n<p>&#8212;<\/p>\n<p>&nbsp;<\/p>\n<p>Walter Benjamin<\/p>\n<p><strong>Berlinsko djetinjstvo devetstote : posljednja verzija ; Jednosmjerna ulica<\/strong><\/p>\n<p>Nakladnik: Izdanja Antibarbarus<\/p>\n<p>Prijevod: Snje\u0161ka Kne\u017eevi\u0107<\/p>\n<p>11\/2017.<\/p>\n<p>262 str.<\/p>\n<p>&nbsp;<\/p>\n<p>&nbsp;<\/p>\n<p>&#8220;Berlinsko djetinjstvo devetstotih&#8221; i &#8220;Jednosmjerna ulica&#8221; najpoznatija su prozna djela Waltera Benjamina: prvo pripada najljep\u0161im autobiografskim tekstovima dvadesetoga stolje\u0107a i smatra se klju\u010dnim tekstom moderne, drugo je jedinstveno svjedo\u010danstvo literarno-politi\u010dkog avangardizma i jedini primjer knji\u017eevnog nadrealizma na njema\u010dkom jeziku.<\/p>\n<p>&nbsp;<\/p>\n<p>&nbsp;<\/p>\n<p>&#8220;Jednosmjerna ulica&#8221; prvo je (i jedino) Benjaminovo literarno djelo objavljeno za \u017eivota, nastalo u doba njegova okreta prema marksizmu i dijalekti\u010dkom materijalizmu. Pojedine fragmente Benjamin je od 1925. do 1927. objavljivao u novinama, da bi 1928. integralnu verziju objavio Ernst Rowohlt u Berlinu, koji je iste godine izdao i traktat Porijeklo njema\u010dke gra\u0111anske tragedije (Ursprung des deutschen Trauerspiels), koji je Benjamin 1925. podnio Sveu\u010dili\u0161tu u Frankfurtu kao habilitacijski rad \u2013 bez uspjeha.<\/p>\n<p>&nbsp;<\/p>\n<p>&nbsp;<\/p>\n<p>&#8220;Berlinsko djetinjstvo&#8221; nastajalo je po\u010detkom 1930-ih u druk\u010dijim prilikama i izmijenjenu autorovu raspolo\u017eenju: naime, od sredine 1933. Benjamin vi\u0161e nije mogao objavljivati pod svojim imenom u Njema\u010dkoj, osim u \u0160vicarskoj, a i tamo tek neko vrijeme. Theodor W. Adorno izabrao je Berlinsko djetinjstvo devetstotih kao prvo Benjaminovo djelo koje \u0107e objaviti nakon drugog svjetskog rata i svog povratka iz egzila: 1950. kod Suhrkampa, dok je Jednosmjerna ulica objavljena 1955. godine. Otada je i jedno i drugo do\u017eivjelo niz izdanja: Berlinsko djetinjstvo najvi\u0161e od svih Benjaminovih djela. Razlog\u00a0 potonjem nije samo vrijednost i va\u017enost te proze nego i njezina zamr\u0161ena, jo\u0161 i danas upitno obja\u0161njena geneza. Utvr\u0111eno je nekoliko verzija, pisanih rukom i strojem.<\/p>\n<p>&nbsp;<\/p>\n<p>&nbsp;<\/p>\n<p>&nbsp;<\/p>\n<p>Svojim djetinjstvom Benjamin se literarno po\u010deo baviti 1931., kad je s \u010dasopisom Literarische Welt dogovorio da \u0107e kvartalno slati 200-300 redaka planiranog rukopisa Berliner Chronik (Berlinska kronika). Pisati je po\u010deo za svog prvog boravka na Ibizi u travnju 1932. i ustrajao do srpnja, kad u depresivnom raspolo\u017eenju odlazi u Nicu i u o\u010dekivanju preuzimanja vlasti nacionalisocijalista u Njema\u010dkoj razmi\u0161lja o samoubojstvu.<\/p>\n<p>&nbsp;<\/p>\n<p>&nbsp;<\/p>\n<p>Kad je po\u010deo prizivati slike svog djetinjstva, Benjamin je ve\u0107 bio apatrid, bez doma i domovine \u2013 ne svojom voljom ili odlukom, nego prisilom i ugro\u017een. U uvodu verzije &#8220;Djetinjstva&#8221; iz 1938. precizno i kratko, nimalo sentimentalno iznosi osje\u0107aje izazvane zazivanjem tih slika: nostalgiju, strepnju da\u00a0 one \u201epredoblikuju kasnije povijesno iskustvo\u201c i \u010de\u017enju za \u201eskrovitosti \u0161to ju je u\u017eivao u svom djetinjstvu\u201c, a tada je nema. Bol za izgubljenim i svijest o njegovoj nepovrativosti kao da anticipiraju ono \u0161to nije do\u017eivio: kaoti\u010dnu hrpu ru\u0161evina u koju se pretvorio grad njegova djetinjstva slomom nacizma, koja se gotovo doima kao alegorija uni\u0161tenja jedne \u017eivotne forme.<\/p>\n<p>&nbsp;<\/p>\n<p>&nbsp;<\/p>\n<p>Izmje\u0161tenost kao sudbina navijestila mu se jo\u0161 1925. kad ga je frankfurtsko sveu\u010dili\u0161te odbilo, a premje\u0161tanje s mjesta na mjesto postat \u0107e trajnost. Jo\u0161 potkraj 1920-ih Benjamin zalazi u roditeljsku rezidenciju u Delbr\u00fcckstra\u00dfe 23 i tumara labirintima prostranog parka kao stranac u gradu i vremenu sada\u0161njem, u potrazi za popri\u0161tima svog djetinjstva i kao prispodobu za tegobno prisje\u0107anje uvodi lik \u201eovda\u0161njeg starosjedioca\u201c, zapravo, alter ega (Tiergarten). No po\u010detkom 1930-ih preostaju tek uto\u010di\u0161ta, a sje\u0107anje postaje jedinim pribje\u017ei\u0161tem.<\/p>\n<p>&nbsp;<\/p>\n<p>&nbsp;<\/p>\n<p>Zazivanje sje\u0107anja Benjamin uspore\u0111uje s arheologijom. Sje\u0107anje je, ka\u017ee u Berlinskoj kronici, \u201emedij do\u017eivljenoga, kao \u0161to je zemlja medij, u kojem su pokopani stari gradovi. Tko se \u017eeli pribli\u017eiti vlastitoj zakopanoj pro\u0161losti, mora se pona\u0161ati kao \u010dovjek koji kopa.\u201c Kopati pak treba na istome mjestu, jer ono daje vi\u0161e. Na mjestu je zakopano vi\u0161e nego \u0161to se sje\u0107amo, ono sadr\u017ei slojeve. No \u0161to \u0107e se prona\u0107i, uvijek su dijelovi i torza. Cjelina je nedohvatljiva i nedoku\u010diva, slika nepotpuna, naj\u010de\u0161\u0107e nepovezane krhotine.<\/p>\n<p>&nbsp;<\/p>\n<p>&nbsp;<\/p>\n<p>\u201ePrebivao sam kao meku\u0161ac u \u0161koljci devetnaestog stolje\u0107a, koja sada \u0161uplja, kao da je prazna le\u017ei preda mnom. Prislanjam uho na nju. \u0160to \u010dujem? Ne \u010dujem buku poljskih topova ili Offenbachovu plesnu muziku, ni konjski topot na oplo\u010denu tlu ili fanfare vojne parade. Ne, \u010dujem \u0161tropot antracita kad iz limenih cijevi pada u visoku pe\u0107, tupi prasak kojim se upali plinski \u017ei\u017eak i cilik zvona svjetiljke na mjedenom obru\u010du kad ulicom prolazi vozilo. I druge \u0161umove \u010dujem, kao zveckanje ko\u0161arice s klju\u010devima, oba zvona na prednjem i stra\u017enjem stubi\u0161tu.\u201e (Prijelen\/Mummerehlen).<\/p>\n<p>&nbsp;<\/p>\n<p>&nbsp;<\/p>\n<p>Osim fragmentacije dominantni pojam poetike sje\u0107anja predstavlja izobli\u010denje ili izmaknutost\/izmje\u0161tenost, kako bi se moglo prevesti rije\u010d Entstellung. Sam Benjamin u upravo navedenom tekstu naziva djetinjstvo \u201eposve izobli\u010denim svijetom\u201c. Tako fragmentima pro\u0161loga \u0161to tvore svijet djetinjstva pripadaju i imena ulica, izreke, strofe pjesmica, likovi iz dje\u010djih pri\u010da, djeli\u0107i razgovora \u2013 deformirani u sje\u0107anju, zato \u0161to dijete nije dobro \u010dulo ili je pogre\u0161no upamtilo. Time oni dobivaju druk\u010diji smisao, a odnosi me\u0111u stvarima neo\u010dekivano se mijenjaju.<\/p>\n<p>&nbsp;<\/p>\n<p>&nbsp;<\/p>\n<p>Ova knjiga \u010dini cjelinu s prethodnom \u2013 &#8220;Walter Benjamin, Novi an\u0111eo&#8221;, koju je Antibarbarus izdao 2008. godine. Tako smo to zamisliti pokojni Albert Goldstein i ja, kad sam mu svojedobno predlo\u017eila da bi nakon vi\u0161e prijevoda najva\u017enijih teorijskih i filozofskih Benjaminovih tekstova, napose onih koje je uredio i komentirao Viktor \u017dmega\u010d, bilo dobro predstaviti ljudski lik Waltera Benjamina. Tako je u prvoj knjizi te\u017ei\u0161te na pri\u010di o Benjaminovu an\u0111elu, alegoriji njegova fatuma, u drugoj na zapisima o njegovu djetinjstvu.<\/p>\n<p>&nbsp;<\/p>\n<p>&nbsp;<\/p>\n<p>Obje zapravo obuhva\u0107aju sve: od Delbr\u00fcckstra\u00dfe 23 na starom berlinskom Westendu do Port Boua, na Costa Bravi. U svemu smo se Albert Goldstein i ja slo\u017eili, a na tom tragu odvijala se i suradnja sa Simonom Goldstein. Ovaj rad stoga posve\u0107ujemo njemu.<\/p>\n<p>&nbsp;<\/p>\n<p>&nbsp;<\/p>\n<p>Snje\u0161ka Kne\u017eevi\u0107 (fragmenti iz teksta &#8220;Popri\u0161ta iskona i slike sje\u0107anja Waltera Benjamina&#8221;)<\/p>\n<p>&nbsp;<\/p>\n<p>Izvor: <a href=\"https:\/\/www.mvinfo.hr\/knjiga\/12219\/berlinsko-djetinjstvo-devetstote-posljednja-verzija-jednosmjerna-ulica\">https:\/\/www.mvinfo.hr\/knjiga\/12219\/berlinsko-djetinjstvo-devetstote-posljednja-verzija-jednosmjerna-ulica<\/a><\/p>\n<p>&nbsp;<\/p>\n<p>&nbsp;<\/p>\n","protected":false},"excerpt":{"rendered":"","protected":false},"author":2,"featured_media":9613,"comment_status":"open","ping_status":"open","sticky":false,"template":"","format":"standard","meta":{"_acf_changed":false,"jetpack_post_was_ever_published":false,"_jetpack_newsletter_access":"","_jetpack_dont_email_post_to_subs":false,"_jetpack_newsletter_tier_id":0,"_jetpack_memberships_contains_paywalled_content":false,"_jetpack_memberships_contains_paid_content":false,"footnotes":"","jetpack_publicize_message":"","jetpack_publicize_feature_enabled":true,"jetpack_social_post_already_shared":true,"jetpack_social_options":{"image_generator_settings":{"template":"highway","default_image_id":0,"font":"","enabled":false},"version":2}},"categories":[8,3],"tags":[],"class_list":["post-9612","post","type-post","status-publish","format-standard","has-post-thumbnail","hentry","category-knjige","category-novosti"],"acf":{"facebook_opis":""},"jetpack_publicize_connections":[],"jetpack_featured_media_url":"https:\/\/i0.wp.com\/historiografija.hr\/wp-content\/uploads\/2018\/05\/Benjamin.jpg?fit=300%2C502&ssl=1","jetpack_sharing_enabled":true,"jetpack-related-posts":[{"id":52607,"url":"https:\/\/historiografija.hr\/?p=52607","url_meta":{"origin":9612,"position":0},"title":"No\u0107 knjige: Kako je prije 410 godina smr\u0107u Shakespearea i Cervantesa zavr\u0161ilo razdoblje renesanse u knji\u017eevnosti","author":"Branimir Jankovi\u0107","date":"22. travnja 2026.","format":false,"excerpt":"\u010cetvrtak, 23. travnja 2026. u 18:00 sati, Knji\u017eara Matice hrvatske, Ulica Matice hrvatske 2, Zagreb Uvodna rije\u010d: dr. sc.\u00a0Dubravka Brezak Stama\u0107, pro\u010delnica Odjela za knji\u017eevnost Matice hrvatske Prof. dr. sc. Ivan Lupi\u0107, redoviti profesor u Odsjeku za anglistiku i Odsjeku za kroatistiku Sveu\u010dili\u0161ta u RijeciShakespeare, kazali\u0161te, glazbaKada se susre\u0107emo sa\u2026","rel":"","context":"U &quot;Novosti&quot;","block_context":{"text":"Novosti","link":"https:\/\/historiografija.hr\/?cat=3"},"img":{"alt_text":"","src":"https:\/\/i0.wp.com\/historiografija.hr\/wp-content\/uploads\/2026\/04\/noc_knjige_2026.jpg?fit=680%2C276&ssl=1&resize=350%2C200","width":350,"height":200,"srcset":"https:\/\/i0.wp.com\/historiografija.hr\/wp-content\/uploads\/2026\/04\/noc_knjige_2026.jpg?fit=680%2C276&ssl=1&resize=350%2C200 1x, https:\/\/i0.wp.com\/historiografija.hr\/wp-content\/uploads\/2026\/04\/noc_knjige_2026.jpg?fit=680%2C276&ssl=1&resize=525%2C300 1.5x"},"classes":[]},{"id":52569,"url":"https:\/\/historiografija.hr\/?p=52569","url_meta":{"origin":9612,"position":1},"title":"[Predavanje] Ne \u010dekaju\u0107i inspiraciju \u2013 anga\u017eovane intelektualne, kulturalne i umetni\u010dke prakse u me\u0111uratnom periodu: teorija i praksa kriti\u010dke levice u jugoslovenskoj kulturi (YugoLab)","author":"Branimir Jankovi\u0107","date":"21. travnja 2026.","format":false,"excerpt":"U vreme agresivnog ja\u010danja globalne desnice, (pro)fa\u0161isti\u010dkih, rasisti\u010dkih i imperijalisti\u010dkih politika, dok je istovremeno globalna levica izrazito slaba, a progresivni pokreti atomizirani i fragmentisani, va\u017eno je iz savremene perspektive vratiti se revolucionarnim i emancipatorskim zbivanjima u jugoslovenskom (ali i s njima u vezi internacionalnim de\u0161avanjima), kao i dru\u0161tvenoj ulozi kulturalnih\u2026","rel":"","context":"U &quot;Novosti&quot;","block_context":{"text":"Novosti","link":"https:\/\/historiografija.hr\/?cat=3"},"img":{"alt_text":"","src":"","width":0,"height":0},"classes":[]},{"id":52657,"url":"https:\/\/historiografija.hr\/?p=52657","url_meta":{"origin":9612,"position":2},"title":"[Predavanje] Jezik i drugost u (post)socijalisti\u010dkoj Srbiji: diskurzivne politike identiteta (YugoLab)","author":"Branimir Jankovi\u0107","date":"24. travnja 2026.","format":false,"excerpt":"U sklopu projekta Prizma \/ IMAGINATION (\u201eZami\u0161ljanje nacije: srpski nacionalni narativi u sporu (XX\u2013XXI vek)\u201c), koji se realizuje na Institutu za filozofiju i dru\u0161tvenu teoriju Univerziteta u Beogradu (2024\u20132027) uz finansijsku podr\u0161ku Fonda za nauku Republike Srbije, organizuje se serija predavanja na kojoj istra\u017eiva\u010di i istra\u017eiva\u010dice projekta predstavljaju rezultate svojih\u2026","rel":"","context":"U &quot;Novosti&quot;","block_context":{"text":"Novosti","link":"https:\/\/historiografija.hr\/?cat=3"},"img":{"alt_text":"","src":"https:\/\/i0.wp.com\/historiografija.hr\/wp-content\/uploads\/2026\/04\/IFDT_28_IV.png?fit=1200%2C675&ssl=1&resize=350%2C200","width":350,"height":200,"srcset":"https:\/\/i0.wp.com\/historiografija.hr\/wp-content\/uploads\/2026\/04\/IFDT_28_IV.png?fit=1200%2C675&ssl=1&resize=350%2C200 1x, https:\/\/i0.wp.com\/historiografija.hr\/wp-content\/uploads\/2026\/04\/IFDT_28_IV.png?fit=1200%2C675&ssl=1&resize=525%2C300 1.5x, https:\/\/i0.wp.com\/historiografija.hr\/wp-content\/uploads\/2026\/04\/IFDT_28_IV.png?fit=1200%2C675&ssl=1&resize=700%2C400 2x, https:\/\/i0.wp.com\/historiografija.hr\/wp-content\/uploads\/2026\/04\/IFDT_28_IV.png?fit=1200%2C675&ssl=1&resize=1050%2C600 3x"},"classes":[]},{"id":52508,"url":"https:\/\/historiografija.hr\/?p=52508","url_meta":{"origin":9612,"position":3},"title":"Glazbena radionica \u201eDUGMETARA REVISITED\u201c","author":"Branimir Jankovi\u0107","date":"17. travnja 2026.","format":false,"excerpt":"DUGMETARA REVISITED glazbena radionica vodi: Ana Horvat 13., 20. i 27. travnja, od 18 do 20 sati Radiona, Nova cesta 186 Na tri radioni\u010dka susreta uranjamo u naslje\u0111e Dugmetare, biv\u0161e tvornice dugmadi na Savskoj cesti koja je po\u010detkom 2000-ih igrom slu\u010daja postala \u017eivo, jedinstveno mjesto glazbene proizvodnje. Svoje su probe\u2026","rel":"","context":"U &quot;Novosti&quot;","block_context":{"text":"Novosti","link":"https:\/\/historiografija.hr\/?cat=3"},"img":{"alt_text":"","src":"https:\/\/i0.wp.com\/historiografija.hr\/wp-content\/uploads\/2026\/04\/TRESNJA_TRESTI.jpg?fit=380%2C475&ssl=1&resize=350%2C200","width":350,"height":200},"classes":[]},{"id":52592,"url":"https:\/\/historiografija.hr\/?p=52592","url_meta":{"origin":9612,"position":4},"title":"Predstavljanje knjige &#8220;Turska ku\u0107a u Rijeci&#8221; u Zagrebu","author":"Branimir Jankovi\u0107","date":"22. travnja 2026.","format":false,"excerpt":"U prostorijama Turskog kulturnog centra Yunus Emre u Zagrebu, u utorak 21. travnja 2026. godine, odr\u017eano je sve\u010dano predstavljanje dopunjenog izdanja knjige Turska ku\u0107a u Rijeci, u organizaciji Hrvatsko-turskog dru\u0161tva Rijeka i partnerstvu sa Skupinom prijateljstva Hrvatska-Turska Hrvatskog sabora, Veleposlanstvom Republike Turske u Republici Hrvatskoj te Turskim kulturnim centrom Yunus\u2026","rel":"","context":"U &quot;Novosti&quot;","block_context":{"text":"Novosti","link":"https:\/\/historiografija.hr\/?cat=3"},"img":{"alt_text":"","src":"https:\/\/i0.wp.com\/historiografija.hr\/wp-content\/uploads\/2026\/04\/Turska-kuca-ZG.jpg?fit=1200%2C800&ssl=1&resize=350%2C200","width":350,"height":200,"srcset":"https:\/\/i0.wp.com\/historiografija.hr\/wp-content\/uploads\/2026\/04\/Turska-kuca-ZG.jpg?fit=1200%2C800&ssl=1&resize=350%2C200 1x, https:\/\/i0.wp.com\/historiografija.hr\/wp-content\/uploads\/2026\/04\/Turska-kuca-ZG.jpg?fit=1200%2C800&ssl=1&resize=525%2C300 1.5x, https:\/\/i0.wp.com\/historiografija.hr\/wp-content\/uploads\/2026\/04\/Turska-kuca-ZG.jpg?fit=1200%2C800&ssl=1&resize=700%2C400 2x, https:\/\/i0.wp.com\/historiografija.hr\/wp-content\/uploads\/2026\/04\/Turska-kuca-ZG.jpg?fit=1200%2C800&ssl=1&resize=1050%2C600 3x"},"classes":[]},{"id":52502,"url":"https:\/\/historiografija.hr\/?p=52502","url_meta":{"origin":9612,"position":5},"title":"Novi znanstveni projekt Hrvatskog instituta za povijest: \u201c\u017drtve ratova i dr\u017eavnog\/politi\u010dkog nasilja u hrvatskoj povijesti 20. stolje\u0107a\u201d","author":"Branimir Jankovi\u0107","date":"17. travnja 2026.","format":false,"excerpt":"Na redovitoj sjednici Vlade RH, 16. travnja 2026., donijet je Zaklju\u010dak kojim se pokre\u0107e znanstveni projekt \u201c\u017drtve ratova i dr\u017eavnog\/politi\u010dkog nasilja u hrvatskoj povijesti 20. stolje\u0107a\u201d. Projekt \u0107e provoditi i koordinirati Hrvatski institut za povijest u razdoblju trajanja projekta od pet godina. Zakljucak Vlade RH Iz teksta projektnog prijedloga: Problematika\u2026","rel":"","context":"U &quot;Novosti&quot;","block_context":{"text":"Novosti","link":"https:\/\/historiografija.hr\/?cat=3"},"img":{"alt_text":"","src":"https:\/\/i0.wp.com\/historiografija.hr\/wp-content\/uploads\/2026\/04\/Vlada-RH.jpg?fit=1200%2C557&ssl=1&resize=350%2C200","width":350,"height":200,"srcset":"https:\/\/i0.wp.com\/historiografija.hr\/wp-content\/uploads\/2026\/04\/Vlada-RH.jpg?fit=1200%2C557&ssl=1&resize=350%2C200 1x, https:\/\/i0.wp.com\/historiografija.hr\/wp-content\/uploads\/2026\/04\/Vlada-RH.jpg?fit=1200%2C557&ssl=1&resize=525%2C300 1.5x, https:\/\/i0.wp.com\/historiografija.hr\/wp-content\/uploads\/2026\/04\/Vlada-RH.jpg?fit=1200%2C557&ssl=1&resize=700%2C400 2x, https:\/\/i0.wp.com\/historiografija.hr\/wp-content\/uploads\/2026\/04\/Vlada-RH.jpg?fit=1200%2C557&ssl=1&resize=1050%2C600 3x"},"classes":[]}],"_links":{"self":[{"href":"https:\/\/historiografija.hr\/index.php?rest_route=\/wp\/v2\/posts\/9612","targetHints":{"allow":["GET"]}}],"collection":[{"href":"https:\/\/historiografija.hr\/index.php?rest_route=\/wp\/v2\/posts"}],"about":[{"href":"https:\/\/historiografija.hr\/index.php?rest_route=\/wp\/v2\/types\/post"}],"author":[{"embeddable":true,"href":"https:\/\/historiografija.hr\/index.php?rest_route=\/wp\/v2\/users\/2"}],"replies":[{"embeddable":true,"href":"https:\/\/historiografija.hr\/index.php?rest_route=%2Fwp%2Fv2%2Fcomments&post=9612"}],"version-history":[{"count":1,"href":"https:\/\/historiografija.hr\/index.php?rest_route=\/wp\/v2\/posts\/9612\/revisions"}],"predecessor-version":[{"id":9614,"href":"https:\/\/historiografija.hr\/index.php?rest_route=\/wp\/v2\/posts\/9612\/revisions\/9614"}],"wp:featuredmedia":[{"embeddable":true,"href":"https:\/\/historiografija.hr\/index.php?rest_route=\/wp\/v2\/media\/9613"}],"wp:attachment":[{"href":"https:\/\/historiografija.hr\/index.php?rest_route=%2Fwp%2Fv2%2Fmedia&parent=9612"}],"wp:term":[{"taxonomy":"category","embeddable":true,"href":"https:\/\/historiografija.hr\/index.php?rest_route=%2Fwp%2Fv2%2Fcategories&post=9612"},{"taxonomy":"post_tag","embeddable":true,"href":"https:\/\/historiografija.hr\/index.php?rest_route=%2Fwp%2Fv2%2Ftags&post=9612"}],"curies":[{"name":"wp","href":"https:\/\/api.w.org\/{rel}","templated":true}]}}