{"id":9592,"date":"2018-05-03T22:42:49","date_gmt":"2018-05-03T22:42:49","guid":{"rendered":"http:\/\/historiografija.hr\/?p=9592"},"modified":"2018-05-03T23:00:43","modified_gmt":"2018-05-03T23:00:43","slug":"obiljezena-noc-knjige-u-knjiznici-filozofskog-fakulteta-u-zagrebu","status":"publish","type":"post","link":"https:\/\/historiografija.hr\/?p=9592","title":{"rendered":"Obilje\u017eena No\u0107 knjige u Knji\u017enici Filozofskog fakulteta u Zagrebu"},"content":{"rendered":"<p>U ponedjeljak, 23. travnja nave\u010der u Knji\u017enici Filozofskog fakulteta bilo je neo\u010dekivano \u017eivahno. Po prvi puta od 2012. godine, otkad se obilje\u017eava No\u0107 Knjige, Knji\u017enica FFZG se uklju\u010dila u tu manifestaciju. Budu\u0107i da je zajedni\u010dka tema bila budu\u0107nost knjige, program je, kao i ve\u0107ina njih, bio futuristi\u010dki orijentiran. Kreativci iz Knji\u017enice u prizemlju su posjetiteljima ponudili niz knji\u017eevnih poslastica. Tako su se zainteresirani nakon odslu\u0161anog koncerta Pop-up Banda mogli uklju\u010diti u igranje popularnih dru\u0161tvenih igara kao \u0161to su Scrabble, Form a Word, Boggle i Bring Your Own Book, sudjelovati u knji\u017enom klubu i raspraviti o Slu\u0161kinjinoj pri\u010di Margaret Atwood, u predvorju Knji\u017enice razgledati izlo\u017ebu distopijskih naslova pod naslovom \u201eIzaberite svoju budu\u0107nost\u201c i studentskih radova pristiglih na natje\u010daj \u201eOdjenite klasik u nove korice\u201c. Osim toga, u prizemlju se mogao i poslu\u0161ati izbor iz audio knjiga \u201eKnji\u017eevno uho\u201c, te pogledati projekcije filmi\u0107a pod nazivom \u201eBOOK VS E-BOOK\u201c. Dijelile su se i nagrade, za naj\u010dita\u010da, odnosno korisnika koji je posudio najvi\u0161e naslova u protekloj godini (Daniel Pavlovi\u0107, 167 naslova) te za najbolju naslovnicu klasika (Tamara Moslavac Kos) sa naslovnicom za \u201eProhujalo s vihorom\u201c Margaret Mitchell, koju je prigodno datirala u 2036. godinu, stotu obljetnicu objavljivanja.<\/p>\n<p>&nbsp;<\/p>\n<p>Dok se sve ovo odvijalo u prizemlju Knji\u017enice, drugi kat je bio transformiran u ne\u0161to posve razli\u010dito od svakodnevice, preba\u010den u daleku postapokalipti\u010dnu budu\u0107nost te su se njime razletjela \u010dudnovata i nesvakida\u0161nja bi\u0107a. Tako su brojne posjetitelje kroz jednu imaginarnu budu\u0107nost svijeta i knjige provela \u010darobna stvorenja (ve\u0107ina djelatnika s drugog kata i knji\u017eni\u010dni demonstratori s Odsjeka za povijest) koja u stvarnosti postoje samo u prigodno izlo\u017eenim knjigama. Bili su tu vampiri, pjevale su vile, cerekale se vje\u0161tice, bubnjala \u0161amanka, \u0161uljali se duhovi i njihov nezaobilazni i obavezni pomo\u0107nik Igor. Kroz viziju jedne mra\u010dne i na mahove zastra\u0161uju\u0107e budu\u0107nosti bez ljudi i struje poslana je sna\u017ena poruka te je ukazano na potrebu o\u010duvanja \u201epravih knjiga\u201c i u dana\u0161nje digitalno doba. Sve efekte i do\u017eivljaje koje su nam priu\u0161tili nemogu\u0107e je do\u010darati u ovakvoj pisanoj formi, jednostavno je trebalo biti tamo\u2026<\/p>\n<p>&nbsp;<\/p>\n<p><!-- x-tinymce\/html --><!-- x-tinymce\/html --><a href=\"https:\/\/i0.wp.com\/historiografija.hr\/wp-content\/uploads\/2018\/05\/1.jpg?ssl=1\"><img data-recalc-dims=\"1\" loading=\"lazy\" decoding=\"async\" data-attachment-id=\"9593\" data-permalink=\"https:\/\/historiografija.hr\/?attachment_id=9593\" data-orig-file=\"https:\/\/i0.wp.com\/historiografija.hr\/wp-content\/uploads\/2018\/05\/1.jpg?fit=4752%2C3168&amp;ssl=1\" data-orig-size=\"4752,3168\" data-comments-opened=\"1\" data-image-meta=\"{&quot;aperture&quot;:&quot;5.6&quot;,&quot;credit&quot;:&quot;&quot;,&quot;camera&quot;:&quot;Canon EOS 500D&quot;,&quot;caption&quot;:&quot;&quot;,&quot;created_timestamp&quot;:&quot;1524514648&quot;,&quot;copyright&quot;:&quot;&quot;,&quot;focal_length&quot;:&quot;55&quot;,&quot;iso&quot;:&quot;400&quot;,&quot;shutter_speed&quot;:&quot;0.016666666666667&quot;,&quot;title&quot;:&quot;&quot;,&quot;orientation&quot;:&quot;1&quot;}\" data-image-title=\"1\" data-image-description=\"\" data-image-caption=\"\" data-large-file=\"https:\/\/i0.wp.com\/historiografija.hr\/wp-content\/uploads\/2018\/05\/1.jpg?fit=860%2C574&amp;ssl=1\" class=\"alignnone size-medium wp-image-9593\" src=\"https:\/\/i0.wp.com\/historiografija.hr\/wp-content\/uploads\/2018\/05\/1.jpg?resize=300%2C200&#038;ssl=1\" alt=\"\" width=\"300\" height=\"200\" srcset=\"https:\/\/i0.wp.com\/historiografija.hr\/wp-content\/uploads\/2018\/05\/1.jpg?resize=300%2C200&amp;ssl=1 300w, https:\/\/i0.wp.com\/historiografija.hr\/wp-content\/uploads\/2018\/05\/1.jpg?resize=768%2C512&amp;ssl=1 768w, https:\/\/i0.wp.com\/historiografija.hr\/wp-content\/uploads\/2018\/05\/1.jpg?resize=1024%2C683&amp;ssl=1 1024w, https:\/\/i0.wp.com\/historiografija.hr\/wp-content\/uploads\/2018\/05\/1.jpg?w=1720&amp;ssl=1 1720w, https:\/\/i0.wp.com\/historiografija.hr\/wp-content\/uploads\/2018\/05\/1.jpg?w=2580&amp;ssl=1 2580w\" sizes=\"auto, (max-width: 300px) 100vw, 300px\" \/><\/a><\/p>\n<p><a href=\"https:\/\/i0.wp.com\/historiografija.hr\/wp-content\/uploads\/2018\/05\/2.jpg?ssl=1\"><img data-recalc-dims=\"1\" loading=\"lazy\" decoding=\"async\" data-attachment-id=\"9594\" data-permalink=\"https:\/\/historiografija.hr\/?attachment_id=9594\" data-orig-file=\"https:\/\/i0.wp.com\/historiografija.hr\/wp-content\/uploads\/2018\/05\/2.jpg?fit=4752%2C3168&amp;ssl=1\" data-orig-size=\"4752,3168\" data-comments-opened=\"1\" data-image-meta=\"{&quot;aperture&quot;:&quot;3.5&quot;,&quot;credit&quot;:&quot;&quot;,&quot;camera&quot;:&quot;Canon EOS 500D&quot;,&quot;caption&quot;:&quot;&quot;,&quot;created_timestamp&quot;:&quot;1524516198&quot;,&quot;copyright&quot;:&quot;&quot;,&quot;focal_length&quot;:&quot;18&quot;,&quot;iso&quot;:&quot;800&quot;,&quot;shutter_speed&quot;:&quot;0.05&quot;,&quot;title&quot;:&quot;&quot;,&quot;orientation&quot;:&quot;1&quot;}\" data-image-title=\"2\" data-image-description=\"\" data-image-caption=\"\" data-large-file=\"https:\/\/i0.wp.com\/historiografija.hr\/wp-content\/uploads\/2018\/05\/2.jpg?fit=860%2C574&amp;ssl=1\" class=\"alignnone size-medium wp-image-9594\" src=\"https:\/\/i0.wp.com\/historiografija.hr\/wp-content\/uploads\/2018\/05\/2.jpg?resize=300%2C200&#038;ssl=1\" alt=\"\" width=\"300\" height=\"200\" srcset=\"https:\/\/i0.wp.com\/historiografija.hr\/wp-content\/uploads\/2018\/05\/2.jpg?resize=300%2C200&amp;ssl=1 300w, https:\/\/i0.wp.com\/historiografija.hr\/wp-content\/uploads\/2018\/05\/2.jpg?resize=768%2C512&amp;ssl=1 768w, https:\/\/i0.wp.com\/historiografija.hr\/wp-content\/uploads\/2018\/05\/2.jpg?resize=1024%2C683&amp;ssl=1 1024w, https:\/\/i0.wp.com\/historiografija.hr\/wp-content\/uploads\/2018\/05\/2.jpg?w=1720&amp;ssl=1 1720w, https:\/\/i0.wp.com\/historiografija.hr\/wp-content\/uploads\/2018\/05\/2.jpg?w=2580&amp;ssl=1 2580w\" sizes=\"auto, (max-width: 300px) 100vw, 300px\" \/><\/a><\/p>\n<p><!-- x-tinymce\/html --><!-- x-tinymce\/html --><a href=\"https:\/\/i0.wp.com\/historiografija.hr\/wp-content\/uploads\/2018\/05\/9.jpg?ssl=1\"><img data-recalc-dims=\"1\" loading=\"lazy\" decoding=\"async\" data-attachment-id=\"9596\" data-permalink=\"https:\/\/historiografija.hr\/?attachment_id=9596\" data-orig-file=\"https:\/\/i0.wp.com\/historiografija.hr\/wp-content\/uploads\/2018\/05\/9.jpg?fit=4752%2C3168&amp;ssl=1\" data-orig-size=\"4752,3168\" data-comments-opened=\"1\" data-image-meta=\"{&quot;aperture&quot;:&quot;5.6&quot;,&quot;credit&quot;:&quot;&quot;,&quot;camera&quot;:&quot;Canon EOS 500D&quot;,&quot;caption&quot;:&quot;&quot;,&quot;created_timestamp&quot;:&quot;1524508030&quot;,&quot;copyright&quot;:&quot;&quot;,&quot;focal_length&quot;:&quot;33&quot;,&quot;iso&quot;:&quot;1000&quot;,&quot;shutter_speed&quot;:&quot;0.025&quot;,&quot;title&quot;:&quot;&quot;,&quot;orientation&quot;:&quot;8&quot;}\" data-image-title=\"9\" data-image-description=\"\" data-image-caption=\"\" data-large-file=\"https:\/\/i0.wp.com\/historiografija.hr\/wp-content\/uploads\/2018\/05\/9.jpg?fit=860%2C574&amp;ssl=1\" class=\"alignnone size-medium wp-image-9596\" src=\"https:\/\/i0.wp.com\/historiografija.hr\/wp-content\/uploads\/2018\/05\/9.jpg?resize=300%2C200&#038;ssl=1\" alt=\"\" width=\"300\" height=\"200\" srcset=\"https:\/\/i0.wp.com\/historiografija.hr\/wp-content\/uploads\/2018\/05\/9.jpg?resize=300%2C200&amp;ssl=1 300w, https:\/\/i0.wp.com\/historiografija.hr\/wp-content\/uploads\/2018\/05\/9.jpg?resize=768%2C512&amp;ssl=1 768w, https:\/\/i0.wp.com\/historiografija.hr\/wp-content\/uploads\/2018\/05\/9.jpg?resize=1024%2C683&amp;ssl=1 1024w, https:\/\/i0.wp.com\/historiografija.hr\/wp-content\/uploads\/2018\/05\/9.jpg?w=1720&amp;ssl=1 1720w, https:\/\/i0.wp.com\/historiografija.hr\/wp-content\/uploads\/2018\/05\/9.jpg?w=2580&amp;ssl=1 2580w\" sizes=\"auto, (max-width: 300px) 100vw, 300px\" \/><\/a><\/p>\n<p><a href=\"https:\/\/i0.wp.com\/historiografija.hr\/wp-content\/uploads\/2018\/05\/10.jpg?ssl=1\"><img data-recalc-dims=\"1\" loading=\"lazy\" decoding=\"async\" data-attachment-id=\"9597\" data-permalink=\"https:\/\/historiografija.hr\/?attachment_id=9597\" data-orig-file=\"https:\/\/i0.wp.com\/historiografija.hr\/wp-content\/uploads\/2018\/05\/10.jpg?fit=4752%2C3168&amp;ssl=1\" data-orig-size=\"4752,3168\" data-comments-opened=\"1\" data-image-meta=\"{&quot;aperture&quot;:&quot;5&quot;,&quot;credit&quot;:&quot;&quot;,&quot;camera&quot;:&quot;Canon EOS 500D&quot;,&quot;caption&quot;:&quot;&quot;,&quot;created_timestamp&quot;:&quot;1524517409&quot;,&quot;copyright&quot;:&quot;&quot;,&quot;focal_length&quot;:&quot;41&quot;,&quot;iso&quot;:&quot;400&quot;,&quot;shutter_speed&quot;:&quot;0.016666666666667&quot;,&quot;title&quot;:&quot;&quot;,&quot;orientation&quot;:&quot;1&quot;}\" data-image-title=\"10\" data-image-description=\"\" data-image-caption=\"\" data-large-file=\"https:\/\/i0.wp.com\/historiografija.hr\/wp-content\/uploads\/2018\/05\/10.jpg?fit=860%2C574&amp;ssl=1\" class=\"alignnone size-medium wp-image-9597\" src=\"https:\/\/i0.wp.com\/historiografija.hr\/wp-content\/uploads\/2018\/05\/10.jpg?resize=300%2C200&#038;ssl=1\" alt=\"\" width=\"300\" height=\"200\" srcset=\"https:\/\/i0.wp.com\/historiografija.hr\/wp-content\/uploads\/2018\/05\/10.jpg?resize=300%2C200&amp;ssl=1 300w, https:\/\/i0.wp.com\/historiografija.hr\/wp-content\/uploads\/2018\/05\/10.jpg?resize=768%2C512&amp;ssl=1 768w, https:\/\/i0.wp.com\/historiografija.hr\/wp-content\/uploads\/2018\/05\/10.jpg?resize=1024%2C683&amp;ssl=1 1024w, https:\/\/i0.wp.com\/historiografija.hr\/wp-content\/uploads\/2018\/05\/10.jpg?w=1720&amp;ssl=1 1720w, https:\/\/i0.wp.com\/historiografija.hr\/wp-content\/uploads\/2018\/05\/10.jpg?w=2580&amp;ssl=1 2580w\" sizes=\"auto, (max-width: 300px) 100vw, 300px\" \/><\/a><\/p>\n<p><a href=\"https:\/\/i0.wp.com\/historiografija.hr\/wp-content\/uploads\/2018\/05\/12.jpg?ssl=1\"><img data-recalc-dims=\"1\" loading=\"lazy\" decoding=\"async\" data-attachment-id=\"9598\" data-permalink=\"https:\/\/historiografija.hr\/?attachment_id=9598\" data-orig-file=\"https:\/\/i0.wp.com\/historiografija.hr\/wp-content\/uploads\/2018\/05\/12.jpg?fit=4752%2C3168&amp;ssl=1\" data-orig-size=\"4752,3168\" data-comments-opened=\"1\" data-image-meta=\"{&quot;aperture&quot;:&quot;4&quot;,&quot;credit&quot;:&quot;&quot;,&quot;camera&quot;:&quot;Canon EOS 500D&quot;,&quot;caption&quot;:&quot;&quot;,&quot;created_timestamp&quot;:&quot;1524517862&quot;,&quot;copyright&quot;:&quot;&quot;,&quot;focal_length&quot;:&quot;20&quot;,&quot;iso&quot;:&quot;400&quot;,&quot;shutter_speed&quot;:&quot;0.016666666666667&quot;,&quot;title&quot;:&quot;&quot;,&quot;orientation&quot;:&quot;8&quot;}\" data-image-title=\"12\" data-image-description=\"\" data-image-caption=\"\" data-large-file=\"https:\/\/i0.wp.com\/historiografija.hr\/wp-content\/uploads\/2018\/05\/12.jpg?fit=860%2C574&amp;ssl=1\" class=\"alignnone size-medium wp-image-9598\" src=\"https:\/\/i0.wp.com\/historiografija.hr\/wp-content\/uploads\/2018\/05\/12.jpg?resize=300%2C200&#038;ssl=1\" alt=\"\" width=\"300\" height=\"200\" srcset=\"https:\/\/i0.wp.com\/historiografija.hr\/wp-content\/uploads\/2018\/05\/12.jpg?resize=300%2C200&amp;ssl=1 300w, https:\/\/i0.wp.com\/historiografija.hr\/wp-content\/uploads\/2018\/05\/12.jpg?resize=768%2C512&amp;ssl=1 768w, https:\/\/i0.wp.com\/historiografija.hr\/wp-content\/uploads\/2018\/05\/12.jpg?resize=1024%2C683&amp;ssl=1 1024w, https:\/\/i0.wp.com\/historiografija.hr\/wp-content\/uploads\/2018\/05\/12.jpg?w=1720&amp;ssl=1 1720w, https:\/\/i0.wp.com\/historiografija.hr\/wp-content\/uploads\/2018\/05\/12.jpg?w=2580&amp;ssl=1 2580w\" sizes=\"auto, (max-width: 300px) 100vw, 300px\" \/><\/a><\/p>\n<p><a href=\"https:\/\/i0.wp.com\/historiografija.hr\/wp-content\/uploads\/2018\/05\/14.jpg?ssl=1\"><img data-recalc-dims=\"1\" loading=\"lazy\" decoding=\"async\" data-attachment-id=\"9600\" data-permalink=\"https:\/\/historiografija.hr\/?attachment_id=9600\" data-orig-file=\"https:\/\/i0.wp.com\/historiografija.hr\/wp-content\/uploads\/2018\/05\/14.jpg?fit=4190%2C2793&amp;ssl=1\" data-orig-size=\"4190,2793\" data-comments-opened=\"1\" data-image-meta=\"{&quot;aperture&quot;:&quot;4&quot;,&quot;credit&quot;:&quot;&quot;,&quot;camera&quot;:&quot;Canon EOS 500D&quot;,&quot;caption&quot;:&quot;&quot;,&quot;created_timestamp&quot;:&quot;1524508178&quot;,&quot;copyright&quot;:&quot;&quot;,&quot;focal_length&quot;:&quot;21&quot;,&quot;iso&quot;:&quot;400&quot;,&quot;shutter_speed&quot;:&quot;0.016666666666667&quot;,&quot;title&quot;:&quot;&quot;,&quot;orientation&quot;:&quot;1&quot;}\" data-image-title=\"14\" data-image-description=\"\" data-image-caption=\"\" data-large-file=\"https:\/\/i0.wp.com\/historiografija.hr\/wp-content\/uploads\/2018\/05\/14.jpg?fit=860%2C574&amp;ssl=1\" class=\"alignnone size-medium wp-image-9600\" src=\"https:\/\/i0.wp.com\/historiografija.hr\/wp-content\/uploads\/2018\/05\/14.jpg?resize=300%2C200&#038;ssl=1\" alt=\"\" width=\"300\" height=\"200\" srcset=\"https:\/\/i0.wp.com\/historiografija.hr\/wp-content\/uploads\/2018\/05\/14.jpg?resize=300%2C200&amp;ssl=1 300w, https:\/\/i0.wp.com\/historiografija.hr\/wp-content\/uploads\/2018\/05\/14.jpg?resize=768%2C512&amp;ssl=1 768w, https:\/\/i0.wp.com\/historiografija.hr\/wp-content\/uploads\/2018\/05\/14.jpg?resize=1024%2C683&amp;ssl=1 1024w, https:\/\/i0.wp.com\/historiografija.hr\/wp-content\/uploads\/2018\/05\/14.jpg?w=1720&amp;ssl=1 1720w, https:\/\/i0.wp.com\/historiografija.hr\/wp-content\/uploads\/2018\/05\/14.jpg?w=2580&amp;ssl=1 2580w\" sizes=\"auto, (max-width: 300px) 100vw, 300px\" \/><\/a><\/p>\n<p><a href=\"https:\/\/i0.wp.com\/historiografija.hr\/wp-content\/uploads\/2018\/05\/15.jpg?ssl=1\"><img data-recalc-dims=\"1\" loading=\"lazy\" decoding=\"async\" data-attachment-id=\"9602\" data-permalink=\"https:\/\/historiografija.hr\/?attachment_id=9602\" data-orig-file=\"https:\/\/i0.wp.com\/historiografija.hr\/wp-content\/uploads\/2018\/05\/15.jpg?fit=4752%2C3168&amp;ssl=1\" data-orig-size=\"4752,3168\" data-comments-opened=\"1\" data-image-meta=\"{&quot;aperture&quot;:&quot;3.5&quot;,&quot;credit&quot;:&quot;&quot;,&quot;camera&quot;:&quot;Canon EOS 500D&quot;,&quot;caption&quot;:&quot;&quot;,&quot;created_timestamp&quot;:&quot;1524517928&quot;,&quot;copyright&quot;:&quot;&quot;,&quot;focal_length&quot;:&quot;18&quot;,&quot;iso&quot;:&quot;400&quot;,&quot;shutter_speed&quot;:&quot;0.016666666666667&quot;,&quot;title&quot;:&quot;&quot;,&quot;orientation&quot;:&quot;1&quot;}\" data-image-title=\"15\" data-image-description=\"\" data-image-caption=\"\" data-large-file=\"https:\/\/i0.wp.com\/historiografija.hr\/wp-content\/uploads\/2018\/05\/15.jpg?fit=860%2C574&amp;ssl=1\" class=\"alignnone size-medium wp-image-9602\" src=\"https:\/\/i0.wp.com\/historiografija.hr\/wp-content\/uploads\/2018\/05\/15.jpg?resize=300%2C200&#038;ssl=1\" alt=\"\" width=\"300\" height=\"200\" srcset=\"https:\/\/i0.wp.com\/historiografija.hr\/wp-content\/uploads\/2018\/05\/15.jpg?resize=300%2C200&amp;ssl=1 300w, https:\/\/i0.wp.com\/historiografija.hr\/wp-content\/uploads\/2018\/05\/15.jpg?resize=768%2C512&amp;ssl=1 768w, https:\/\/i0.wp.com\/historiografija.hr\/wp-content\/uploads\/2018\/05\/15.jpg?resize=1024%2C683&amp;ssl=1 1024w, https:\/\/i0.wp.com\/historiografija.hr\/wp-content\/uploads\/2018\/05\/15.jpg?w=1720&amp;ssl=1 1720w, https:\/\/i0.wp.com\/historiografija.hr\/wp-content\/uploads\/2018\/05\/15.jpg?w=2580&amp;ssl=1 2580w\" sizes=\"auto, (max-width: 300px) 100vw, 300px\" \/><\/a><\/p>\n<p><a href=\"https:\/\/i0.wp.com\/historiografija.hr\/wp-content\/uploads\/2018\/05\/16.jpg?ssl=1\"><img data-recalc-dims=\"1\" loading=\"lazy\" decoding=\"async\" data-attachment-id=\"9603\" data-permalink=\"https:\/\/historiografija.hr\/?attachment_id=9603\" data-orig-file=\"https:\/\/i0.wp.com\/historiografija.hr\/wp-content\/uploads\/2018\/05\/16.jpg?fit=4752%2C3168&amp;ssl=1\" data-orig-size=\"4752,3168\" data-comments-opened=\"1\" data-image-meta=\"{&quot;aperture&quot;:&quot;4&quot;,&quot;credit&quot;:&quot;&quot;,&quot;camera&quot;:&quot;Canon EOS 500D&quot;,&quot;caption&quot;:&quot;&quot;,&quot;created_timestamp&quot;:&quot;1524522996&quot;,&quot;copyright&quot;:&quot;&quot;,&quot;focal_length&quot;:&quot;25&quot;,&quot;iso&quot;:&quot;1600&quot;,&quot;shutter_speed&quot;:&quot;0.6&quot;,&quot;title&quot;:&quot;&quot;,&quot;orientation&quot;:&quot;1&quot;}\" data-image-title=\"16\" data-image-description=\"\" data-image-caption=\"\" data-large-file=\"https:\/\/i0.wp.com\/historiografija.hr\/wp-content\/uploads\/2018\/05\/16.jpg?fit=860%2C574&amp;ssl=1\" class=\"alignnone size-medium wp-image-9603\" src=\"https:\/\/i0.wp.com\/historiografija.hr\/wp-content\/uploads\/2018\/05\/16.jpg?resize=300%2C200&#038;ssl=1\" alt=\"\" width=\"300\" height=\"200\" srcset=\"https:\/\/i0.wp.com\/historiografija.hr\/wp-content\/uploads\/2018\/05\/16.jpg?resize=300%2C200&amp;ssl=1 300w, https:\/\/i0.wp.com\/historiografija.hr\/wp-content\/uploads\/2018\/05\/16.jpg?resize=768%2C512&amp;ssl=1 768w, https:\/\/i0.wp.com\/historiografija.hr\/wp-content\/uploads\/2018\/05\/16.jpg?resize=1024%2C683&amp;ssl=1 1024w, https:\/\/i0.wp.com\/historiografija.hr\/wp-content\/uploads\/2018\/05\/16.jpg?w=1720&amp;ssl=1 1720w, https:\/\/i0.wp.com\/historiografija.hr\/wp-content\/uploads\/2018\/05\/16.jpg?w=2580&amp;ssl=1 2580w\" sizes=\"auto, (max-width: 300px) 100vw, 300px\" \/><\/a><\/p>\n<p><a href=\"https:\/\/i0.wp.com\/historiografija.hr\/wp-content\/uploads\/2018\/05\/17.jpg?ssl=1\"><img data-recalc-dims=\"1\" loading=\"lazy\" decoding=\"async\" data-attachment-id=\"9604\" data-permalink=\"https:\/\/historiografija.hr\/?attachment_id=9604\" data-orig-file=\"https:\/\/i0.wp.com\/historiografija.hr\/wp-content\/uploads\/2018\/05\/17.jpg?fit=4752%2C3168&amp;ssl=1\" data-orig-size=\"4752,3168\" data-comments-opened=\"1\" data-image-meta=\"{&quot;aperture&quot;:&quot;4.5&quot;,&quot;credit&quot;:&quot;&quot;,&quot;camera&quot;:&quot;Canon EOS 500D&quot;,&quot;caption&quot;:&quot;&quot;,&quot;created_timestamp&quot;:&quot;1524523177&quot;,&quot;copyright&quot;:&quot;&quot;,&quot;focal_length&quot;:&quot;33&quot;,&quot;iso&quot;:&quot;1600&quot;,&quot;shutter_speed&quot;:&quot;0.25&quot;,&quot;title&quot;:&quot;&quot;,&quot;orientation&quot;:&quot;1&quot;}\" data-image-title=\"17\" data-image-description=\"\" data-image-caption=\"\" data-large-file=\"https:\/\/i0.wp.com\/historiografija.hr\/wp-content\/uploads\/2018\/05\/17.jpg?fit=860%2C574&amp;ssl=1\" class=\"alignnone size-medium wp-image-9604\" src=\"https:\/\/i0.wp.com\/historiografija.hr\/wp-content\/uploads\/2018\/05\/17.jpg?resize=300%2C200&#038;ssl=1\" alt=\"\" width=\"300\" height=\"200\" srcset=\"https:\/\/i0.wp.com\/historiografija.hr\/wp-content\/uploads\/2018\/05\/17.jpg?resize=300%2C200&amp;ssl=1 300w, https:\/\/i0.wp.com\/historiografija.hr\/wp-content\/uploads\/2018\/05\/17.jpg?resize=768%2C512&amp;ssl=1 768w, https:\/\/i0.wp.com\/historiografija.hr\/wp-content\/uploads\/2018\/05\/17.jpg?resize=1024%2C683&amp;ssl=1 1024w, https:\/\/i0.wp.com\/historiografija.hr\/wp-content\/uploads\/2018\/05\/17.jpg?w=1720&amp;ssl=1 1720w, https:\/\/i0.wp.com\/historiografija.hr\/wp-content\/uploads\/2018\/05\/17.jpg?w=2580&amp;ssl=1 2580w\" sizes=\"auto, (max-width: 300px) 100vw, 300px\" \/><\/a><\/p>\n<p><a href=\"https:\/\/i0.wp.com\/historiografija.hr\/wp-content\/uploads\/2018\/05\/22.jpg?ssl=1\"><img data-recalc-dims=\"1\" loading=\"lazy\" decoding=\"async\" data-attachment-id=\"9606\" data-permalink=\"https:\/\/historiografija.hr\/?attachment_id=9606\" data-orig-file=\"https:\/\/i0.wp.com\/historiografija.hr\/wp-content\/uploads\/2018\/05\/22.jpg?fit=4752%2C3168&amp;ssl=1\" data-orig-size=\"4752,3168\" data-comments-opened=\"1\" data-image-meta=\"{&quot;aperture&quot;:&quot;3.5&quot;,&quot;credit&quot;:&quot;&quot;,&quot;camera&quot;:&quot;Canon EOS 500D&quot;,&quot;caption&quot;:&quot;&quot;,&quot;created_timestamp&quot;:&quot;1524518204&quot;,&quot;copyright&quot;:&quot;&quot;,&quot;focal_length&quot;:&quot;18&quot;,&quot;iso&quot;:&quot;400&quot;,&quot;shutter_speed&quot;:&quot;0.016666666666667&quot;,&quot;title&quot;:&quot;&quot;,&quot;orientation&quot;:&quot;1&quot;}\" data-image-title=\"22\" data-image-description=\"\" data-image-caption=\"\" data-large-file=\"https:\/\/i0.wp.com\/historiografija.hr\/wp-content\/uploads\/2018\/05\/22.jpg?fit=860%2C574&amp;ssl=1\" class=\"alignnone size-medium wp-image-9606\" src=\"https:\/\/i0.wp.com\/historiografija.hr\/wp-content\/uploads\/2018\/05\/22.jpg?resize=300%2C200&#038;ssl=1\" alt=\"\" width=\"300\" height=\"200\" srcset=\"https:\/\/i0.wp.com\/historiografija.hr\/wp-content\/uploads\/2018\/05\/22.jpg?resize=300%2C200&amp;ssl=1 300w, https:\/\/i0.wp.com\/historiografija.hr\/wp-content\/uploads\/2018\/05\/22.jpg?resize=768%2C512&amp;ssl=1 768w, https:\/\/i0.wp.com\/historiografija.hr\/wp-content\/uploads\/2018\/05\/22.jpg?resize=1024%2C683&amp;ssl=1 1024w, https:\/\/i0.wp.com\/historiografija.hr\/wp-content\/uploads\/2018\/05\/22.jpg?w=1720&amp;ssl=1 1720w, https:\/\/i0.wp.com\/historiografija.hr\/wp-content\/uploads\/2018\/05\/22.jpg?w=2580&amp;ssl=1 2580w\" sizes=\"auto, (max-width: 300px) 100vw, 300px\" \/><\/a><\/p>\n<p><a href=\"https:\/\/i0.wp.com\/historiografija.hr\/wp-content\/uploads\/2018\/05\/20.jpg?ssl=1\"><img data-recalc-dims=\"1\" loading=\"lazy\" decoding=\"async\" data-attachment-id=\"9605\" data-permalink=\"https:\/\/historiografija.hr\/?attachment_id=9605\" data-orig-file=\"https:\/\/i0.wp.com\/historiografija.hr\/wp-content\/uploads\/2018\/05\/20.jpg?fit=4752%2C3168&amp;ssl=1\" data-orig-size=\"4752,3168\" data-comments-opened=\"1\" data-image-meta=\"{&quot;aperture&quot;:&quot;4&quot;,&quot;credit&quot;:&quot;&quot;,&quot;camera&quot;:&quot;Canon EOS 500D&quot;,&quot;caption&quot;:&quot;&quot;,&quot;created_timestamp&quot;:&quot;1524520789&quot;,&quot;copyright&quot;:&quot;&quot;,&quot;focal_length&quot;:&quot;27&quot;,&quot;iso&quot;:&quot;1600&quot;,&quot;shutter_speed&quot;:&quot;0.2&quot;,&quot;title&quot;:&quot;&quot;,&quot;orientation&quot;:&quot;1&quot;}\" data-image-title=\"20\" data-image-description=\"\" data-image-caption=\"\" data-large-file=\"https:\/\/i0.wp.com\/historiografija.hr\/wp-content\/uploads\/2018\/05\/20.jpg?fit=860%2C574&amp;ssl=1\" class=\"alignnone size-medium wp-image-9605\" src=\"https:\/\/i0.wp.com\/historiografija.hr\/wp-content\/uploads\/2018\/05\/20.jpg?resize=300%2C200&#038;ssl=1\" alt=\"\" width=\"300\" height=\"200\" srcset=\"https:\/\/i0.wp.com\/historiografija.hr\/wp-content\/uploads\/2018\/05\/20.jpg?resize=300%2C200&amp;ssl=1 300w, https:\/\/i0.wp.com\/historiografija.hr\/wp-content\/uploads\/2018\/05\/20.jpg?resize=768%2C512&amp;ssl=1 768w, https:\/\/i0.wp.com\/historiografija.hr\/wp-content\/uploads\/2018\/05\/20.jpg?resize=1024%2C683&amp;ssl=1 1024w, https:\/\/i0.wp.com\/historiografija.hr\/wp-content\/uploads\/2018\/05\/20.jpg?w=1720&amp;ssl=1 1720w, https:\/\/i0.wp.com\/historiografija.hr\/wp-content\/uploads\/2018\/05\/20.jpg?w=2580&amp;ssl=1 2580w\" sizes=\"auto, (max-width: 300px) 100vw, 300px\" \/><\/a><\/p>\n<p><a href=\"https:\/\/i0.wp.com\/historiografija.hr\/wp-content\/uploads\/2018\/05\/28.jpg?ssl=1\"><img data-recalc-dims=\"1\" loading=\"lazy\" decoding=\"async\" data-attachment-id=\"9607\" data-permalink=\"https:\/\/historiografija.hr\/?attachment_id=9607\" data-orig-file=\"https:\/\/i0.wp.com\/historiografija.hr\/wp-content\/uploads\/2018\/05\/28.jpg?fit=4752%2C3168&amp;ssl=1\" data-orig-size=\"4752,3168\" data-comments-opened=\"1\" data-image-meta=\"{&quot;aperture&quot;:&quot;3.5&quot;,&quot;credit&quot;:&quot;&quot;,&quot;camera&quot;:&quot;Canon EOS 500D&quot;,&quot;caption&quot;:&quot;&quot;,&quot;created_timestamp&quot;:&quot;1524522827&quot;,&quot;copyright&quot;:&quot;&quot;,&quot;focal_length&quot;:&quot;21&quot;,&quot;iso&quot;:&quot;400&quot;,&quot;shutter_speed&quot;:&quot;0.016666666666667&quot;,&quot;title&quot;:&quot;&quot;,&quot;orientation&quot;:&quot;1&quot;}\" data-image-title=\"28\" data-image-description=\"\" data-image-caption=\"\" data-large-file=\"https:\/\/i0.wp.com\/historiografija.hr\/wp-content\/uploads\/2018\/05\/28.jpg?fit=860%2C574&amp;ssl=1\" class=\"alignnone size-medium wp-image-9607\" src=\"https:\/\/i0.wp.com\/historiografija.hr\/wp-content\/uploads\/2018\/05\/28.jpg?resize=300%2C200&#038;ssl=1\" alt=\"\" width=\"300\" height=\"200\" srcset=\"https:\/\/i0.wp.com\/historiografija.hr\/wp-content\/uploads\/2018\/05\/28.jpg?resize=300%2C200&amp;ssl=1 300w, https:\/\/i0.wp.com\/historiografija.hr\/wp-content\/uploads\/2018\/05\/28.jpg?resize=768%2C512&amp;ssl=1 768w, https:\/\/i0.wp.com\/historiografija.hr\/wp-content\/uploads\/2018\/05\/28.jpg?resize=1024%2C683&amp;ssl=1 1024w, https:\/\/i0.wp.com\/historiografija.hr\/wp-content\/uploads\/2018\/05\/28.jpg?w=1720&amp;ssl=1 1720w, https:\/\/i0.wp.com\/historiografija.hr\/wp-content\/uploads\/2018\/05\/28.jpg?w=2580&amp;ssl=1 2580w\" sizes=\"auto, (max-width: 300px) 100vw, 300px\" \/><\/a><\/p>\n<p>&nbsp;<\/p>\n<p>&nbsp;<\/p>\n","protected":false},"excerpt":{"rendered":"","protected":false},"author":2,"featured_media":9607,"comment_status":"open","ping_status":"open","sticky":false,"template":"","format":"standard","meta":{"_acf_changed":false,"jetpack_post_was_ever_published":false,"_jetpack_newsletter_access":"","_jetpack_dont_email_post_to_subs":false,"_jetpack_newsletter_tier_id":0,"_jetpack_memberships_contains_paywalled_content":false,"_jetpack_memberships_contains_paid_content":false,"footnotes":"","jetpack_publicize_message":"","jetpack_publicize_feature_enabled":true,"jetpack_social_post_already_shared":true,"jetpack_social_options":{"image_generator_settings":{"template":"highway","default_image_id":0,"font":"","enabled":false},"version":2}},"categories":[3],"tags":[],"class_list":["post-9592","post","type-post","status-publish","format-standard","has-post-thumbnail","hentry","category-novosti"],"acf":{"facebook_opis":""},"jetpack_publicize_connections":[],"jetpack_featured_media_url":"https:\/\/i0.wp.com\/historiografija.hr\/wp-content\/uploads\/2018\/05\/28.jpg?fit=4752%2C3168&ssl=1","jetpack_sharing_enabled":true,"jetpack-related-posts":[{"id":52573,"url":"https:\/\/historiografija.hr\/?p=52573","url_meta":{"origin":9592,"position":0},"title":"Znanstvena konferencija &#8220;Filozofija odgoja: povijest, praksa, perspektive&#8221;","author":"Branimir Jankovi\u0107","date":"21. travnja 2026.","format":false,"excerpt":"Znanstvena konferencija \"Filozofija odgoja: povijest, praksa, perspektive\" odr\u017eat \u0107e se 23. i 24. travnja 2026. u Konferencijskoj dvorani Knji\u017enice Filozofskog fakulteta u Zagrebu (2. kat).\u00a0Konferencija je organizirana u okviru projekta\u00a0SUMKOS (voditeljica prof. dr. sc. Ivana Zagorac, financiran\u00a0sredstvima NextGenerationEU), uz potporu Odsjeka za filozofiju.\u00a0 Uz izlaga\u010dki dio, konferencija obuhva\u0107a i izlo\u017ebu\u2026","rel":"","context":"U &quot;Novosti&quot;","block_context":{"text":"Novosti","link":"https:\/\/historiografija.hr\/?cat=3"},"img":{"alt_text":"","src":"","width":0,"height":0},"classes":[]},{"id":52704,"url":"https:\/\/historiografija.hr\/?p=52704","url_meta":{"origin":9592,"position":1},"title":"Predstavljanje knjige &#8220;Vladimir Vasiljevi\u0107: Moji do\u017eivljaji. Dnevni\u010dki zapisi iz Prvoga svjetskog rata i poratnoga vremena&#8221;","author":"Filip \u0160imunjak","date":"29. travnja 2026.","format":false,"excerpt":"Doga\u0111anja ovogodi\u0161njega Festivala povijesti Kliofest zapo\u010dinjemo ve\u0107 i prije samoga slu\u017ebenog otvaranja, predstavljanjem knjige \u201eMoji do\u017eivljaji. Dnevni\u010dki zapisi iz Prvoga svjetskog rata i poratnoga vremena\u201d Vladimira Vasiljevi\u0107a, koju su priredili Karlo Rukavina i Damir Agi\u010di\u0107. Pozivamo Vas na predstavljanje koje \u0107e se odr\u017eati u ponedjeljak 4. svibnja, s po\u010detkom u\u2026","rel":"","context":"U &quot;Knjige&quot;","block_context":{"text":"Knjige","link":"https:\/\/historiografija.hr\/?cat=8"},"img":{"alt_text":"","src":"https:\/\/i0.wp.com\/historiografija.hr\/wp-content\/uploads\/2026\/04\/Naslovna-V.-Vasiljevic.webp?fit=1200%2C600&ssl=1&resize=350%2C200","width":350,"height":200,"srcset":"https:\/\/i0.wp.com\/historiografija.hr\/wp-content\/uploads\/2026\/04\/Naslovna-V.-Vasiljevic.webp?fit=1200%2C600&ssl=1&resize=350%2C200 1x, https:\/\/i0.wp.com\/historiografija.hr\/wp-content\/uploads\/2026\/04\/Naslovna-V.-Vasiljevic.webp?fit=1200%2C600&ssl=1&resize=525%2C300 1.5x, https:\/\/i0.wp.com\/historiografija.hr\/wp-content\/uploads\/2026\/04\/Naslovna-V.-Vasiljevic.webp?fit=1200%2C600&ssl=1&resize=700%2C400 2x, https:\/\/i0.wp.com\/historiografija.hr\/wp-content\/uploads\/2026\/04\/Naslovna-V.-Vasiljevic.webp?fit=1200%2C600&ssl=1&resize=1050%2C600 3x"},"classes":[]},{"id":52616,"url":"https:\/\/historiografija.hr\/?p=52616","url_meta":{"origin":9592,"position":2},"title":"No\u0107 knjige 2026.","author":"Branimir Jankovi\u0107","date":"22. travnja 2026.","format":false,"excerpt":"Slavljeni\u010dka 15. No\u0107 knjige odr\u017eat \u0107e se 23. travnja diljem Hrvatske u povodu Svjetskog dana knjige i autorskih prava te Dana hrvatske knjige. S vi\u0161e od 1.000 prijavljenih programa i akcija s pravom nosi epitet najmasovnije doma\u0107e kulturne manifestacije, a ove \u0107e godine prote\u0107i u znaku mira, razumijevanja, tolerancije, srodnosti\u2026","rel":"","context":"U &quot;Novosti&quot;","block_context":{"text":"Novosti","link":"https:\/\/historiografija.hr\/?cat=3"},"img":{"alt_text":"","src":"https:\/\/i0.wp.com\/historiografija.hr\/wp-content\/uploads\/2026\/04\/noc_knjige_2026.jpg?fit=680%2C276&ssl=1&resize=350%2C200","width":350,"height":200,"srcset":"https:\/\/i0.wp.com\/historiografija.hr\/wp-content\/uploads\/2026\/04\/noc_knjige_2026.jpg?fit=680%2C276&ssl=1&resize=350%2C200 1x, https:\/\/i0.wp.com\/historiografija.hr\/wp-content\/uploads\/2026\/04\/noc_knjige_2026.jpg?fit=680%2C276&ssl=1&resize=525%2C300 1.5x"},"classes":[]},{"id":52669,"url":"https:\/\/historiografija.hr\/?p=52669","url_meta":{"origin":9592,"position":3},"title":"Predavanje Igora Dude &#8220;Odmor kao \u017eivotna potreba: o slobodnom vremenu u socijalisti\u010dkoj Jugoslaviji&#8221;","author":"Branimir Jankovi\u0107","date":"27. travnja 2026.","format":false,"excerpt":"U sklopu proljetnog ciklusa programa\u00a0Kriti\u010dka dramaturgija: pauza, u\u00a0subotu, 25. travnja 2026. u 19 sati\u00a0u prostoru Udru\u017eenja hrvatskih arhitekata povjesni\u010dar Igor Duda\u00a0odr\u017eao je predavanje naslovljeno\u00a0Odmor kao \u017eivotna potreba: o slobodnom vremenu u socijalisti\u010dkoj Jugoslaviji. Industrijalizacija i urbanizacija dru\u0161tava u povijesti su zna\u010dile i prelazak s predindustrijskog na industrijsko shva\u0107anje vremena. Ono\u2026","rel":"","context":"U &quot;Novosti&quot;","block_context":{"text":"Novosti","link":"https:\/\/historiografija.hr\/?cat=3"},"img":{"alt_text":"","src":"https:\/\/i0.wp.com\/historiografija.hr\/wp-content\/uploads\/2026\/04\/Duda.png?fit=1200%2C628&ssl=1&resize=350%2C200","width":350,"height":200,"srcset":"https:\/\/i0.wp.com\/historiografija.hr\/wp-content\/uploads\/2026\/04\/Duda.png?fit=1200%2C628&ssl=1&resize=350%2C200 1x, https:\/\/i0.wp.com\/historiografija.hr\/wp-content\/uploads\/2026\/04\/Duda.png?fit=1200%2C628&ssl=1&resize=525%2C300 1.5x, https:\/\/i0.wp.com\/historiografija.hr\/wp-content\/uploads\/2026\/04\/Duda.png?fit=1200%2C628&ssl=1&resize=700%2C400 2x, https:\/\/i0.wp.com\/historiografija.hr\/wp-content\/uploads\/2026\/04\/Duda.png?fit=1200%2C628&ssl=1&resize=1050%2C600 3x"},"classes":[]},{"id":52603,"url":"https:\/\/historiografija.hr\/?p=52603","url_meta":{"origin":9592,"position":4},"title":"No\u0107 knjige: Carska i kraljevska kuhinja","author":"Branimir Jankovi\u0107","date":"22. travnja 2026.","format":false,"excerpt":"Pozivamo vas da nam se pridru\u017eite 23. travnja 2026. u 18 sati u obilje\u017eavanju No\u0107i knjige u Pivnici Bobi&Rudi na Trgu Ivana Me\u0161trovi\u0107a u Zapru\u0111u u Zagrebu gdje uz kavu \u010ditamo recepte iz zemalja Austro-Ugarske Monarhije iz knjige Carska i kraljevska kuhinja, autora Roberta Mak\u0142owicza, u prijevodu Damira Agi\u010di\u0107a. Izvor:\u2026","rel":"","context":"U &quot;Novosti&quot;","block_context":{"text":"Novosti","link":"https:\/\/historiografija.hr\/?cat=3"},"img":{"alt_text":"","src":"https:\/\/i0.wp.com\/historiografija.hr\/wp-content\/uploads\/2026\/04\/Noc-knjige-Carska-i-kraljevska.jpg?fit=1200%2C1200&ssl=1&resize=350%2C200","width":350,"height":200,"srcset":"https:\/\/i0.wp.com\/historiografija.hr\/wp-content\/uploads\/2026\/04\/Noc-knjige-Carska-i-kraljevska.jpg?fit=1200%2C1200&ssl=1&resize=350%2C200 1x, https:\/\/i0.wp.com\/historiografija.hr\/wp-content\/uploads\/2026\/04\/Noc-knjige-Carska-i-kraljevska.jpg?fit=1200%2C1200&ssl=1&resize=525%2C300 1.5x, https:\/\/i0.wp.com\/historiografija.hr\/wp-content\/uploads\/2026\/04\/Noc-knjige-Carska-i-kraljevska.jpg?fit=1200%2C1200&ssl=1&resize=700%2C400 2x, https:\/\/i0.wp.com\/historiografija.hr\/wp-content\/uploads\/2026\/04\/Noc-knjige-Carska-i-kraljevska.jpg?fit=1200%2C1200&ssl=1&resize=1050%2C600 3x"},"classes":[]},{"id":52592,"url":"https:\/\/historiografija.hr\/?p=52592","url_meta":{"origin":9592,"position":5},"title":"Predstavljanje knjige &#8220;Turska ku\u0107a u Rijeci&#8221; u Zagrebu","author":"Branimir Jankovi\u0107","date":"22. travnja 2026.","format":false,"excerpt":"U prostorijama Turskog kulturnog centra Yunus Emre u Zagrebu, u utorak 21. travnja 2026. godine, odr\u017eano je sve\u010dano predstavljanje dopunjenog izdanja knjige Turska ku\u0107a u Rijeci, u organizaciji Hrvatsko-turskog dru\u0161tva Rijeka i partnerstvu sa Skupinom prijateljstva Hrvatska-Turska Hrvatskog sabora, Veleposlanstvom Republike Turske u Republici Hrvatskoj te Turskim kulturnim centrom Yunus\u2026","rel":"","context":"U &quot;Novosti&quot;","block_context":{"text":"Novosti","link":"https:\/\/historiografija.hr\/?cat=3"},"img":{"alt_text":"","src":"https:\/\/i0.wp.com\/historiografija.hr\/wp-content\/uploads\/2026\/04\/Turska-kuca-ZG.jpg?fit=1200%2C800&ssl=1&resize=350%2C200","width":350,"height":200,"srcset":"https:\/\/i0.wp.com\/historiografija.hr\/wp-content\/uploads\/2026\/04\/Turska-kuca-ZG.jpg?fit=1200%2C800&ssl=1&resize=350%2C200 1x, https:\/\/i0.wp.com\/historiografija.hr\/wp-content\/uploads\/2026\/04\/Turska-kuca-ZG.jpg?fit=1200%2C800&ssl=1&resize=525%2C300 1.5x, https:\/\/i0.wp.com\/historiografija.hr\/wp-content\/uploads\/2026\/04\/Turska-kuca-ZG.jpg?fit=1200%2C800&ssl=1&resize=700%2C400 2x, https:\/\/i0.wp.com\/historiografija.hr\/wp-content\/uploads\/2026\/04\/Turska-kuca-ZG.jpg?fit=1200%2C800&ssl=1&resize=1050%2C600 3x"},"classes":[]}],"_links":{"self":[{"href":"https:\/\/historiografija.hr\/index.php?rest_route=\/wp\/v2\/posts\/9592","targetHints":{"allow":["GET"]}}],"collection":[{"href":"https:\/\/historiografija.hr\/index.php?rest_route=\/wp\/v2\/posts"}],"about":[{"href":"https:\/\/historiografija.hr\/index.php?rest_route=\/wp\/v2\/types\/post"}],"author":[{"embeddable":true,"href":"https:\/\/historiografija.hr\/index.php?rest_route=\/wp\/v2\/users\/2"}],"replies":[{"embeddable":true,"href":"https:\/\/historiografija.hr\/index.php?rest_route=%2Fwp%2Fv2%2Fcomments&post=9592"}],"version-history":[{"count":3,"href":"https:\/\/historiografija.hr\/index.php?rest_route=\/wp\/v2\/posts\/9592\/revisions"}],"predecessor-version":[{"id":9608,"href":"https:\/\/historiografija.hr\/index.php?rest_route=\/wp\/v2\/posts\/9592\/revisions\/9608"}],"wp:featuredmedia":[{"embeddable":true,"href":"https:\/\/historiografija.hr\/index.php?rest_route=\/wp\/v2\/media\/9607"}],"wp:attachment":[{"href":"https:\/\/historiografija.hr\/index.php?rest_route=%2Fwp%2Fv2%2Fmedia&parent=9592"}],"wp:term":[{"taxonomy":"category","embeddable":true,"href":"https:\/\/historiografija.hr\/index.php?rest_route=%2Fwp%2Fv2%2Fcategories&post=9592"},{"taxonomy":"post_tag","embeddable":true,"href":"https:\/\/historiografija.hr\/index.php?rest_route=%2Fwp%2Fv2%2Ftags&post=9592"}],"curies":[{"name":"wp","href":"https:\/\/api.w.org\/{rel}","templated":true}]}}