{"id":9582,"date":"2018-05-03T21:14:24","date_gmt":"2018-05-03T21:14:24","guid":{"rendered":"http:\/\/historiografija.hr\/?p=9582"},"modified":"2018-05-03T21:15:30","modified_gmt":"2018-05-03T21:15:30","slug":"iz-programa-trnjanskih-kresova-2018","status":"publish","type":"post","link":"https:\/\/historiografija.hr\/?p=9582","title":{"rendered":"Iz programa Trnjanskih kresova 2018."},"content":{"rendered":"<p>Dio programa Trnjanskih kresova 2018. kojim se obilje\u017eava Dan oslobo\u0111enja Zagreba uklju\u010duje predstavljanje projekta \u201cU spomen spomenicima\u201d, \u0161etnju \u017eenskim antifa\u0161isti\u010dkim Zagrebom te izlo\u017ebu i razgovor o Antifa\u0161isti\u010dkom frontu \u017eena.<\/p>\n<p>&nbsp;<\/p>\n<p>&nbsp;<\/p>\n<p>&#8212;<\/p>\n<p>&nbsp;<\/p>\n<p>&nbsp;<\/p>\n<p>Dnevni program (subota, 5. 5., Savski nasip kod Mosta slobode)<\/p>\n<p>&nbsp;<\/p>\n<p>&nbsp;<\/p>\n<p>(&#8230;)<\/p>\n<p>&nbsp;<\/p>\n<p>&nbsp;<\/p>\n<p>14\u201520 h \/ U SPOMEN SPOMENICIMA (izlo\u017eba)<\/p>\n<p>&nbsp;<\/p>\n<p>&nbsp;<\/p>\n<p>U sklopu Trnjanskih kresova 2018. bit \u0107e predstavljen projekt \u201cU spomen spomenicima\u201d koji podrazumijeva hommage spomenicima Narodnooslobodila\u010dkoj borbi i revoluciji, autorice Imelde Ramovi\u0107.<\/p>\n<p>&nbsp;<\/p>\n<p>&nbsp;<\/p>\n<p>Na izlo\u017ebi \u0107emo imati priliku vidjeti seriju autorskih plakata i ilustracija s motivima spomenika, nastalih s ciljem o\u010duvanja sje\u0107anja na tako vrijednu kulturnu i spomeni\u010dku ba\u0161tinu.<\/p>\n<p>&nbsp;<\/p>\n<p>&nbsp;<\/p>\n<p>(&#8230;)<\/p>\n<p>&nbsp;<\/p>\n<p>&nbsp;<\/p>\n<p>Pro\u0161ireni program (razli\u010dite zagreba\u010dke lokacije):<\/p>\n<p>&nbsp;<\/p>\n<p>&nbsp;<\/p>\n<p>6. 5. \/ 19 h \/ Britanski trg \/ \u017dENSKI ANTIFA\u0160ISTI\u010cKI ZAGREB (tematska \u0161etnja gradom)<\/p>\n<p>&nbsp;<\/p>\n<p>&nbsp;<\/p>\n<p>Centar za \u017eenske studije u sklopu projekta \u017denski antifa\u0161isti\u010dki Zagreb (2014.\u20152018.) organizira tematsku \u0161etnju Zagrebom. \u0160etnja \u0107e obuhvatiti gradske lokacije \u017eenske borbe i antifa\u0161isti\u010dkog otpora uo\u010di i tijekom Drugog svjetskog rata. \u0160etnju \u0107e voditi autorice projekta Ana Lovrekovi\u0107 i Barbara Blasin.<\/p>\n<p>&nbsp;<\/p>\n<p>&nbsp;<\/p>\n<p>Projekt \u017denski antifa\u0161isti\u010dki Zagreb bavi se me\u0111uratnim razdobljem i razdobljem Drugog svjetskog rata (1939.\u20151945.) iz antifa\u0161isti\u010dkog i feministi\u010dkog diskursa, prate\u0107i predratnu povijest \u017eenskih pokreta, sindikalnog, omladinskog i studentskog organiziranja, te naposljetku organiziranje i masovno sudjelovanje \u017eena Zagreba u antifa\u0161isti\u010dkom otporu.<\/p>\n<p>&nbsp;<\/p>\n<p>&nbsp;<\/p>\n<p>7. 5. \/ 17: 30 h (promocija knjige) \/ 19 h (otvorenje izlo\u017ebe) \/ Galerija Greta, Ilica 92 \/ IZGUBLJENA REVOLUCIJA: AF\u017d IZME\u0110U MITA I ZABORAVA (knjiga) &amp; AF\u017d BiH: PITANJA U KOJA SE TREBAMO UDUBITI (izlo\u017eba)<\/p>\n<p>&nbsp;<\/p>\n<p>&nbsp;<\/p>\n<p>Udru\u017eenje za kulturu i umjetnost CRVENA iz Sarajeva i Centar za \u017eenske studije Zagreb pozivaju vas na otvorenje izlo\u017ebe i razgovor o djelovanju Antifa\u0161isti\u010dkog fronta \u017eena Bosne i Hercegovine izme\u0111u 1941. i 1953. godine.<\/p>\n<p>&nbsp;<\/p>\n<p>&nbsp;<\/p>\n<p>Koriste\u0107i slu\u017ebene dokumente prikupljene u sklopu trogodi\u0161njeg istra\u017eivanja, ilustrirat \u0107emo okolnosti u kojima je AF\u017d BiH djelovao te obuhvatiti osnovne neuralgi\u010dne to\u010dke i proturje\u010dja \u017eenske svakodnevnice vezana uz radne uvjete, distribuciju rada, politi\u010dku edukaciju i polo\u017eaj AF\u017d-a naspram partije i vjerskih organizacija. Uz autoricu izlo\u017ebe Andreju Dugand\u017ei\u0107, u razgovoru sudjeluju Renata Jambre\u0161i\u0107 Kirin i Tijana Oki\u0107.<\/p>\n<p>&nbsp;<\/p>\n<p>&nbsp;<\/p>\n<p>Pro\u0161ireni program financijski podupire Rosa Luxemburg Stiftung Southeast Europe u sklopu projekta \u201cOrganiziranje \u017eena na ljevici izme\u0111u dva svjetska rata, za vrijeme Drugog svjetskog rata i nakon oslobo\u0111enja\u201d.<\/p>\n<p>&nbsp;<\/p>\n<p>&nbsp;<\/p>\n<p>Izvori i dodatne informacije:<\/p>\n<p>&nbsp;<\/p>\n<p>&nbsp;<\/p>\n<blockquote class=\"wp-embedded-content\" data-secret=\"Welp47HPXb\"><p><a href=\"http:\/\/www.maz.hr\/2018\/04\/29\/program-trnjanskih-kresova-2018\/\">Program Trnjanskih kresova 2018.<\/a><\/p><\/blockquote>\n<p><iframe loading=\"lazy\" class=\"wp-embedded-content\" sandbox=\"allow-scripts\" security=\"restricted\" style=\"position: absolute; clip: rect(1px, 1px, 1px, 1px);\" src=\"http:\/\/www.maz.hr\/2018\/04\/29\/program-trnjanskih-kresova-2018\/embed\/#?secret=Welp47HPXb\" data-secret=\"Welp47HPXb\" width=\"600\" height=\"338\" title=\"&#8220;Program Trnjanskih kresova 2018.&#8221; &#8212; MAZ\" frameborder=\"0\" marginwidth=\"0\" marginheight=\"0\" scrolling=\"no\"><\/iframe><\/p>\n<p>&nbsp;<\/p>\n<p><a href=\"https:\/\/www.behance.net\/gallery\/57620031\/U-SPOMEN-SPOMENICIMA\">https:\/\/www.behance.net\/gallery\/57620031\/U-SPOMEN-SPOMENICIMA<\/a><\/p>\n<p>&nbsp;<\/p>\n<p>&nbsp;<\/p>\n<p><a href=\"https:\/\/www.facebook.com\/events\/2086691381599566\/\">https:\/\/www.facebook.com\/events\/2086691381599566\/<\/a><\/p>\n<p>&nbsp;<\/p>\n<p>&nbsp;<\/p>\n<p><a href=\"https:\/\/www.facebook.com\/events\/226579411443547\/\">https:\/\/www.facebook.com\/events\/226579411443547\/<\/a><\/p>\n<p>&nbsp;<\/p>\n<p>&nbsp;<\/p>\n<blockquote class=\"wp-embedded-content\" data-secret=\"eXOH4Ta5hN\"><p><a href=\"https:\/\/zenstud.hr\/2018\/05\/02\/dogadanja-u-okviru-projekta-organizirane-zene-na-ljevici\/\">Doga\u0111anja u okviru projekta \u201cOrganizirane \u017eene na ljevici\u201d<\/a><\/p><\/blockquote>\n<p><iframe loading=\"lazy\" class=\"wp-embedded-content\" sandbox=\"allow-scripts\" security=\"restricted\" style=\"position: absolute; clip: rect(1px, 1px, 1px, 1px);\" src=\"https:\/\/zenstud.hr\/2018\/05\/02\/dogadanja-u-okviru-projekta-organizirane-zene-na-ljevici\/embed\/#?secret=eXOH4Ta5hN\" data-secret=\"eXOH4Ta5hN\" width=\"600\" height=\"338\" title=\"&#8220;Doga\u0111anja u okviru projekta \u201cOrganizirane \u017eene na ljevici\u201d&#8221; &#8212; Centar za \u017eenske studije\" frameborder=\"0\" marginwidth=\"0\" marginheight=\"0\" scrolling=\"no\"><\/iframe><\/p>\n<p>&nbsp;<\/p>\n","protected":false},"excerpt":{"rendered":"","protected":false},"author":2,"featured_media":9583,"comment_status":"open","ping_status":"open","sticky":false,"template":"","format":"standard","meta":{"_acf_changed":false,"jetpack_post_was_ever_published":false,"_jetpack_newsletter_access":"","_jetpack_dont_email_post_to_subs":false,"_jetpack_newsletter_tier_id":0,"_jetpack_memberships_contains_paywalled_content":false,"_jetpack_memberships_contains_paid_content":false,"footnotes":"","jetpack_publicize_message":"","jetpack_publicize_feature_enabled":true,"jetpack_social_post_already_shared":true,"jetpack_social_options":{"image_generator_settings":{"template":"highway","default_image_id":0,"font":"","enabled":false},"version":2}},"categories":[3],"tags":[],"class_list":["post-9582","post","type-post","status-publish","format-standard","has-post-thumbnail","hentry","category-novosti"],"acf":{"facebook_opis":""},"jetpack_publicize_connections":[],"jetpack_featured_media_url":"https:\/\/i0.wp.com\/historiografija.hr\/wp-content\/uploads\/2018\/05\/Kresovi.jpg?fit=1920%2C1080&ssl=1","jetpack_sharing_enabled":true,"jetpack-related-posts":[{"id":52633,"url":"https:\/\/historiografija.hr\/?p=52633","url_meta":{"origin":9582,"position":0},"title":"POVIJEST TRE\u0160NJEVA\u010cKE GLAZBE: prikupljanje virtualnog fundusa Muzeja susjedstva Tre\u0161njevka","author":"Branimir Jankovi\u0107","date":"23. travnja 2026.","format":false,"excerpt":"utorak 28. 4. 2026. 14 - 18 h Nova BAZA, Nova cesta 66, Zagreb Prvi su dani ljeta 1957. godine. Bo\u017eica Kalafati\u0107 poha\u0111a drugi razred Osnovne \u0161kole Bratstvo i jedinstvo, danas kralja Tomislava, a ide i na muzi\u010dke satove u Mo\u0161\u0107eni\u010dkoj ulici. Na fotografiji s harmonikom u rukama stoji u\u2026","rel":"","context":"U &quot;Novosti&quot;","block_context":{"text":"Novosti","link":"https:\/\/historiografija.hr\/?cat=3"},"img":{"alt_text":"","src":"https:\/\/i0.wp.com\/historiografija.hr\/wp-content\/uploads\/2026\/04\/MST_prikupljanje.jpg?fit=380%2C475&ssl=1&resize=350%2C200","width":350,"height":200},"classes":[]},{"id":52539,"url":"https:\/\/historiografija.hr\/?p=52539","url_meta":{"origin":9582,"position":1},"title":"Drugi po redu studentski simpozij &#8220;In fonte veritas&#8221;","author":"Branimir Jankovi\u0107","date":"20. travnja 2026.","format":false,"excerpt":"U srijedu, 22. travnja 2026. godine, u dvorani C 0.4 na Hrvatskom katoli\u010dkom sveu\u010dili\u0161tu odr\u017eat \u0107e se drugi studentski simpozij \u201eIn fonte veritas\". Ovogodi\u0161nja sredi\u0161nja tema simpozija je Papinstvo. Kroz istra\u017eiva\u010dko suo\u010davanje s povijesnim izvorima deset \u0107e studenata predstaviti rezultate svojih istra\u017eivanja o instituciji koja je stolje\u0107ima oblikovala europsku i\u2026","rel":"","context":"U &quot;Novosti&quot;","block_context":{"text":"Novosti","link":"https:\/\/historiografija.hr\/?cat=3"},"img":{"alt_text":"","src":"https:\/\/i0.wp.com\/historiografija.hr\/wp-content\/uploads\/2026\/04\/Papinstvo.png?fit=1024%2C500&ssl=1&resize=350%2C200","width":350,"height":200,"srcset":"https:\/\/i0.wp.com\/historiografija.hr\/wp-content\/uploads\/2026\/04\/Papinstvo.png?fit=1024%2C500&ssl=1&resize=350%2C200 1x, https:\/\/i0.wp.com\/historiografija.hr\/wp-content\/uploads\/2026\/04\/Papinstvo.png?fit=1024%2C500&ssl=1&resize=525%2C300 1.5x, https:\/\/i0.wp.com\/historiografija.hr\/wp-content\/uploads\/2026\/04\/Papinstvo.png?fit=1024%2C500&ssl=1&resize=700%2C400 2x"},"classes":[]},{"id":52669,"url":"https:\/\/historiografija.hr\/?p=52669","url_meta":{"origin":9582,"position":2},"title":"Predavanje Igora Dude &#8220;Odmor kao \u017eivotna potreba: o slobodnom vremenu u socijalisti\u010dkoj Jugoslaviji&#8221;","author":"Branimir Jankovi\u0107","date":"27. travnja 2026.","format":false,"excerpt":"U sklopu proljetnog ciklusa programa\u00a0Kriti\u010dka dramaturgija: pauza, u\u00a0subotu, 25. travnja 2026. u 19 sati\u00a0u prostoru Udru\u017eenja hrvatskih arhitekata povjesni\u010dar Igor Duda\u00a0odr\u017eao je predavanje naslovljeno\u00a0Odmor kao \u017eivotna potreba: o slobodnom vremenu u socijalisti\u010dkoj Jugoslaviji. Industrijalizacija i urbanizacija dru\u0161tava u povijesti su zna\u010dile i prelazak s predindustrijskog na industrijsko shva\u0107anje vremena. Ono\u2026","rel":"","context":"U &quot;Novosti&quot;","block_context":{"text":"Novosti","link":"https:\/\/historiografija.hr\/?cat=3"},"img":{"alt_text":"","src":"https:\/\/i0.wp.com\/historiografija.hr\/wp-content\/uploads\/2026\/04\/Duda.png?fit=1200%2C628&ssl=1&resize=350%2C200","width":350,"height":200,"srcset":"https:\/\/i0.wp.com\/historiografija.hr\/wp-content\/uploads\/2026\/04\/Duda.png?fit=1200%2C628&ssl=1&resize=350%2C200 1x, https:\/\/i0.wp.com\/historiografija.hr\/wp-content\/uploads\/2026\/04\/Duda.png?fit=1200%2C628&ssl=1&resize=525%2C300 1.5x, https:\/\/i0.wp.com\/historiografija.hr\/wp-content\/uploads\/2026\/04\/Duda.png?fit=1200%2C628&ssl=1&resize=700%2C400 2x, https:\/\/i0.wp.com\/historiografija.hr\/wp-content\/uploads\/2026\/04\/Duda.png?fit=1200%2C628&ssl=1&resize=1050%2C600 3x"},"classes":[]},{"id":52619,"url":"https:\/\/historiografija.hr\/?p=52619","url_meta":{"origin":9582,"position":3},"title":"Predavanje \u0110ur\u0111ice Vitkovi\u0107 &#8220;Izme\u0111u pera i objektiva: Zagorka i Foto Tonka&#8221;","author":"Branimir Jankovi\u0107","date":"23. travnja 2026.","format":false,"excerpt":"Memorijalni stan Marije Juri\u0107 Zagorke poziva Vas na predavanje \u0110ur\u0111ice Vitkovi\u0107 \u201eIzme\u0111u pera i objektiva: Zagorka i Foto Tonka\u201c koje \u0107e se odr\u017eati u utorak, 28. travnja 2026. s po\u010detkom u 18 h u sklopu Ciklusa predavanja u Memorijalnom stanu Marije Juri\u0107 Zagorke. Kako su se susrele knji\u017eevnost i fotografija\u2026","rel":"","context":"U &quot;Novosti&quot;","block_context":{"text":"Novosti","link":"https:\/\/historiografija.hr\/?cat=3"},"img":{"alt_text":"","src":"https:\/\/i0.wp.com\/historiografija.hr\/wp-content\/uploads\/2024\/11\/Zagorka_ciklus.jpg?fit=1200%2C1006&ssl=1&resize=350%2C200","width":350,"height":200,"srcset":"https:\/\/i0.wp.com\/historiografija.hr\/wp-content\/uploads\/2024\/11\/Zagorka_ciklus.jpg?fit=1200%2C1006&ssl=1&resize=350%2C200 1x, https:\/\/i0.wp.com\/historiografija.hr\/wp-content\/uploads\/2024\/11\/Zagorka_ciklus.jpg?fit=1200%2C1006&ssl=1&resize=525%2C300 1.5x, https:\/\/i0.wp.com\/historiografija.hr\/wp-content\/uploads\/2024\/11\/Zagorka_ciklus.jpg?fit=1200%2C1006&ssl=1&resize=700%2C400 2x, https:\/\/i0.wp.com\/historiografija.hr\/wp-content\/uploads\/2024\/11\/Zagorka_ciklus.jpg?fit=1200%2C1006&ssl=1&resize=1050%2C600 3x"},"classes":[]},{"id":52666,"url":"https:\/\/historiografija.hr\/?p=52666","url_meta":{"origin":9582,"position":4},"title":"Najava programa Festivala povijesti Kliofest (5-8. V. 2026)","author":"Branimir Jankovi\u0107","date":"24. travnja 2026.","format":false,"excerpt":"Po trinaesti put odr\u017eava se Festival povijesti Kliofest! Do petka \u0107emo odr\u017eati osam okruglih stolova i dva kolokvija te niz predstavljanja knjiga i projekata razli\u010dite tematike, od antike do suvremenosti. Bit \u0107e predstavljeno i nekoliko izlo\u017ebi te odr\u017ean jedan povijesni kviz. Prikazat \u0107emo i jedan film \u2013 o generalu Boroevi\u0107u.\u2026","rel":"","context":"U &quot;Novosti&quot;","block_context":{"text":"Novosti","link":"https:\/\/historiografija.hr\/?cat=3"},"img":{"alt_text":"","src":"https:\/\/i0.wp.com\/historiografija.hr\/wp-content\/uploads\/2026\/04\/Kliofest-2026.jpg?fit=526%2C526&ssl=1&resize=350%2C200","width":350,"height":200,"srcset":"https:\/\/i0.wp.com\/historiografija.hr\/wp-content\/uploads\/2026\/04\/Kliofest-2026.jpg?fit=526%2C526&ssl=1&resize=350%2C200 1x, https:\/\/i0.wp.com\/historiografija.hr\/wp-content\/uploads\/2026\/04\/Kliofest-2026.jpg?fit=526%2C526&ssl=1&resize=525%2C300 1.5x"},"classes":[]},{"id":52681,"url":"https:\/\/historiografija.hr\/?p=52681","url_meta":{"origin":9582,"position":5},"title":"XIII. Festival povijesti Kliofest 2026.","author":"Branimir Jankovi\u0107","date":"27. travnja 2026.","format":false,"excerpt":"Trinaesti Festival povijesti Kliofest odr\u017eava se od 5. do 8. svibnja 2026. u Nacionalnoj i sveu\u010dili\u0161noj knji\u017enici u Zagrebu, kao i na nekoliko drugih lokacija u gradu. Cjelokupni program nalazi se u programskoj knji\u017eici u nastavku. Kliofest 2026 - ProgramPreuzmi","rel":"","context":"U &quot;Prikazi i osvrti&quot;","block_context":{"text":"Prikazi i osvrti","link":"https:\/\/historiografija.hr\/?cat=4"},"img":{"alt_text":"","src":"","width":0,"height":0},"classes":[]}],"_links":{"self":[{"href":"https:\/\/historiografija.hr\/index.php?rest_route=\/wp\/v2\/posts\/9582","targetHints":{"allow":["GET"]}}],"collection":[{"href":"https:\/\/historiografija.hr\/index.php?rest_route=\/wp\/v2\/posts"}],"about":[{"href":"https:\/\/historiografija.hr\/index.php?rest_route=\/wp\/v2\/types\/post"}],"author":[{"embeddable":true,"href":"https:\/\/historiografija.hr\/index.php?rest_route=\/wp\/v2\/users\/2"}],"replies":[{"embeddable":true,"href":"https:\/\/historiografija.hr\/index.php?rest_route=%2Fwp%2Fv2%2Fcomments&post=9582"}],"version-history":[{"count":2,"href":"https:\/\/historiografija.hr\/index.php?rest_route=\/wp\/v2\/posts\/9582\/revisions"}],"predecessor-version":[{"id":9585,"href":"https:\/\/historiografija.hr\/index.php?rest_route=\/wp\/v2\/posts\/9582\/revisions\/9585"}],"wp:featuredmedia":[{"embeddable":true,"href":"https:\/\/historiografija.hr\/index.php?rest_route=\/wp\/v2\/media\/9583"}],"wp:attachment":[{"href":"https:\/\/historiografija.hr\/index.php?rest_route=%2Fwp%2Fv2%2Fmedia&parent=9582"}],"wp:term":[{"taxonomy":"category","embeddable":true,"href":"https:\/\/historiografija.hr\/index.php?rest_route=%2Fwp%2Fv2%2Fcategories&post=9582"},{"taxonomy":"post_tag","embeddable":true,"href":"https:\/\/historiografija.hr\/index.php?rest_route=%2Fwp%2Fv2%2Ftags&post=9582"}],"curies":[{"name":"wp","href":"https:\/\/api.w.org\/{rel}","templated":true}]}}