{"id":9575,"date":"2018-05-03T12:20:02","date_gmt":"2018-05-03T12:20:02","guid":{"rendered":"http:\/\/historiografija.hr\/?p=9575"},"modified":"2018-05-03T12:20:39","modified_gmt":"2018-05-03T12:20:39","slug":"izlozba-navik-on-zivi-ki-zgine-posteno-frankopani-1118-1671","status":"publish","type":"post","link":"https:\/\/historiografija.hr\/?p=9575","title":{"rendered":"Izlo\u017eba \u201eNavik on \u017eivi ki zgine po\u0161teno \/ Frankopani 1118 \u2013 1671.\u201c"},"content":{"rendered":"<p>Izlo\u017ebom &#8220;Navik on \u017eivi ki zgine po\u0161teno \/ Frankopani 1118 \u2013 1671.&#8221; Pomorski i povijesni muzej Hrvatskog primorja Rijeka pridru\u017euje se obilje\u017eavanju 900. godi\u0161njice od prvog spomena (pojave) knezova Kr\u010dkih \u2500 Frankopana, jedne od najzna\u010dajnijih hrvatskih plemi\u0107kih obitelji.<\/p>\n<p>&nbsp;<\/p>\n<p>&nbsp;<\/p>\n<p>Frankopani potje\u010du s otoka Krka, a prvi me\u0111u njima je Dujam \u010dije je sjedi\u0161te bilo najvjerojatnije u ka\u0161telu Gradec, u okolici Vrbnika. Do 15. stolje\u0107a poznati su kao knezovi Kr\u010dki, a grb im je vodoravno prepolovljen \u0161tit sa zlatnom \u0161esterokrakom zvijezdom. Najzna\u010dajniji predstavnik obitelji je Nikola IV. (1352\u20131432), sin Ivana V., koji je kao jedini mu\u0161ki nasljednik objedinio sva porodi\u010dna imanja (Krk s otokom, Senj s kotarom, \u017eupe Gacka, Vinodol, Modru\u0161, Dre\u017enik sa Slunjem, Cetinje s kotorom Kloko\u010dkim) te doveo vlast Frankopana do vrhunca. Prvi se po\u010dinje nazivati Frankapanom (Mi knez Mikula de Frankapan), a papa Martin V. potvr\u0111uje mu 1430. podrijetlo od rimske obitelji Frangipani i dodjeljuje novi grb: dva uspravljena zlatna lava koji lome kruh.<\/p>\n<p>&nbsp;<\/p>\n<p>&nbsp;<\/p>\n<p>Frankopani su obna\u0161ali mnoge \u010dasne i visoke polo\u017eaje. Kao knezovi, namjesnici, banovi, ratnici, politi\u010dari, ali i pisci, govornici, pjesnici, zakonodavci, izdava\u010di pobo\u017enih i svjetovnih knjiga, crta\u010di i slikari stvarali su hrvatsku povijest i kulturu dugih pet i pol stolje\u0107a. Ostavili su veliko bogatstvo materijalne i nematerijalne ba\u0161tine. Sagradili su brojne tvr\u0111ave i razvili mnoge gradove. Bili su obdaritelji crkava i samostana. Orodili su se s najzna\u010dajnijim europskim porodicama. Najpoznatija, i za Hrvatsku najzna\u010dajnija obiteljska veza bila je sa Zrinskima, kako u dobru, tako i u zlu. Posljednji Frankopan, Fran Krsto, osu\u0111en je zajedno s Petrom Zrinskim za urotu protiv kralja i Habsbur\u0161ke Monarhije. Pogubljeni su 30. travnja 1671. godine u Be\u010dkom Novom Mjestu, a sje\u0107anje na te dvije obitelji preraslo je u legendu i postalo nacionalni kult. Tako su se obistinile rije\u010di mladoga Frana Krste Frankopana, ratnika i pjesnika: navik on \u017eivi ki zgine po\u0161teno.<\/p>\n<p>&nbsp;<\/p>\n<p>&nbsp;<\/p>\n<p>Izlo\u017ebom se, po prvi put jedinstveno prezentira malobrojna, ali izuzetno vrijedna gra\u0111a koja se ubraja me\u0111u neke od najzna\u010dajnijih nacionalnih memorabilija, a nalazi se u brojnim hrvatskim ustanovama, sakralnim zbirkama i crkvama. Izlo\u017eba je rezultat dugogodi\u0161njeg djelovnja na za\u0161titi i prou\u010davanju frankopanske ba\u0161tine svih imatelja gra\u0111e, koji su je ovom prigodom nesebi\u010dno ustupili javnosti na uvid.<\/p>\n<p>&nbsp;<\/p>\n<p>&nbsp;<\/p>\n<p>Izlo\u017eba<\/p>\n<p>FRANKOPANI 1118 \u2500 1671.<\/p>\n<p>Navik on \u017eivi ki zgine po\u0161teno<\/p>\n<p>4.svibnja 2018. u 19:00 \u2013 1. srpnja 2018.<\/p>\n<p>&nbsp;<\/p>\n<p>&nbsp;<\/p>\n<p>Organizator:<\/p>\n<p>Pomorski i povijesni muzej Hrvatskog primorja Rijeka<\/p>\n<p>&nbsp;<\/p>\n<p>&nbsp;<\/p>\n<p>Za organizatora: Tea Perin\u010di\u0107<\/p>\n<p>&nbsp;<\/p>\n<p>&nbsp;<\/p>\n<p>Autorica stru\u010dne koncepcije i likovnog postava izlo\u017ebe: Margita Cvijetinovi\u0107<\/p>\n<p>&nbsp;<\/p>\n<p>&nbsp;<\/p>\n<p>Lektorica: Mihaela Mate\u0161i\u0107<\/p>\n<p>Fotografije: arhiva HPM, arhiva MUO, Arhiva HDA, Arhiva NSK, Petar Trinajsti\u0107, arhiva Turisti\u010dke zajednice Kvarnera<\/p>\n<p>&nbsp;<\/p>\n<p>&nbsp;<\/p>\n<p>Dizajn plakata, pozivnice, letka: Vesna Ro\u017eman<\/p>\n<p>&nbsp;<\/p>\n<p>&nbsp;<\/p>\n<p>Grafi\u010dka priprema postera izlo\u017ebe: Korina Hunjak<\/p>\n<p>&nbsp;<\/p>\n<p>&nbsp;<\/p>\n<p>Likovna interpretacija Frankopana: Iva Starac<\/p>\n<p>&nbsp;<\/p>\n<p>&nbsp;<\/p>\n<p>Skeniranje i priprema grafika iz knjige J. W. Valvasora: Vladimir Tkal\u010di\u0107<\/p>\n<p>&nbsp;<\/p>\n<p>&nbsp;<\/p>\n<p>Skeniranje i tehni\u010dka pomo\u0107: Ivana Buljevi\u0107, Dora Milkovi\u0107, Laura Radinovi\u0107<\/p>\n<p>&nbsp;<\/p>\n<p>&nbsp;<\/p>\n<p>Tehni\u010dki postav izlo\u017ebe: Melanija \u0160tokov, Dino Markovi\u0107<\/p>\n<p>&nbsp;<\/p>\n<p>&nbsp;<\/p>\n<p>Priprema multimedijalnih sadr\u017eaja: Tihomir Tutek<\/p>\n<p>&nbsp;<\/p>\n<p>&nbsp;<\/p>\n<p>Dekoracija izlo\u017ebenog prostora: Agencija za vjen\u010danja \u201cNoi due\u201d<\/p>\n<p>&nbsp;<\/p>\n<p>&nbsp;<\/p>\n<p>Ilustrativna i izlo\u017ebena gra\u0111a: Dr\u017eavni arhiv u Rijeci, Franjeva\u010dki samostan na Ko\u0161ljunu, Franjeva\u010dki samostan na Trsatu, Hrvatski dr\u017eavni arhiv, Hrvatski povijesni muzej, Leksikografski zavod Miroslav Krle\u017ea, Muzej za umjetnost i obrt, Nacionalna i sveu\u010dili\u0161na knji\u017enica, Narodni muzej i galerija Novi Vinodolski, Pomorski i povijesni muzej Hrvatskog primorja Rijeka, Rije\u010dka nadbiskupija, Riznica Katedrale sv. Vida, Sveu\u010dili\u0161na knji\u017enica Rijeka, \u017dupa Uznesenja B. D. Marije u Vrbniku<\/p>\n<p>&nbsp;<\/p>\n<p>&nbsp;<\/p>\n<p>Pokrovitelj izlo\u017ebe: Rije\u010dka nadbiskupija<\/p>\n<p>&nbsp;<\/p>\n<p>&nbsp;<\/p>\n<p>Suorganizator izlo\u017ebe: Primorsko \u2013 goranska \u017eupanija<\/p>\n<p>&nbsp;<\/p>\n<p>&nbsp;<\/p>\n<p>Zahvaljujemo svima koji su svojim savjetom, trudom i zalaganjem omogu\u0107ili da izlo\u017eba poprimi svoj kona\u010dni oblik, a naro\u010dito Zavodu za dru\u0161tvene i povijesne znanosti u Rijeci Hrvatske akademije znanosti i umjetnosti i akademiku Petru Str\u010di\u0107u.<\/p>\n<p>&nbsp;<\/p>\n<p>&nbsp;<\/p>\n<p>Izlo\u017eba je realizirana sredstvima Ministarstva kulture RH i Primorsko-goranske \u017eupanije<\/p>\n<p>&nbsp;<\/p>\n<p>&nbsp;<\/p>\n<p>Izvor: <a href=\"http:\/\/ppmhp.hr\/navik-on-zivi-ki-zgine-posteno\/\">http:\/\/ppmhp.hr\/navik-on-zivi-ki-zgine-posteno\/<\/a><\/p>\n<p>&nbsp;<\/p>\n<p>&nbsp;<\/p>\n","protected":false},"excerpt":{"rendered":"","protected":false},"author":2,"featured_media":9576,"comment_status":"open","ping_status":"open","sticky":false,"template":"","format":"standard","meta":{"_acf_changed":false,"jetpack_post_was_ever_published":false,"_jetpack_newsletter_access":"","_jetpack_dont_email_post_to_subs":false,"_jetpack_newsletter_tier_id":0,"_jetpack_memberships_contains_paywalled_content":false,"_jetpack_memberships_contains_paid_content":false,"footnotes":"","jetpack_publicize_message":"","jetpack_publicize_feature_enabled":true,"jetpack_social_post_already_shared":true,"jetpack_social_options":{"image_generator_settings":{"template":"highway","default_image_id":0,"font":"","enabled":false},"version":2}},"categories":[10,3],"tags":[],"class_list":["post-9575","post","type-post","status-publish","format-standard","has-post-thumbnail","hentry","category-izlozbe","category-novosti"],"acf":{"facebook_opis":""},"jetpack_publicize_connections":[],"jetpack_featured_media_url":"https:\/\/i0.wp.com\/historiografija.hr\/wp-content\/uploads\/2018\/05\/PPHPR.jpg?fit=600%2C332&ssl=1","jetpack_sharing_enabled":true,"jetpack-related-posts":[{"id":52505,"url":"https:\/\/historiografija.hr\/?p=52505","url_meta":{"origin":9575,"position":0},"title":"Izlo\u017eba &#8220;Eschenstock \/ Jasenov prut&#8221;","author":"Branimir Jankovi\u0107","date":"17. travnja 2026.","format":false,"excerpt":"Srpsko narodno vije\u0107e (SNV) i Vizura aperta postavljaju izlo\u017ebu \u0161vicarskog slikara Velimira Ili\u0161evi\u0107a: Eschenstock \/ Jasenov prut. Izlo\u017eba se uz prisustvo autora otvara povodom 81. godi\u0161njice proboja logora\u0161a iz usta\u0161kog logora smrti Jasenovac 22. aprila 2026. u 19 sati u Srpskom kulturnom centru (SKC) u Preradovi\u0107evoj ulici 21 u Zagrebu.\u2026","rel":"","context":"U &quot;Izlo\u017ebe&quot;","block_context":{"text":"Izlo\u017ebe","link":"https:\/\/historiografija.hr\/?cat=10"},"img":{"alt_text":"","src":"https:\/\/i0.wp.com\/historiografija.hr\/wp-content\/uploads\/2026\/04\/Jasenov_prut.jpg?fit=1024%2C640&ssl=1&resize=350%2C200","width":350,"height":200,"srcset":"https:\/\/i0.wp.com\/historiografija.hr\/wp-content\/uploads\/2026\/04\/Jasenov_prut.jpg?fit=1024%2C640&ssl=1&resize=350%2C200 1x, https:\/\/i0.wp.com\/historiografija.hr\/wp-content\/uploads\/2026\/04\/Jasenov_prut.jpg?fit=1024%2C640&ssl=1&resize=525%2C300 1.5x, https:\/\/i0.wp.com\/historiografija.hr\/wp-content\/uploads\/2026\/04\/Jasenov_prut.jpg?fit=1024%2C640&ssl=1&resize=700%2C400 2x"},"classes":[]},{"id":52592,"url":"https:\/\/historiografija.hr\/?p=52592","url_meta":{"origin":9575,"position":1},"title":"Predstavljanje knjige &#8220;Turska ku\u0107a u Rijeci&#8221; u Zagrebu","author":"Branimir Jankovi\u0107","date":"22. travnja 2026.","format":false,"excerpt":"U prostorijama Turskog kulturnog centra Yunus Emre u Zagrebu, u utorak 21. travnja 2026. godine, odr\u017eano je sve\u010dano predstavljanje dopunjenog izdanja knjige Turska ku\u0107a u Rijeci, u organizaciji Hrvatsko-turskog dru\u0161tva Rijeka i partnerstvu sa Skupinom prijateljstva Hrvatska-Turska Hrvatskog sabora, Veleposlanstvom Republike Turske u Republici Hrvatskoj te Turskim kulturnim centrom Yunus\u2026","rel":"","context":"U &quot;Novosti&quot;","block_context":{"text":"Novosti","link":"https:\/\/historiografija.hr\/?cat=3"},"img":{"alt_text":"","src":"https:\/\/i0.wp.com\/historiografija.hr\/wp-content\/uploads\/2026\/04\/Turska-kuca-ZG.jpg?fit=1200%2C800&ssl=1&resize=350%2C200","width":350,"height":200,"srcset":"https:\/\/i0.wp.com\/historiografija.hr\/wp-content\/uploads\/2026\/04\/Turska-kuca-ZG.jpg?fit=1200%2C800&ssl=1&resize=350%2C200 1x, https:\/\/i0.wp.com\/historiografija.hr\/wp-content\/uploads\/2026\/04\/Turska-kuca-ZG.jpg?fit=1200%2C800&ssl=1&resize=525%2C300 1.5x, https:\/\/i0.wp.com\/historiografija.hr\/wp-content\/uploads\/2026\/04\/Turska-kuca-ZG.jpg?fit=1200%2C800&ssl=1&resize=700%2C400 2x, https:\/\/i0.wp.com\/historiografija.hr\/wp-content\/uploads\/2026\/04\/Turska-kuca-ZG.jpg?fit=1200%2C800&ssl=1&resize=1050%2C600 3x"},"classes":[]},{"id":52669,"url":"https:\/\/historiografija.hr\/?p=52669","url_meta":{"origin":9575,"position":2},"title":"Predavanje Igora Dude &#8220;Odmor kao \u017eivotna potreba: o slobodnom vremenu u socijalisti\u010dkoj Jugoslaviji&#8221;","author":"Branimir Jankovi\u0107","date":"27. travnja 2026.","format":false,"excerpt":"U sklopu proljetnog ciklusa programa\u00a0Kriti\u010dka dramaturgija: pauza, u\u00a0subotu, 25. travnja 2026. u 19 sati\u00a0u prostoru Udru\u017eenja hrvatskih arhitekata povjesni\u010dar Igor Duda\u00a0odr\u017eao je predavanje naslovljeno\u00a0Odmor kao \u017eivotna potreba: o slobodnom vremenu u socijalisti\u010dkoj Jugoslaviji. Industrijalizacija i urbanizacija dru\u0161tava u povijesti su zna\u010dile i prelazak s predindustrijskog na industrijsko shva\u0107anje vremena. Ono\u2026","rel":"","context":"U &quot;Novosti&quot;","block_context":{"text":"Novosti","link":"https:\/\/historiografija.hr\/?cat=3"},"img":{"alt_text":"","src":"https:\/\/i0.wp.com\/historiografija.hr\/wp-content\/uploads\/2026\/04\/Duda.png?fit=1200%2C628&ssl=1&resize=350%2C200","width":350,"height":200,"srcset":"https:\/\/i0.wp.com\/historiografija.hr\/wp-content\/uploads\/2026\/04\/Duda.png?fit=1200%2C628&ssl=1&resize=350%2C200 1x, https:\/\/i0.wp.com\/historiografija.hr\/wp-content\/uploads\/2026\/04\/Duda.png?fit=1200%2C628&ssl=1&resize=525%2C300 1.5x, https:\/\/i0.wp.com\/historiografija.hr\/wp-content\/uploads\/2026\/04\/Duda.png?fit=1200%2C628&ssl=1&resize=700%2C400 2x, https:\/\/i0.wp.com\/historiografija.hr\/wp-content\/uploads\/2026\/04\/Duda.png?fit=1200%2C628&ssl=1&resize=1050%2C600 3x"},"classes":[]},{"id":52508,"url":"https:\/\/historiografija.hr\/?p=52508","url_meta":{"origin":9575,"position":3},"title":"Glazbena radionica \u201eDUGMETARA REVISITED\u201c","author":"Branimir Jankovi\u0107","date":"17. travnja 2026.","format":false,"excerpt":"DUGMETARA REVISITED glazbena radionica vodi: Ana Horvat 13., 20. i 27. travnja, od 18 do 20 sati Radiona, Nova cesta 186 Na tri radioni\u010dka susreta uranjamo u naslje\u0111e Dugmetare, biv\u0161e tvornice dugmadi na Savskoj cesti koja je po\u010detkom 2000-ih igrom slu\u010daja postala \u017eivo, jedinstveno mjesto glazbene proizvodnje. Svoje su probe\u2026","rel":"","context":"U &quot;Novosti&quot;","block_context":{"text":"Novosti","link":"https:\/\/historiografija.hr\/?cat=3"},"img":{"alt_text":"","src":"https:\/\/i0.wp.com\/historiografija.hr\/wp-content\/uploads\/2026\/04\/TRESNJA_TRESTI.jpg?fit=380%2C475&ssl=1&resize=350%2C200","width":350,"height":200},"classes":[]},{"id":52536,"url":"https:\/\/historiografija.hr\/?p=52536","url_meta":{"origin":9575,"position":4},"title":"Kader Abdolah, \u201ePrije nego \u0161to bude kasno\u201c","author":"Branimir Jankovi\u0107","date":"20. travnja 2026.","format":false,"excerpt":"Kader Abdolah \u017eeli se vratiti ku\u0107i. Ali povratak je nemogu\u0107: u Iranu bi bio uhap\u0161en. Pod la\u017enim imenom i s krivotvorenim paso\u0161em ipak uspijeva u\u0107i u domovinu i sti\u017ee do roditeljske ku\u0107e, visoko u planinama. Majka ga ne prepoznaje, otac je mrtav, a sve \u0161to je tra\u017eio izmi\u010de mu pred\u2026","rel":"","context":"U &quot;Novosti&quot;","block_context":{"text":"Novosti","link":"https:\/\/historiografija.hr\/?cat=3"},"img":{"alt_text":"","src":"https:\/\/i0.wp.com\/historiografija.hr\/wp-content\/uploads\/2026\/04\/Prije-nego-sto-bude-kasno.webp?fit=566%2C872&ssl=1&resize=350%2C200","width":350,"height":200,"srcset":"https:\/\/i0.wp.com\/historiografija.hr\/wp-content\/uploads\/2026\/04\/Prije-nego-sto-bude-kasno.webp?fit=566%2C872&ssl=1&resize=350%2C200 1x, https:\/\/i0.wp.com\/historiografija.hr\/wp-content\/uploads\/2026\/04\/Prije-nego-sto-bude-kasno.webp?fit=566%2C872&ssl=1&resize=525%2C300 1.5x"},"classes":[]},{"id":52704,"url":"https:\/\/historiografija.hr\/?p=52704","url_meta":{"origin":9575,"position":5},"title":"Predstavljanje knjige &#8220;Vladimir Vasiljevi\u0107: Moji do\u017eivljaji. Dnevni\u010dki zapisi iz Prvoga svjetskog rata i poratnoga vremena&#8221;","author":"Filip \u0160imunjak","date":"29. travnja 2026.","format":false,"excerpt":"Doga\u0111anja ovogodi\u0161njega Festivala povijesti Kliofest zapo\u010dinjemo ve\u0107 i prije samoga slu\u017ebenog otvaranja, predstavljanjem knjige \u201eMoji do\u017eivljaji. Dnevni\u010dki zapisi iz Prvoga svjetskog rata i poratnoga vremena\u201d Vladimira Vasiljevi\u0107a, koju su priredili Karlo Rukavina i Damir Agi\u010di\u0107. Pozivamo Vas na predstavljanje koje \u0107e se odr\u017eati u ponedjeljak 4. svibnja, s po\u010detkom u\u2026","rel":"","context":"U &quot;Knjige&quot;","block_context":{"text":"Knjige","link":"https:\/\/historiografija.hr\/?cat=8"},"img":{"alt_text":"","src":"https:\/\/i0.wp.com\/historiografija.hr\/wp-content\/uploads\/2026\/04\/Naslovna-V.-Vasiljevic.webp?fit=1200%2C600&ssl=1&resize=350%2C200","width":350,"height":200,"srcset":"https:\/\/i0.wp.com\/historiografija.hr\/wp-content\/uploads\/2026\/04\/Naslovna-V.-Vasiljevic.webp?fit=1200%2C600&ssl=1&resize=350%2C200 1x, https:\/\/i0.wp.com\/historiografija.hr\/wp-content\/uploads\/2026\/04\/Naslovna-V.-Vasiljevic.webp?fit=1200%2C600&ssl=1&resize=525%2C300 1.5x, https:\/\/i0.wp.com\/historiografija.hr\/wp-content\/uploads\/2026\/04\/Naslovna-V.-Vasiljevic.webp?fit=1200%2C600&ssl=1&resize=700%2C400 2x, https:\/\/i0.wp.com\/historiografija.hr\/wp-content\/uploads\/2026\/04\/Naslovna-V.-Vasiljevic.webp?fit=1200%2C600&ssl=1&resize=1050%2C600 3x"},"classes":[]}],"_links":{"self":[{"href":"https:\/\/historiografija.hr\/index.php?rest_route=\/wp\/v2\/posts\/9575","targetHints":{"allow":["GET"]}}],"collection":[{"href":"https:\/\/historiografija.hr\/index.php?rest_route=\/wp\/v2\/posts"}],"about":[{"href":"https:\/\/historiografija.hr\/index.php?rest_route=\/wp\/v2\/types\/post"}],"author":[{"embeddable":true,"href":"https:\/\/historiografija.hr\/index.php?rest_route=\/wp\/v2\/users\/2"}],"replies":[{"embeddable":true,"href":"https:\/\/historiografija.hr\/index.php?rest_route=%2Fwp%2Fv2%2Fcomments&post=9575"}],"version-history":[{"count":2,"href":"https:\/\/historiografija.hr\/index.php?rest_route=\/wp\/v2\/posts\/9575\/revisions"}],"predecessor-version":[{"id":9578,"href":"https:\/\/historiografija.hr\/index.php?rest_route=\/wp\/v2\/posts\/9575\/revisions\/9578"}],"wp:featuredmedia":[{"embeddable":true,"href":"https:\/\/historiografija.hr\/index.php?rest_route=\/wp\/v2\/media\/9576"}],"wp:attachment":[{"href":"https:\/\/historiografija.hr\/index.php?rest_route=%2Fwp%2Fv2%2Fmedia&parent=9575"}],"wp:term":[{"taxonomy":"category","embeddable":true,"href":"https:\/\/historiografija.hr\/index.php?rest_route=%2Fwp%2Fv2%2Fcategories&post=9575"},{"taxonomy":"post_tag","embeddable":true,"href":"https:\/\/historiografija.hr\/index.php?rest_route=%2Fwp%2Fv2%2Ftags&post=9575"}],"curies":[{"name":"wp","href":"https:\/\/api.w.org\/{rel}","templated":true}]}}