{"id":9567,"date":"2018-05-02T14:39:42","date_gmt":"2018-05-02T14:39:42","guid":{"rendered":"http:\/\/historiografija.hr\/?p=9567"},"modified":"2018-05-02T14:39:42","modified_gmt":"2018-05-02T14:39:42","slug":"zbornik-radova-1914-prva-godina-rata-u-trojednoj-kraljevini-i-austro-ugarskoj-monarhiji","status":"publish","type":"post","link":"https:\/\/historiografija.hr\/?p=9567","title":{"rendered":"Zbornik radova \u201c1914. Prva godina rata u Trojednoj Kraljevini i Austro-Ugarskoj Monarhiji\u201d"},"content":{"rendered":"<p>Zbornik radova sa znanstvenoga skupa odr\u017eanog u Zagrebu 2014. na jednome mjestu okuplja tematski raznorodna istra\u017eivanja i poglede \u010detrdesetak hrvatskih, slovenskih, srpskih i ma\u0111arskih historiografa na prvu godinu Velikog rata.<\/p>\n<p>&nbsp;<\/p>\n<p>&#8212;<\/p>\n<p><strong>\u00a0<\/strong><\/p>\n<p><strong>Matica hrvatska<\/strong><\/p>\n<p>&nbsp;<\/p>\n<p>Knjige<\/p>\n<p>&nbsp;<\/p>\n<p><em><strong>1914. Prva godina rata u Trojednoj Kraljevini i Austro-Ugarskoj Monarhiji<\/strong><\/em><\/p>\n<p><em><strong>Zbornik radova<\/strong><\/em><\/p>\n<p>&nbsp;<\/p>\n<p>&nbsp;<\/p>\n<p>Uredila VIJOLETA HERMAN KAURI\u0106<\/p>\n<p>&nbsp;<\/p>\n<p>&nbsp;<\/p>\n<p>&nbsp;<\/p>\n<p>Zbornik radova sa znanstvenoga skupa odr\u017eanog u Zagrebu 2014. na jednome mjestu okuplja tematski raznorodna istra\u017eivanja i poglede \u010detrdesetak hrvatskih, slovenskih, srpskih i ma\u0111arskih historiografa na prvu godinu Velikog rata. Utemeljeni na prou\u010davanju arhivske gra\u0111e, onovremenih tiskovina, fotografija i zvu\u010dnih zapisa, dnevni\u010dke i memoarske gra\u0111e te relevantne literature, ovi radovi donose dragocjene podatke, teze i sinteze o izvorima za povijest Prvoga svjetskog rata, o diplomatskoj, politi\u010dkoj, vojnoj i pravnoj pozadini rata te o iskustvu svakodnevnoga \u017eivota u ratnoj atmosferi dotad najkrvavijega sukoba u povijesti \u010dovje\u010danstva koji je izazvao pravi kulturni \u0161ok u svim ratom zahva\u0107enim dru\u0161tvima.<\/p>\n<p>&nbsp;<\/p>\n<p>&nbsp;<\/p>\n<p>Radovi se objavljuju na hrvatskom, slovenskom i srpskom jeziku, sa sa\u017eetkom na engleskom jeziku, dok su radovi ma\u0111arskih autora prevedeni na hrvatski jezik. Bogato ilustrirani zbornik donosi sedamdesetak vi\u0161ebojnih i crnobijelih fotografija, karata, tablica i grafikona.<\/p>\n<p>&nbsp;<\/p>\n<p>&nbsp;<\/p>\n<p>O prvoj godini rata u Trojednoj Kraljevini i Austro-Ugarskoj Monarhiji pi\u0161u Livia KARDUM, Lovro GALI\u0106, Ivan FILIPOVI\u0106, Jelena BORO\u0160AK-MARIJANOVI\u0106, Margareta MATIJEVI\u0106, Ljiljana DOBROV\u0160AK, Igor DESPOT, Nikola TOMINAC, Dinko \u010cUTURA, Tado OR\u0160OLI\u0106, Dino NEKI\u0106, Tibor BALLA, Ivan \u0106OSI\u0106 BUKVIN, Kriszti\u00e1n CSAPL\u00c1R-DEGOVICS, Csaba KATONA, Mario KEVO, Vijoleta HERMAN KAURI\u0106, Gy\u00f6rgy BEBESI, \u017deljko HOLJEVAC, Velimir KRAKER , Ivan MIRNIK, Mira KOLAR-DIMITRIJEVI\u0106, Miroslav KOTA, Mislav GABELICA, Marko VUKI\u010cEVI\u0106, Danijel VOJAK, Domagoj NOVOSEL, Zlata \u017dIVAKOVI\u0106-KER\u017dE, Anamarija LUKI\u0106, Ana RAJKOVI\u0106, Stanko PIPLOVI\u0106, Marijan BULJAN, Stipan TROGRLI\u0106, Jasenka KRANJ\u010cEVI\u0106, Petra SVOLJ\u0160AK, Oto LUTHAR, Ljubinka TRGOV\u010cEVI\u0106, Boris KUKI\u0106, Smiljana LAZI\u0106-MARINKOVI\u0106, Davorka OBRADOVI\u0106 i Vlatka VUKELI\u0106.<\/p>\n<p>&nbsp;<\/p>\n<p>&nbsp;<\/p>\n<p>Biblioteka Zbornici, glavni urednik Luka \u0160eput, uredni\u010dki odbor Zorislav Luki\u0107, Jasna Turkalj, Filip Hamer\u0161ak, recenzenti Zdravka Jelaska Marijan, Zlatko Matijevi\u0107, prevoditelji Boris Bla\u017eina (engleski), Gy\u020drgyi Bubreg (ma\u0111arski), Lea Kov\u00e1cs (ma\u0111arski), lektura i korektura Gordana Malnar (hrvatski), Hajnalka Moln\u00e1r (ma\u0111arski), izrada kazala Jasminka Maljkovi\u0107 Radi\u0107, likovni urednik \u017deljko Podore\u0161ki, grafi\u010dki urednik Neven Osojnik, tisak Mediaprint Hrasti\u0107 (Zagreb). \u2014 Knjiga je opremljena sa 54 fotografije i crte\u017ea (31 u koloru), 15 zemljopisnih karata (12 u koloru), 4 grafikona i 3 tablice, imenskim kazalom te bibliografskim bilje\u0161kama i bibliografijama uz tekst.<\/p>\n<p>&nbsp;<\/p>\n<p>&nbsp;<\/p>\n<p>&nbsp;<\/p>\n<p>biblioteka: ZBORNICI<\/p>\n<p>cijena: 250,00 kn<\/p>\n<p>broj stranica: 815<\/p>\n<p>uvez: tvrdi uvez<\/p>\n<p>dimenzije: 16 x 24 cm<\/p>\n<p>godina izdanja: 2018.<\/p>\n<p>izdava\u010d: Matica hrvatska<\/p>\n<p>mjesto: Zagreb<\/p>\n<p>ISBN: 978-953-341-077-7<\/p>\n<p>podru\u010dje: historiografija, kultorologija, kulturna povijest, politika i politologija, povijest, pravo, teatrologija<\/p>\n<p>&nbsp;<\/p>\n<p>&nbsp;<\/p>\n<p>PDF-ovi<\/p>\n<p>Sadr\u017eaj (145,7 KB)<\/p>\n<p>Predgovor (84,5 KB)<\/p>\n<p>Eseji (530,5 KB)<\/p>\n<p>Sa\u017eeci i klju\u010dne rije\u010di \/ Summaries and Keywords (1,0 MB)<\/p>\n<p>&nbsp;<\/p>\n<p>&nbsp;<\/p>\n<p><a href=\"http:\/\/www.matica.hr\/knjige\/1914-prva-godina-rata-u-trojednoj-kraljevini-i-austro-ugarskoj-monarhiji-1228\/\">http:\/\/www.matica.hr\/knjige\/1914-prva-godina-rata-u-trojednoj-kraljevini-i-austro-ugarskoj-monarhiji-1228\/<\/a><\/p>\n<p>&nbsp;<\/p>\n<p>&nbsp;<\/p>\n<p>&nbsp;<\/p>\n","protected":false},"excerpt":{"rendered":"","protected":false},"author":2,"featured_media":9568,"comment_status":"open","ping_status":"open","sticky":false,"template":"","format":"standard","meta":{"_acf_changed":false,"jetpack_post_was_ever_published":false,"_jetpack_newsletter_access":"","_jetpack_dont_email_post_to_subs":false,"_jetpack_newsletter_tier_id":0,"_jetpack_memberships_contains_paywalled_content":false,"_jetpack_memberships_contains_paid_content":false,"footnotes":"","jetpack_publicize_message":"","jetpack_publicize_feature_enabled":true,"jetpack_social_post_already_shared":true,"jetpack_social_options":{"image_generator_settings":{"template":"highway","default_image_id":0,"font":"","enabled":false},"version":2}},"categories":[8,3],"tags":[],"class_list":["post-9567","post","type-post","status-publish","format-standard","has-post-thumbnail","hentry","category-knjige","category-novosti"],"acf":{"facebook_opis":""},"jetpack_publicize_connections":[],"jetpack_featured_media_url":"https:\/\/i0.wp.com\/historiografija.hr\/wp-content\/uploads\/2018\/05\/1914_zbornik.jpg?fit=300%2C449&ssl=1","jetpack_sharing_enabled":true,"jetpack-related-posts":[{"id":52502,"url":"https:\/\/historiografija.hr\/?p=52502","url_meta":{"origin":9567,"position":0},"title":"Novi znanstveni projekt Hrvatskog instituta za povijest: \u201c\u017drtve ratova i dr\u017eavnog\/politi\u010dkog nasilja u hrvatskoj povijesti 20. stolje\u0107a\u201d","author":"Branimir Jankovi\u0107","date":"17. travnja 2026.","format":false,"excerpt":"Na redovitoj sjednici Vlade RH, 16. travnja 2026., donijet je Zaklju\u010dak kojim se pokre\u0107e znanstveni projekt \u201c\u017drtve ratova i dr\u017eavnog\/politi\u010dkog nasilja u hrvatskoj povijesti 20. stolje\u0107a\u201d. Projekt \u0107e provoditi i koordinirati Hrvatski institut za povijest u razdoblju trajanja projekta od pet godina. Zakljucak Vlade RH Iz teksta projektnog prijedloga: Problematika\u2026","rel":"","context":"U &quot;Novosti&quot;","block_context":{"text":"Novosti","link":"https:\/\/historiografija.hr\/?cat=3"},"img":{"alt_text":"","src":"https:\/\/i0.wp.com\/historiografija.hr\/wp-content\/uploads\/2026\/04\/Vlada-RH.jpg?fit=1200%2C557&ssl=1&resize=350%2C200","width":350,"height":200,"srcset":"https:\/\/i0.wp.com\/historiografija.hr\/wp-content\/uploads\/2026\/04\/Vlada-RH.jpg?fit=1200%2C557&ssl=1&resize=350%2C200 1x, https:\/\/i0.wp.com\/historiografija.hr\/wp-content\/uploads\/2026\/04\/Vlada-RH.jpg?fit=1200%2C557&ssl=1&resize=525%2C300 1.5x, https:\/\/i0.wp.com\/historiografija.hr\/wp-content\/uploads\/2026\/04\/Vlada-RH.jpg?fit=1200%2C557&ssl=1&resize=700%2C400 2x, https:\/\/i0.wp.com\/historiografija.hr\/wp-content\/uploads\/2026\/04\/Vlada-RH.jpg?fit=1200%2C557&ssl=1&resize=1050%2C600 3x"},"classes":[]},{"id":52575,"url":"https:\/\/historiografija.hr\/?p=52575","url_meta":{"origin":9567,"position":1},"title":"Izlo\u017eba dje\u010djih radova \u201cU po\u010detku bija\u0161e crte\u017e\u2026\u201d","author":"Branimir Jankovi\u0107","date":"21. travnja 2026.","format":false,"excerpt":"U subotu, 25. travnja 2026. u 11 sati u Galeriji Klovi\u0107evi dvori sve\u010dano otvaramo izlo\u017ebu dje\u010djih radova pod nazivom U po\u010detku bija\u0161e crte\u017e\u2026 Radovi su nastali u sklopu likovnih radionica uz izlo\u017ebu U po\u010detku bija\u0161e kraljevstvo \u2013 izlo\u017eba povodom 1100 godina Hrvatskoga Kraljevstva. Na brojnim likovnim radionicama, uz \u0161kolsku djecu,\u2026","rel":"","context":"U &quot;Izlo\u017ebe&quot;","block_context":{"text":"Izlo\u017ebe","link":"https:\/\/historiografija.hr\/?cat=10"},"img":{"alt_text":"","src":"https:\/\/i0.wp.com\/historiografija.hr\/wp-content\/uploads\/2025\/10\/Klovicevi_sluzbeni-plakat.png?fit=840%2C1200&ssl=1&resize=350%2C200","width":350,"height":200,"srcset":"https:\/\/i0.wp.com\/historiografija.hr\/wp-content\/uploads\/2025\/10\/Klovicevi_sluzbeni-plakat.png?fit=840%2C1200&ssl=1&resize=350%2C200 1x, https:\/\/i0.wp.com\/historiografija.hr\/wp-content\/uploads\/2025\/10\/Klovicevi_sluzbeni-plakat.png?fit=840%2C1200&ssl=1&resize=525%2C300 1.5x, https:\/\/i0.wp.com\/historiografija.hr\/wp-content\/uploads\/2025\/10\/Klovicevi_sluzbeni-plakat.png?fit=840%2C1200&ssl=1&resize=700%2C400 2x"},"classes":[]},{"id":52666,"url":"https:\/\/historiografija.hr\/?p=52666","url_meta":{"origin":9567,"position":2},"title":"Najava programa Festivala povijesti Kliofest (5-8. V. 2026)","author":"Branimir Jankovi\u0107","date":"24. travnja 2026.","format":false,"excerpt":"Po trinaesti put odr\u017eava se Festival povijesti Kliofest! Do petka \u0107emo odr\u017eati osam okruglih stolova i dva kolokvija te niz predstavljanja knjiga i projekata razli\u010dite tematike, od antike do suvremenosti. Bit \u0107e predstavljeno i nekoliko izlo\u017ebi te odr\u017ean jedan povijesni kviz. Prikazat \u0107emo i jedan film \u2013 o generalu Boroevi\u0107u.\u2026","rel":"","context":"U &quot;Novosti&quot;","block_context":{"text":"Novosti","link":"https:\/\/historiografija.hr\/?cat=3"},"img":{"alt_text":"","src":"https:\/\/i0.wp.com\/historiografija.hr\/wp-content\/uploads\/2026\/04\/Kliofest-2026.jpg?fit=526%2C526&ssl=1&resize=350%2C200","width":350,"height":200,"srcset":"https:\/\/i0.wp.com\/historiografija.hr\/wp-content\/uploads\/2026\/04\/Kliofest-2026.jpg?fit=526%2C526&ssl=1&resize=350%2C200 1x, https:\/\/i0.wp.com\/historiografija.hr\/wp-content\/uploads\/2026\/04\/Kliofest-2026.jpg?fit=526%2C526&ssl=1&resize=525%2C300 1.5x"},"classes":[]},{"id":52528,"url":"https:\/\/historiografija.hr\/?p=52528","url_meta":{"origin":9567,"position":3},"title":"[Promocija knjige] Banja Luka u ratu: Etnopolitika i svakodnevica (1990\u20131995) (ActiveLab, YugoLab)","author":"Branimir Jankovi\u0107","date":"17. travnja 2026.","format":false,"excerpt":"Institut za filozofiju i dru\u0161tvenu teoriju i O\u0161tra Nula organizuju promociju knjige Banja Luka u ratu: Etnopolitika i svakodnevica (1990\u20131995) autorke Armine Galija\u0161, koja \u0107e se odr\u017eati 20. aprila 2026. u 12.00 sati u prostorijama Instituta (Kraljice Natalije 45, Beograd). Re\u010d je o prvom nau\u010dno utemeljenom i sistematskom radu koji\u2026","rel":"","context":"U &quot;Novosti&quot;","block_context":{"text":"Novosti","link":"https:\/\/historiografija.hr\/?cat=3"},"img":{"alt_text":"","src":"https:\/\/i0.wp.com\/historiografija.hr\/wp-content\/uploads\/2026\/04\/20-april-RS.jpg?fit=1200%2C675&ssl=1&resize=350%2C200","width":350,"height":200,"srcset":"https:\/\/i0.wp.com\/historiografija.hr\/wp-content\/uploads\/2026\/04\/20-april-RS.jpg?fit=1200%2C675&ssl=1&resize=350%2C200 1x, https:\/\/i0.wp.com\/historiografija.hr\/wp-content\/uploads\/2026\/04\/20-april-RS.jpg?fit=1200%2C675&ssl=1&resize=525%2C300 1.5x, https:\/\/i0.wp.com\/historiografija.hr\/wp-content\/uploads\/2026\/04\/20-april-RS.jpg?fit=1200%2C675&ssl=1&resize=700%2C400 2x, https:\/\/i0.wp.com\/historiografija.hr\/wp-content\/uploads\/2026\/04\/20-april-RS.jpg?fit=1200%2C675&ssl=1&resize=1050%2C600 3x"},"classes":[]},{"id":52499,"url":"https:\/\/historiografija.hr\/?p=52499","url_meta":{"origin":9567,"position":4},"title":"POTPISAN UGOVOR O ZNANSTVENO-ISTRA\u017dIVA\u010cKOJ SURADNJI: PROJEKT \u201eTEMELJI HRVATSKE SAMOSTALNOSTI\u201d","author":"Branimir Jankovi\u0107","date":"17. travnja 2026.","format":false,"excerpt":"Hrvatski institut za povijest, Sveu\u010dili\u0161te obrane i sigurnosti \u201eDr. Franjo Tu\u0111man\u201d, Institut dru\u0161tvenih znanosti Ivo Pilar i Hrvatski dr\u017eavni arhiv\u00a0potpisali su 23. o\u017eujka 2026.\u00a0Ugovor o znanstveno-istra\u017eiva\u010dkoj suradnji s ciljem provedbe projekta \u201eTemelji hrvatske samostalnosti\u201d. Tim projektom obuhva\u0107a se istra\u017eivanje arhivskoga gradiva, priprema znanstvenih publikacija, digitalizacija i javna prezentacija rezultata istra\u017eivanja\u2026","rel":"","context":"U &quot;Novosti&quot;","block_context":{"text":"Novosti","link":"https:\/\/historiografija.hr\/?cat=3"},"img":{"alt_text":"","src":"https:\/\/i0.wp.com\/historiografija.hr\/wp-content\/uploads\/2026\/04\/THS_sporazum.jpg?fit=1200%2C583&ssl=1&resize=350%2C200","width":350,"height":200,"srcset":"https:\/\/i0.wp.com\/historiografija.hr\/wp-content\/uploads\/2026\/04\/THS_sporazum.jpg?fit=1200%2C583&ssl=1&resize=350%2C200 1x, https:\/\/i0.wp.com\/historiografija.hr\/wp-content\/uploads\/2026\/04\/THS_sporazum.jpg?fit=1200%2C583&ssl=1&resize=525%2C300 1.5x, https:\/\/i0.wp.com\/historiografija.hr\/wp-content\/uploads\/2026\/04\/THS_sporazum.jpg?fit=1200%2C583&ssl=1&resize=700%2C400 2x, https:\/\/i0.wp.com\/historiografija.hr\/wp-content\/uploads\/2026\/04\/THS_sporazum.jpg?fit=1200%2C583&ssl=1&resize=1050%2C600 3x"},"classes":[]},{"id":52578,"url":"https:\/\/historiografija.hr\/?p=52578","url_meta":{"origin":9567,"position":5},"title":"Poziv za sudjelovanje: XXII. Dani Julija Bene\u0161i\u0107a u Iloku","author":"Branimir Jankovi\u0107","date":"21. travnja 2026.","format":false,"excerpt":"Zavod za lingvisti\u010dka istra\u017eivanja Hrvatske akademije znanosti i umjetnosti, zajedno s Muzejom grada Iloka, organizira XXII. Dane Julija Bene\u0161i\u0107a, koji \u0107e se odr\u017eati od 28. do 30. listopada 2026. u Iloku.\u00a0Teme ovogodi\u0161njih Dana podijeljene su u dvije cjeline: Knji\u017eevno-jezikoslovni d\u00ecv\u0101n s Bene\u0161i\u0107em te Ilok i Srijem u povijesnim stalnicama i\u2026","rel":"","context":"U &quot;Novosti&quot;","block_context":{"text":"Novosti","link":"https:\/\/historiografija.hr\/?cat=3"},"img":{"alt_text":"","src":"https:\/\/i0.wp.com\/historiografija.hr\/wp-content\/uploads\/2019\/10\/HE2_Benesic.jpg?fit=413%2C591&ssl=1&resize=350%2C200","width":350,"height":200},"classes":[]}],"_links":{"self":[{"href":"https:\/\/historiografija.hr\/index.php?rest_route=\/wp\/v2\/posts\/9567","targetHints":{"allow":["GET"]}}],"collection":[{"href":"https:\/\/historiografija.hr\/index.php?rest_route=\/wp\/v2\/posts"}],"about":[{"href":"https:\/\/historiografija.hr\/index.php?rest_route=\/wp\/v2\/types\/post"}],"author":[{"embeddable":true,"href":"https:\/\/historiografija.hr\/index.php?rest_route=\/wp\/v2\/users\/2"}],"replies":[{"embeddable":true,"href":"https:\/\/historiografija.hr\/index.php?rest_route=%2Fwp%2Fv2%2Fcomments&post=9567"}],"version-history":[{"count":1,"href":"https:\/\/historiografija.hr\/index.php?rest_route=\/wp\/v2\/posts\/9567\/revisions"}],"predecessor-version":[{"id":9569,"href":"https:\/\/historiografija.hr\/index.php?rest_route=\/wp\/v2\/posts\/9567\/revisions\/9569"}],"wp:featuredmedia":[{"embeddable":true,"href":"https:\/\/historiografija.hr\/index.php?rest_route=\/wp\/v2\/media\/9568"}],"wp:attachment":[{"href":"https:\/\/historiografija.hr\/index.php?rest_route=%2Fwp%2Fv2%2Fmedia&parent=9567"}],"wp:term":[{"taxonomy":"category","embeddable":true,"href":"https:\/\/historiografija.hr\/index.php?rest_route=%2Fwp%2Fv2%2Fcategories&post=9567"},{"taxonomy":"post_tag","embeddable":true,"href":"https:\/\/historiografija.hr\/index.php?rest_route=%2Fwp%2Fv2%2Ftags&post=9567"}],"curies":[{"name":"wp","href":"https:\/\/api.w.org\/{rel}","templated":true}]}}