{"id":9494,"date":"2018-04-27T21:11:00","date_gmt":"2018-04-27T21:11:00","guid":{"rendered":"http:\/\/historiografija.hr\/?p=9494"},"modified":"2018-04-27T21:11:57","modified_gmt":"2018-04-27T21:11:57","slug":"pismo-podrske-znanstvenika-i-znanstvenica-centru-za-mirovne-studije-i-are-you-syrious","status":"publish","type":"post","link":"https:\/\/historiografija.hr\/?p=9494","title":{"rendered":"Pismo podr\u0161ke znanstvenika i znanstvenica Centru za mirovne studije i Are you Syrious?"},"content":{"rendered":"<p>Znanstvenici i znanstvenice koji se bave istra\u017eivanjma izbjegli\u010dkih kretanja i izbjegli\u0161tva uputili su pismo podr\u0161ke Centru za mirovne studije i Are you Syrious?<\/p>\n<p>&nbsp;<\/p>\n<p>&#8212;<\/p>\n<p>&nbsp;<\/p>\n<p>&nbsp;<\/p>\n<p><strong>Centar za mirovne studije<\/strong><\/p>\n<p>&nbsp;<\/p>\n<p>&nbsp;<\/p>\n<p>Znanstvenici i znanstvenice uz CMS i AYS: Za slobodno, solidarno i kriti\u010dko djelovanje<\/p>\n<p>&nbsp;<\/p>\n<p>&nbsp;<\/p>\n<p>Znanstvenici i znanstvenice zbog pritisaka s kojima su suo\u010dene udruge Centar za mirovne studije i Are you Syrious? poslali su nam pismo u kojem izra\u017eavaju podr\u0161ku kao istra\u017eiva\u010di koji se razli\u010ditim intenzitetom bave istra\u017eivanjma izbjegli\u010dkih kretanja i izbjegli\u0161tva. Pismo prenosimo u cijelosti.<\/p>\n<p>&nbsp;<\/p>\n<p>&nbsp;<\/p>\n<p><strong>Za slobodno, solidarno i kriti\u010dko djelovanje<\/strong><\/p>\n<p>&nbsp;<\/p>\n<p>Kao istra\u017eiva\u010di koji se razli\u010ditim intenzitetom bave istra\u017eivanjem izbjegli\u010dkih kretanja i izbjegli\u0161tva u suvremenom hrvatskom kontekstu \u017eelimo javno izraziti svoju zate\u010denost i zabrinutost zbog eskalacije optu\u017ebi i pritiska na organizacije civilnog dru\u0161tva koje su aktivne u podru\u010dju za\u0161tite prava i izravne podr\u0161ke izbjeglicama. Pobli\u017ee, zabrinuti smo i zate\u010deni na\u010dinom i silinom kojom se kriminalizacija migracija nastoji pro\u0161iriti na Are you Syrious? i Centar za mirovne studije, organizacije bez \u010dijeg rada bi i na\u0161a istra\u017eivanja bila ote\u017eana ako ne i potpuno nemogu\u0107a. Svojim razvijenim javnim komunikacijskim kanalima, pravnim i drugim slu\u017ebama, uspostavljenim volonterskim mre\u017eama i mehanizama kojima svakodnevno pru\u017eaju podr\u0161ku izbjeglicama, kao i ustrajnim reakcijama na zlouporabe, nasilne postupke, la\u017ene vijesti i stereotipe, te organizacije djeluju ujedno i kao dru\u0161tveni korektiv i kao nezamjenjiv izvor nezavisnih informacija, iskustava i gledi\u0161ta.<\/p>\n<p>&nbsp;<\/p>\n<p>Optu\u017ebe i pritisci kojima su ve\u0107 dulje izlo\u017eene te dvije organizacije, a koje su pro\u0161li tjedan kulminirale preispitivanjem zakonitosti njihova djelovanja te diskreditiraju\u0107im postupanjima i izjavama kojima se sugerira njihovo sudjelovanje u kriminalnim radnjama krivotvorenja ili krijum\u010darenja, primjer su \u0161irenja kriminalizacije migracija i na osobe koje su u kontaktu s izbjeglicama. Osim izbjeglica koje se kriminalizira viznim re\u017eimom koji zna\u010dajan broj izbjeglih osoba prisiljava na neregularne ulaske u dr\u017eave Europske unije, kriminalizaciji su, kako smo imali priliku vidjeti posljednjih dana, u Hrvatskoj danas izlo\u017eeni i drugi akteri u polju, od organizacija civilnog dru\u0161tva, preko odvjetnika pa sve do solidarnih gra\u0111ana. Stoga ovim putem \u017eelimo upozoriti da se izvrtanjem teza, tendencioznim usporedbama i neosnovanim sumnji\u010denjima ote\u017eava rad tih organizacija i njihovih suradnika, odvla\u010di pozornost od ozbiljnih problema na koje one upozoravaju, dugoro\u010dno uru\u0161avaju demokratski standardi i produbljuju socijalne distance. U dru\u0161tvima u kojima se po\u0161tuju na\u010dela vladavine prava i pravi\u010dnosti nema mjesta za pritiske na one koji govore o pritiscima, nema mjesta za nasilje prema onima koji prokazuju nasilje, nema mjesta za zatvaranje i izolaciju \u017ertava, za kriminalizaciju izbjeglica i onih koji im, djeluju\u0107i u okviru svojih profesionalnih ili jednostavno eti\u010dkih imperativa, nastoje biti potpora. Napadima na njih dodatno se stigmatizira i kriminalizira izbjegli\u010dka populacija te \u0161iri moralna panika i atmosfera straha kojom se u kona\u010dnici svakom od nas su\u017eava prostor za solidarno, slobodno i kriti\u010dko djelovanje.<\/p>\n<p>&nbsp;<\/p>\n<p>&nbsp;<\/p>\n<p>dr. sc. Vedrana Bari\u010devi\u0107, Fakultet politi\u010dkih znanosti Sveu\u010dili\u0161ta u Zagrebu<br \/>\ndr. sc. Marijana Hamer\u0161ak, Institut za etnologiju i folkloristiku, Zagreb<br \/>\ndr. sc. Renata Jambre\u0161i\u0107 Kirin, Institut za etnologiju i folkloristiku, Zagreb<br \/>\nmr. sc. Viktor Koska, neovisni stru\u010dnjak za prisilne migracije<br \/>\ndr. sc. Katarina Peovi\u0107 Vukovi\u0107, Odsjek za kulturalne studije, Filozofski fakultet Sveu\u010dili\u0161ta u Rijeci<br \/>\ndr. sc. Du\u0161ko Petrovi\u0107, Odsjek za etnologiju i kulturnu antropologiju, Filozofski fakultet Sveu\u010dili\u0161ta u Zagrebu<br \/>\ndr. sc. Iva Ple\u0161e, Institut za etnologiju i folkloristiku, Zagreb<br \/>\ndr. sc. Tea \u0160koki\u0107, Institut za etnologiju i folkloristiku, Zagreb<br \/>\ndr. sc. Drago \u017dupari\u0107-Ilji\u0107, Institut za migracije i narodnosti, Zagreb<\/p>\n<p>&nbsp;<\/p>\n<p>&nbsp;<\/p>\n<p>Izvor: <a href=\"https:\/\/www.cms.hr\/hr\/novosti\/znanstvenici-i-znanstvenice-uz-cms-i-ays-za-slobodno-solidarno-i-kriticko-djelovanje\">https:\/\/www.cms.hr\/hr\/novosti\/znanstvenici-i-znanstvenice-uz-cms-i-ays-za-slobodno-solidarno-i-kriticko-djelovanje<\/a><\/p>\n<p>&nbsp;<\/p>\n<p>&nbsp;<\/p>\n<p>Iz medija:<\/p>\n<p>&nbsp;<\/p>\n<p><a href=\"http:\/\/www.novilist.hr\/Vijesti\/Hrvatska\/Znanstvenici-zateceni-i-zabrinuti-pritiscima-na-aktiviste-koji-se-bave-izbjeglicama\">http:\/\/www.novilist.hr\/Vijesti\/Hrvatska\/Znanstvenici-zateceni-i-zabrinuti-pritiscima-na-aktiviste-koji-se-bave-izbjeglicama<\/a><\/p>\n<p>&nbsp;<\/p>\n<p>&nbsp;<\/p>\n","protected":false},"excerpt":{"rendered":"","protected":false},"author":2,"featured_media":9495,"comment_status":"open","ping_status":"open","sticky":false,"template":"","format":"standard","meta":{"_acf_changed":false,"jetpack_post_was_ever_published":false,"_jetpack_newsletter_access":"","_jetpack_dont_email_post_to_subs":false,"_jetpack_newsletter_tier_id":0,"_jetpack_memberships_contains_paywalled_content":false,"_jetpack_memberships_contains_paid_content":false,"footnotes":"","jetpack_publicize_message":"","jetpack_publicize_feature_enabled":true,"jetpack_social_post_already_shared":true,"jetpack_social_options":{"image_generator_settings":{"template":"highway","default_image_id":0,"font":"","enabled":false},"version":2}},"categories":[3],"tags":[],"class_list":["post-9494","post","type-post","status-publish","format-standard","has-post-thumbnail","hentry","category-novosti"],"acf":{"facebook_opis":""},"jetpack_publicize_connections":[],"jetpack_featured_media_url":"https:\/\/i0.wp.com\/historiografija.hr\/wp-content\/uploads\/2018\/04\/large-cms.jpg?fit=660%2C400&ssl=1","jetpack_sharing_enabled":true,"jetpack-related-posts":[{"id":52502,"url":"https:\/\/historiografija.hr\/?p=52502","url_meta":{"origin":9494,"position":0},"title":"Novi znanstveni projekt Hrvatskog instituta za povijest: \u201c\u017drtve ratova i dr\u017eavnog\/politi\u010dkog nasilja u hrvatskoj povijesti 20. stolje\u0107a\u201d","author":"Branimir Jankovi\u0107","date":"17. travnja 2026.","format":false,"excerpt":"Na redovitoj sjednici Vlade RH, 16. travnja 2026., donijet je Zaklju\u010dak kojim se pokre\u0107e znanstveni projekt \u201c\u017drtve ratova i dr\u017eavnog\/politi\u010dkog nasilja u hrvatskoj povijesti 20. stolje\u0107a\u201d. Projekt \u0107e provoditi i koordinirati Hrvatski institut za povijest u razdoblju trajanja projekta od pet godina. Zakljucak Vlade RH Iz teksta projektnog prijedloga: Problematika\u2026","rel":"","context":"U &quot;Novosti&quot;","block_context":{"text":"Novosti","link":"https:\/\/historiografija.hr\/?cat=3"},"img":{"alt_text":"","src":"https:\/\/i0.wp.com\/historiografija.hr\/wp-content\/uploads\/2026\/04\/Vlada-RH.jpg?fit=1200%2C557&ssl=1&resize=350%2C200","width":350,"height":200,"srcset":"https:\/\/i0.wp.com\/historiografija.hr\/wp-content\/uploads\/2026\/04\/Vlada-RH.jpg?fit=1200%2C557&ssl=1&resize=350%2C200 1x, https:\/\/i0.wp.com\/historiografija.hr\/wp-content\/uploads\/2026\/04\/Vlada-RH.jpg?fit=1200%2C557&ssl=1&resize=525%2C300 1.5x, https:\/\/i0.wp.com\/historiografija.hr\/wp-content\/uploads\/2026\/04\/Vlada-RH.jpg?fit=1200%2C557&ssl=1&resize=700%2C400 2x, https:\/\/i0.wp.com\/historiografija.hr\/wp-content\/uploads\/2026\/04\/Vlada-RH.jpg?fit=1200%2C557&ssl=1&resize=1050%2C600 3x"},"classes":[]},{"id":52657,"url":"https:\/\/historiografija.hr\/?p=52657","url_meta":{"origin":9494,"position":1},"title":"[Predavanje] Jezik i drugost u (post)socijalisti\u010dkoj Srbiji: diskurzivne politike identiteta (YugoLab)","author":"Branimir Jankovi\u0107","date":"24. travnja 2026.","format":false,"excerpt":"U sklopu projekta Prizma \/ IMAGINATION (\u201eZami\u0161ljanje nacije: srpski nacionalni narativi u sporu (XX\u2013XXI vek)\u201c), koji se realizuje na Institutu za filozofiju i dru\u0161tvenu teoriju Univerziteta u Beogradu (2024\u20132027) uz finansijsku podr\u0161ku Fonda za nauku Republike Srbije, organizuje se serija predavanja na kojoj istra\u017eiva\u010di i istra\u017eiva\u010dice projekta predstavljaju rezultate svojih\u2026","rel":"","context":"U &quot;Novosti&quot;","block_context":{"text":"Novosti","link":"https:\/\/historiografija.hr\/?cat=3"},"img":{"alt_text":"","src":"https:\/\/i0.wp.com\/historiografija.hr\/wp-content\/uploads\/2026\/04\/IFDT_28_IV.png?fit=1200%2C675&ssl=1&resize=350%2C200","width":350,"height":200,"srcset":"https:\/\/i0.wp.com\/historiografija.hr\/wp-content\/uploads\/2026\/04\/IFDT_28_IV.png?fit=1200%2C675&ssl=1&resize=350%2C200 1x, https:\/\/i0.wp.com\/historiografija.hr\/wp-content\/uploads\/2026\/04\/IFDT_28_IV.png?fit=1200%2C675&ssl=1&resize=525%2C300 1.5x, https:\/\/i0.wp.com\/historiografija.hr\/wp-content\/uploads\/2026\/04\/IFDT_28_IV.png?fit=1200%2C675&ssl=1&resize=700%2C400 2x, https:\/\/i0.wp.com\/historiografija.hr\/wp-content\/uploads\/2026\/04\/IFDT_28_IV.png?fit=1200%2C675&ssl=1&resize=1050%2C600 3x"},"classes":[]},{"id":52536,"url":"https:\/\/historiografija.hr\/?p=52536","url_meta":{"origin":9494,"position":2},"title":"Kader Abdolah, \u201ePrije nego \u0161to bude kasno\u201c","author":"Branimir Jankovi\u0107","date":"20. travnja 2026.","format":false,"excerpt":"Kader Abdolah \u017eeli se vratiti ku\u0107i. Ali povratak je nemogu\u0107: u Iranu bi bio uhap\u0161en. Pod la\u017enim imenom i s krivotvorenim paso\u0161em ipak uspijeva u\u0107i u domovinu i sti\u017ee do roditeljske ku\u0107e, visoko u planinama. Majka ga ne prepoznaje, otac je mrtav, a sve \u0161to je tra\u017eio izmi\u010de mu pred\u2026","rel":"","context":"U &quot;Novosti&quot;","block_context":{"text":"Novosti","link":"https:\/\/historiografija.hr\/?cat=3"},"img":{"alt_text":"","src":"https:\/\/i0.wp.com\/historiografija.hr\/wp-content\/uploads\/2026\/04\/Prije-nego-sto-bude-kasno.webp?fit=566%2C872&ssl=1&resize=350%2C200","width":350,"height":200,"srcset":"https:\/\/i0.wp.com\/historiografija.hr\/wp-content\/uploads\/2026\/04\/Prije-nego-sto-bude-kasno.webp?fit=566%2C872&ssl=1&resize=350%2C200 1x, https:\/\/i0.wp.com\/historiografija.hr\/wp-content\/uploads\/2026\/04\/Prije-nego-sto-bude-kasno.webp?fit=566%2C872&ssl=1&resize=525%2C300 1.5x"},"classes":[]},{"id":52631,"url":"https:\/\/historiografija.hr\/?p=52631","url_meta":{"origin":9494,"position":3},"title":"Predavanje Ivana Tepe\u0161a: Djelovanje hrvatske politi\u010dke emigracije","author":"Branimir Jankovi\u0107","date":"23. travnja 2026.","format":false,"excerpt":"Odjel za me\u0111unarodnu suradnju i iseljeni\u0161tvo Matice hrvatske Predavanje Ivana Tepe\u0161a: Djelovanje hrvatske politi\u010dke emigracije Utorak, 28. travnja 2026. u 18:00 sati, Dvorana Ljudevita Jonkea (Mala dvorana MH), Strossmayerov trg 4, Zagreb dr. sc. Ivan Tepe\u0161, Institut za istra\u017eivanje migracija Hrvatska politi\u010dka emigracija obilje\u017eila je polustoljetnu hrvatsku povijest u drugoj\u2026","rel":"","context":"U &quot;Novosti&quot;","block_context":{"text":"Novosti","link":"https:\/\/historiografija.hr\/?cat=3"},"img":{"alt_text":"","src":"","width":0,"height":0},"classes":[]},{"id":52578,"url":"https:\/\/historiografija.hr\/?p=52578","url_meta":{"origin":9494,"position":4},"title":"Poziv za sudjelovanje: XXII. Dani Julija Bene\u0161i\u0107a u Iloku","author":"Branimir Jankovi\u0107","date":"21. travnja 2026.","format":false,"excerpt":"Zavod za lingvisti\u010dka istra\u017eivanja Hrvatske akademije znanosti i umjetnosti, zajedno s Muzejom grada Iloka, organizira XXII. Dane Julija Bene\u0161i\u0107a, koji \u0107e se odr\u017eati od 28. do 30. listopada 2026. u Iloku.\u00a0Teme ovogodi\u0161njih Dana podijeljene su u dvije cjeline: Knji\u017eevno-jezikoslovni d\u00ecv\u0101n s Bene\u0161i\u0107em te Ilok i Srijem u povijesnim stalnicama i\u2026","rel":"","context":"U &quot;Novosti&quot;","block_context":{"text":"Novosti","link":"https:\/\/historiografija.hr\/?cat=3"},"img":{"alt_text":"","src":"https:\/\/i0.wp.com\/historiografija.hr\/wp-content\/uploads\/2019\/10\/HE2_Benesic.jpg?fit=413%2C591&ssl=1&resize=350%2C200","width":350,"height":200},"classes":[]},{"id":52505,"url":"https:\/\/historiografija.hr\/?p=52505","url_meta":{"origin":9494,"position":5},"title":"Izlo\u017eba &#8220;Eschenstock \/ Jasenov prut&#8221;","author":"Branimir Jankovi\u0107","date":"17. travnja 2026.","format":false,"excerpt":"Srpsko narodno vije\u0107e (SNV) i Vizura aperta postavljaju izlo\u017ebu \u0161vicarskog slikara Velimira Ili\u0161evi\u0107a: Eschenstock \/ Jasenov prut. Izlo\u017eba se uz prisustvo autora otvara povodom 81. godi\u0161njice proboja logora\u0161a iz usta\u0161kog logora smrti Jasenovac 22. aprila 2026. u 19 sati u Srpskom kulturnom centru (SKC) u Preradovi\u0107evoj ulici 21 u Zagrebu.\u2026","rel":"","context":"U &quot;Izlo\u017ebe&quot;","block_context":{"text":"Izlo\u017ebe","link":"https:\/\/historiografija.hr\/?cat=10"},"img":{"alt_text":"","src":"https:\/\/i0.wp.com\/historiografija.hr\/wp-content\/uploads\/2026\/04\/Jasenov_prut.jpg?fit=1024%2C640&ssl=1&resize=350%2C200","width":350,"height":200,"srcset":"https:\/\/i0.wp.com\/historiografija.hr\/wp-content\/uploads\/2026\/04\/Jasenov_prut.jpg?fit=1024%2C640&ssl=1&resize=350%2C200 1x, https:\/\/i0.wp.com\/historiografija.hr\/wp-content\/uploads\/2026\/04\/Jasenov_prut.jpg?fit=1024%2C640&ssl=1&resize=525%2C300 1.5x, https:\/\/i0.wp.com\/historiografija.hr\/wp-content\/uploads\/2026\/04\/Jasenov_prut.jpg?fit=1024%2C640&ssl=1&resize=700%2C400 2x"},"classes":[]}],"_links":{"self":[{"href":"https:\/\/historiografija.hr\/index.php?rest_route=\/wp\/v2\/posts\/9494","targetHints":{"allow":["GET"]}}],"collection":[{"href":"https:\/\/historiografija.hr\/index.php?rest_route=\/wp\/v2\/posts"}],"about":[{"href":"https:\/\/historiografija.hr\/index.php?rest_route=\/wp\/v2\/types\/post"}],"author":[{"embeddable":true,"href":"https:\/\/historiografija.hr\/index.php?rest_route=\/wp\/v2\/users\/2"}],"replies":[{"embeddable":true,"href":"https:\/\/historiografija.hr\/index.php?rest_route=%2Fwp%2Fv2%2Fcomments&post=9494"}],"version-history":[{"count":2,"href":"https:\/\/historiografija.hr\/index.php?rest_route=\/wp\/v2\/posts\/9494\/revisions"}],"predecessor-version":[{"id":9497,"href":"https:\/\/historiografija.hr\/index.php?rest_route=\/wp\/v2\/posts\/9494\/revisions\/9497"}],"wp:featuredmedia":[{"embeddable":true,"href":"https:\/\/historiografija.hr\/index.php?rest_route=\/wp\/v2\/media\/9495"}],"wp:attachment":[{"href":"https:\/\/historiografija.hr\/index.php?rest_route=%2Fwp%2Fv2%2Fmedia&parent=9494"}],"wp:term":[{"taxonomy":"category","embeddable":true,"href":"https:\/\/historiografija.hr\/index.php?rest_route=%2Fwp%2Fv2%2Fcategories&post=9494"},{"taxonomy":"post_tag","embeddable":true,"href":"https:\/\/historiografija.hr\/index.php?rest_route=%2Fwp%2Fv2%2Ftags&post=9494"}],"curies":[{"name":"wp","href":"https:\/\/api.w.org\/{rel}","templated":true}]}}