{"id":9438,"date":"2018-04-24T09:41:56","date_gmt":"2018-04-24T09:41:56","guid":{"rendered":"http:\/\/historiografija.hr\/?p=9438"},"modified":"2018-04-24T09:45:07","modified_gmt":"2018-04-24T09:45:07","slug":"slavko-goldstein-1941-das-jahr-das-nicht-vergeht-die-saat-des-hasses-auf-dem-balkan","status":"publish","type":"post","link":"https:\/\/historiografija.hr\/?p=9438","title":{"rendered":"Slavko Goldstein, \u201c1941 \u2013 Das Jahr, das nicht vergeht. Die Saat des Hasses auf dem Balkan&#8221;"},"content":{"rendered":"<p>Poznati njema\u010dki izdava\u010d S. Fischer objavio je 2018. godine njema\u010dko izdanje va\u017ene knjige Slavka Goldsteina &#8220;1941.: Godina koja se vra\u0107a&#8221;. Op\u0161irnije u nastavku.<\/p>\n<p>&nbsp;<\/p>\n<p>&#8212;<\/p>\n<p>&nbsp;<\/p>\n<p>&nbsp;<\/p>\n<p>Slavko Goldstein<\/p>\n<p>&nbsp;<\/p>\n<p>&nbsp;<\/p>\n<p><strong>1941 \u2013 Das Jahr, das nicht vergeht<\/strong><\/p>\n<p><strong>Die Saat des Hasses auf dem Balkan<\/strong><\/p>\n<p>&nbsp;<\/p>\n<p>&nbsp;<\/p>\n<p>2018<\/p>\n<p>&nbsp;<\/p>\n<p>&nbsp;<\/p>\n<p>608 Seiten<\/p>\n<p>&nbsp;<\/p>\n<p>&nbsp;<\/p>\n<p>Originalsprache: Kroatisch<\/p>\n<p>&nbsp;<\/p>\n<p>\u00dcbersetzt von: Marica Bodro\u017eic<\/p>\n<p>&nbsp;<\/p>\n<p>&nbsp;<\/p>\n<p><strong>Leseprobe PDF<\/strong><\/p>\n<p>&nbsp;<\/p>\n<p><a href=\"https:\/\/www.fischerverlage.de\/media\/fs\/308\/LP_978-3-10-002537-1.pdf\">https:\/\/www.fischerverlage.de\/media\/fs\/308\/LP_978-3-10-002537-1.pdf<\/a><\/p>\n<p>&nbsp;<\/p>\n<p>&nbsp;<\/p>\n<p><a href=\"https:\/\/www.fischerverlage.de\/buch\/1941_das_jahr_das_nicht_vergeht\/9783100025371\">https:\/\/www.fischerverlage.de\/buch\/1941_das_jahr_das_nicht_vergeht\/9783100025371<\/a><\/p>\n<p>&nbsp;<\/p>\n<p>&nbsp;<\/p>\n<p><strong>Inhalt<\/strong><\/p>\n<p>&nbsp;<\/p>\n<p>&nbsp;<\/p>\n<p>Eine einzigartige Erz\u00e4hlung \u00fcber eine der gro\u00dfen Trag\u00f6dien des 20. Jahrhunderts<\/p>\n<p>&nbsp;<\/p>\n<p>&nbsp;<\/p>\n<p>\u00bbEine perfekt gelungene Mischung von pers\u00f6nlicher Erinnerung und historischer Reflexion. Alle, die dieses Buch lesen, werden durch Slavko Goldsteins zutiefst humanen Blick auf die Erfahrung des Schreckens vieles erst begreifen.\u00ab Timothy Snyder<\/p>\n<p>&nbsp;<\/p>\n<p>&nbsp;<\/p>\n<p>1941 besetzten die Deutschen das K\u00f6nigreich Jugoslawien, in Kroatien \u00fcbernahm die faschistische Ustascha die Macht. Slavko Goldstein, einer der bekanntesten Intellektuellen im ehemaligen Jugoslawien, erz\u00e4hlt von diesen Wochen und Monaten, die er selbst als Vierzehnj\u00e4hriger erlebt hat. Fesselnd beschreibt er die Dynamik der Gewalt auf dem Balkan, die 1941 in Gang gesetzt wurde, als die Ustascha-Regierung hunderttausende Menschen, vorrangig aus der serbischen Bev\u00f6lkerung, ermordete.<\/p>\n<p>&nbsp;<\/p>\n<p>Goldstein beschreibt die Ereignisse Tag f\u00fcr Tag, Woche f\u00fcr Woche, schildert die Schicksale zahlreicher Menschen, ob T\u00e4ter oder Opfer, und versucht, ihre Motive zu verstehen, ohne vorschnell zu urteilen.<\/p>\n<p>&nbsp;<\/p>\n<p>Die Gewalt von 1941 pr\u00e4gte die Region auch nach dem Krieg, als den T\u00e4tern im Geheimen der Prozess gemacht, aber in der \u00d6ffentlichkeit geschwiegen wurde. Der Hass entlud sich schlie\u00dflich 1991 erneut in ungeahnter Brutalit\u00e4t. Slavko Goldstein macht diesen unheilvollen Kreislauf der Gewalt, der exemplarisch ist f\u00fcr viele \u00e4hnliche Konflikte, unmittelbar nachvollziehbar. Seine Erz\u00e4hlung ist getragen von einer zutiefst humanistischen Haltung, die zugleich deutlich macht, dass Gut und B\u00f6se in dieser Trag\u00f6die untrennbar miteinander verwoben sind.<\/p>\n<p>&nbsp;<\/p>\n<p>&nbsp;<\/p>\n<p><strong>\u00dcber Slavko Goldstein<\/strong><\/p>\n<p>&nbsp;<\/p>\n<p>&nbsp;<\/p>\n<p>Slavko Goldstein (1928\u20132017) war einer der wichtigsten Intellektuellen Kroatiens und des ehemaligen Jugoslawien. Nach dem Tod seines Vaters 1941 ging seine Mutter mit ihm und seinem Bruder zu den Partisanen, wo er mit 17 den Rang eines Leutnants erreichte. In Jugoslawien z\u00e4hlte er nach dem Krieg zu den bekanntesten Journalisten und Drehbuchschreibern und gr\u00fcndete den Verlag Novi Liber. In den 1980er Jahren war er Pr\u00e4sident der J\u00fcdischen Gemeinde von Zagreb, 1989 gr\u00fcndete er die erste nichtkommunistische Partei Kroatiens.<\/p>\n<p>&nbsp;<\/p>\n<p>&nbsp;<\/p>\n<p><strong>Pressestimmen<\/strong><\/p>\n<p>&nbsp;<\/p>\n<p>\u00bbGoldsteins Interesse gilt den Stellen, an denen das Banale ins Furchtbare, das Menschliche ins Unmenschliche hin\u00fcbergleitet. Viel Ungeheuerliches kommt vor, aber nur wenige echte Ungeheuer.\u00ab<br \/>\nNorbert Mappes-Niediek, Frankfurter Rundschau, 06.04.2018<\/p>\n<p>&nbsp;<\/p>\n<p>&nbsp;<\/p>\n<p>\u00bbDieses von gro\u00dfer Zuneigung erf\u00fcllte Buch ist eine so pers\u00f6nliche wie komplexe Einf\u00fchrung in Zeitgeschichte und Traumata eines Landes\u00ab<br \/>\nJ\u00f6rg Plath, Deutschlandfunk Kultur, 12.04.2018<\/p>\n<p>&nbsp;<\/p>\n<p>&nbsp;<\/p>\n<p>&#8212;<\/p>\n<p>&nbsp;<\/p>\n<p>&nbsp;<\/p>\n<p><em>Prikaz knjige Slavka Goldsteina, 1941. Das Jahr, das nicht vergeht. Die Saat des Hasses auf dem Balkan. S hrvatskog prevela Marica Bodro\u017ei\u0107. Fischer Verlag, Frankfurt am Main 2018.<\/em><\/p>\n<p>&nbsp;<\/p>\n<p>&nbsp;<\/p>\n<p>Pi\u0161e: Norbert Mappes-Niediek (Frankfurter Rundschau)<\/p>\n<p>&nbsp;<\/p>\n<p>&nbsp;<\/p>\n<p><a href=\"https:\/\/radiogornjigrad.wordpress.com\/2018\/04\/17\/oprez-kao-program-o-knjizi-slavka-goldsteina-1941-godina-koja-se-vraca\/\">Oprez kao program &#8211; O knjizi Slavka Goldsteina: 1941. godina koja se&nbsp;vra\u0107a<\/a><\/p>\n<p>&nbsp;<\/p>\n<p>&nbsp;<\/p>\n","protected":false},"excerpt":{"rendered":"","protected":false},"author":2,"featured_media":9439,"comment_status":"open","ping_status":"open","sticky":false,"template":"","format":"standard","meta":{"_acf_changed":false,"jetpack_post_was_ever_published":false,"_jetpack_newsletter_access":"","_jetpack_dont_email_post_to_subs":false,"_jetpack_newsletter_tier_id":0,"_jetpack_memberships_contains_paywalled_content":false,"_jetpack_memberships_contains_paid_content":false,"footnotes":"","jetpack_publicize_message":"","jetpack_publicize_feature_enabled":true,"jetpack_social_post_already_shared":true,"jetpack_social_options":{"image_generator_settings":{"template":"highway","default_image_id":0,"font":"","enabled":false},"version":2}},"categories":[8,3],"tags":[],"class_list":["post-9438","post","type-post","status-publish","format-standard","has-post-thumbnail","hentry","category-knjige","category-novosti"],"acf":{"facebook_opis":""},"jetpack_publicize_connections":[],"jetpack_featured_media_url":"https:\/\/i0.wp.com\/historiografija.hr\/wp-content\/uploads\/2018\/04\/1941.jpg?fit=771%2C1181&ssl=1","jetpack_sharing_enabled":true,"jetpack-related-posts":[{"id":52613,"url":"https:\/\/historiografija.hr\/?p=52613","url_meta":{"origin":9438,"position":0},"title":"No\u0107 knjige u Hrvatskom dr\u017eavnom arhivu","author":"Branimir Jankovi\u0107","date":"22. travnja 2026.","format":false,"excerpt":"Predstavljanje knjige Rajke Bu\u0107in \u201dLije\u010denje i zbrinjavanje \u017didova u Bolnici sestara milosrdnica u Zagrebu 1941. \u2013 1945.\u201d u \u010detvrtak, 23. travnja 2026. u 13 sati u Hrvatskom dr\u017eavnom arhivu u Zagrebu. Izvor: https:\/\/www.arhiv.hr\/hr-hr\/Kulturno-prosvjetne-aktivnosti\/ArticleId\/1986\/oamid\/1633","rel":"","context":"U &quot;Novosti&quot;","block_context":{"text":"Novosti","link":"https:\/\/historiografija.hr\/?cat=3"},"img":{"alt_text":"","src":"https:\/\/i0.wp.com\/historiografija.hr\/wp-content\/uploads\/2026\/04\/noc_knjige_2026.jpg?fit=680%2C276&ssl=1&resize=350%2C200","width":350,"height":200,"srcset":"https:\/\/i0.wp.com\/historiografija.hr\/wp-content\/uploads\/2026\/04\/noc_knjige_2026.jpg?fit=680%2C276&ssl=1&resize=350%2C200 1x, https:\/\/i0.wp.com\/historiografija.hr\/wp-content\/uploads\/2026\/04\/noc_knjige_2026.jpg?fit=680%2C276&ssl=1&resize=525%2C300 1.5x"},"classes":[]}],"_links":{"self":[{"href":"https:\/\/historiografija.hr\/index.php?rest_route=\/wp\/v2\/posts\/9438","targetHints":{"allow":["GET"]}}],"collection":[{"href":"https:\/\/historiografija.hr\/index.php?rest_route=\/wp\/v2\/posts"}],"about":[{"href":"https:\/\/historiografija.hr\/index.php?rest_route=\/wp\/v2\/types\/post"}],"author":[{"embeddable":true,"href":"https:\/\/historiografija.hr\/index.php?rest_route=\/wp\/v2\/users\/2"}],"replies":[{"embeddable":true,"href":"https:\/\/historiografija.hr\/index.php?rest_route=%2Fwp%2Fv2%2Fcomments&post=9438"}],"version-history":[{"count":3,"href":"https:\/\/historiografija.hr\/index.php?rest_route=\/wp\/v2\/posts\/9438\/revisions"}],"predecessor-version":[{"id":9442,"href":"https:\/\/historiografija.hr\/index.php?rest_route=\/wp\/v2\/posts\/9438\/revisions\/9442"}],"wp:featuredmedia":[{"embeddable":true,"href":"https:\/\/historiografija.hr\/index.php?rest_route=\/wp\/v2\/media\/9439"}],"wp:attachment":[{"href":"https:\/\/historiografija.hr\/index.php?rest_route=%2Fwp%2Fv2%2Fmedia&parent=9438"}],"wp:term":[{"taxonomy":"category","embeddable":true,"href":"https:\/\/historiografija.hr\/index.php?rest_route=%2Fwp%2Fv2%2Fcategories&post=9438"},{"taxonomy":"post_tag","embeddable":true,"href":"https:\/\/historiografija.hr\/index.php?rest_route=%2Fwp%2Fv2%2Ftags&post=9438"}],"curies":[{"name":"wp","href":"https:\/\/api.w.org\/{rel}","templated":true}]}}