{"id":9225,"date":"2018-04-11T14:32:26","date_gmt":"2018-04-11T14:32:26","guid":{"rendered":"http:\/\/historiografija.hr\/?p=9225"},"modified":"2018-04-11T14:32:26","modified_gmt":"2018-04-11T14:32:26","slug":"izlozba-katarina-velika-carica-svih-rusa-12-4-29-7-2018","status":"publish","type":"post","link":"https:\/\/historiografija.hr\/?p=9225","title":{"rendered":"Izlo\u017eba \u201cKatarina Velika \u2013 carica svih Rusa\u201d (12.4.-29.7.2018.)"},"content":{"rendered":"<p>Povodom obilje\u017eavanja 50. obljetnice prijateljstva gradova St. Peterburga i Zagreba Galerija Klovi\u0107evi dvori priredila je veliku izlo\u017ebu djela iz jednog od najve\u0107ih svjetskih muzeja \u2013 Muzeja Ermita\u017e iz St. Peterburga.<\/p>\n<p>&nbsp;<\/p>\n<p>&nbsp;<\/p>\n<p><strong>KATARINA VELIKA, CARICA SVIH RUSA<\/strong><\/p>\n<p>Izlo\u017eba iz Dr\u017eavnog muzeja Ermita\u017e<\/p>\n<p>&nbsp;<\/p>\n<p>&nbsp;<\/p>\n<ol start=\"12\">\n<li>travnja \u2013 29. srpnja 2018.<\/li>\n<\/ol>\n<p>&nbsp;<\/p>\n<p>Koncept izlo\u017ebe za Klovi\u0107eve dvore rezultat je zajedni\u010dke suradnje stru\u010dnjaka iz Muzeja Ermita\u017e i Galerije Klovi\u0107evi dvori. Kustosice izlo\u017ebe: Natalia Bakhtareva, Iva Sudec Andreis, Danijela Markovi\u0107<\/p>\n<p>&nbsp;<\/p>\n<p>&nbsp;<\/p>\n<p>&nbsp;<\/p>\n<p>Izlo\u017eba o vladavini jedne od najmo\u0107nijih \u017eena u povijesti, carici Katarini II. (1729.-1796.) koncipirana je posebno za izlo\u017ebene prostore Galerije Klovi\u0107evi dvori, koja \u0107e dati presjek kroz to jedinstveno razdoblje ruske povijesti prikazuju\u0107i cari\u010dine osobne predmete, predmete iz svakodnevnog \u017eivota, vladanja te umjetni\u010dka djela koje je prikupljala kao strastvena kolekcionarka i time utemeljila jednu od najve\u0107ih i najva\u017enijih zbirki svijeta. Izlo\u017eba \u0107e uvodno predstaviti Muzej Ermita\u017e i St. Peterburg onoga doba (kontekst izlo\u017ebe i razdoblje \u2013 Rusija i Europa u Katarinino vrijeme, europski vladari koji su vladali u isto vrijeme i sli\u010dno), a potom kroz nekoliko zanimljivih tema ispri\u010dati pri\u010du o Katarini.<\/p>\n<p>&nbsp;<\/p>\n<p>&nbsp;<\/p>\n<p>Publika mo\u017ee vidjeti na dvije eta\u017ee Galerije Klovi\u0107evi dvori vi\u0161e od 1000 eksponata, preko kojih \u0107e saznati zanimljivosti o Katarininom \u017eivotu te dolasku u Rusiju i na prijestolje, o precima, carskoj obitelji i dvoru, njezinoj velikoj ulozi u obrazovanju i prosvjetiteljstvu, vanjskoj politici i ratovima koje je vodila, a ponajprije \u0107e mo\u0107i osjetiti cari\u010dinu strast za umjetno\u0161\u0107u koja ju je dovela do otkupa mnogih zbirki i osnivanja Ermita\u017ea.<\/p>\n<p>&nbsp;<\/p>\n<p>&nbsp;<\/p>\n<p>Osim veli\u010danstvenim carskim portretima i djelima slikarstva europskih \u0161kola, izlo\u017eba obiluje skulpturom, grafikama, odjevnim predmetima carice i ostalih pripadnika dvora, predmetima umjetni\u010dkoga obrta (staklo, keramika, servisi, srebro, zlato), medaljama, oru\u017ejem, namje\u0161tajem i dragocjenostima.<\/p>\n<p>&nbsp;<\/p>\n<p>&nbsp;<\/p>\n<p>Izlo\u017eba Katarina Velika nesvakida\u0161nji je umjetni\u010dki doga\u0111aj u na\u0161emu gradu, dr\u017eavi, ali i \u0161iroj regiji koja \u0107e zasigurno privu\u0107i desetke tisu\u0107a posjetitelja iz Hrvatske i inozemstva. Zbog svega toga s pravom smo uvjereni da je izlo\u017ebi zajam\u010dena puna pozornost na\u0161e stru\u010dne javnosti i naj\u0161ire publike te da \u0107e njezino uprizorenje biti vrhunski umjetni\u010dki do\u017eivljaj, a uspje\u0161na kulturna suradnja i prijateljstvo izme\u0111u dvaju gradova na primjereni na\u010din potvr\u0111ena.<\/p>\n<p>&nbsp;<\/p>\n<p>&nbsp;<\/p>\n<p>DR\u017dAVNI UDAR I KATARININ DOLAZAK NA VLAST<\/p>\n<p>&nbsp;<\/p>\n<p>Za razliku od svog supruga Petra III. pronicljiva Katarina radila je sve kako bi ostavila najbolji dojam. Jako je dobro nau\u010dila rusku povijest te je potpuno shvatila ulogu ruske garde u dr\u017eavi u kojoj su dr\u017eavni udari pomo\u0107u vojne elite prolazili brzo i uspje\u0161no. Katarina je pametno spletkarila i koristila se svim suprugovim pogre\u0161kama u svoju korist.<\/p>\n<p>Stanje je na dvoru svakoga dana postajalo sve napetijim. Dana 9. lipnja 1762. tijekom sve\u010danog objeda prigodom potpisivanja mira s Prusijom, Petar III. javno je uvrijedio suprugu i\u00a0 naredio njezino uhi\u0107enje. I ona i njezini prista\u0161e shvatili su da je potrebno djelovati.<\/p>\n<p>Do tada su ve\u0107 bili razradili plan dr\u017eavnog udara. Htjeli su izvesti udar prije krunidbe Petra III. u Moskvi. Jezgrom urote bili su grof Razumovski, Panin, barun Korf, kapetan Passek, kneginja Da\u0161kova, petorica bra\u0107e Orlovih i drugi. Dana 28. lipnja Katarina je krenula iz ljetne rezidencije u Peterhofu prema Peterburgu, gdje je do\u010dekana s odu\u0161evljenjem u gardijskoj Izmajlovskoj pukovniji. Katarina je progla\u0161ena caricom, a njezin sedmogodi\u0161nji sin Pavao prijestolonasljednikom. Nakon toga je u Zimskom dvorcu, okru\u017eenom mno\u0161tvom ljudi koji su likovali, po\u010delo polaganje prisege vjernosti novoj carici. Gomile ljudi su s ushi\u0107enjem pozdravljale Katarinu, koja je iza\u0161la na balkon Zimskoga dvorca.<\/p>\n<p>Dana 29. lipnja svrgnuti car Petar III. bio je uhi\u0107en i prognan u grad Rop\u0161u blizu Peterburga. Potpisao je abdikaciju.<\/p>\n<p>Dana 6. srpnja Katarini su javili o njegovoj iznenadnoj smrti: \u010dasnici koji su ga \u010duvali zadavili su Petra III. u Rop\u0161inskom dvorcu. Tamo je bio i Aleksej Orlov, brat Grigorija Orlova, Katarinina miljenika i oca njezina sina Alekseja Bobrinskog, koji se rodio 11. travnja 1762. godine, dva mjeseca prije dr\u017eavnoga udara.<\/p>\n<p>Za razliku od mu\u017ea, Katarina je \u017eurila s krunidbom. Sve\u010dana ceremonija odr\u017eana je u katedrali Uznesenja u moskovskom Kremlju 22. rujna 1762. godine, dva mjeseca nakon dr\u017eavnog udara. Osamnaest godina napornoga tajnog rada i samoobrazovanja napokon je donijelo sjajne plodove. Tako je po\u010delo trideset\u010detverogodi\u0161nje razdoblje vladavine Katarine Velike, koje zovu \u201ezlatnim dobom\u201c Rusije.<\/p>\n<p>&nbsp;<\/p>\n<p>NASTANAK ERMITA\u017dA<\/p>\n<p>&nbsp;<\/p>\n<p>Pokraj jugoisto\u010dnoga dijela novoga Zimskoga dvorca u kojem se nastanila carica, nalazila se prizemnica u kojoj je bila smje\u0161tena drvarnica, konju\u0161nica i gospodarske prostorije. Prema projektu arhitekta Georga Veldtena, s uli\u010dne strane su 1764. po\u010deli na njezinu ju\u017enom rubu dogra\u0111ivati paviljon koji je bio namijenjen Grigoriju Orlovu, a ispred paviljona je na krovu krila ure\u0111en vrt.<\/p>\n<p>U rujnu 1768. godine izdan je nalog: \u201e\u2026u novosagra\u0111enoj oran\u017eeriji Zimske rezidencije ermita\u017e napraviti po uzoru na carskoselski, tako da se dva stola mogu podizati jedan iza drugoga, a kad nema potrebe da se pod mo\u017ee zatvoriti\u201c. Takvi mehani\u010dki stolovi, koji su omogu\u0107avali da ve\u010dera protekne u tajnosti, daleko od radoznalih o\u010diju i u\u0161iju, bili su izra\u0111eni u prvoj polovici 18. stolje\u0107a, u paviljonima ili unutra\u0161njosti dvoraca u Peterhofu, Carskome Selu, ljetnome i starome Zimskom dvorcu. Vrtni paviljoni, ili dvorane u dvorcu, u kojima su bili navedeni stolovi, nazivani su ermita\u017eom. Ta je rije\u010d u ruski jezik u\u0161la iz francuskoga u kojem su se tako nazivale pustinja\u010dke nastambe ili vrtne ku\u0107ice na osami.<\/p>\n<p>Prvi prijem u tim odajama odr\u017ean je u velja\u010di 1769. godine. Takvi skupovi u Sjevernome paviljonu dobili su naziv ermita\u017ei, a tim se nazivom poslije ozna\u010davao cijeli kompleks gra\u0111evina pokraj Zimskoga dvorca.<\/p>\n<p>Gosti su na takve ve\u010dere bili pozivani po izboru doma\u0107ice, a taj izbor nije uvijek bio odre\u0111en \u010dinom i polo\u017eajem. Tu se doma\u0107ica mogla odmarati ne brinu\u0107i se o pravilima napornoga dvorskog bontona. Na ulasku su goste do\u010dekivala ermita\u017ena pravila koja je odre\u0111ivala Katarina.<\/p>\n<p>&nbsp;<\/p>\n<p>KATARINA II. I PROSVJETITELJSTVO<\/p>\n<p>&nbsp;<\/p>\n<p>Dok se Veliki knez Petar Fjodorovi\u010d, siguran u svoj \u010dvrst polo\u017eaj nasljednika ruskog prijestolja, bavio umjetno\u0161\u0107u i vojskom, njegova se supruga pripremala za \u017eeljenu, ali ne i zakonski zajam\u010denu, ulogu vladarice. To je bila njezina \u017eelja i njezin cilj \u2013 pri\u017eeljkivala je postati caricom. S jedne je strane to podrazumijevalo spletke i politi\u010dke igre, s druge pak zahtijevalo samousavr\u0161avanje i naobrazbu, kako bi mogla stati uz bok velikim vladarima jakih europskih dr\u017eava. Velika je kneginja poku\u0161avala maksimalno iskoristiti vrijeme za svoje obrazovanje. Me\u0111u knjigama koje je pro\u010ditala, posebno su mjesto zauzimala djela Voltairea.<\/p>\n<p>S prosvjetiteljima su se dopisivali i drugi vladari, pozivali su ih i na europske dvorove. No, i u ovome, kao i u mnogome drugome, Katarina je uspjela nadma\u0161iti svoje suvremenike. Zahvaljuju\u0107i odli\u010dnom poznavanju francuskoga jezika i drugim umije\u0107ima, \u201eepistolarnom\u201c talentu te osebujnoj inteligenciji, u tom je dopisivanju bila ravnopravan sugovornik najmudrijim mu\u0161karcima kojima se divila prosvije\u0107ena Europa. Svaka rije\u010d u pismima Voltaireu, Diderotu, Grimmu dobro je osmi\u0161ljena i izvagana. Katarina je shva\u0107ala da njezin me\u0111unarodni ugled ovisi o mi\u0161ljenju tih mudraca svoga doba. U pismima je iznosila svoja filozofska stajali\u0161ta, odnos prema politi\u010dkim zbivanjima i prosu\u0111ivala dr\u017eavnike.<\/p>\n<p>&nbsp;<\/p>\n<p>KATARININE REFORME<\/p>\n<p>&nbsp;<\/p>\n<p>Europski vladari poput Friedricha Velikoga, Marije Terezije, Josipa II., u svojim su si politi\u010dkim programima, vo\u0111eni idejama prosvjetiteljstva, postavili za cilj stvoriti jaku i prosperitetnu zemlju. U tu su svrhu ure\u0111ivali zakone, upravni sustav, razvijali obrazovanje, industriju i trgovinu te \u0161titili umjetnost i znanost. Katarinina prosvjetiteljska djelatnost podudarala se s radom njezinih utjecajnih suvremenika. Tomu je pridonijela neprestana komunikacija s prosvjetiteljima i dr\u017eavne aktivnosti posve\u0107ene obrazovanju naroda i blagostanju dr\u017eave. Sve te\u017enje Katarine II. usmjerene su na to da napravi od Rusije mo\u0107nu i prosperitetnu dr\u017eavu.<\/p>\n<p>Godine 1783. osnovana je Carska ruska akademija, \u010dija je svrha bila prou\u010davanje ruskoga jezika i knji\u017eevnosti. Prvi je put u povijesti Rusije za rukovoditelja takvom ustanovom bila postavljena \u017eena \u2013 Ekaterina Romanovna Da\u0161kova. Glavnim rezultatom rada Akademije bilo je\u00a0 izdavanje ruskoga akademskog rje\u010dnika \u2013 prvoga rje\u010dnika ruskog jezika.<\/p>\n<p>Katarina je poticala geografska istra\u017eivanja, istra\u017eivanja biljnoga i \u017eivotinjskog svijeta i etnografije te su zahvaljuju\u0107i tome nastale mnogobrojne enciklopedije, albumi i putopisi. Carica se trudila da Rusi upoznaju i zavole svoju zemlju, svoju kulturu, svoj jezik. Bila je ponosna na svoju novu domovinu i pokazivala je\u00a0 to cijeloj Europi.<\/p>\n<p>Godine 1766. Katarina izdaje Manifest o formiranju Povjerenstva, \u010diji je cilj bio izrada novoga zakonika. Za prvu je sjednicu napisala svoj poznati \u201eNaputak\u201c. Taj je rad bio kompilacija iz djela prosvjetitelja, ponajprije Montesquieuova djela \u201eO duhu zakona\u201c.<\/p>\n<p>Va\u017ean je korak bilo osnivanje odgojnih ku\u0107a u Moskvi i Sankt Peterburgu za djecu koju su napustili roditelji. Osim toga, bile su osnivane gra\u0111anske i trgova\u010dke \u0161kole. Za plemi\u0107ku su djecu organizirali zatvorene obrazovne ustanove: Institut Smoljni za djevoj\u010dice i Kopnenu kadetsku \u0161kolu za dje\u010dake.<\/p>\n<p>&nbsp;<\/p>\n<p>Katalog izlo\u017ebe mo\u017eete preuzeti ovdje:<\/p>\n<p>&nbsp;<\/p>\n<p><a href=\"http:\/\/gkd.hr\/wp-content\/uploads\/2018\/03\/Ermitaz_katalog_preview_small.pdf\">http:\/\/gkd.hr\/wp-content\/uploads\/2018\/03\/Ermitaz_katalog_preview_small.pdf<\/a><\/p>\n<p>&nbsp;<\/p>\n<p>Izvor: <a href=\"http:\/\/gkd.hr\/izlozba\/katarina-velika-carica-svih-rusa\/\">http:\/\/gkd.hr\/izlozba\/katarina-velika-carica-svih-rusa\/<\/a><\/p>\n<p>&nbsp;<\/p>\n","protected":false},"excerpt":{"rendered":"","protected":false},"author":2,"featured_media":9226,"comment_status":"open","ping_status":"open","sticky":false,"template":"","format":"standard","meta":{"_acf_changed":false,"jetpack_post_was_ever_published":false,"_jetpack_newsletter_access":"","_jetpack_dont_email_post_to_subs":false,"_jetpack_newsletter_tier_id":0,"_jetpack_memberships_contains_paywalled_content":false,"_jetpack_memberships_contains_paid_content":false,"footnotes":"","jetpack_publicize_message":"","jetpack_publicize_feature_enabled":true,"jetpack_social_post_already_shared":true,"jetpack_social_options":{"image_generator_settings":{"template":"highway","default_image_id":0,"font":"","enabled":false},"version":2}},"categories":[10,3],"tags":[],"class_list":["post-9225","post","type-post","status-publish","format-standard","has-post-thumbnail","hentry","category-izlozbe","category-novosti"],"acf":{"facebook_opis":""},"jetpack_publicize_connections":[],"jetpack_featured_media_url":"https:\/\/i0.wp.com\/historiografija.hr\/wp-content\/uploads\/2018\/04\/Katarina-Velika.jpg?fit=695%2C481&ssl=1","jetpack_sharing_enabled":true,"jetpack-related-posts":[{"id":52511,"url":"https:\/\/historiografija.hr\/?p=52511","url_meta":{"origin":9225,"position":0},"title":"Izlo\u017eba &#8220;Lica Sljemena&#8221;","author":"Branimir Jankovi\u0107","date":"17. travnja 2026.","format":false,"excerpt":"Srda\u010dno vas pozivamo na otvorenje izlo\u017ebe Lica Sljemena koje \u0107e se odr\u017eati u srijedu 22. travnja 2026. u 18 h ispred Muzeja Prigorja (Trg Dragutina Domjani\u0107a 5, Sesvete). Izlo\u017eba proizlazi iz istra\u017eivanja Nevene \u0160krbi\u0107 Alempijevi\u0107, Petre Kelemen i Sanje Potkonjak te intervjua sa Sljemena\u0161icama i Sljemena\u0161ima, koji su provedeni u\u2026","rel":"","context":"U &quot;Izlo\u017ebe&quot;","block_context":{"text":"Izlo\u017ebe","link":"https:\/\/historiografija.hr\/?cat=10"},"img":{"alt_text":"","src":"https:\/\/i0.wp.com\/historiografija.hr\/wp-content\/uploads\/2026\/04\/Izlozba-Lica-Sljemena.png?fit=1080%2C686&ssl=1&resize=350%2C200","width":350,"height":200,"srcset":"https:\/\/i0.wp.com\/historiografija.hr\/wp-content\/uploads\/2026\/04\/Izlozba-Lica-Sljemena.png?fit=1080%2C686&ssl=1&resize=350%2C200 1x, https:\/\/i0.wp.com\/historiografija.hr\/wp-content\/uploads\/2026\/04\/Izlozba-Lica-Sljemena.png?fit=1080%2C686&ssl=1&resize=525%2C300 1.5x, https:\/\/i0.wp.com\/historiografija.hr\/wp-content\/uploads\/2026\/04\/Izlozba-Lica-Sljemena.png?fit=1080%2C686&ssl=1&resize=700%2C400 2x, https:\/\/i0.wp.com\/historiografija.hr\/wp-content\/uploads\/2026\/04\/Izlozba-Lica-Sljemena.png?fit=1080%2C686&ssl=1&resize=1050%2C600 3x"},"classes":[]},{"id":52666,"url":"https:\/\/historiografija.hr\/?p=52666","url_meta":{"origin":9225,"position":1},"title":"Najava programa Festivala povijesti Kliofest (5-8. V. 2026)","author":"Branimir Jankovi\u0107","date":"24. travnja 2026.","format":false,"excerpt":"Po trinaesti put odr\u017eava se Festival povijesti Kliofest! Do petka \u0107emo odr\u017eati osam okruglih stolova i dva kolokvija te niz predstavljanja knjiga i projekata razli\u010dite tematike, od antike do suvremenosti. Bit \u0107e predstavljeno i nekoliko izlo\u017ebi te odr\u017ean jedan povijesni kviz. Prikazat \u0107emo i jedan film \u2013 o generalu Boroevi\u0107u.\u2026","rel":"","context":"U &quot;Novosti&quot;","block_context":{"text":"Novosti","link":"https:\/\/historiografija.hr\/?cat=3"},"img":{"alt_text":"","src":"https:\/\/i0.wp.com\/historiografija.hr\/wp-content\/uploads\/2026\/04\/Kliofest-2026.jpg?fit=526%2C526&ssl=1&resize=350%2C200","width":350,"height":200,"srcset":"https:\/\/i0.wp.com\/historiografija.hr\/wp-content\/uploads\/2026\/04\/Kliofest-2026.jpg?fit=526%2C526&ssl=1&resize=350%2C200 1x, https:\/\/i0.wp.com\/historiografija.hr\/wp-content\/uploads\/2026\/04\/Kliofest-2026.jpg?fit=526%2C526&ssl=1&resize=525%2C300 1.5x"},"classes":[]},{"id":52505,"url":"https:\/\/historiografija.hr\/?p=52505","url_meta":{"origin":9225,"position":2},"title":"Izlo\u017eba &#8220;Eschenstock \/ Jasenov prut&#8221;","author":"Branimir Jankovi\u0107","date":"17. travnja 2026.","format":false,"excerpt":"Srpsko narodno vije\u0107e (SNV) i Vizura aperta postavljaju izlo\u017ebu \u0161vicarskog slikara Velimira Ili\u0161evi\u0107a: Eschenstock \/ Jasenov prut. Izlo\u017eba se uz prisustvo autora otvara povodom 81. godi\u0161njice proboja logora\u0161a iz usta\u0161kog logora smrti Jasenovac 22. aprila 2026. u 19 sati u Srpskom kulturnom centru (SKC) u Preradovi\u0107evoj ulici 21 u Zagrebu.\u2026","rel":"","context":"U &quot;Izlo\u017ebe&quot;","block_context":{"text":"Izlo\u017ebe","link":"https:\/\/historiografija.hr\/?cat=10"},"img":{"alt_text":"","src":"https:\/\/i0.wp.com\/historiografija.hr\/wp-content\/uploads\/2026\/04\/Jasenov_prut.jpg?fit=1024%2C640&ssl=1&resize=350%2C200","width":350,"height":200,"srcset":"https:\/\/i0.wp.com\/historiografija.hr\/wp-content\/uploads\/2026\/04\/Jasenov_prut.jpg?fit=1024%2C640&ssl=1&resize=350%2C200 1x, https:\/\/i0.wp.com\/historiografija.hr\/wp-content\/uploads\/2026\/04\/Jasenov_prut.jpg?fit=1024%2C640&ssl=1&resize=525%2C300 1.5x, https:\/\/i0.wp.com\/historiografija.hr\/wp-content\/uploads\/2026\/04\/Jasenov_prut.jpg?fit=1024%2C640&ssl=1&resize=700%2C400 2x"},"classes":[]},{"id":52578,"url":"https:\/\/historiografija.hr\/?p=52578","url_meta":{"origin":9225,"position":3},"title":"Poziv za sudjelovanje: XXII. Dani Julija Bene\u0161i\u0107a u Iloku","author":"Branimir Jankovi\u0107","date":"21. travnja 2026.","format":false,"excerpt":"Zavod za lingvisti\u010dka istra\u017eivanja Hrvatske akademije znanosti i umjetnosti, zajedno s Muzejom grada Iloka, organizira XXII. Dane Julija Bene\u0161i\u0107a, koji \u0107e se odr\u017eati od 28. do 30. listopada 2026. u Iloku.\u00a0Teme ovogodi\u0161njih Dana podijeljene su u dvije cjeline: Knji\u017eevno-jezikoslovni d\u00ecv\u0101n s Bene\u0161i\u0107em te Ilok i Srijem u povijesnim stalnicama i\u2026","rel":"","context":"U &quot;Novosti&quot;","block_context":{"text":"Novosti","link":"https:\/\/historiografija.hr\/?cat=3"},"img":{"alt_text":"","src":"https:\/\/i0.wp.com\/historiografija.hr\/wp-content\/uploads\/2019\/10\/HE2_Benesic.jpg?fit=413%2C591&ssl=1&resize=350%2C200","width":350,"height":200},"classes":[]},{"id":52575,"url":"https:\/\/historiografija.hr\/?p=52575","url_meta":{"origin":9225,"position":4},"title":"Izlo\u017eba dje\u010djih radova \u201cU po\u010detku bija\u0161e crte\u017e\u2026\u201d","author":"Branimir Jankovi\u0107","date":"21. travnja 2026.","format":false,"excerpt":"U subotu, 25. travnja 2026. u 11 sati u Galeriji Klovi\u0107evi dvori sve\u010dano otvaramo izlo\u017ebu dje\u010djih radova pod nazivom U po\u010detku bija\u0161e crte\u017e\u2026 Radovi su nastali u sklopu likovnih radionica uz izlo\u017ebu U po\u010detku bija\u0161e kraljevstvo \u2013 izlo\u017eba povodom 1100 godina Hrvatskoga Kraljevstva. Na brojnim likovnim radionicama, uz \u0161kolsku djecu,\u2026","rel":"","context":"U &quot;Izlo\u017ebe&quot;","block_context":{"text":"Izlo\u017ebe","link":"https:\/\/historiografija.hr\/?cat=10"},"img":{"alt_text":"","src":"https:\/\/i0.wp.com\/historiografija.hr\/wp-content\/uploads\/2025\/10\/Klovicevi_sluzbeni-plakat.png?fit=840%2C1200&ssl=1&resize=350%2C200","width":350,"height":200,"srcset":"https:\/\/i0.wp.com\/historiografija.hr\/wp-content\/uploads\/2025\/10\/Klovicevi_sluzbeni-plakat.png?fit=840%2C1200&ssl=1&resize=350%2C200 1x, https:\/\/i0.wp.com\/historiografija.hr\/wp-content\/uploads\/2025\/10\/Klovicevi_sluzbeni-plakat.png?fit=840%2C1200&ssl=1&resize=525%2C300 1.5x, https:\/\/i0.wp.com\/historiografija.hr\/wp-content\/uploads\/2025\/10\/Klovicevi_sluzbeni-plakat.png?fit=840%2C1200&ssl=1&resize=700%2C400 2x"},"classes":[]},{"id":52633,"url":"https:\/\/historiografija.hr\/?p=52633","url_meta":{"origin":9225,"position":5},"title":"POVIJEST TRE\u0160NJEVA\u010cKE GLAZBE: prikupljanje virtualnog fundusa Muzeja susjedstva Tre\u0161njevka","author":"Branimir Jankovi\u0107","date":"23. travnja 2026.","format":false,"excerpt":"utorak 28. 4. 2026. 14 - 18 h Nova BAZA, Nova cesta 66, Zagreb Prvi su dani ljeta 1957. godine. Bo\u017eica Kalafati\u0107 poha\u0111a drugi razred Osnovne \u0161kole Bratstvo i jedinstvo, danas kralja Tomislava, a ide i na muzi\u010dke satove u Mo\u0161\u0107eni\u010dkoj ulici. Na fotografiji s harmonikom u rukama stoji u\u2026","rel":"","context":"U &quot;Novosti&quot;","block_context":{"text":"Novosti","link":"https:\/\/historiografija.hr\/?cat=3"},"img":{"alt_text":"","src":"https:\/\/i0.wp.com\/historiografija.hr\/wp-content\/uploads\/2026\/04\/MST_prikupljanje.jpg?fit=380%2C475&ssl=1&resize=350%2C200","width":350,"height":200},"classes":[]}],"_links":{"self":[{"href":"https:\/\/historiografija.hr\/index.php?rest_route=\/wp\/v2\/posts\/9225","targetHints":{"allow":["GET"]}}],"collection":[{"href":"https:\/\/historiografija.hr\/index.php?rest_route=\/wp\/v2\/posts"}],"about":[{"href":"https:\/\/historiografija.hr\/index.php?rest_route=\/wp\/v2\/types\/post"}],"author":[{"embeddable":true,"href":"https:\/\/historiografija.hr\/index.php?rest_route=\/wp\/v2\/users\/2"}],"replies":[{"embeddable":true,"href":"https:\/\/historiografija.hr\/index.php?rest_route=%2Fwp%2Fv2%2Fcomments&post=9225"}],"version-history":[{"count":1,"href":"https:\/\/historiografija.hr\/index.php?rest_route=\/wp\/v2\/posts\/9225\/revisions"}],"predecessor-version":[{"id":9227,"href":"https:\/\/historiografija.hr\/index.php?rest_route=\/wp\/v2\/posts\/9225\/revisions\/9227"}],"wp:featuredmedia":[{"embeddable":true,"href":"https:\/\/historiografija.hr\/index.php?rest_route=\/wp\/v2\/media\/9226"}],"wp:attachment":[{"href":"https:\/\/historiografija.hr\/index.php?rest_route=%2Fwp%2Fv2%2Fmedia&parent=9225"}],"wp:term":[{"taxonomy":"category","embeddable":true,"href":"https:\/\/historiografija.hr\/index.php?rest_route=%2Fwp%2Fv2%2Fcategories&post=9225"},{"taxonomy":"post_tag","embeddable":true,"href":"https:\/\/historiografija.hr\/index.php?rest_route=%2Fwp%2Fv2%2Ftags&post=9225"}],"curies":[{"name":"wp","href":"https:\/\/api.w.org\/{rel}","templated":true}]}}