{"id":9188,"date":"2018-04-09T09:16:18","date_gmt":"2018-04-09T09:16:18","guid":{"rendered":"http:\/\/historiografija.hr\/?p=9188"},"modified":"2018-04-09T09:16:18","modified_gmt":"2018-04-09T09:16:18","slug":"hrvatska-mitska-bastina-u-ranome-srednjem-vijeku","status":"publish","type":"post","link":"https:\/\/historiografija.hr\/?p=9188","title":{"rendered":"Hrvatska mitska ba\u0161tina u ranome srednjem vijeku"},"content":{"rendered":"<p>Odjel za etnologiju i arheologiju Matice hrvatske i Knji\u017enica Vladimira Nazora tijekom prolje\u0107a i jeseni 2018. sura\u0111ivat \u0107e u zajedni\u010dkom programu Hrvatska mitska ba\u0161tina u ranome srednjem vijeku. U utorak, 10. travnja 2018. u 19 sati prvo predavanje Fragmenti slavenskog mita odr\u017eat \u0107e Deniver Vukeli\u0107.<\/p>\n<p>&nbsp;<\/p>\n<p>&nbsp;<\/p>\n<p>&#8212;<\/p>\n<p>&nbsp;<\/p>\n<p>&nbsp;<\/p>\n<p>Knji\u017enica Vladimira Nazora, Odjel za arheologiju i etnologiju Matice hrvatske<\/p>\n<p>&nbsp;<\/p>\n<p>Predavanje Denivera Vukeli\u0107a FRAGMENTI SLAVENSKOG MITA<\/p>\n<p>&nbsp;<\/p>\n<p>Utorak, 10. travnja 2018. u 19:00 sati, Velika dvorana Matice hrvatske, Ulica Matice hrvatske 2, Strossmayerov trg 4, Zagreb<\/p>\n<p>&nbsp;<\/p>\n<p><strong>Hrvatska mitska ba\u0161tina u ranome srednjem vijeku<\/strong><\/p>\n<p>Odjel za etnologiju i arheologiju Matice hrvatske i Knji\u017enica Vladimira Nazora tijekom prolje\u0107a i jeseni 2018. sura\u0111ivat \u0107e u zajedni\u010dkom programu Hrvatska mitska ba\u0161tina u ranome srednjem vijeku.<\/p>\n<p>&nbsp;<\/p>\n<p>Ovogodi\u0161nji program obuhva\u0107a pet tematskih cjelina, od kojih nakon svakoga jednosatnog znanstvenopopularnog predavanja u Velikoj dvorani Matice hrvatske slijedi \u010detverosatna radionica u Knji\u017enici Vladimira Nazora. Svako od pet multimedijskih predavanja iz mitologije, arheologije, povijesti umjetnosti, etnologije i folkloristike odr\u017eat \u0107e znanstvenici koji se bave programskom temom. Zadnje godi\u0161nje tematsko predavanje odnosi se na jednu od zagreba\u010dkih nacionalnih ili etni\u010dkih manjina. Ove godine to je ukrajinska manjina.<\/p>\n<p>&nbsp;<\/p>\n<p>Stvarala\u010dke radionice odr\u017eat \u0107e se pod stru\u010dnim vodstvom umjetnika iz podru\u010dja slikarstva, dizajna i glazbe. Budu\u0107i da se svaka radionica nadovezuje na predavanja koja joj prethode, polaznicima radionica preporu\u010duje se odslu\u0161ati prethodna predavanja.<\/p>\n<p>&nbsp;<\/p>\n<p>&nbsp;<\/p>\n<p>Sredinom listopada planira se programski obilazak grada Zagreba pod stru\u010dnim vodstvom, a potkraj studenoga u Matici hrvatskoj i u Knji\u017enici Vladimira Nazora izlo\u017eba ostvarenja polaznika likovne, dizajnerske i literarne radionice, uz izlo\u017ebu knjiga u izdanju Matice hrvatske i izabranih publikacija gostuju\u0107ih predava\u010da o mitsko-kulturnoj ba\u0161tini Hrvata, tako\u0111er i uz radioni\u010dki literarno-glazbeni nastup polaznika literarne, pjeva\u010dke i instrumentalne glazbene radionice.<\/p>\n<p>&nbsp;<\/p>\n<p>Predavanja i predava\u010di<\/p>\n<p>&nbsp;<\/p>\n<p>1. Fragmenti slavenskog mita<br \/>\n(10. travnja, predava\u010d: dr. sc. Deniver Vukeli\u0107)<\/p>\n<p>2. Avaroslavenska i ranohrvatska arheolo\u0161ka nalazi\u0161ta<br \/>\n(po\u010detkom svibnja, predava\u010d: doktorandica Pia \u0160malcelj Novakovi\u0107, mag. arh.)<\/p>\n<p>3. Hrvatsko slavensko srednjovjekovlje u spomeni\u010dkoj ba\u0161tini<br \/>\n(po\u010detkom lipnja, predava\u010d: prof. dr. sc. Vladimir Peter Goss, emeritus)<\/p>\n<p>4. Tragovi slavenskog mita u hrvatskim tradicijskim obi\u010dajima<br \/>\n(potkraj rujna, predava\u010dice: doc. dr. sc. Suzana Marjani\u0107, zn. savj., i dr. sc. Lidija Bajuk)<\/p>\n<p>5. Ukrajinske izabrane teme<br \/>\n(potkraj listopada, predava\u010d: red. prof. dr. sc. Jevgenij Pa\u0161\u010denko)<\/p>\n<p>&nbsp;<\/p>\n<p>&nbsp;<\/p>\n<p>Radionice i stru\u010dni voditelji<\/p>\n<p>&nbsp;<\/p>\n<p>1. Likovna radionica: Stablo svijeta i drugi slavenski mitski motivi<br \/>\n(13. travnja, stru\u010dna voditeljica: izv. prof. mr. art. Zvjezdana Jembrih)<\/p>\n<p>2. Literarna radionica: Fragment i mit \u2013 na putu do pjesme i pri\u010de<br \/>\n(po\u010detkom svibnja, stru\u010dni voditelj: knji\u017eevnik i urednik Miroslav Mi\u0107anovi\u0107)<\/p>\n<p>3. Dizajnerska radionica: Kako osmisliti mitolo\u0161ki suvenir<br \/>\n(po\u010detkom lipnja, stru\u010dna voditeljica: prof. mr. art. Natalija Nikpalj)<\/p>\n<p>4. Pjeva\u010dko-glazbena radionica: Izabrani srodni hrvatski i ukrajinski tradicijski napjevi<br \/>\n(sredinom rujna, stru\u010dna voditeljica: etnoglazbenica Lidija Bajuk)<\/p>\n<p>5. Instrumentalno-glazbena radionica: Glazbena pratnja izabranim hrvatskim i ukrajinskim napjevima<br \/>\n(po\u010detkom listopada, stru\u010dni voditelj: violon\u010delist Stanislav Kova\u010di\u0107)<\/p>\n<p>Ulaz na sva predavanja i sve radionice je slobodan.<\/p>\n<p>&nbsp;<\/p>\n<p>&nbsp;<\/p>\n<p>Sljede\u0107i susreti:<\/p>\n<p>Utorak, 10. travnja u 19 sati &#8211; programsko predavanje Fragmenti slavenskog mita, dr. sc. Deniver Vukeli\u0107<br \/>\nMjesto odr\u017eavanja: Matica hrvatska, Strossmayerov trg 4<\/p>\n<p>&nbsp;<\/p>\n<p>Petak, 13. travnja od 16 do 20 sati &#8211; likovna radionica Stablo svijeta i drugi slavenski mitski motivi, prof. mr. art. Zvjezdana Jembrih<br \/>\nMjesto odr\u017eavanja: \u010citaonica i Galerija VN, Ilica 163-a<br \/>\nPrijava za radionicu: knjiznica.vladimira.nazora@kgz.hr ili na tel.: 01 3703-414<\/p>\n<p>&nbsp;<\/p>\n<p>Deniver Vukeli\u0107 diplomirao je 2009. na Filozofskom fakultetu u Zagrebu povijest te hrvatski jezik i knji\u017eevnost s temom Svjetovna su\u0111enja i progoni zbog \u010darobnja\u0161tva i hereze te progoni vje\u0161tica u Zagrebu i okolici tijekom ranog novog vijeka, a doktorirao 2018. s temom Utjecaj magijskih predod\u017eaba na oblikovanje hrvatskoga kulturnoga identiteta. Prou\u010dava progone vje\u0161tica, magijske predod\u017ebe, vjerovanja i prakse, starovjerje i novovjerje. Radi kao stru\u010dni urednik za povijest u nakladni\u010dkoj ku\u0107i \u0160kolska knjiga.<\/p>\n<p>&nbsp;<\/p>\n<p>Zvjezdana Jembrih diplomirala je 1990. i magistrirala 2000. restauriranje drvene skulpture na Akademiji likovnih umjetnosti u Zagrebu, na \u010dijem je Odsjeku za konzerviranje i restauriranje umjetnina od 2013. zaposlena kao izvanredna profesorica. Izla\u017ee na samostalnim i skupnim izlo\u017ebama, izvodi land art radove u Hrvatskoj i inozemstvu. Pi\u0161e i objavljuje poeziju i prozu. Dobitnica je nekoliko knji\u017eevnih nagrada. U suradnji s Lidijom Bajuk i Suzanom Marjani\u0107 (Institut za etnologiju i folkloristiku), od 2012. sudjeluje u etnografskim istra\u017eivanjima na podru\u010dju Hrvatske.<\/p>\n<p>&nbsp;<\/p>\n<p>&nbsp;<\/p>\n<p>Izvor: <a href=\"http:\/\/www.matica.hr\/zbivanja\/predavanje-denivera-vukelica-fragmenti-slavenskog-mita-2382\/\">http:\/\/www.matica.hr\/zbivanja\/predavanje-denivera-vukelica-fragmenti-slavenskog-mita-2382\/<\/a><\/p>\n<p>&nbsp;<\/p>\n<p>&nbsp;<\/p>\n","protected":false},"excerpt":{"rendered":"","protected":false},"author":2,"featured_media":9189,"comment_status":"open","ping_status":"open","sticky":false,"template":"","format":"standard","meta":{"_acf_changed":false,"jetpack_post_was_ever_published":false,"_jetpack_newsletter_access":"","_jetpack_dont_email_post_to_subs":false,"_jetpack_newsletter_tier_id":0,"_jetpack_memberships_contains_paywalled_content":false,"_jetpack_memberships_contains_paid_content":false,"footnotes":"","jetpack_publicize_message":"","jetpack_publicize_feature_enabled":true,"jetpack_social_post_already_shared":true,"jetpack_social_options":{"image_generator_settings":{"template":"highway","default_image_id":0,"font":"","enabled":false},"version":2}},"categories":[3],"tags":[],"class_list":["post-9188","post","type-post","status-publish","format-standard","has-post-thumbnail","hentry","category-novosti"],"acf":{"facebook_opis":""},"jetpack_publicize_connections":[],"jetpack_featured_media_url":"https:\/\/i0.wp.com\/historiografija.hr\/wp-content\/uploads\/2018\/04\/spolija.jpg?fit=680%2C555&ssl=1","jetpack_sharing_enabled":true,"jetpack-related-posts":[{"id":52631,"url":"https:\/\/historiografija.hr\/?p=52631","url_meta":{"origin":9188,"position":0},"title":"Predavanje Ivana Tepe\u0161a: Djelovanje hrvatske politi\u010dke emigracije","author":"Branimir Jankovi\u0107","date":"23. travnja 2026.","format":false,"excerpt":"Odjel za me\u0111unarodnu suradnju i iseljeni\u0161tvo Matice hrvatske Predavanje Ivana Tepe\u0161a: Djelovanje hrvatske politi\u010dke emigracije Utorak, 28. travnja 2026. u 18:00 sati, Dvorana Ljudevita Jonkea (Mala dvorana MH), Strossmayerov trg 4, Zagreb dr. sc. Ivan Tepe\u0161, Institut za istra\u017eivanje migracija Hrvatska politi\u010dka emigracija obilje\u017eila je polustoljetnu hrvatsku povijest u drugoj\u2026","rel":"","context":"U &quot;Novosti&quot;","block_context":{"text":"Novosti","link":"https:\/\/historiografija.hr\/?cat=3"},"img":{"alt_text":"","src":"","width":0,"height":0},"classes":[]},{"id":52539,"url":"https:\/\/historiografija.hr\/?p=52539","url_meta":{"origin":9188,"position":1},"title":"Drugi po redu studentski simpozij &#8220;In fonte veritas&#8221;","author":"Branimir Jankovi\u0107","date":"20. travnja 2026.","format":false,"excerpt":"U srijedu, 22. travnja 2026. godine, u dvorani C 0.4 na Hrvatskom katoli\u010dkom sveu\u010dili\u0161tu odr\u017eat \u0107e se drugi studentski simpozij \u201eIn fonte veritas\". Ovogodi\u0161nja sredi\u0161nja tema simpozija je Papinstvo. Kroz istra\u017eiva\u010dko suo\u010davanje s povijesnim izvorima deset \u0107e studenata predstaviti rezultate svojih istra\u017eivanja o instituciji koja je stolje\u0107ima oblikovala europsku i\u2026","rel":"","context":"U &quot;Novosti&quot;","block_context":{"text":"Novosti","link":"https:\/\/historiografija.hr\/?cat=3"},"img":{"alt_text":"","src":"https:\/\/i0.wp.com\/historiografija.hr\/wp-content\/uploads\/2026\/04\/Papinstvo.png?fit=1024%2C500&ssl=1&resize=350%2C200","width":350,"height":200,"srcset":"https:\/\/i0.wp.com\/historiografija.hr\/wp-content\/uploads\/2026\/04\/Papinstvo.png?fit=1024%2C500&ssl=1&resize=350%2C200 1x, https:\/\/i0.wp.com\/historiografija.hr\/wp-content\/uploads\/2026\/04\/Papinstvo.png?fit=1024%2C500&ssl=1&resize=525%2C300 1.5x, https:\/\/i0.wp.com\/historiografija.hr\/wp-content\/uploads\/2026\/04\/Papinstvo.png?fit=1024%2C500&ssl=1&resize=700%2C400 2x"},"classes":[]},{"id":52552,"url":"https:\/\/historiografija.hr\/?p=52552","url_meta":{"origin":9188,"position":2},"title":"Besplatni glazbeni antikvarijat","author":"Branimir Jankovi\u0107","date":"20. travnja 2026.","format":false,"excerpt":"Muzi\u010dka akademija Sveu\u010dili\u0161ta u Zagrebu 23. travnja 2026. od 10 do 17 sati Pozivamo Vas na Besplatni glazbeni antikvarijat, koji u sklopu manifestacije No\u0107 knjige 2026. organizira Hrvatska udruga muzi\u010dkih knji\u017enica, arhiva i dokumentacijskih centara (HUMKAD). Antikvarijat \u0107e se odr\u017eati na Svjetski dan knjige \u2013 u \u010detvrtak 23. travnja 2026.\u2026","rel":"","context":"U &quot;Novosti&quot;","block_context":{"text":"Novosti","link":"https:\/\/historiografija.hr\/?cat=3"},"img":{"alt_text":"","src":"https:\/\/i0.wp.com\/historiografija.hr\/wp-content\/uploads\/2026\/04\/Besplatni-glazbeni-antikvarijat-23.-4.-2026.jpg?fit=1200%2C848&ssl=1&resize=350%2C200","width":350,"height":200,"srcset":"https:\/\/i0.wp.com\/historiografija.hr\/wp-content\/uploads\/2026\/04\/Besplatni-glazbeni-antikvarijat-23.-4.-2026.jpg?fit=1200%2C848&ssl=1&resize=350%2C200 1x, https:\/\/i0.wp.com\/historiografija.hr\/wp-content\/uploads\/2026\/04\/Besplatni-glazbeni-antikvarijat-23.-4.-2026.jpg?fit=1200%2C848&ssl=1&resize=525%2C300 1.5x, https:\/\/i0.wp.com\/historiografija.hr\/wp-content\/uploads\/2026\/04\/Besplatni-glazbeni-antikvarijat-23.-4.-2026.jpg?fit=1200%2C848&ssl=1&resize=700%2C400 2x, https:\/\/i0.wp.com\/historiografija.hr\/wp-content\/uploads\/2026\/04\/Besplatni-glazbeni-antikvarijat-23.-4.-2026.jpg?fit=1200%2C848&ssl=1&resize=1050%2C600 3x"},"classes":[]},{"id":52628,"url":"https:\/\/historiografija.hr\/?p=52628","url_meta":{"origin":9188,"position":3},"title":"Predavanje dopisnog \u010dlana HAZU Alaina Finkielkrauta Izrael, Europa, antisemitizam","author":"Branimir Jankovi\u0107","date":"23. travnja 2026.","format":false,"excerpt":"Francuski filozof Alain Finkielkraut, redoviti \u010dlan Francuske akademije i dopisni \u010dlan HAZU, odr\u017eat \u0107e predavanje\u00a0Izrael, Europa, antisemitizam u utorak 28. travnja 2026. u 13 sati u Knji\u017enici HAZU,\u00a0Strossmayerov trg 14 u Zagrebu. Uvodne rije\u010di odr\u017eat \u0107e\u00a0akademkinja \u017deljka \u010corak i\u00a0akademik Dra\u017een Katunari\u0107. Predavanje \u0107e se odr\u017eati na francuskom jeziku uz konsekutivno\u2026","rel":"","context":"U &quot;Novosti&quot;","block_context":{"text":"Novosti","link":"https:\/\/historiografija.hr\/?cat=3"},"img":{"alt_text":"","src":"https:\/\/i0.wp.com\/historiografija.hr\/wp-content\/uploads\/2026\/04\/Alain_Finkielkraut.jpg?fit=350%2C407&ssl=1&resize=350%2C200","width":350,"height":200},"classes":[]},{"id":52496,"url":"https:\/\/historiografija.hr\/?p=52496","url_meta":{"origin":9188,"position":4},"title":"30 godina Podru\u017enice \u2013 Javno predavanje Matea \u010calu\u0161i\u0107a \u201eSlavonski Brod u Domovinskom ratu\u201c","author":"Branimir Jankovi\u0107","date":"17. travnja 2026.","format":false,"excerpt":"U 2026. navr\u0161ava se trideset godina od osnutka Podru\u017enice za povijest Slavonije, Srijema i Baranje Hrvatskoga instituta za povijest. Obilje\u017eavanje ove zna\u010dajne obljetnice zapo\u010dinje ciklusom javnih povijesnih predavanja znanstvenika Instituta. Tre\u0107e po redu je predavanje Matea \u010calu\u0161i\u0107a \u2013 \u201eSLAVONSKI BROD U DOMOVINSKOM RATU\u201c. Predavanje \u0107e se odr\u017eati 21. travnja 2026.\u2026","rel":"","context":"U &quot;Novosti&quot;","block_context":{"text":"Novosti","link":"https:\/\/historiografija.hr\/?cat=3"},"img":{"alt_text":"","src":"https:\/\/i0.wp.com\/historiografija.hr\/wp-content\/uploads\/2026\/04\/Predavanje-Calusic.png?fit=860%2C1200&ssl=1&resize=350%2C200","width":350,"height":200,"srcset":"https:\/\/i0.wp.com\/historiografija.hr\/wp-content\/uploads\/2026\/04\/Predavanje-Calusic.png?fit=860%2C1200&ssl=1&resize=350%2C200 1x, https:\/\/i0.wp.com\/historiografija.hr\/wp-content\/uploads\/2026\/04\/Predavanje-Calusic.png?fit=860%2C1200&ssl=1&resize=525%2C300 1.5x, https:\/\/i0.wp.com\/historiografija.hr\/wp-content\/uploads\/2026\/04\/Predavanje-Calusic.png?fit=860%2C1200&ssl=1&resize=700%2C400 2x"},"classes":[]},{"id":52666,"url":"https:\/\/historiografija.hr\/?p=52666","url_meta":{"origin":9188,"position":5},"title":"Najava programa Festivala povijesti Kliofest (5-8. V. 2026)","author":"Branimir Jankovi\u0107","date":"24. travnja 2026.","format":false,"excerpt":"Po trinaesti put odr\u017eava se Festival povijesti Kliofest! Do petka \u0107emo odr\u017eati osam okruglih stolova i dva kolokvija te niz predstavljanja knjiga i projekata razli\u010dite tematike, od antike do suvremenosti. Bit \u0107e predstavljeno i nekoliko izlo\u017ebi te odr\u017ean jedan povijesni kviz. Prikazat \u0107emo i jedan film \u2013 o generalu Boroevi\u0107u.\u2026","rel":"","context":"U &quot;Novosti&quot;","block_context":{"text":"Novosti","link":"https:\/\/historiografija.hr\/?cat=3"},"img":{"alt_text":"","src":"https:\/\/i0.wp.com\/historiografija.hr\/wp-content\/uploads\/2026\/04\/Kliofest-2026.jpg?fit=526%2C526&ssl=1&resize=350%2C200","width":350,"height":200,"srcset":"https:\/\/i0.wp.com\/historiografija.hr\/wp-content\/uploads\/2026\/04\/Kliofest-2026.jpg?fit=526%2C526&ssl=1&resize=350%2C200 1x, https:\/\/i0.wp.com\/historiografija.hr\/wp-content\/uploads\/2026\/04\/Kliofest-2026.jpg?fit=526%2C526&ssl=1&resize=525%2C300 1.5x"},"classes":[]}],"_links":{"self":[{"href":"https:\/\/historiografija.hr\/index.php?rest_route=\/wp\/v2\/posts\/9188","targetHints":{"allow":["GET"]}}],"collection":[{"href":"https:\/\/historiografija.hr\/index.php?rest_route=\/wp\/v2\/posts"}],"about":[{"href":"https:\/\/historiografija.hr\/index.php?rest_route=\/wp\/v2\/types\/post"}],"author":[{"embeddable":true,"href":"https:\/\/historiografija.hr\/index.php?rest_route=\/wp\/v2\/users\/2"}],"replies":[{"embeddable":true,"href":"https:\/\/historiografija.hr\/index.php?rest_route=%2Fwp%2Fv2%2Fcomments&post=9188"}],"version-history":[{"count":1,"href":"https:\/\/historiografija.hr\/index.php?rest_route=\/wp\/v2\/posts\/9188\/revisions"}],"predecessor-version":[{"id":9190,"href":"https:\/\/historiografija.hr\/index.php?rest_route=\/wp\/v2\/posts\/9188\/revisions\/9190"}],"wp:featuredmedia":[{"embeddable":true,"href":"https:\/\/historiografija.hr\/index.php?rest_route=\/wp\/v2\/media\/9189"}],"wp:attachment":[{"href":"https:\/\/historiografija.hr\/index.php?rest_route=%2Fwp%2Fv2%2Fmedia&parent=9188"}],"wp:term":[{"taxonomy":"category","embeddable":true,"href":"https:\/\/historiografija.hr\/index.php?rest_route=%2Fwp%2Fv2%2Fcategories&post=9188"},{"taxonomy":"post_tag","embeddable":true,"href":"https:\/\/historiografija.hr\/index.php?rest_route=%2Fwp%2Fv2%2Ftags&post=9188"}],"curies":[{"name":"wp","href":"https:\/\/api.w.org\/{rel}","templated":true}]}}