{"id":9132,"date":"2018-04-06T12:39:38","date_gmt":"2018-04-06T12:39:38","guid":{"rendered":"http:\/\/historiografija.hr\/?p=9132"},"modified":"2018-04-06T12:39:38","modified_gmt":"2018-04-06T12:39:38","slug":"izlozba-ceste-koje-carstvo-znace-ii-rimskim-cestama-srednje-dalmacije","status":"publish","type":"post","link":"https:\/\/historiografija.hr\/?p=9132","title":{"rendered":"Izlo\u017eba \u201cCeste koje Carstvo zna\u010de II. \u2013 Rimskim cestama Srednje Dalmacije\u201d"},"content":{"rendered":"<p>Arheolo\u0161ki muzej u Zagrebu i Turisti\u010dka zajednica Splitsko-dalmatinske \u017eupanije pozivaju Vas na izlo\u017ebu &#8220;Ceste koje Carstvo zna\u010de II.- Rimskim cestama Srednje Dalmacije&#8221;. Otvorenje izlo\u017ebe je 6.4. u 19 sati na I. katu, a izlo\u017eba \u0107e za posjetitelje biti otvorena od 6. travnja do 20. svibnja 2018. godine.<\/p>\n<p>&nbsp;<\/p>\n<p>&nbsp;<\/p>\n<p>Vi\u0161e o izlo\u017ebi pro\u010ditajte ovdje:<\/p>\n<p>&nbsp;<\/p>\n<p>&nbsp;<\/p>\n<p><a href=\"http:\/\/www.amz.hr\/naslovnica\/virtualna-setnja\/povremene-izlozbe\/2018\/ceste-koje-carstvo-znace-ii-(1).aspx\">http:\/\/www.amz.hr\/naslovnica\/virtualna-setnja\/povremene-izlozbe\/2018\/ceste-koje-carstvo-znace-ii-(1).aspx<\/a><\/p>\n<p>&nbsp;<\/p>\n<p>&nbsp;<\/p>\n<p>Izvor: <a href=\"http:\/\/www.amz.hr\/\">http:\/\/www.amz.hr\/<\/a><\/p>\n<p>&nbsp;<\/p>\n<p>&nbsp;<\/p>\n","protected":false},"excerpt":{"rendered":"","protected":false},"author":2,"featured_media":9134,"comment_status":"open","ping_status":"open","sticky":false,"template":"","format":"standard","meta":{"_acf_changed":false,"jetpack_post_was_ever_published":false,"_jetpack_newsletter_access":"","_jetpack_dont_email_post_to_subs":false,"_jetpack_newsletter_tier_id":0,"_jetpack_memberships_contains_paywalled_content":false,"_jetpack_memberships_contains_paid_content":false,"footnotes":"","jetpack_publicize_message":"","jetpack_publicize_feature_enabled":true,"jetpack_social_post_already_shared":true,"jetpack_social_options":{"image_generator_settings":{"template":"highway","default_image_id":0,"font":"","enabled":false},"version":2}},"categories":[10,3],"tags":[],"class_list":["post-9132","post","type-post","status-publish","format-standard","has-post-thumbnail","hentry","category-izlozbe","category-novosti"],"acf":{"facebook_opis":""},"jetpack_publicize_connections":[],"jetpack_featured_media_url":"https:\/\/i0.wp.com\/historiografija.hr\/wp-content\/uploads\/2018\/04\/amz-ceste-plakat-1.jpg?fit=4081%2C5782&ssl=1","jetpack_sharing_enabled":true,"jetpack-related-posts":[{"id":52511,"url":"https:\/\/historiografija.hr\/?p=52511","url_meta":{"origin":9132,"position":0},"title":"Izlo\u017eba &#8220;Lica Sljemena&#8221;","author":"Branimir Jankovi\u0107","date":"17. travnja 2026.","format":false,"excerpt":"Srda\u010dno vas pozivamo na otvorenje izlo\u017ebe Lica Sljemena koje \u0107e se odr\u017eati u srijedu 22. travnja 2026. u 18 h ispred Muzeja Prigorja (Trg Dragutina Domjani\u0107a 5, Sesvete). Izlo\u017eba proizlazi iz istra\u017eivanja Nevene \u0160krbi\u0107 Alempijevi\u0107, Petre Kelemen i Sanje Potkonjak te intervjua sa Sljemena\u0161icama i Sljemena\u0161ima, koji su provedeni u\u2026","rel":"","context":"U &quot;Izlo\u017ebe&quot;","block_context":{"text":"Izlo\u017ebe","link":"https:\/\/historiografija.hr\/?cat=10"},"img":{"alt_text":"","src":"https:\/\/i0.wp.com\/historiografija.hr\/wp-content\/uploads\/2026\/04\/Izlozba-Lica-Sljemena.png?fit=1080%2C686&ssl=1&resize=350%2C200","width":350,"height":200,"srcset":"https:\/\/i0.wp.com\/historiografija.hr\/wp-content\/uploads\/2026\/04\/Izlozba-Lica-Sljemena.png?fit=1080%2C686&ssl=1&resize=350%2C200 1x, https:\/\/i0.wp.com\/historiografija.hr\/wp-content\/uploads\/2026\/04\/Izlozba-Lica-Sljemena.png?fit=1080%2C686&ssl=1&resize=525%2C300 1.5x, https:\/\/i0.wp.com\/historiografija.hr\/wp-content\/uploads\/2026\/04\/Izlozba-Lica-Sljemena.png?fit=1080%2C686&ssl=1&resize=700%2C400 2x, https:\/\/i0.wp.com\/historiografija.hr\/wp-content\/uploads\/2026\/04\/Izlozba-Lica-Sljemena.png?fit=1080%2C686&ssl=1&resize=1050%2C600 3x"},"classes":[]},{"id":52505,"url":"https:\/\/historiografija.hr\/?p=52505","url_meta":{"origin":9132,"position":1},"title":"Izlo\u017eba &#8220;Eschenstock \/ Jasenov prut&#8221;","author":"Branimir Jankovi\u0107","date":"17. travnja 2026.","format":false,"excerpt":"Srpsko narodno vije\u0107e (SNV) i Vizura aperta postavljaju izlo\u017ebu \u0161vicarskog slikara Velimira Ili\u0161evi\u0107a: Eschenstock \/ Jasenov prut. Izlo\u017eba se uz prisustvo autora otvara povodom 81. godi\u0161njice proboja logora\u0161a iz usta\u0161kog logora smrti Jasenovac 22. aprila 2026. u 19 sati u Srpskom kulturnom centru (SKC) u Preradovi\u0107evoj ulici 21 u Zagrebu.\u2026","rel":"","context":"U &quot;Izlo\u017ebe&quot;","block_context":{"text":"Izlo\u017ebe","link":"https:\/\/historiografija.hr\/?cat=10"},"img":{"alt_text":"","src":"https:\/\/i0.wp.com\/historiografija.hr\/wp-content\/uploads\/2026\/04\/Jasenov_prut.jpg?fit=1024%2C640&ssl=1&resize=350%2C200","width":350,"height":200,"srcset":"https:\/\/i0.wp.com\/historiografija.hr\/wp-content\/uploads\/2026\/04\/Jasenov_prut.jpg?fit=1024%2C640&ssl=1&resize=350%2C200 1x, https:\/\/i0.wp.com\/historiografija.hr\/wp-content\/uploads\/2026\/04\/Jasenov_prut.jpg?fit=1024%2C640&ssl=1&resize=525%2C300 1.5x, https:\/\/i0.wp.com\/historiografija.hr\/wp-content\/uploads\/2026\/04\/Jasenov_prut.jpg?fit=1024%2C640&ssl=1&resize=700%2C400 2x"},"classes":[]},{"id":52575,"url":"https:\/\/historiografija.hr\/?p=52575","url_meta":{"origin":9132,"position":2},"title":"Izlo\u017eba dje\u010djih radova \u201cU po\u010detku bija\u0161e crte\u017e\u2026\u201d","author":"Branimir Jankovi\u0107","date":"21. travnja 2026.","format":false,"excerpt":"U subotu, 25. travnja 2026. u 11 sati u Galeriji Klovi\u0107evi dvori sve\u010dano otvaramo izlo\u017ebu dje\u010djih radova pod nazivom U po\u010detku bija\u0161e crte\u017e\u2026 Radovi su nastali u sklopu likovnih radionica uz izlo\u017ebu U po\u010detku bija\u0161e kraljevstvo \u2013 izlo\u017eba povodom 1100 godina Hrvatskoga Kraljevstva. Na brojnim likovnim radionicama, uz \u0161kolsku djecu,\u2026","rel":"","context":"U &quot;Izlo\u017ebe&quot;","block_context":{"text":"Izlo\u017ebe","link":"https:\/\/historiografija.hr\/?cat=10"},"img":{"alt_text":"","src":"https:\/\/i0.wp.com\/historiografija.hr\/wp-content\/uploads\/2025\/10\/Klovicevi_sluzbeni-plakat.png?fit=840%2C1200&ssl=1&resize=350%2C200","width":350,"height":200,"srcset":"https:\/\/i0.wp.com\/historiografija.hr\/wp-content\/uploads\/2025\/10\/Klovicevi_sluzbeni-plakat.png?fit=840%2C1200&ssl=1&resize=350%2C200 1x, https:\/\/i0.wp.com\/historiografija.hr\/wp-content\/uploads\/2025\/10\/Klovicevi_sluzbeni-plakat.png?fit=840%2C1200&ssl=1&resize=525%2C300 1.5x, https:\/\/i0.wp.com\/historiografija.hr\/wp-content\/uploads\/2025\/10\/Klovicevi_sluzbeni-plakat.png?fit=840%2C1200&ssl=1&resize=700%2C400 2x"},"classes":[]},{"id":52573,"url":"https:\/\/historiografija.hr\/?p=52573","url_meta":{"origin":9132,"position":3},"title":"Znanstvena konferencija &#8220;Filozofija odgoja: povijest, praksa, perspektive&#8221;","author":"Branimir Jankovi\u0107","date":"21. travnja 2026.","format":false,"excerpt":"Znanstvena konferencija \"Filozofija odgoja: povijest, praksa, perspektive\" odr\u017eat \u0107e se 23. i 24. travnja 2026. u Konferencijskoj dvorani Knji\u017enice Filozofskog fakulteta u Zagrebu (2. kat).\u00a0Konferencija je organizirana u okviru projekta\u00a0SUMKOS (voditeljica prof. dr. sc. Ivana Zagorac, financiran\u00a0sredstvima NextGenerationEU), uz potporu Odsjeka za filozofiju.\u00a0 Uz izlaga\u010dki dio, konferencija obuhva\u0107a i izlo\u017ebu\u2026","rel":"","context":"U &quot;Novosti&quot;","block_context":{"text":"Novosti","link":"https:\/\/historiografija.hr\/?cat=3"},"img":{"alt_text":"","src":"","width":0,"height":0},"classes":[]},{"id":52569,"url":"https:\/\/historiografija.hr\/?p=52569","url_meta":{"origin":9132,"position":4},"title":"[Predavanje] Ne \u010dekaju\u0107i inspiraciju \u2013 anga\u017eovane intelektualne, kulturalne i umetni\u010dke prakse u me\u0111uratnom periodu: teorija i praksa kriti\u010dke levice u jugoslovenskoj kulturi (YugoLab)","author":"Branimir Jankovi\u0107","date":"21. travnja 2026.","format":false,"excerpt":"U vreme agresivnog ja\u010danja globalne desnice, (pro)fa\u0161isti\u010dkih, rasisti\u010dkih i imperijalisti\u010dkih politika, dok je istovremeno globalna levica izrazito slaba, a progresivni pokreti atomizirani i fragmentisani, va\u017eno je iz savremene perspektive vratiti se revolucionarnim i emancipatorskim zbivanjima u jugoslovenskom (ali i s njima u vezi internacionalnim de\u0161avanjima), kao i dru\u0161tvenoj ulozi kulturalnih\u2026","rel":"","context":"U &quot;Novosti&quot;","block_context":{"text":"Novosti","link":"https:\/\/historiografija.hr\/?cat=3"},"img":{"alt_text":"","src":"","width":0,"height":0},"classes":[]},{"id":52631,"url":"https:\/\/historiografija.hr\/?p=52631","url_meta":{"origin":9132,"position":5},"title":"Predavanje Ivana Tepe\u0161a: Djelovanje hrvatske politi\u010dke emigracije","author":"Branimir Jankovi\u0107","date":"23. travnja 2026.","format":false,"excerpt":"Odjel za me\u0111unarodnu suradnju i iseljeni\u0161tvo Matice hrvatske Predavanje Ivana Tepe\u0161a: Djelovanje hrvatske politi\u010dke emigracije Utorak, 28. travnja 2026. u 18:00 sati, Dvorana Ljudevita Jonkea (Mala dvorana MH), Strossmayerov trg 4, Zagreb dr. sc. Ivan Tepe\u0161, Institut za istra\u017eivanje migracija Hrvatska politi\u010dka emigracija obilje\u017eila je polustoljetnu hrvatsku povijest u drugoj\u2026","rel":"","context":"U &quot;Novosti&quot;","block_context":{"text":"Novosti","link":"https:\/\/historiografija.hr\/?cat=3"},"img":{"alt_text":"","src":"","width":0,"height":0},"classes":[]}],"_links":{"self":[{"href":"https:\/\/historiografija.hr\/index.php?rest_route=\/wp\/v2\/posts\/9132","targetHints":{"allow":["GET"]}}],"collection":[{"href":"https:\/\/historiografija.hr\/index.php?rest_route=\/wp\/v2\/posts"}],"about":[{"href":"https:\/\/historiografija.hr\/index.php?rest_route=\/wp\/v2\/types\/post"}],"author":[{"embeddable":true,"href":"https:\/\/historiografija.hr\/index.php?rest_route=\/wp\/v2\/users\/2"}],"replies":[{"embeddable":true,"href":"https:\/\/historiografija.hr\/index.php?rest_route=%2Fwp%2Fv2%2Fcomments&post=9132"}],"version-history":[{"count":1,"href":"https:\/\/historiografija.hr\/index.php?rest_route=\/wp\/v2\/posts\/9132\/revisions"}],"predecessor-version":[{"id":9135,"href":"https:\/\/historiografija.hr\/index.php?rest_route=\/wp\/v2\/posts\/9132\/revisions\/9135"}],"wp:featuredmedia":[{"embeddable":true,"href":"https:\/\/historiografija.hr\/index.php?rest_route=\/wp\/v2\/media\/9134"}],"wp:attachment":[{"href":"https:\/\/historiografija.hr\/index.php?rest_route=%2Fwp%2Fv2%2Fmedia&parent=9132"}],"wp:term":[{"taxonomy":"category","embeddable":true,"href":"https:\/\/historiografija.hr\/index.php?rest_route=%2Fwp%2Fv2%2Fcategories&post=9132"},{"taxonomy":"post_tag","embeddable":true,"href":"https:\/\/historiografija.hr\/index.php?rest_route=%2Fwp%2Fv2%2Ftags&post=9132"}],"curies":[{"name":"wp","href":"https:\/\/api.w.org\/{rel}","templated":true}]}}