{"id":9018,"date":"2018-03-27T20:08:05","date_gmt":"2018-03-27T20:08:05","guid":{"rendered":"http:\/\/historiografija.hr\/?p=9018"},"modified":"2018-03-27T20:08:05","modified_gmt":"2018-03-27T20:08:05","slug":"natjecaj-virtualnog-muzeja-dotrscina-2018","status":"publish","type":"post","link":"https:\/\/historiografija.hr\/?p=9018","title":{"rendered":"Natje\u010daj Virtualnog muzeja Dotr\u0161\u010dina 2018."},"content":{"rendered":"<p>Virtualni muzej Dotr\u0161\u010dina i Vije\u0107e srpske nacionalne manjine grada Zagreba raspisuju javni natje\u010daj za privremenu memorijalnu umjetni\u010dku intervenciju na prostoru spomen-parka Dotr\u0161\u010dina u Zagrebu.<\/p>\n<p>&nbsp;<\/p>\n<p>&nbsp;<\/p>\n<p>Natje\u010daj je otvoren do 21. travnja 2018.<\/p>\n<p>&nbsp;<\/p>\n<p>&nbsp;<\/p>\n<p>Ovogodi\u0161nji natje\u010daj posebno poti\u010de radove s edukativnom dimenzijom, ali to ni na koji na\u010din ne favorizira ili isklju\u010duje sve druge umjetni\u010dke pristupe i prakse.<\/p>\n<p>&nbsp;<\/p>\n<p>&nbsp;<\/p>\n<p>Produkcijski prora\u010dun iznosi 5 000 kn brutto, koliko iznosi i honorar za umjetni\u010dki rad.<\/p>\n<p>&nbsp;<\/p>\n<p>&nbsp;<\/p>\n<p>***<\/p>\n<p>&nbsp;<\/p>\n<p>&nbsp;<\/p>\n<p>Spomen-park Dotr\u0161\u010dina najve\u0107i je zagreba\u010dki javni gradski park, mjesto najmasovnijeg zlo\u010dina u povijesti Zagreba i jedno od najve\u0107ih strati\u0161ta u Hrvatskoj. Tijekom fa\u0161isti\u010dke okupacije od 1941. do 1945. godine, na lokaciji dana\u0161njeg spomen-parka od strane usta\u0161kog re\u017eima ubijeno je tisu\u0107e gra\u0111ana, ponajvi\u0161e iz Zagreba i okolice, ali i drugih.<br \/>\nNa ure\u0111enju spomen-parka Dotr\u0161\u010dina sudjelovali su neki od najuglednijih hrvatskih krajobraznih arhitekata i umjetnika. U parku postoji niz spomenika, radovi Vojina Baki\u0107a, Branka Ru\u017ei\u0107a, Stevana Luketi\u0107a i Koste Angelija Radovanija. Neki od natpisa u parku uklju\u010duju stihove Jure Ka\u0161telana i Ivana Goran Kova\u010di\u0107a.<\/p>\n<p>&nbsp;<\/p>\n<p>&nbsp;<\/p>\n<p>Od 2012. godine na prostoru parka izvode se privremene memorijalne umjetni\u010dke intervencije, u sklopu aktivnosti Virtualnog muzeja Dotr\u0161\u010dina.<\/p>\n<p>&nbsp;<\/p>\n<p>&nbsp;<\/p>\n<p>Projekt je pokrenut s ciljem vra\u0107anja spomen-parka Dotr\u0161\u010dina u kolektivnu memoriju. Osim umjetni\u010dkih intervencije na prostoru parka, Muzej djeluje i kroz privremene postave u javnom prostoru grada i druge aktivnosti poput komunalnih inicijativa usmjerenih na obnovu i pobolj\u0161anja parka te organizaciju godi\u0161nje memorijalne utrke u suradnji s Jesenjom ligom Dotka.<\/p>\n<p>&nbsp;<\/p>\n<p>&nbsp;<\/p>\n<p>U okiru aktivnosti Virtualnog muzeja Dotr\u0161\u010dina, na Dotr\u0161\u010dini su do sada realizirane intervencije autora Sa\u0161e \u0160imprage, Davora Sanvincentija, Slavena Tolja, Danijela Kova\u010da i Zorana Paveli\u0107a.<\/p>\n<p>&nbsp;<\/p>\n<p>&nbsp;<\/p>\n<p>Natje\u010daj za privremenu memorijalnu umjetni\u010dku intervenciju 2018. godine zajedni\u010dki se organizira s Vije\u0107em srpske nacionalne manjine grada Zagreba.<\/p>\n<p>&nbsp;<\/p>\n<p>&nbsp;<\/p>\n<p>Virtualni muzej Dotr\u0161\u010dina jedinstven je u Hrvatskoj i regiji po inovativnom pristupu izgradnji kulture sje\u0107anja. Cilj ovog natje\u010daja je posredstvom suvremene umjetnosti i razvoja suvremenih na\u010dina bilje\u017eenja sje\u0107anja u javnom prostoru, profilirati spomen-park Dotr\u0161\u010dinu kao \u017eivo mjesto sje\u0107anja na \u017ertve fa\u0161izma, godi\u0161njom memorijalnom privremenom umjetni\u010dkom intervencijom.<\/p>\n<p>&nbsp;<\/p>\n<p>&nbsp;<\/p>\n<p>Ovogodi\u0161nji natje\u010daj posebno poti\u010de radove s edukativnom dimenzijom, ali to ni na koji na\u010din ne favorizira ili isklju\u010duje sve druge umjetni\u010dke pristupe i prakse.<\/p>\n<p>&nbsp;<\/p>\n<p>&nbsp;<\/p>\n<p>Uvjeti natje\u010daja:<\/p>\n<p>&#8211; na natje\u010daju mogu sudjelovati svi zainteresirani;<br \/>\n&#8211; ista osoba na natje\u010daj mo\u017ee poslati jedan prijedlog;<br \/>\n&#8211; tra\u017ee se isklju\u010divo originalni radovi tj. isklju\u010deni su ve\u0107 ranije izvo\u0111eni radovi ili njhove varijacije, a sudjelovanjem na natje\u010du sudionici\/ce potvr\u0111uju da su prijedlozi nastali za potrebe ovoga natje\u010daja;<br \/>\n&#8211; u obzir dolaze intervencije ili instalacije u prostoru, performansi i sve druge umjetni\u010dke i sli\u010dne forme koje su izvedive u okviru ponu\u0111enog prora\u010duna i mogu\u0107nosti;<br \/>\n&#8211; rad treba biti tehni\u010dki izvediv i u okviru prora\u010duna od maksimalno 5,000 kuna brutto (!);<br \/>\n&#8211; rad treba po\u0161tovati \u010dinjenicu da se radi o mjestu masovnog stradanja;<br \/>\n&#8211; rad treba uva\u017eiti specifi\u010dne uvjete parka i biti bez \u0161tetnih posljedica po park koji ima spomeni\u010dki status;<br \/>\n&#8211; rad treba biti privremenog karaktera;<br \/>\n&#8211; produkcija rada odgovornost je autora\/ice i u tome smislu organizator nudi tek djelomi\u010dnu kustosku podr\u0161ku;<br \/>\n&#8211; sudjelovanjem na natje\u010daju autor\/ica pristaje da se odabrano rje\u0161enje izvede u okviru projekta i medijski prezentira.<\/p>\n<p>&nbsp;<\/p>\n<p>&nbsp;<\/p>\n<p>Rad treba biti realiziran i prezentiran javnosti na lokaciji parka povodom Svjetskog dana mira, (oko) 21. rujna 2018.<\/p>\n<p>&nbsp;<\/p>\n<p>&nbsp;<\/p>\n<p>Prijedlog treba sadr\u017eavati obrazlo\u017eenje, ne du\u017ee od jedne kartice teksta, eventualne vizualizacije (do tri kom.), okvirni prijedlog prora\u010duna i okvirni popis potrebnih rekvizita, te ime i prezime i kontakt (mail i telefon) osobe koja prijedlog prijavljuje.<\/p>\n<p>&nbsp;<\/p>\n<p>&nbsp;<\/p>\n<p>Organizator nije u mogu\u0107nosti snositi tro\u0161kove puta i boravka u Zagrebu za autore\/ice van Zagreba, ali je otvorena mogu\u0107nost da se taj segment pokrije iz produkcijskog prora\u010duna.<\/p>\n<p>&nbsp;<\/p>\n<p>&nbsp;<\/p>\n<p>Prijedlozi koji izlaze iz okvira navedenog prora\u010duna i pristignu nakon isteka roka se ne\u0107e razmatrati.<\/p>\n<p>&nbsp;<\/p>\n<p>&nbsp;<\/p>\n<p>Umjetnike se poti\u010de da prije definiranja prijedloga posjete Dotr\u0161\u010dinu. Tijekom trajanja natje\u010daja, 17. o\u017eujka 2018. s po\u010detkom u 11 sati na glavnom ulazu u park odr\u017eat \u0107e se tura po parku za zainteresirane sudionike natje\u010daja.<\/p>\n<p>&nbsp;<\/p>\n<p>&nbsp;<\/p>\n<p>Vi\u0161e informacija o Dotr\u0161\u010dini mo\u017ee se prona\u0107i u tematu Dotr\u0161\u010dina:<\/p>\n<p>&nbsp;<\/p>\n<p><a href=\"http:\/\/www.zarez.hr\/arhiva\/373\">http:\/\/www.zarez.hr\/arhiva\/373<\/a><\/p>\n<p>&nbsp;<\/p>\n<p>&nbsp;<\/p>\n<p>Prijedlozi se \u0161alju (po mogu\u0107nosti u pdf formatu) na vmdotrscina at gmail.com s naznakom \u201cDotr\u0161\u010dina 2018.\u201d.<\/p>\n<p>&nbsp;<\/p>\n<p>&nbsp;<\/p>\n<p>Odluku o radu koji \u0107e se izvesti donijet \u0107e \u010dlanovi \u017eirija u sastavu: Zoran Paveli\u0107, umjetnik i pobjednik javnog natje\u010daja za privremenu umjetni\u010dku intervenciju Virtualnog muzeja Dotr\u0161\u010dina 2017. godine; Antun Mara\u010di\u0107, umjetnik, kustos i likovni kriti\u010dar i Sa\u0161a \u0160impraga, osniva\u010d i voditelj Virtualnog muzeja Dotr\u0161\u010dina.<\/p>\n<p>&nbsp;<\/p>\n<p>&nbsp;<\/p>\n<p>Autoru\/ici odabranog prijedloga biti \u0107e ispla\u0107en honorar za umjetni\u010dki rad u iznosu od 5,000 kuna brutto.<\/p>\n<p>&nbsp;<\/p>\n<p>&nbsp;<\/p>\n<p>Odabrani rad bit \u0107e progla\u0161en tijekom svibnja 2018. o \u010demu \u0107e svi sudionici natje\u010daja biti individualno obavije\u0161teni.<\/p>\n<p>&nbsp;<\/p>\n<p>&nbsp;<\/p>\n<p>S obzirom na karakter aktualne vlasti u Hrvatskoj, Virtualni muzej Dotr\u0161\u010dina ve\u0107 godinama ne mo\u017ee dobiti nikakvu institucionalnu podr\u0161ku putem javnih natje\u010daja u kulturi. Sve ovogodi\u0161nje aktivnosti biti \u0107e provedene zahvaljuju\u0107i partnerima i donatorima, odnosno \u010dinjenici da se rad Muzeja provodi volonterski.<\/p>\n<p>&nbsp;<\/p>\n<p>&nbsp;<\/p>\n<p>Ovogodi\u0161nja memorijalna intervencija u spomen-parku Dotr\u0161\u010dina izvodi se u partnerstvu s Vije\u0107em srpske nacionalne manjine grada Zagreba, a rad Virtualnog muzeja Dotr\u0161\u010dina u 2018. godini podr\u017ean je i donacijama Melite Jure\u0161e McDonald i Dereka McDonalda.<\/p>\n<p>&nbsp;<\/p>\n<p>&nbsp;<\/p>\n<p>Virtualni muzej Dotr\u0161\u010dina autorski je projekt Sa\u0161e \u0160imprage, pokrenut 2012. godine u okviru programa kulture sje\u0107anja Documente \u2013 Centra za suo\u010davanje s pro\u0161lo\u0161\u0107u.<\/p>\n<p>&nbsp;<\/p>\n<p>&nbsp;<\/p>\n<p>Vi\u0161e o projektu \u010ditajte ovdje: <a href=\"http:\/\/www.dotrscina.hr\/\">www.dotrscina.hr\/<\/a><\/p>\n<p>&nbsp;<\/p>\n<p>&nbsp;<\/p>\n<p>Detaljnije aktivnosti Virtualnog muzeja Dotr\u0161\u010dina pratite na Facebooku:<\/p>\n<p>&nbsp;<\/p>\n<p>&nbsp;<\/p>\n<p><a href=\"https:\/\/www.facebook.com\/virtualnimuzejdotrscina\/posts\/1296969817113870\">https:\/\/www.facebook.com\/virtualnimuzejdotrscina\/posts\/1296969817113870<\/a><\/p>\n<p>&nbsp;<\/p>\n<p>&nbsp;<\/p>\n","protected":false},"excerpt":{"rendered":"","protected":false},"author":2,"featured_media":9019,"comment_status":"open","ping_status":"open","sticky":false,"template":"","format":"standard","meta":{"_acf_changed":false,"jetpack_post_was_ever_published":false,"_jetpack_newsletter_access":"","_jetpack_dont_email_post_to_subs":false,"_jetpack_newsletter_tier_id":0,"_jetpack_memberships_contains_paywalled_content":false,"_jetpack_memberships_contains_paid_content":false,"footnotes":"","jetpack_publicize_message":"","jetpack_publicize_feature_enabled":true,"jetpack_social_post_already_shared":true,"jetpack_social_options":{"image_generator_settings":{"template":"highway","default_image_id":0,"font":"","enabled":false},"version":2}},"categories":[3],"tags":[],"class_list":["post-9018","post","type-post","status-publish","format-standard","has-post-thumbnail","hentry","category-novosti"],"acf":{"facebook_opis":""},"jetpack_publicize_connections":[],"jetpack_featured_media_url":"https:\/\/i0.wp.com\/historiografija.hr\/wp-content\/uploads\/2018\/03\/Dotrscina-muzej.jpg?fit=1000%2C667&ssl=1","jetpack_sharing_enabled":true,"jetpack-related-posts":[{"id":52669,"url":"https:\/\/historiografija.hr\/?p=52669","url_meta":{"origin":9018,"position":0},"title":"Predavanje Igora Dude &#8220;Odmor kao \u017eivotna potreba: o slobodnom vremenu u socijalisti\u010dkoj Jugoslaviji&#8221;","author":"Branimir Jankovi\u0107","date":"27. travnja 2026.","format":false,"excerpt":"U sklopu proljetnog ciklusa programa\u00a0Kriti\u010dka dramaturgija: pauza, u\u00a0subotu, 25. travnja 2026. u 19 sati\u00a0u prostoru Udru\u017eenja hrvatskih arhitekata povjesni\u010dar Igor Duda\u00a0odr\u017eao je predavanje naslovljeno\u00a0Odmor kao \u017eivotna potreba: o slobodnom vremenu u socijalisti\u010dkoj Jugoslaviji. Industrijalizacija i urbanizacija dru\u0161tava u povijesti su zna\u010dile i prelazak s predindustrijskog na industrijsko shva\u0107anje vremena. Ono\u2026","rel":"","context":"U &quot;Novosti&quot;","block_context":{"text":"Novosti","link":"https:\/\/historiografija.hr\/?cat=3"},"img":{"alt_text":"","src":"https:\/\/i0.wp.com\/historiografija.hr\/wp-content\/uploads\/2026\/04\/Duda.png?fit=1200%2C628&ssl=1&resize=350%2C200","width":350,"height":200,"srcset":"https:\/\/i0.wp.com\/historiografija.hr\/wp-content\/uploads\/2026\/04\/Duda.png?fit=1200%2C628&ssl=1&resize=350%2C200 1x, https:\/\/i0.wp.com\/historiografija.hr\/wp-content\/uploads\/2026\/04\/Duda.png?fit=1200%2C628&ssl=1&resize=525%2C300 1.5x, https:\/\/i0.wp.com\/historiografija.hr\/wp-content\/uploads\/2026\/04\/Duda.png?fit=1200%2C628&ssl=1&resize=700%2C400 2x, https:\/\/i0.wp.com\/historiografija.hr\/wp-content\/uploads\/2026\/04\/Duda.png?fit=1200%2C628&ssl=1&resize=1050%2C600 3x"},"classes":[]},{"id":52633,"url":"https:\/\/historiografija.hr\/?p=52633","url_meta":{"origin":9018,"position":1},"title":"POVIJEST TRE\u0160NJEVA\u010cKE GLAZBE: prikupljanje virtualnog fundusa Muzeja susjedstva Tre\u0161njevka","author":"Branimir Jankovi\u0107","date":"23. travnja 2026.","format":false,"excerpt":"utorak 28. 4. 2026. 14 - 18 h Nova BAZA, Nova cesta 66, Zagreb Prvi su dani ljeta 1957. godine. Bo\u017eica Kalafati\u0107 poha\u0111a drugi razred Osnovne \u0161kole Bratstvo i jedinstvo, danas kralja Tomislava, a ide i na muzi\u010dke satove u Mo\u0161\u0107eni\u010dkoj ulici. Na fotografiji s harmonikom u rukama stoji u\u2026","rel":"","context":"U &quot;Novosti&quot;","block_context":{"text":"Novosti","link":"https:\/\/historiografija.hr\/?cat=3"},"img":{"alt_text":"","src":"https:\/\/i0.wp.com\/historiografija.hr\/wp-content\/uploads\/2026\/04\/MST_prikupljanje.jpg?fit=380%2C475&ssl=1&resize=350%2C200","width":350,"height":200},"classes":[]},{"id":52666,"url":"https:\/\/historiografija.hr\/?p=52666","url_meta":{"origin":9018,"position":2},"title":"Najava programa Festivala povijesti Kliofest (5-8. V. 2026)","author":"Branimir Jankovi\u0107","date":"24. travnja 2026.","format":false,"excerpt":"Po trinaesti put odr\u017eava se Festival povijesti Kliofest! Do petka \u0107emo odr\u017eati osam okruglih stolova i dva kolokvija te niz predstavljanja knjiga i projekata razli\u010dite tematike, od antike do suvremenosti. Bit \u0107e predstavljeno i nekoliko izlo\u017ebi te odr\u017ean jedan povijesni kviz. Prikazat \u0107emo i jedan film \u2013 o generalu Boroevi\u0107u.\u2026","rel":"","context":"U &quot;Novosti&quot;","block_context":{"text":"Novosti","link":"https:\/\/historiografija.hr\/?cat=3"},"img":{"alt_text":"","src":"https:\/\/i0.wp.com\/historiografija.hr\/wp-content\/uploads\/2026\/04\/Kliofest-2026.jpg?fit=526%2C526&ssl=1&resize=350%2C200","width":350,"height":200,"srcset":"https:\/\/i0.wp.com\/historiografija.hr\/wp-content\/uploads\/2026\/04\/Kliofest-2026.jpg?fit=526%2C526&ssl=1&resize=350%2C200 1x, https:\/\/i0.wp.com\/historiografija.hr\/wp-content\/uploads\/2026\/04\/Kliofest-2026.jpg?fit=526%2C526&ssl=1&resize=525%2C300 1.5x"},"classes":[]},{"id":52619,"url":"https:\/\/historiografija.hr\/?p=52619","url_meta":{"origin":9018,"position":3},"title":"Predavanje \u0110ur\u0111ice Vitkovi\u0107 &#8220;Izme\u0111u pera i objektiva: Zagorka i Foto Tonka&#8221;","author":"Branimir Jankovi\u0107","date":"23. travnja 2026.","format":false,"excerpt":"Memorijalni stan Marije Juri\u0107 Zagorke poziva Vas na predavanje \u0110ur\u0111ice Vitkovi\u0107 \u201eIzme\u0111u pera i objektiva: Zagorka i Foto Tonka\u201c koje \u0107e se odr\u017eati u utorak, 28. travnja 2026. s po\u010detkom u 18 h u sklopu Ciklusa predavanja u Memorijalnom stanu Marije Juri\u0107 Zagorke. Kako su se susrele knji\u017eevnost i fotografija\u2026","rel":"","context":"U &quot;Novosti&quot;","block_context":{"text":"Novosti","link":"https:\/\/historiografija.hr\/?cat=3"},"img":{"alt_text":"","src":"https:\/\/i0.wp.com\/historiografija.hr\/wp-content\/uploads\/2024\/11\/Zagorka_ciklus.jpg?fit=1200%2C1006&ssl=1&resize=350%2C200","width":350,"height":200,"srcset":"https:\/\/i0.wp.com\/historiografija.hr\/wp-content\/uploads\/2024\/11\/Zagorka_ciklus.jpg?fit=1200%2C1006&ssl=1&resize=350%2C200 1x, https:\/\/i0.wp.com\/historiografija.hr\/wp-content\/uploads\/2024\/11\/Zagorka_ciklus.jpg?fit=1200%2C1006&ssl=1&resize=525%2C300 1.5x, https:\/\/i0.wp.com\/historiografija.hr\/wp-content\/uploads\/2024\/11\/Zagorka_ciklus.jpg?fit=1200%2C1006&ssl=1&resize=700%2C400 2x, https:\/\/i0.wp.com\/historiografija.hr\/wp-content\/uploads\/2024\/11\/Zagorka_ciklus.jpg?fit=1200%2C1006&ssl=1&resize=1050%2C600 3x"},"classes":[]},{"id":52575,"url":"https:\/\/historiografija.hr\/?p=52575","url_meta":{"origin":9018,"position":4},"title":"Izlo\u017eba dje\u010djih radova \u201cU po\u010detku bija\u0161e crte\u017e\u2026\u201d","author":"Branimir Jankovi\u0107","date":"21. travnja 2026.","format":false,"excerpt":"U subotu, 25. travnja 2026. u 11 sati u Galeriji Klovi\u0107evi dvori sve\u010dano otvaramo izlo\u017ebu dje\u010djih radova pod nazivom U po\u010detku bija\u0161e crte\u017e\u2026 Radovi su nastali u sklopu likovnih radionica uz izlo\u017ebu U po\u010detku bija\u0161e kraljevstvo \u2013 izlo\u017eba povodom 1100 godina Hrvatskoga Kraljevstva. Na brojnim likovnim radionicama, uz \u0161kolsku djecu,\u2026","rel":"","context":"U &quot;Izlo\u017ebe&quot;","block_context":{"text":"Izlo\u017ebe","link":"https:\/\/historiografija.hr\/?cat=10"},"img":{"alt_text":"","src":"https:\/\/i0.wp.com\/historiografija.hr\/wp-content\/uploads\/2025\/10\/Klovicevi_sluzbeni-plakat.png?fit=840%2C1200&ssl=1&resize=350%2C200","width":350,"height":200,"srcset":"https:\/\/i0.wp.com\/historiografija.hr\/wp-content\/uploads\/2025\/10\/Klovicevi_sluzbeni-plakat.png?fit=840%2C1200&ssl=1&resize=350%2C200 1x, https:\/\/i0.wp.com\/historiografija.hr\/wp-content\/uploads\/2025\/10\/Klovicevi_sluzbeni-plakat.png?fit=840%2C1200&ssl=1&resize=525%2C300 1.5x, https:\/\/i0.wp.com\/historiografija.hr\/wp-content\/uploads\/2025\/10\/Klovicevi_sluzbeni-plakat.png?fit=840%2C1200&ssl=1&resize=700%2C400 2x"},"classes":[]},{"id":52508,"url":"https:\/\/historiografija.hr\/?p=52508","url_meta":{"origin":9018,"position":5},"title":"Glazbena radionica \u201eDUGMETARA REVISITED\u201c","author":"Branimir Jankovi\u0107","date":"17. travnja 2026.","format":false,"excerpt":"DUGMETARA REVISITED glazbena radionica vodi: Ana Horvat 13., 20. i 27. travnja, od 18 do 20 sati Radiona, Nova cesta 186 Na tri radioni\u010dka susreta uranjamo u naslje\u0111e Dugmetare, biv\u0161e tvornice dugmadi na Savskoj cesti koja je po\u010detkom 2000-ih igrom slu\u010daja postala \u017eivo, jedinstveno mjesto glazbene proizvodnje. Svoje su probe\u2026","rel":"","context":"U &quot;Novosti&quot;","block_context":{"text":"Novosti","link":"https:\/\/historiografija.hr\/?cat=3"},"img":{"alt_text":"","src":"https:\/\/i0.wp.com\/historiografija.hr\/wp-content\/uploads\/2026\/04\/TRESNJA_TRESTI.jpg?fit=380%2C475&ssl=1&resize=350%2C200","width":350,"height":200},"classes":[]}],"_links":{"self":[{"href":"https:\/\/historiografija.hr\/index.php?rest_route=\/wp\/v2\/posts\/9018","targetHints":{"allow":["GET"]}}],"collection":[{"href":"https:\/\/historiografija.hr\/index.php?rest_route=\/wp\/v2\/posts"}],"about":[{"href":"https:\/\/historiografija.hr\/index.php?rest_route=\/wp\/v2\/types\/post"}],"author":[{"embeddable":true,"href":"https:\/\/historiografija.hr\/index.php?rest_route=\/wp\/v2\/users\/2"}],"replies":[{"embeddable":true,"href":"https:\/\/historiografija.hr\/index.php?rest_route=%2Fwp%2Fv2%2Fcomments&post=9018"}],"version-history":[{"count":1,"href":"https:\/\/historiografija.hr\/index.php?rest_route=\/wp\/v2\/posts\/9018\/revisions"}],"predecessor-version":[{"id":9020,"href":"https:\/\/historiografija.hr\/index.php?rest_route=\/wp\/v2\/posts\/9018\/revisions\/9020"}],"wp:featuredmedia":[{"embeddable":true,"href":"https:\/\/historiografija.hr\/index.php?rest_route=\/wp\/v2\/media\/9019"}],"wp:attachment":[{"href":"https:\/\/historiografija.hr\/index.php?rest_route=%2Fwp%2Fv2%2Fmedia&parent=9018"}],"wp:term":[{"taxonomy":"category","embeddable":true,"href":"https:\/\/historiografija.hr\/index.php?rest_route=%2Fwp%2Fv2%2Fcategories&post=9018"},{"taxonomy":"post_tag","embeddable":true,"href":"https:\/\/historiografija.hr\/index.php?rest_route=%2Fwp%2Fv2%2Ftags&post=9018"}],"curies":[{"name":"wp","href":"https:\/\/api.w.org\/{rel}","templated":true}]}}