{"id":8988,"date":"2018-03-26T14:24:46","date_gmt":"2018-03-26T14:24:46","guid":{"rendered":"http:\/\/historiografija.hr\/?p=8988"},"modified":"2022-09-19T13:44:27","modified_gmt":"2022-09-19T13:44:27","slug":"bedrich-smetana-patrice-bart-elizabeta-austrijska-sissi","status":"publish","type":"post","link":"https:\/\/historiografija.hr\/?p=8988","title":{"rendered":"Bed\u0159ich Smetana &#8211; Patrice Bart: &#8220;Elizabeta Austrijska- Sissi&#8221;"},"content":{"rendered":"<p>U utorak, 27. o\u017eujka 2018. u HNK u Zagrebu bit \u0107e praizvedba baletnog projekta &#8220;Elizabeta Austrijska \u2013 Sissi&#8221;, koji tematizira \u201c\u017eivotnu pripovijest jedne od najintrigantnijih i najljep\u0161ih vladarica svijeta\u201d, uz glazbeni predlo\u017eak novoromanti\u010darskih djela \u010de\u0161kog skladatelja Bed\u0159icha Smetane.<\/p>\n<p>&#8212;<\/p>\n<p>&nbsp;<\/p>\n<p>Bed\u0159ich Smetana &#8211; Patrice Bart<\/p>\n<p>&nbsp;<\/p>\n<p>&nbsp;<\/p>\n<p><strong>Elizabeta Austrijska- Sissi<\/strong><\/p>\n<p>&nbsp;<\/p>\n<p>Elizabeta je bila k\u0107i vojvode Maksimilijana Josipa Bavarskog i princeze Ludovike Bavarske, koja se sa sedamnaest godina udala za cara Franju Josipa I. Bila je poznata po svojoj ljepoti i eleganciji, pisala je poeziju, prou\u010davala gr\u010dki jezik i neprestano putovala, a diljem Europe bila je poznata zbog svojega nekonvencionalnog pona\u0161anja. Smrtno je ranjena od ruke talijanskog atentatora u Genevi 1898. godine. Njezin turbulentan \u017eivot pratimo od trenutka kada upoznaje mladog cara Franju Josipa i dolazi na be\u010dki dvor. Taj \u017eivot, odre\u0111en strogom dvorskom etiketom, kosio se s njezinim karakterom i nikada nije pristala na stroga dvorska pravila. Rasko\u0161 i bogatsvo nisu je u\u010dinili sretnom, cijeloga je \u017eivota \u010deznula za mirom i slobodom, \u0161to nikada nije mogla imati. O svojem osje\u0107anju \u017eivota zapisala je u dnevniku: Lutam sama ovim svijetom \/ U\u017eitak i \u017eivot odavno izbjegavam \/ Nemam s kime podijeliti sebe \/ Srodnu du\u0161u nikad nisam otkrila.<\/p>\n<p>&nbsp;<\/p>\n<p>&nbsp;<\/p>\n<p>Poznata njema\u010dka dramaturginja Christiane Theobald vodi nas kroz \u017eivotnu pri\u010du jedne od najintrigantnijih i najljep\u0161ih vladarica svijeta, koju \u0107e majstor baletne scene Patrice Bart ispri\u010dati svojim specifi\u010dnim koreografskim i redateljskim rukopisom, okupljaju\u0107i veliki baletni ansambl u ovaj umjetni\u010dki projekt. Za glazbeni je aran\u017eman zadu\u017een skladatelj i dirigent svjetskog glasa Ermanno Florio, koji glazbeni zaplet kreira na odabranu novoromanti\u010darsku glazbu \u010de\u0161koga skladatelja Bed\u0159icha Smetane.<\/p>\n<p>&nbsp;<\/p>\n<p>PATRICE BART iznimno je cijenjen i poznat francuski baletni umjetnik, koreograf i pedagog te dugogodi\u0161nji \u010dlan baletne uprave nacionalne pari\u0161ke Opere, u kojoj je proveo cijelu svoju blistavu umjetni\u010dku karijeru. Od 1993. bavi se koreografijom i re\u017eijom u najve\u0107im europskim kazali\u0161tima. U zagreba\u010dkom je Baletu s velikim uspjehom postavio balet Romeo i Julija Prokofjeva.<\/p>\n<p>&nbsp;<\/p>\n<p>ERMANNO FLORIO, skladatelj, dirigent i violinist svjetskoga glasa, ro\u0111en je u Italiji, a u ranoj se dobi preselio u Kanadu, gdje je diplomirao violinu. Ubrzo poslije diplome posvetio se dirigiranju i skladanju te je ravnao svim velikim kanadskim orkestrima, a \u010desto nastupa diljem SAD-a i Europe.<\/p>\n<p>&nbsp;<\/p>\n<p>&nbsp;<\/p>\n<p>BALET U DVA \u010cINA<\/p>\n<p>&nbsp;<\/p>\n<p>Premijera 27. o\u017eujka te izvedbe 31. o\u017eujka, 4. i 5. travnja 2018.<\/p>\n<p>&nbsp;<\/p>\n<p>&nbsp;<\/p>\n<p>Izvor: <a href=\"https:\/\/www.hnk.hr\/predstave\/elizabeta-ii-bavarska-sissi\/\">https:\/\/www.hnk.hr\/predstave\/elizabeta-ii-bavarska-sissi\/<\/a><\/p>\n<p>&nbsp;<\/p>\n<p>&nbsp;<\/p>\n","protected":false},"excerpt":{"rendered":"","protected":false},"author":2,"featured_media":8991,"comment_status":"open","ping_status":"open","sticky":false,"template":"","format":"standard","meta":{"_acf_changed":false,"jetpack_post_was_ever_published":false,"_jetpack_newsletter_access":"","_jetpack_dont_email_post_to_subs":false,"_jetpack_newsletter_tier_id":0,"_jetpack_memberships_contains_paywalled_content":false,"_jetpack_memberships_contains_paid_content":false,"footnotes":"","jetpack_publicize_message":"","jetpack_publicize_feature_enabled":true,"jetpack_social_post_already_shared":true,"jetpack_social_options":{"image_generator_settings":{"template":"highway","default_image_id":0,"font":"","enabled":false},"version":2}},"categories":[22,3],"tags":[],"class_list":["post-8988","post","type-post","status-publish","format-standard","has-post-thumbnail","hentry","category-kazalisne-predstave","category-novosti"],"acf":{"facebook_opis":""},"jetpack_publicize_connections":[],"jetpack_featured_media_url":"https:\/\/i0.wp.com\/historiografija.hr\/wp-content\/uploads\/2018\/03\/SISSI_web.jpg?fit=700%2C292&ssl=1","jetpack_sharing_enabled":true,"jetpack-related-posts":[{"id":52569,"url":"https:\/\/historiografija.hr\/?p=52569","url_meta":{"origin":8988,"position":0},"title":"[Predavanje] Ne \u010dekaju\u0107i inspiraciju \u2013 anga\u017eovane intelektualne, kulturalne i umetni\u010dke prakse u me\u0111uratnom periodu: teorija i praksa kriti\u010dke levice u jugoslovenskoj kulturi (YugoLab)","author":"Branimir Jankovi\u0107","date":"21. travnja 2026.","format":false,"excerpt":"U vreme agresivnog ja\u010danja globalne desnice, (pro)fa\u0161isti\u010dkih, rasisti\u010dkih i imperijalisti\u010dkih politika, dok je istovremeno globalna levica izrazito slaba, a progresivni pokreti atomizirani i fragmentisani, va\u017eno je iz savremene perspektive vratiti se revolucionarnim i emancipatorskim zbivanjima u jugoslovenskom (ali i s njima u vezi internacionalnim de\u0161avanjima), kao i dru\u0161tvenoj ulozi kulturalnih\u2026","rel":"","context":"U &quot;Novosti&quot;","block_context":{"text":"Novosti","link":"https:\/\/historiografija.hr\/?cat=3"},"img":{"alt_text":"","src":"","width":0,"height":0},"classes":[]},{"id":52502,"url":"https:\/\/historiografija.hr\/?p=52502","url_meta":{"origin":8988,"position":1},"title":"Novi znanstveni projekt Hrvatskog instituta za povijest: \u201c\u017drtve ratova i dr\u017eavnog\/politi\u010dkog nasilja u hrvatskoj povijesti 20. stolje\u0107a\u201d","author":"Branimir Jankovi\u0107","date":"17. travnja 2026.","format":false,"excerpt":"Na redovitoj sjednici Vlade RH, 16. travnja 2026., donijet je Zaklju\u010dak kojim se pokre\u0107e znanstveni projekt \u201c\u017drtve ratova i dr\u017eavnog\/politi\u010dkog nasilja u hrvatskoj povijesti 20. stolje\u0107a\u201d. Projekt \u0107e provoditi i koordinirati Hrvatski institut za povijest u razdoblju trajanja projekta od pet godina. Zakljucak Vlade RH Iz teksta projektnog prijedloga: Problematika\u2026","rel":"","context":"U &quot;Novosti&quot;","block_context":{"text":"Novosti","link":"https:\/\/historiografija.hr\/?cat=3"},"img":{"alt_text":"","src":"https:\/\/i0.wp.com\/historiografija.hr\/wp-content\/uploads\/2026\/04\/Vlada-RH.jpg?fit=1200%2C557&ssl=1&resize=350%2C200","width":350,"height":200,"srcset":"https:\/\/i0.wp.com\/historiografija.hr\/wp-content\/uploads\/2026\/04\/Vlada-RH.jpg?fit=1200%2C557&ssl=1&resize=350%2C200 1x, https:\/\/i0.wp.com\/historiografija.hr\/wp-content\/uploads\/2026\/04\/Vlada-RH.jpg?fit=1200%2C557&ssl=1&resize=525%2C300 1.5x, https:\/\/i0.wp.com\/historiografija.hr\/wp-content\/uploads\/2026\/04\/Vlada-RH.jpg?fit=1200%2C557&ssl=1&resize=700%2C400 2x, https:\/\/i0.wp.com\/historiografija.hr\/wp-content\/uploads\/2026\/04\/Vlada-RH.jpg?fit=1200%2C557&ssl=1&resize=1050%2C600 3x"},"classes":[]},{"id":52607,"url":"https:\/\/historiografija.hr\/?p=52607","url_meta":{"origin":8988,"position":2},"title":"No\u0107 knjige: Kako je prije 410 godina smr\u0107u Shakespearea i Cervantesa zavr\u0161ilo razdoblje renesanse u knji\u017eevnosti","author":"Branimir Jankovi\u0107","date":"22. travnja 2026.","format":false,"excerpt":"\u010cetvrtak, 23. travnja 2026. u 18:00 sati, Knji\u017eara Matice hrvatske, Ulica Matice hrvatske 2, Zagreb Uvodna rije\u010d: dr. sc.\u00a0Dubravka Brezak Stama\u0107, pro\u010delnica Odjela za knji\u017eevnost Matice hrvatske Prof. dr. sc. Ivan Lupi\u0107, redoviti profesor u Odsjeku za anglistiku i Odsjeku za kroatistiku Sveu\u010dili\u0161ta u RijeciShakespeare, kazali\u0161te, glazbaKada se susre\u0107emo sa\u2026","rel":"","context":"U &quot;Novosti&quot;","block_context":{"text":"Novosti","link":"https:\/\/historiografija.hr\/?cat=3"},"img":{"alt_text":"","src":"https:\/\/i0.wp.com\/historiografija.hr\/wp-content\/uploads\/2026\/04\/noc_knjige_2026.jpg?fit=680%2C276&ssl=1&resize=350%2C200","width":350,"height":200,"srcset":"https:\/\/i0.wp.com\/historiografija.hr\/wp-content\/uploads\/2026\/04\/noc_knjige_2026.jpg?fit=680%2C276&ssl=1&resize=350%2C200 1x, https:\/\/i0.wp.com\/historiografija.hr\/wp-content\/uploads\/2026\/04\/noc_knjige_2026.jpg?fit=680%2C276&ssl=1&resize=525%2C300 1.5x"},"classes":[]},{"id":52628,"url":"https:\/\/historiografija.hr\/?p=52628","url_meta":{"origin":8988,"position":3},"title":"Predavanje dopisnog \u010dlana HAZU Alaina Finkielkrauta Izrael, Europa, antisemitizam","author":"Branimir Jankovi\u0107","date":"23. travnja 2026.","format":false,"excerpt":"Francuski filozof Alain Finkielkraut, redoviti \u010dlan Francuske akademije i dopisni \u010dlan HAZU, odr\u017eat \u0107e predavanje\u00a0Izrael, Europa, antisemitizam u utorak 28. travnja 2026. u 13 sati u Knji\u017enici HAZU,\u00a0Strossmayerov trg 14 u Zagrebu. Uvodne rije\u010di odr\u017eat \u0107e\u00a0akademkinja \u017deljka \u010corak i\u00a0akademik Dra\u017een Katunari\u0107. Predavanje \u0107e se odr\u017eati na francuskom jeziku uz konsekutivno\u2026","rel":"","context":"U &quot;Novosti&quot;","block_context":{"text":"Novosti","link":"https:\/\/historiografija.hr\/?cat=3"},"img":{"alt_text":"","src":"https:\/\/i0.wp.com\/historiografija.hr\/wp-content\/uploads\/2026\/04\/Alain_Finkielkraut.jpg?fit=350%2C407&ssl=1&resize=350%2C200","width":350,"height":200},"classes":[]},{"id":52589,"url":"https:\/\/historiografija.hr\/?p=52589","url_meta":{"origin":8988,"position":4},"title":"Predstavljena knjiga Miomira \u017du\u017eula &#8220;Dayton: Diplomacija &#8211; druga strana rata&#8221;","author":"Branimir Jankovi\u0107","date":"22. travnja 2026.","format":false,"excerpt":"Knjiga Miomira \u017du\u017eula \u201eDayton: Diplomacija \u2013 druga strana rata\u201d predstavljena je u srijedu, 22. travnja 2026. godine u foajeu Hrvatskoga narodnog kazali\u0161ta u Zagrebu. Op\u0161irnije: https:\/\/vijesti.hrt.hr\/hrvatska\/predstavljena-knjiga-miomira-zuzula-dayton-diplomacija-druga-strana-rata-12683259 https:\/\/www.vecernji.ba\/amp\/vijesti\/zuzulova-knjiga-o-daytonu-predstavljena-u-zagrebu-diplomacija-kao-druga-strana-rata-1953700 https:\/\/www.tportal.hr\/vijesti\/clanak\/bivsi-sanaderov-ministar-odrzao-promociju-evo-tko-je-sve-dosao-na-predstavljanje-knjige-miomira-zuzula-foto-20260422 https:\/\/direktno.hr\/zivot\/kultura\/zuzul-otkrio-sve-o-drugoj-strani-rata-za-hrvatsku-se-nije-libio-povuci-nekoga-i-za-kosu-395042 https:\/\/www.24sata.hr\/news\/miomir-zuzul-predstavio-je-knjigu-o-daytonu-diplomacija-je-bila-druga-strana-rata-1123152 https:\/\/www.vecernji.hr\/kultura\/kolinda-grabar-kitarovic-otvoreno-miomir-zuzul-nije-vukao-samo-za-rukav-nego-i-za-kosu-1953722 https:\/\/www.vecernji.hr\/kultura\/i-papa-lav-xiv-eksplicitno-je-daytonski-sporazum-istaknuo-kao-primjer-uspjesna-rjesavanja-sukoba-1952215","rel":"","context":"U &quot;Novosti&quot;","block_context":{"text":"Novosti","link":"https:\/\/historiografija.hr\/?cat=3"},"img":{"alt_text":"","src":"https:\/\/i0.wp.com\/historiografija.hr\/wp-content\/uploads\/2026\/04\/Dayton.jpg?fit=1024%2C683&ssl=1&resize=350%2C200","width":350,"height":200,"srcset":"https:\/\/i0.wp.com\/historiografija.hr\/wp-content\/uploads\/2026\/04\/Dayton.jpg?fit=1024%2C683&ssl=1&resize=350%2C200 1x, https:\/\/i0.wp.com\/historiografija.hr\/wp-content\/uploads\/2026\/04\/Dayton.jpg?fit=1024%2C683&ssl=1&resize=525%2C300 1.5x, https:\/\/i0.wp.com\/historiografija.hr\/wp-content\/uploads\/2026\/04\/Dayton.jpg?fit=1024%2C683&ssl=1&resize=700%2C400 2x"},"classes":[]},{"id":52563,"url":"https:\/\/historiografija.hr\/?p=52563","url_meta":{"origin":8988,"position":5},"title":"Predavanje Nenada Fabijani\u0107a o stadionu Poljud u Splitu","author":"Branimir Jankovi\u0107","date":"21. travnja 2026.","format":false,"excerpt":"Znanstveno vije\u0107e za arhitekturu, urbanizam i ure\u0111enje prostora Hrvatske akademije znanosti i umjetnosti organizira predavanje \u201cPo Poljudu\u201d koje \u0107e u srijedu 22. travnja 2026. s po\u010detkom u 14 sati u Knji\u017enici HAZU, Strossmayerov trg 14 u Zagrebu, odr\u017eati\u00a0prof. emerit. dr. art. Nenad Fabijani\u0107,\u00a0\u010dlan suradnik HAZU. Predavanje \u201ePo Poljudu\u201c (Projekt obnove)\u2026","rel":"","context":"U &quot;Novosti&quot;","block_context":{"text":"Novosti","link":"https:\/\/historiografija.hr\/?cat=3"},"img":{"alt_text":"","src":"https:\/\/i0.wp.com\/historiografija.hr\/wp-content\/uploads\/2026\/04\/Poljud-scaled.jpeg?fit=1200%2C800&ssl=1&resize=350%2C200","width":350,"height":200,"srcset":"https:\/\/i0.wp.com\/historiografija.hr\/wp-content\/uploads\/2026\/04\/Poljud-scaled.jpeg?fit=1200%2C800&ssl=1&resize=350%2C200 1x, https:\/\/i0.wp.com\/historiografija.hr\/wp-content\/uploads\/2026\/04\/Poljud-scaled.jpeg?fit=1200%2C800&ssl=1&resize=525%2C300 1.5x, https:\/\/i0.wp.com\/historiografija.hr\/wp-content\/uploads\/2026\/04\/Poljud-scaled.jpeg?fit=1200%2C800&ssl=1&resize=700%2C400 2x, https:\/\/i0.wp.com\/historiografija.hr\/wp-content\/uploads\/2026\/04\/Poljud-scaled.jpeg?fit=1200%2C800&ssl=1&resize=1050%2C600 3x"},"classes":[]}],"_links":{"self":[{"href":"https:\/\/historiografija.hr\/index.php?rest_route=\/wp\/v2\/posts\/8988","targetHints":{"allow":["GET"]}}],"collection":[{"href":"https:\/\/historiografija.hr\/index.php?rest_route=\/wp\/v2\/posts"}],"about":[{"href":"https:\/\/historiografija.hr\/index.php?rest_route=\/wp\/v2\/types\/post"}],"author":[{"embeddable":true,"href":"https:\/\/historiografija.hr\/index.php?rest_route=\/wp\/v2\/users\/2"}],"replies":[{"embeddable":true,"href":"https:\/\/historiografija.hr\/index.php?rest_route=%2Fwp%2Fv2%2Fcomments&post=8988"}],"version-history":[{"count":1,"href":"https:\/\/historiografija.hr\/index.php?rest_route=\/wp\/v2\/posts\/8988\/revisions"}],"predecessor-version":[{"id":8990,"href":"https:\/\/historiografija.hr\/index.php?rest_route=\/wp\/v2\/posts\/8988\/revisions\/8990"}],"wp:featuredmedia":[{"embeddable":true,"href":"https:\/\/historiografija.hr\/index.php?rest_route=\/wp\/v2\/media\/8991"}],"wp:attachment":[{"href":"https:\/\/historiografija.hr\/index.php?rest_route=%2Fwp%2Fv2%2Fmedia&parent=8988"}],"wp:term":[{"taxonomy":"category","embeddable":true,"href":"https:\/\/historiografija.hr\/index.php?rest_route=%2Fwp%2Fv2%2Fcategories&post=8988"},{"taxonomy":"post_tag","embeddable":true,"href":"https:\/\/historiografija.hr\/index.php?rest_route=%2Fwp%2Fv2%2Ftags&post=8988"}],"curies":[{"name":"wp","href":"https:\/\/api.w.org\/{rel}","templated":true}]}}