{"id":8825,"date":"2018-03-16T09:03:26","date_gmt":"2018-03-16T09:03:26","guid":{"rendered":"http:\/\/historiografija.hr\/?p=8825"},"modified":"2018-03-16T09:04:55","modified_gmt":"2018-03-16T09:04:55","slug":"izlozbeni-projekt-valpovacki-vlastelini-prandau-normann","status":"publish","type":"post","link":"https:\/\/historiografija.hr\/?p=8825","title":{"rendered":"Izlo\u017ebeni projekt &#8220;Valpova\u010dki vlastelini Prandau-Normann&#8221;"},"content":{"rendered":"<p>Na tragu (raz)otkrivanja ba\u0161tine slavonskoga plemstva, ba\u0161tinske ustanove Osijeka i Valpova predstavljaju izlo\u017ebeni projekt \u2013Valpova\u010dki vlastelini Prandau-Normann \u2013 izlaganjem vrijedne muzejske i arhivske gra\u0111e obitelji Hilleprand von Prandau i von Normann-Ehrenfels.<\/p>\n<p>&nbsp;<\/p>\n<p>&nbsp;<\/p>\n<p>Muzej likovnih umjetnosti, Muzej Slavonije, Dr\u017eavni arhiv te Muzej Valpov\u0161tine izla\u017eu gra\u0111u valpova\u010dkih vlastelina pohranjenu u brojnim zbirkama kroz tematske cjeline: Likovna ba\u0161tina Prandau-Normann, Valpova\u010dki vlastelini Prandau-Normann\u2013 bibliofili, kolekcionari i donatori, Arhivska ba\u0161tina Valpova\u010dkog vlastelinstva, Svakodnevni \u017eivot.<\/p>\n<p>&nbsp;<\/p>\n<p>&nbsp;<\/p>\n<p>U \u010detvrtak, 22. o\u017eujka 2018. odr\u017eat \u0107e se otvorenja svih \u010detiriju izlo\u017ebi prema sljede\u0107em vremenskom slijedu:<\/p>\n<p>11:00 \u2013 Dr\u017eavni arhiv u Osijeku<br \/>\n12:00 \u2013 Muzej Slavonije Osijek<br \/>\n13:00 \u2013 Muzej likovnih umjetnosti, Osijek<br \/>\n14:30 \u2013 Muzej Valpov\u0161tine, Valpovo<\/p>\n<p>&nbsp;<\/p>\n<p>&nbsp;<\/p>\n<p>Muzeolo\u0161ka koncepcija izlo\u017ebe, uz jasno definirane tematsko-sadr\u017eajne cjeline, ima i zajedni\u010dku izvedbenu realizaciju kroz jedinstvenu uvodnu legendu te dizajn samoga postava. Bogata gra\u0111a valpova\u010dkih vlastelina, umjetni\u010dka, arhivska, graditeljska, numizmati\u010dka, kulturno-povijesna, knji\u017eni\u010dna i glazbena, izlo\u017ebom i katalogom, prvi \u0107e puta na ovaj na\u010din biti predstavljena javnosti, oslikavaju\u0107i izniman segment na\u0161e kulturne ba\u0161tine.<\/p>\n<p>&nbsp;<\/p>\n<p>&nbsp;<\/p>\n<p>Obitelj Hilleprand von Prandau upravljala je Valpova\u010dkim vlastelinstvom, odnosno posjedom, 164 godine, a zatim upravu nad tim posjedom preuzima obitelj von Normann-Ehrenfels, koja je njime upravljala do njegove konfiskacije 1945. godine. Obitelj Hilleprand von Prandau poduzimala je razli\u010dite aktivnosti na unapre\u0111enju gospodarstva na Vlastelinstvu, odnosno posjedu. Pri tome su mijenjali organizaciju posjeda kako bi omogu\u0107ili njegovo bolje funkcioniranje i privre\u0111ivanje. Obitelj von Normann-Ehrenfels nastavila je odr\u017eavati posjed preuzev\u0161i ga posljednjih desetlje\u0107a njegova postojanja. Obje obitelji nastojale su dio prihoda ulo\u017eiti u unapre\u0111enje \u0161kolstva na valpova\u010dkom podru\u010dju. Obitelj Hilleprand von Prandau ulo\u017eila je po\u010detkom 19. stolje\u0107a dio vlastelinskih prihoda u izgradnju kazali\u0161ne zgrade te sve do polovine stolje\u0107a brinula o tro\u0161kovima njezina odr\u017eavanja. Obje obitelji omogu\u0107ile su svojim djelovanjem, tijekom vi\u0161e od dva stolje\u0107a, dru\u0161tveni, kulturni, obrazovni i gospodarski razvoj valpova\u010dkoga podru\u010dja.<\/p>\n<p>&nbsp;<\/p>\n<p>&nbsp;<\/p>\n<p>I danas Valpov\u010dani rado pri\u010daju o svojim grofovima. Baruni Prandau i grofovi Normann slovili su kao velike mecene, donatori i dobrotvori, podr\u017eavali su rad brojnih zaklada, udruga te su vr\u0161ili patronat nad svim \u017eupama Valpov\u0161tine i Miholj\u0161tine i ponekim institucijama, prvenstveno onima kulturnoga karaktera. Preseljenjem iz Be\u010da, tada jednim od najve\u0107ih gradova i kulturnih centara svijeta, u maleno opusto\u0161eno Valpovo, obitelj Prandau donosi duh be\u010dke elite. Ure\u0111ivali su vlastelinstvo i omogu\u0107avali njegovo funkcioniranje; gradili su ceste, \u0161kole, crkve, a gospodarski je vlastelinstvo vrlo napredno; jedno od rijetkih gotovo potpuno samoodr\u017eivih posjeda koje je redovito bilo i modernizirano. Pra\u0107enje trendova osjetno je i u likovnoj zbirci obitelji u kojoj se nalaze neka od najve\u0107ih umjetni\u010dkih imena Monarhije. Zaista, umjetnost je na valpova\u010dkom dvoru bila vrlo cijenjena, a zanimljivo je da je obitelj Prandau tu ljubav zauvijek utisnula i u obiteljski grb.<\/p>\n<p>&nbsp;<\/p>\n<p>&nbsp;<\/p>\n<p>Segment izlo\u017ebe u Muzeju likovnih umjetnosti prikazuje likovnu ba\u0161tinu Valpova\u010dkih vlastelina, privatnu obiteljsku zbirku koja se nalazila u valpova\u010dkom dvorcu. Kroz njih koncept izlo\u017ebe je zami\u0161ljen da prika\u017ee stil \u017eivota jedne imu\u0107ne plemi\u0107ke obitelji, elitisti\u010dkog stila \u017eivota u kontekstu malene lokalne sredine. Zna\u010daj umjetni\u010dkih zbirki slavonskih plemi\u0107kih obitelji neupitan je, ova umjetni\u010dka djela jedna su od najzna\u010dajnijih segmenata fundusa institucija koje ih pohranjuju nakon konfiskacije 1945. godine. Zbirka Prandau-Normann sastoji se uglavnom od importa, prete\u017eno be\u010dkih, a doma\u0107i umjetnici pojavljuju se tek u drugoj polovici 19. stolje\u0107a. U svim plemi\u0107kim zbirkama, tako i u privatnoj zbirci Prandau-Normann, prete\u017eno su zastupljeni portreti \u010dlanova obitelji. Povodi naru\u010divanju portreta bili su razni, njima su se obilje\u017eavali zna\u010dajni obiteljski doga\u0111aji ili su naru\u010divani kao uspomena na \u010dlana obitelji.<\/p>\n<p>&nbsp;<\/p>\n<p>Te kvalitetne umjetni\u010dke narud\u017ebe nam poma\u017eu razumijevati ukus obitelji; njihove navike i stil \u017eivota kojega su na i oko posjeda vodili je ostavio traga i na lokalnoj sredini koju, uostalom, i fizi\u010dki oblikuju i grade.<\/p>\n<p>&nbsp;<\/p>\n<p>&nbsp;<\/p>\n<p>Zahvaljuju\u0107i nekoliko generacija obitelji na izlo\u017ebi likovne ba\u0161tine Valpova\u010dkih vlastelina u Muzeju likovnih umjetnosti mogu se vidjeti djela inozemnih imena Johanna Michaela Rottmayra, Ephraima Hochhausera, Johanna Antona Zitterera, Friedricha Amerlinga, Carla Rahla, ali i doma\u0107ih Josipa Franje M\u00fcckea, Huge Conrada von H\u00f6tzendorfa, Bele \u010ciko\u0161a Sesije, Vladimira Beci\u0107a, Jose Bu\u017eana, Mencija Klementa Crn\u010di\u0107a, Mate Celestina Medovi\u0107a i Dragana Melkusa.<\/p>\n<p>&nbsp;<\/p>\n<p>&nbsp;<\/p>\n<p>Muzej Slavonije u zbirkama Povijesnoga odjela, Odjela umjetni\u010dkoga obrta, Numizmati\u010dkoga, Etnografskoga te Odjela knji\u017enice \u010duva brojne predmete vrijedne obiteljske ostav\u0161tine, a njihove \u010dlanove uistinu i mo\u017eemo nazvati Bibliofilima, kolekcionarima i donatorima.<\/p>\n<p>&nbsp;<\/p>\n<p>&nbsp;<\/p>\n<p>Sa\u010duvana ostav\u0161tina obitelji Prandau-Normann u Muzeju Slavonije svjedo\u010di danas o \u017eivotu i navikama vlasnika Valpova\u010dkog vlastelinstava, njihovim interesima, dru\u0161tvenim usmjerenjima, oslikavaju\u0107i \u017eivot ovoga podru\u010dja tijekom vi\u0161e od dva stolje\u0107a.<\/p>\n<p>&nbsp;<\/p>\n<p>&nbsp;<\/p>\n<p>Jedna od najvrjednijih sa\u010duvanih obiteljskih knji\u017enica u nas, s gotovo deset tisu\u0107a bibliografskih jedinica, te glazbena, ponajvi\u0161e rukopisna gra\u0111a, numizmati\u010dka zbirka koju je grof Rudolf von Normann-Ehrenfels darovao tada\u0161njem Gradskome muzeju etnografska gra\u0111a, iznimna kartografska zbirka, predmeti umjetni\u010dkoga obrta: namje\u0161taj, ukrasni predmeti fotografije, slike, dokumentarna gra\u0111a\u2026 dio su bogate riznice valpova\u010dkih vlastelina pohranjene u Muzeju Slavonije i, po prvi puta, na ovaj na\u010din prezentirane javnosti.<\/p>\n<p>&nbsp;<\/p>\n<p>&nbsp;<\/p>\n<p>Dr\u017eavni arhiv u Osijeku, u svom dijelu sudjelovanja u ovoj izlo\u017ebi s \u010detiri lica, iznosi na svjetlo dana izbor dokumenata i drugih zapisa iz svoga fundusa, koji \u010dine arhivski fond Valpova\u010dkog vlastelinstva u razdoblju od 1727. do 1945. godine.<\/p>\n<p>&nbsp;<\/p>\n<p>&nbsp;<\/p>\n<p>Arhivski fond Valpova\u010dkog vlastelinstva obuhva\u0107a samo dio arhivskoga gradiva koje je nastajalo tijekom \u017eivota i djelovanja plemi\u0107kih obitelji Hilleprand von Prandau i von Normann-Ehrenfels. Premda taj fond po svojoj naravi i provenijenciji pripada skupini osobnih i obiteljskih fondova, tek manji dio zapisa koji se u njemu \u010duvaju sadr\u017ei one dokumente koji bi predstavljali pravi osobni i\/ili obiteljski arhivski fond s osobnim dokumentima, privatnom korespondencijom, osobnim i obiteljskim uspomenama, rodoslovljem, osobnim i obiteljskim bilje\u0161kama i sli\u010dno. O\u010duvani arhivski fond uglavnom obuhva\u0107a zapise koji su nastajali u okviru vo\u0111enja imovinsko pravnih poslova, gospodarstva i financija na vlastelinstvu i kasnijem veleposjedu.<\/p>\n<p>&nbsp;<\/p>\n<p>&nbsp;<\/p>\n<p>Radi se o jednom od rijetkih arhivskih fondova \u010dije gradivo, iako tek djelomi\u010dno o\u010duvano, \u017eivo ocrtava ustroj, upravu i djelovanje vlastelinstava u \u0161irem okru\u017eenju te \u017eivot i rad vlastelina i njihovih podlo\u017enika na podru\u010dju isto\u010dne Hrvatske u razdoblju od po\u010detka 18. stolje\u0107a do 1945. godine.<\/p>\n<p>&nbsp;<\/p>\n<p>&nbsp;<\/p>\n<p>Izlo\u017eba arhivske ba\u0161tine obuhva\u0107a tematske cjeline: Vlastelini u znaku grba; S papirom i perom kroz povijest; Vlastelinsko kazali\u0161te u Valpovu; Vlastelinstvo, zemlja i ljudi; Obitelji, osobe, odnosi i veze; Vlastelini i njihovo zna\u010denje u \u0161iroj zajednici.<\/p>\n<p>&nbsp;<\/p>\n<p>&nbsp;<\/p>\n<p>Pisani i ilustrirani tragovi koji danas predstavljaju arhivsku ba\u0161tinu Valpova\u010dkog vlastelinstva obuhva\u0107aju razli\u010dite zapise na pergameni, papiru i drugim materijalima, diplome vladara, svjedo\u010danstva razli\u010ditih doga\u0111aja, pisma dragim osobama, genealo\u0161ke zabilje\u0161ke, popise dobara, ugovore, ra\u010dune i mnogo drugih dokumenata, koji su u vlastelinskom arhivu bili bri\u017eljivo odlagani i pomno \u010duvani. Tu je i trag najstarije kazali\u0161ne zgrade u kontinentalnoj Hrvatskoj koju je podigao Joseph Ignaz Sigismund barun Hilleprand von Prandau 1809. godine na majuru u neposrednoj blizini dvorca u Valpovu. Bogatstvo prirode, ome\u0111eno podru\u010dje, potencijal ljudi, vlastelinska i podani\u010dka prava, ure\u0111eni odnosi i miran su\u017eivot, \u010dine vlastelinstvo mjestom rasta ekonomskih dobara i razvoja dru\u0161tva kroz povijest. Vlastelini su svojim ro\u0111enjem te gra\u0111enjem odnosa, od obitelji, preko odnosa s drugim pripadnicima stale\u017ea, sve do statusa kod vladarske ku\u0107e, stvarali uvjete za svoj trenutni i budu\u0107i polo\u017eaj u dru\u0161tvu, \u010desto u slu\u017ebi carstva i zajednice u kojoj su \u017eivjeli, u svjetovnim i crkvenim krugovima, u Valpovu i u Valpov\u0161tini, u Osijeku i u Slavoniji, u Zagrebu i drugdje u Hrvatskoj, u Be\u010du i \u0161irom monarhije.<\/p>\n<p>&nbsp;<\/p>\n<p>&nbsp;<\/p>\n<p>Muzej Valpov\u0161tine smje\u0161ten je u nekada\u0161njem obiteljskom obitavali\u0161tu valpova\u010dkih vlastelina, baroknom dvorcu Prandau-Normann, u sredi\u0161tu Valpova. Obitelj baruna Hilleprandu von Prandau i grofova Norman Ehrenfel\u0161ki bila je u posjedu dvorca \u2013 utvrde od 1721. godine do 1945. godine. Tijekom ta dva i pol stolje\u0107a vlastelinstvo je dalo obilje\u017eje cjelokupnom kulturnom \u017eivotu Valpova, ali i Slavonije i Baranje. Muzej je danas u posjedu vrijedne zbirke iz ostav\u0161tine plemi\u0107kih obitelji. Kako je Muzej Valpov\u0161tine smje\u0161ten u domu obitelji, ostav\u0161tina je prezentirana u autenti\u010dnom ambijentu. Iz predmeta koji su bili inventar dvorca i\u0161\u010ditavamo preferencije i \u017eivotni stil obitelji koja je njima bila okru\u017eena u svojoj svakodnevici. Predmeti nam danas govore o imu\u0107nosti i rafiniranom ukusu \u010dlanova obitelji, ali i o organiziranosti doma\u0107instva.<\/p>\n<p>&nbsp;<\/p>\n<p>&nbsp;<\/p>\n<p>Na izlo\u017ebi \u0107e biti prezentirana zbirka porculana, zbirka stakla, zbirka srebra te primjerci namje\u0161taja. U fundusu muzeja u Valpovu su i likovna djela : minijature na bjelokosti. ulja na platnu, akvareli, bakropisi, bakrorezi i litografije poznatih autora. Prezentiramo i vrijednu zbirku starih fotografija iz obiteljske ostav\u0161tine. Autori fotografija su svjetski poznati fotografi sa samih po\u010detaka fotografije.<\/p>\n<p>&nbsp;<\/p>\n<p>Op\u0161irnije:<\/p>\n<p>&nbsp;<\/p>\n<p><a href=\"http:\/\/www.mlu.hr\/\">http:\/\/www.mlu.hr\/<\/a><\/p>\n<p>&nbsp;<\/p>\n<p>&nbsp;<\/p>\n<p>Izvor:<\/p>\n<p>&nbsp;<\/p>\n<p><a href=\"http:\/\/www.culturenet.hr\/\">http:\/\/www.culturenet.hr\/<\/a><\/p>\n<p>&nbsp;<\/p>\n<p>&nbsp;<\/p>\n<p>&nbsp;<\/p>\n<p>&nbsp;<\/p>\n","protected":false},"excerpt":{"rendered":"","protected":false},"author":2,"featured_media":8826,"comment_status":"open","ping_status":"open","sticky":false,"template":"","format":"standard","meta":{"_acf_changed":false,"jetpack_post_was_ever_published":false,"_jetpack_newsletter_access":"","_jetpack_dont_email_post_to_subs":false,"_jetpack_newsletter_tier_id":0,"_jetpack_memberships_contains_paywalled_content":false,"_jetpack_memberships_contains_paid_content":false,"footnotes":"","jetpack_publicize_message":"","jetpack_publicize_feature_enabled":true,"jetpack_social_post_already_shared":true,"jetpack_social_options":{"image_generator_settings":{"template":"highway","default_image_id":0,"font":"","enabled":false},"version":2}},"categories":[10,3],"tags":[],"class_list":["post-8825","post","type-post","status-publish","format-standard","has-post-thumbnail","hentry","category-izlozbe","category-novosti"],"acf":{"facebook_opis":""},"jetpack_publicize_connections":[],"jetpack_featured_media_url":"https:\/\/i0.wp.com\/historiografija.hr\/wp-content\/uploads\/2018\/03\/valpovacki-vlastelini.jpg?fit=580%2C215&ssl=1","jetpack_sharing_enabled":true,"jetpack-related-posts":[{"id":52633,"url":"https:\/\/historiografija.hr\/?p=52633","url_meta":{"origin":8825,"position":0},"title":"POVIJEST TRE\u0160NJEVA\u010cKE GLAZBE: prikupljanje virtualnog fundusa Muzeja susjedstva Tre\u0161njevka","author":"Branimir Jankovi\u0107","date":"23. travnja 2026.","format":false,"excerpt":"utorak 28. 4. 2026. 14 - 18 h Nova BAZA, Nova cesta 66, Zagreb Prvi su dani ljeta 1957. godine. Bo\u017eica Kalafati\u0107 poha\u0111a drugi razred Osnovne \u0161kole Bratstvo i jedinstvo, danas kralja Tomislava, a ide i na muzi\u010dke satove u Mo\u0161\u0107eni\u010dkoj ulici. Na fotografiji s harmonikom u rukama stoji u\u2026","rel":"","context":"U &quot;Novosti&quot;","block_context":{"text":"Novosti","link":"https:\/\/historiografija.hr\/?cat=3"},"img":{"alt_text":"","src":"https:\/\/i0.wp.com\/historiografija.hr\/wp-content\/uploads\/2026\/04\/MST_prikupljanje.jpg?fit=380%2C475&ssl=1&resize=350%2C200","width":350,"height":200},"classes":[]},{"id":52508,"url":"https:\/\/historiografija.hr\/?p=52508","url_meta":{"origin":8825,"position":1},"title":"Glazbena radionica \u201eDUGMETARA REVISITED\u201c","author":"Branimir Jankovi\u0107","date":"17. travnja 2026.","format":false,"excerpt":"DUGMETARA REVISITED glazbena radionica vodi: Ana Horvat 13., 20. i 27. travnja, od 18 do 20 sati Radiona, Nova cesta 186 Na tri radioni\u010dka susreta uranjamo u naslje\u0111e Dugmetare, biv\u0161e tvornice dugmadi na Savskoj cesti koja je po\u010detkom 2000-ih igrom slu\u010daja postala \u017eivo, jedinstveno mjesto glazbene proizvodnje. Svoje su probe\u2026","rel":"","context":"U &quot;Novosti&quot;","block_context":{"text":"Novosti","link":"https:\/\/historiografija.hr\/?cat=3"},"img":{"alt_text":"","src":"https:\/\/i0.wp.com\/historiografija.hr\/wp-content\/uploads\/2026\/04\/TRESNJA_TRESTI.jpg?fit=380%2C475&ssl=1&resize=350%2C200","width":350,"height":200},"classes":[]},{"id":52563,"url":"https:\/\/historiografija.hr\/?p=52563","url_meta":{"origin":8825,"position":2},"title":"Predavanje Nenada Fabijani\u0107a o stadionu Poljud u Splitu","author":"Branimir Jankovi\u0107","date":"21. travnja 2026.","format":false,"excerpt":"Znanstveno vije\u0107e za arhitekturu, urbanizam i ure\u0111enje prostora Hrvatske akademije znanosti i umjetnosti organizira predavanje \u201cPo Poljudu\u201d koje \u0107e u srijedu 22. travnja 2026. s po\u010detkom u 14 sati u Knji\u017enici HAZU, Strossmayerov trg 14 u Zagrebu, odr\u017eati\u00a0prof. emerit. dr. art. Nenad Fabijani\u0107,\u00a0\u010dlan suradnik HAZU. Predavanje \u201ePo Poljudu\u201c (Projekt obnove)\u2026","rel":"","context":"U &quot;Novosti&quot;","block_context":{"text":"Novosti","link":"https:\/\/historiografija.hr\/?cat=3"},"img":{"alt_text":"","src":"https:\/\/i0.wp.com\/historiografija.hr\/wp-content\/uploads\/2026\/04\/Poljud-scaled.jpeg?fit=1200%2C800&ssl=1&resize=350%2C200","width":350,"height":200,"srcset":"https:\/\/i0.wp.com\/historiografija.hr\/wp-content\/uploads\/2026\/04\/Poljud-scaled.jpeg?fit=1200%2C800&ssl=1&resize=350%2C200 1x, https:\/\/i0.wp.com\/historiografija.hr\/wp-content\/uploads\/2026\/04\/Poljud-scaled.jpeg?fit=1200%2C800&ssl=1&resize=525%2C300 1.5x, https:\/\/i0.wp.com\/historiografija.hr\/wp-content\/uploads\/2026\/04\/Poljud-scaled.jpeg?fit=1200%2C800&ssl=1&resize=700%2C400 2x, https:\/\/i0.wp.com\/historiografija.hr\/wp-content\/uploads\/2026\/04\/Poljud-scaled.jpeg?fit=1200%2C800&ssl=1&resize=1050%2C600 3x"},"classes":[]},{"id":52578,"url":"https:\/\/historiografija.hr\/?p=52578","url_meta":{"origin":8825,"position":3},"title":"Poziv za sudjelovanje: XXII. Dani Julija Bene\u0161i\u0107a u Iloku","author":"Branimir Jankovi\u0107","date":"21. travnja 2026.","format":false,"excerpt":"Zavod za lingvisti\u010dka istra\u017eivanja Hrvatske akademije znanosti i umjetnosti, zajedno s Muzejom grada Iloka, organizira XXII. Dane Julija Bene\u0161i\u0107a, koji \u0107e se odr\u017eati od 28. do 30. listopada 2026. u Iloku.\u00a0Teme ovogodi\u0161njih Dana podijeljene su u dvije cjeline: Knji\u017eevno-jezikoslovni d\u00ecv\u0101n s Bene\u0161i\u0107em te Ilok i Srijem u povijesnim stalnicama i\u2026","rel":"","context":"U &quot;Novosti&quot;","block_context":{"text":"Novosti","link":"https:\/\/historiografija.hr\/?cat=3"},"img":{"alt_text":"","src":"https:\/\/i0.wp.com\/historiografija.hr\/wp-content\/uploads\/2019\/10\/HE2_Benesic.jpg?fit=413%2C591&ssl=1&resize=350%2C200","width":350,"height":200},"classes":[]},{"id":52654,"url":"https:\/\/historiografija.hr\/?p=52654","url_meta":{"origin":8825,"position":4},"title":"Gostuju\u0107e predavanje &#8211; Danijel D\u017eino \u201eKasnoanti\u010dke i ranosrednjovjekovne gra\u0111evine u Brezi: Spomenici nepotpune biografije\u201c","author":"Branimir Jankovi\u0107","date":"24. travnja 2026.","format":false,"excerpt":"Doktorski studij predmoderne povijesti poziva na predavanje \"Kasnoanti\u010dke i ranosrednjovjekovne gra\u0111evine u Brezi: Spomenici nepotpune biografije\u201d koje \u0107e odr\u017eati profesor Danijel D\u017eino sa Sveu\u010dili\u0161ta Macquarie u Sydneyu u\u00a0utorak 28. travnja 2026. u 17h u Konferencijskoj dvorani Knji\u017enice Filozofskog fakulteta u Zagrebu. Predavanje \u0107e predo\u010diti nova saznanja dobivena kroz arhivsko-dokumentarna istra\u017eivanja\u2026","rel":"","context":"U &quot;Novosti&quot;","block_context":{"text":"Novosti","link":"https:\/\/historiografija.hr\/?cat=3"},"img":{"alt_text":"","src":"https:\/\/i0.wp.com\/historiografija.hr\/wp-content\/uploads\/2026\/04\/Dzino.jpg?fit=980%2C819&ssl=1&resize=350%2C200","width":350,"height":200,"srcset":"https:\/\/i0.wp.com\/historiografija.hr\/wp-content\/uploads\/2026\/04\/Dzino.jpg?fit=980%2C819&ssl=1&resize=350%2C200 1x, https:\/\/i0.wp.com\/historiografija.hr\/wp-content\/uploads\/2026\/04\/Dzino.jpg?fit=980%2C819&ssl=1&resize=525%2C300 1.5x, https:\/\/i0.wp.com\/historiografija.hr\/wp-content\/uploads\/2026\/04\/Dzino.jpg?fit=980%2C819&ssl=1&resize=700%2C400 2x"},"classes":[]},{"id":52502,"url":"https:\/\/historiografija.hr\/?p=52502","url_meta":{"origin":8825,"position":5},"title":"Novi znanstveni projekt Hrvatskog instituta za povijest: \u201c\u017drtve ratova i dr\u017eavnog\/politi\u010dkog nasilja u hrvatskoj povijesti 20. stolje\u0107a\u201d","author":"Branimir Jankovi\u0107","date":"17. travnja 2026.","format":false,"excerpt":"Na redovitoj sjednici Vlade RH, 16. travnja 2026., donijet je Zaklju\u010dak kojim se pokre\u0107e znanstveni projekt \u201c\u017drtve ratova i dr\u017eavnog\/politi\u010dkog nasilja u hrvatskoj povijesti 20. stolje\u0107a\u201d. Projekt \u0107e provoditi i koordinirati Hrvatski institut za povijest u razdoblju trajanja projekta od pet godina. Zakljucak Vlade RH Iz teksta projektnog prijedloga: Problematika\u2026","rel":"","context":"U &quot;Novosti&quot;","block_context":{"text":"Novosti","link":"https:\/\/historiografija.hr\/?cat=3"},"img":{"alt_text":"","src":"https:\/\/i0.wp.com\/historiografija.hr\/wp-content\/uploads\/2026\/04\/Vlada-RH.jpg?fit=1200%2C557&ssl=1&resize=350%2C200","width":350,"height":200,"srcset":"https:\/\/i0.wp.com\/historiografija.hr\/wp-content\/uploads\/2026\/04\/Vlada-RH.jpg?fit=1200%2C557&ssl=1&resize=350%2C200 1x, https:\/\/i0.wp.com\/historiografija.hr\/wp-content\/uploads\/2026\/04\/Vlada-RH.jpg?fit=1200%2C557&ssl=1&resize=525%2C300 1.5x, https:\/\/i0.wp.com\/historiografija.hr\/wp-content\/uploads\/2026\/04\/Vlada-RH.jpg?fit=1200%2C557&ssl=1&resize=700%2C400 2x, https:\/\/i0.wp.com\/historiografija.hr\/wp-content\/uploads\/2026\/04\/Vlada-RH.jpg?fit=1200%2C557&ssl=1&resize=1050%2C600 3x"},"classes":[]}],"_links":{"self":[{"href":"https:\/\/historiografija.hr\/index.php?rest_route=\/wp\/v2\/posts\/8825","targetHints":{"allow":["GET"]}}],"collection":[{"href":"https:\/\/historiografija.hr\/index.php?rest_route=\/wp\/v2\/posts"}],"about":[{"href":"https:\/\/historiografija.hr\/index.php?rest_route=\/wp\/v2\/types\/post"}],"author":[{"embeddable":true,"href":"https:\/\/historiografija.hr\/index.php?rest_route=\/wp\/v2\/users\/2"}],"replies":[{"embeddable":true,"href":"https:\/\/historiografija.hr\/index.php?rest_route=%2Fwp%2Fv2%2Fcomments&post=8825"}],"version-history":[{"count":3,"href":"https:\/\/historiografija.hr\/index.php?rest_route=\/wp\/v2\/posts\/8825\/revisions"}],"predecessor-version":[{"id":8829,"href":"https:\/\/historiografija.hr\/index.php?rest_route=\/wp\/v2\/posts\/8825\/revisions\/8829"}],"wp:featuredmedia":[{"embeddable":true,"href":"https:\/\/historiografija.hr\/index.php?rest_route=\/wp\/v2\/media\/8826"}],"wp:attachment":[{"href":"https:\/\/historiografija.hr\/index.php?rest_route=%2Fwp%2Fv2%2Fmedia&parent=8825"}],"wp:term":[{"taxonomy":"category","embeddable":true,"href":"https:\/\/historiografija.hr\/index.php?rest_route=%2Fwp%2Fv2%2Fcategories&post=8825"},{"taxonomy":"post_tag","embeddable":true,"href":"https:\/\/historiografija.hr\/index.php?rest_route=%2Fwp%2Fv2%2Ftags&post=8825"}],"curies":[{"name":"wp","href":"https:\/\/api.w.org\/{rel}","templated":true}]}}