{"id":8788,"date":"2018-03-13T10:06:40","date_gmt":"2018-03-13T10:06:40","guid":{"rendered":"http:\/\/historiografija.hr\/?p=8788"},"modified":"2018-03-13T10:10:10","modified_gmt":"2018-03-13T10:10:10","slug":"montenegrin-journal-for-social-sciences-mjss","status":"publish","type":"post","link":"https:\/\/historiografija.hr\/?p=8788","title":{"rendered":"Montenegrin Journal for Social Sciences (MJSS)"},"content":{"rendered":"<p>Upu\u0107ujemo sve zainteresirane na znanstveni \u010dasopis &#8220;Montenegrin Journal for Social Sciences&#8221; (MJSS) koji objavljuje radove iz dru\u0161tvenih i humanisti\u010dkih znanosti. Dosad su objavljeni brojevi 1 i 2 za 2017. godinu, a upu\u0107eni su pozivi za slanje radova za prvi i drugi broj \u010dasopisa u 2018. godini.<\/p>\n<p>&nbsp;<\/p>\n<p>&nbsp;<\/p>\n<p>&#8212;<\/p>\n<p>&nbsp;<\/p>\n<p>&nbsp;<\/p>\n<p><strong>Montenegrin Journal for Social Sciences<\/strong> (MJSS) is a scientific journal which publishes results of research in the field of social sciences and humanities. MJSS encourages historical research and comparative approaches of international relations, political economy and geo-political\/geo-strategic views on the Montenegro and Southeastern Europe. Additionally MJSS constructs an academic forum to bring together disparate scholarly perspectives and publishes research on the fields of history, geopolitics, political science, sociology, law, economics, demographics and other multidisciplinary areas. Journal will be providing scientific support to all social and humanistic research in the area of Montenegro and Southeastern Europe, including comparative analyses and theoretical issues with implications for other world areas.<\/p>\n<p>&nbsp;<\/p>\n<p>The journal publishes the following categories article: original scientific paper, review, presentation at the scientific conference. Besides the the mentioned categories, the journal publishes reviews on books, notes and reviews of particular events and phenomena. The Editorial board accepts manuscripts that are written in English or Montenegrin which have not been previously published. Montenegrin Journal for Social Sciences supports an open access, which means that all of its contents are freely available without charging users or their institutions. Users are allowed to read, upload, copy, distribute, print out, search, and share links to the full text of the articles or use them in any other legal way without requesting explicit permission from the author or publisher.<\/p>\n<p>&nbsp;<\/p>\n<p>Montenegrin Journal for Social Sciences (COBISS.CG-ID 32743952), issued twice a year in print (ISSN 2536-5592) and the online edition (ISSN 2536-5606).<\/p>\n<p>&nbsp;<\/p>\n<p>Publisher of the magazine:<\/p>\n<p>&nbsp;<\/p>\n<p><strong>Center for Geopolitical Studies<\/strong><\/p>\n<p>&nbsp;<\/p>\n<p>The Center for Geopolitical Studies is a scientific and research institution established in late 2014 within Faculty of Philosophy, University of Montenegro. The aim of the Center is the study of geopolitical and historical phenomenon of Montenegro but also expanding area of Southeastern Europe. Planned activities of The Center for Geopolitical Studies implemented through the organization of scientific research projects, its proper presentation, discussions and public lectures. The Center functions as a teaching and research institution and from 2017 within the Center has been organized and publishing activity. The Center for Geopolitics has appeared as a publisher of international scientific journal Montenegrin Journal for Social Science. Director of the Center for Geopolitical Studies is a full professor in the Department of History Prof. Dr Zivko Andrijasevic.<\/p>\n<p>&nbsp;<\/p>\n<p>&nbsp;<\/p>\n<p><a href=\"http:\/\/www.mjss.ac.me\/index.php\/en\/\">http:\/\/www.mjss.ac.me\/index.php\/en\/<\/a><\/p>\n<p>&nbsp;<\/p>\n<p>&#8212;<\/p>\n<p>&nbsp;<\/p>\n<p><strong>Montenegrin Journal for Social Sciences<\/strong> (MJSS) je nau\u010dni \u010dasopis koji objavljuje rezultate istra\u017eivanja iz oblasti dru\u0161tvenih i humanisti\u010dkih nauka. MJSS kroz svoje aktivnost ohrabriva\u0107e istorijska istra\u017eivanja i komparativan pristup prou\u010davanju me\u0111unarodnih odnosa, politi\u010dke ekonomije, geopoliti\u010dkih i geostrate\u0161kih pogleda na Crnu Goru i Jugoisto\u010dnu Evropu. Osim toga MJSS \u0107e biti akademski forum za okupljanje razli\u010ditih nau\u010dnih pogleda i mjesto za objavljivanje istra\u017eivanja iz oblasti Istorije, Geopolitike, Politi\u010dkih nauka, Sociologije, Prava, Ekonomije, Demografije i drugih multidisciplinarnih podru\u010dja. \u010casopis \u0107e biti nau\u010dna podr\u0161ka svim dru\u0161tvenim i humanisti\u010dkim istra\u017eivanjima na prostoru Crne Gore i Jugoisto\u010dne Evrope, uklju\u010duju\u0107i i komparativne analize i teorijska pitanja sa implikacijama na ostala svjetska podru\u010dja.<\/p>\n<p>\u010casopis objavljuje slede\u0107e kategorije \u010dlanaka: izvorni nau\u010dni \u010dlanak, pregledni rad, izlaganje sa nau\u010dnog skupa. Osim navedenih kategorija, \u010dasopis objavljuje recenzije i prikaze knjiga, bilje\u0161ke i osvrte na odre\u0111ene doga\u0111aje i pojave. Uredni\u0161tvo prihvata rukopise koji su napisani na engleskom ili crnogorskom jeziku koji nisu prethodno objavljivani. Montenegrin Journal for Social Science podr\u017eava politiku otvorenosti, \u0161to zna\u010di da su svi sadr\u017eaji \u010dasopisa slobodni i dostupni bez naplate korisnicima ili njihovim institucijama. Korisnicima je omogu\u0107eno da \u010ditaju, kopiraju, distribuiraju ili pretra\u017euju dijelove ili puni tekst \u010dlanaka i da ih koriste na bilo koji drugi zakonit na\u010din bez tra\u017eenja eksplicitne dozvole autora ili izdava\u010da. Montenegrin Journal for Social Sciences (COBISS.CG-ID 32743952), izlazi dva puta godi\u0161nje u \u0161tampanom (ISSN 2536-5592) i elektronskom izdanju (ISSN 2536-5606).<\/p>\n<p>&nbsp;<\/p>\n<p>Izdava\u010d \u010dasopisa:<\/p>\n<p>&nbsp;<\/p>\n<p><strong>CENTAR ZA GEOPOLITIKU<\/strong><\/p>\n<p>&nbsp;<\/p>\n<p>Centar za Geopolitiku je nau\u010dno-istra\u017eiva\u010dka ustanova osnovana krajem 2014. godine u okviru Filozofskog fakulteta, Univerziteta Crne Gore. Cilj Centra je izu\u010davanje geopoliti\u010dkih i istorijskih fenomena Crne Gore ali i \u0161ireg prostora Jugoisto\u010dne Evrope. Planirane aktivnosti Centar za Geopolitiku sprovodi kroz organizovanje nau\u010dno-istra\u017eiva\u010dkih projekata, njihovu prezentaciju, diskusije i javna predavanja. Centar funkcioni\u0161e kao nastavna i nau\u010dno-istra\u017eiva\u010dka institucija a od 2017. godine u okviru Centra organizovana je i izdava\u010dka djelatnost. Centar za Geopolitiku pojavio se kao izdava\u010d me\u0111unarodnog nau\u010dnog \u010dasopisa Montenegrin Journal for Social Science. Direktor Centra za Geopolitiku je redovni profesor na katedri za Istoriju Prof. Dr \u017divko Andrija\u0161evi\u0107.<\/p>\n<p>&nbsp;<\/p>\n<p>&nbsp;<\/p>\n<p><a href=\"http:\/\/www.mjss.ac.me\/index.php\/srp\/\">http:\/\/www.mjss.ac.me\/index.php\/srp\/<\/a><\/p>\n<p>&nbsp;<\/p>\n<p>&nbsp;<\/p>\n","protected":false},"excerpt":{"rendered":"","protected":false},"author":2,"featured_media":8791,"comment_status":"open","ping_status":"open","sticky":false,"template":"","format":"standard","meta":{"_acf_changed":false,"jetpack_post_was_ever_published":false,"_jetpack_newsletter_access":"","_jetpack_dont_email_post_to_subs":false,"_jetpack_newsletter_tier_id":0,"_jetpack_memberships_contains_paywalled_content":false,"_jetpack_memberships_contains_paid_content":false,"footnotes":"","jetpack_publicize_message":"","jetpack_publicize_feature_enabled":true,"jetpack_social_post_already_shared":true,"jetpack_social_options":{"image_generator_settings":{"template":"highway","default_image_id":0,"font":"","enabled":false},"version":2}},"categories":[3],"tags":[],"class_list":["post-8788","post","type-post","status-publish","format-standard","has-post-thumbnail","hentry","category-novosti"],"acf":{"facebook_opis":""},"jetpack_publicize_connections":[],"jetpack_featured_media_url":"https:\/\/i0.wp.com\/historiografija.hr\/wp-content\/uploads\/2018\/03\/picture_2017_36841.jpg?fit=426%2C253&ssl=1","jetpack_sharing_enabled":true,"jetpack-related-posts":[{"id":52664,"url":"https:\/\/historiografija.hr\/?p=52664","url_meta":{"origin":8788,"position":0},"title":"CfP: CONFERENCE OF THE HISTORY OF CONCEPTS GROUP, HELSINKI, 19TH\u201321ST AUGUST 2026 (DEADLINE: 30TH APRIL 2026)","author":"Branimir Jankovi\u0107","date":"24. travnja 2026.","format":false,"excerpt":"The annual conference of the History of Concepts Group is held at the University of Helsinki, 19-21 August 2026. Conference of the History of Concepts Group Conceptual history studies the use of concepts and tries to understand how historical actors have linguistically articulated views of the world. Studying concepts from\u2026","rel":"","context":"U &quot;Novosti&quot;","block_context":{"text":"Novosti","link":"https:\/\/historiografija.hr\/?cat=3"},"img":{"alt_text":"","src":"https:\/\/i0.wp.com\/historiografija.hr\/wp-content\/uploads\/2017\/10\/hsozkult.png?fit=1006%2C241&ssl=1&resize=350%2C200","width":350,"height":200,"srcset":"https:\/\/i0.wp.com\/historiografija.hr\/wp-content\/uploads\/2017\/10\/hsozkult.png?fit=1006%2C241&ssl=1&resize=350%2C200 1x, https:\/\/i0.wp.com\/historiografija.hr\/wp-content\/uploads\/2017\/10\/hsozkult.png?fit=1006%2C241&ssl=1&resize=525%2C300 1.5x, https:\/\/i0.wp.com\/historiografija.hr\/wp-content\/uploads\/2017\/10\/hsozkult.png?fit=1006%2C241&ssl=1&resize=700%2C400 2x"},"classes":[]},{"id":52641,"url":"https:\/\/historiografija.hr\/?p=52641","url_meta":{"origin":8788,"position":1},"title":"CfP: WHO OWNS THE PAST? VERNACULAR MEMORY, STATE MEMORY, AND THE POLITICS OF OWNERSHIP","author":"Branimir Jankovi\u0107","date":"24. travnja 2026.","format":false,"excerpt":"VIENNA, 31ST AUGUST\u20133RD SEPTEMBER 2026 (DEADLINE: 24TH APRIL 2026) The Center for Austrian Studies at the European Forum at the Hebrew University and the Austrian Academy of Sciences\/Institute of Culture Studies invite early postdocs, PhD candidates, and advanced Master\u2019s students from the Hebrew University of Jerusalem and universities and academic\u2026","rel":"","context":"U &quot;Novosti&quot;","block_context":{"text":"Novosti","link":"https:\/\/historiografija.hr\/?cat=3"},"img":{"alt_text":"","src":"https:\/\/i0.wp.com\/historiografija.hr\/wp-content\/uploads\/2017\/10\/hsozkult.png?fit=1006%2C241&ssl=1&resize=350%2C200","width":350,"height":200,"srcset":"https:\/\/i0.wp.com\/historiografija.hr\/wp-content\/uploads\/2017\/10\/hsozkult.png?fit=1006%2C241&ssl=1&resize=350%2C200 1x, https:\/\/i0.wp.com\/historiografija.hr\/wp-content\/uploads\/2017\/10\/hsozkult.png?fit=1006%2C241&ssl=1&resize=525%2C300 1.5x, https:\/\/i0.wp.com\/historiografija.hr\/wp-content\/uploads\/2017\/10\/hsozkult.png?fit=1006%2C241&ssl=1&resize=700%2C400 2x"},"classes":[]},{"id":52586,"url":"https:\/\/historiografija.hr\/?p=52586","url_meta":{"origin":8788,"position":2},"title":"Aur\u00e9lie Daher, \u201eHezbollah: Mobilisation and Power\u201c","author":"Branimir Jankovi\u0107","date":"22. travnja 2026.","format":false,"excerpt":"Morning Star \u2018Book of the Year\u2019 Social movement, liberation party or terrorist group? With Hezbollah\u2019s growing involvement in the war in Syria, this study of its impact on Lebanon, drawing heavily on first-hand interviews, could not be more timely. Description Almost forty years after its foundation, Hezbollah remains an enigma.\u2026","rel":"","context":"U &quot;Knjige&quot;","block_context":{"text":"Knjige","link":"https:\/\/historiografija.hr\/?cat=8"},"img":{"alt_text":"","src":"https:\/\/i0.wp.com\/historiografija.hr\/wp-content\/uploads\/2026\/04\/Daher-Hezbollah.jpg?fit=600%2C931&ssl=1&resize=350%2C200","width":350,"height":200,"srcset":"https:\/\/i0.wp.com\/historiografija.hr\/wp-content\/uploads\/2026\/04\/Daher-Hezbollah.jpg?fit=600%2C931&ssl=1&resize=350%2C200 1x, https:\/\/i0.wp.com\/historiografija.hr\/wp-content\/uploads\/2026\/04\/Daher-Hezbollah.jpg?fit=600%2C931&ssl=1&resize=525%2C300 1.5x"},"classes":[]},{"id":52688,"url":"https:\/\/historiografija.hr\/?p=52688","url_meta":{"origin":8788,"position":3},"title":"Eleonora Naxidou and Yura Konstantinova \u201eBalkan Perspectives of Europe: Between East and West\u201c","author":"Filip \u0160imunjak","date":"28. travnja 2026.","format":false,"excerpt":"Through the lens of the Balkan nations, this volume makes a valuable and significant contribution to the fields of European and Southeast European studies by reconsidering the East\/West dichotomy \u2013 both in terms of the Orient\u2013Occident divide and the Eastern\u2013Western Europe binary. Balkan Perspectives of Europe focuses on concepts of\u2026","rel":"","context":"U &quot;Knjige&quot;","block_context":{"text":"Knjige","link":"https:\/\/historiografija.hr\/?cat=8"},"img":{"alt_text":"","src":"https:\/\/i0.wp.com\/historiografija.hr\/wp-content\/uploads\/2026\/04\/Balkan-Perspectives-of-Europe-Between-East-and-West.jpg?fit=350%2C525&ssl=1&resize=350%2C200","width":350,"height":200},"classes":[]},{"id":52516,"url":"https:\/\/historiografija.hr\/?p=52516","url_meta":{"origin":8788,"position":4},"title":"Marko Grde\u0161i\u0107, Mislav \u017ditko, \u201eSocialist Economics in Yugoslavia: A Critical History\u201c","author":"Branimir Jankovi\u0107","date":"17. travnja 2026.","format":false,"excerpt":"This book presents a critical history of Yugoslav socialist economics, from its inception in the late 1940s to its dissolution in the late 1980s. After the dramatic break with the Soviet Union in 1948, Yugoslavia found itself in urgent need of a third way: A socialist trajectory which would not\u2026","rel":"","context":"U &quot;Knjige&quot;","block_context":{"text":"Knjige","link":"https:\/\/historiografija.hr\/?cat=8"},"img":{"alt_text":"","src":"https:\/\/i0.wp.com\/historiografija.hr\/wp-content\/uploads\/2026\/04\/Zitko_Grdesic.jpg?fit=350%2C535&ssl=1&resize=350%2C200","width":350,"height":200},"classes":[]},{"id":52559,"url":"https:\/\/historiografija.hr\/?p=52559","url_meta":{"origin":8788,"position":5},"title":"Dobitnici dr\u017eavne nagrade za znanost za 2024. godinu","author":"Branimir Jankovi\u0107","date":"20. travnja 2026.","format":false,"excerpt":"Na sjednici Odbora za podjelu dr\u017eavnih nagrada za znanost odr\u017eanoj 16. travnja 2026. godine donesena je Odluka o dodjeli dr\u017eavnih nagrada za znanost za 2024. godinu. Godi\u0161njom nagradom za popularizaciju i promid\u017ebu znanosti nagra\u0111eni su u podru\u010dju humanisti\u010dkih znanosti znanstveni suradnici dr. sc. Josip Mihaljevi\u0107 i dr. sc. Gordan Ravan\u010di\u0107,\u2026","rel":"","context":"U &quot;Novosti&quot;","block_context":{"text":"Novosti","link":"https:\/\/historiografija.hr\/?cat=3"},"img":{"alt_text":"","src":"https:\/\/i0.wp.com\/historiografija.hr\/wp-content\/uploads\/2021\/12\/povijesne-kontroverze.jpg?fit=1200%2C675&ssl=1&resize=350%2C200","width":350,"height":200,"srcset":"https:\/\/i0.wp.com\/historiografija.hr\/wp-content\/uploads\/2021\/12\/povijesne-kontroverze.jpg?fit=1200%2C675&ssl=1&resize=350%2C200 1x, https:\/\/i0.wp.com\/historiografija.hr\/wp-content\/uploads\/2021\/12\/povijesne-kontroverze.jpg?fit=1200%2C675&ssl=1&resize=525%2C300 1.5x, https:\/\/i0.wp.com\/historiografija.hr\/wp-content\/uploads\/2021\/12\/povijesne-kontroverze.jpg?fit=1200%2C675&ssl=1&resize=700%2C400 2x, https:\/\/i0.wp.com\/historiografija.hr\/wp-content\/uploads\/2021\/12\/povijesne-kontroverze.jpg?fit=1200%2C675&ssl=1&resize=1050%2C600 3x"},"classes":[]}],"_links":{"self":[{"href":"https:\/\/historiografija.hr\/index.php?rest_route=\/wp\/v2\/posts\/8788","targetHints":{"allow":["GET"]}}],"collection":[{"href":"https:\/\/historiografija.hr\/index.php?rest_route=\/wp\/v2\/posts"}],"about":[{"href":"https:\/\/historiografija.hr\/index.php?rest_route=\/wp\/v2\/types\/post"}],"author":[{"embeddable":true,"href":"https:\/\/historiografija.hr\/index.php?rest_route=\/wp\/v2\/users\/2"}],"replies":[{"embeddable":true,"href":"https:\/\/historiografija.hr\/index.php?rest_route=%2Fwp%2Fv2%2Fcomments&post=8788"}],"version-history":[{"count":1,"href":"https:\/\/historiografija.hr\/index.php?rest_route=\/wp\/v2\/posts\/8788\/revisions"}],"predecessor-version":[{"id":8790,"href":"https:\/\/historiografija.hr\/index.php?rest_route=\/wp\/v2\/posts\/8788\/revisions\/8790"}],"wp:featuredmedia":[{"embeddable":true,"href":"https:\/\/historiografija.hr\/index.php?rest_route=\/wp\/v2\/media\/8791"}],"wp:attachment":[{"href":"https:\/\/historiografija.hr\/index.php?rest_route=%2Fwp%2Fv2%2Fmedia&parent=8788"}],"wp:term":[{"taxonomy":"category","embeddable":true,"href":"https:\/\/historiografija.hr\/index.php?rest_route=%2Fwp%2Fv2%2Fcategories&post=8788"},{"taxonomy":"post_tag","embeddable":true,"href":"https:\/\/historiografija.hr\/index.php?rest_route=%2Fwp%2Fv2%2Ftags&post=8788"}],"curies":[{"name":"wp","href":"https:\/\/api.w.org\/{rel}","templated":true}]}}