{"id":8745,"date":"2018-03-09T17:41:26","date_gmt":"2018-03-09T17:41:26","guid":{"rendered":"http:\/\/historiografija.hr\/?p=8745"},"modified":"2020-12-21T21:22:54","modified_gmt":"2020-12-21T21:22:54","slug":"umro-povjesnicar-helmut-rumpler","status":"publish","type":"post","link":"https:\/\/historiografija.hr\/?p=8745","title":{"rendered":"Umro povjesni\u010dar Helmut Rumpler"},"content":{"rendered":"<p>U velja\u010di je umro istaknuti austrijski povjesni\u010dar Helmut Rumpler (1935-2018), jedan od urednika poznate edicije o Habsbur\u0161koj Monarhiji \u201eDie Habsburgermonarchie 1848-1918\u201c u kojoj su sura\u0111ivali&nbsp;i hrvatski povjesni\u010dari i suradnik u knjizi \u201cDalmacija 1870-ih u svjetlu be\u010dke politike i &#8220;isto\u010dnoga pitanja&#8221;\u201d (Zadar 2007).<\/p>\n<p>&nbsp;<\/p>\n<p>&#8212;<\/p>\n<p>&nbsp;<\/p>\n<p><strong>\u00d6AW trauert um Helmut Rumpler<\/strong><\/p>\n<p>&nbsp;<\/p>\n<p>&nbsp;<\/p>\n<p>Mit dem wirklichen \u00d6AW-Mitglied verstarb am 10. Februar 2018 einer der f\u00fchrenden Historiker \u00d6sterreichs.<\/p>\n<p>&nbsp;<\/p>\n<p>Die \u00d6sterreichische Akademie der Wissenschaften trauert um Helmut Rumpler. Als wirkliches Mitglied und langj\u00e4hriger Obmann der Kommission f\u00fcr die Geschichte der Habsburgermonarchie der \u00d6AW trug der bedeutende Historiker mit vielf\u00e4ltigen wissenschaftlichen Arbeiten und Publikationen ma\u00dfgeblich dazu bei, dass die an der Akademie betriebene Geschichtsforschung zum langen 19. Jahrhundert und zu Mitteleuropa einen hohen internationalen Ruf erlangen konnte. Nun ist Rumpler am 10. Februar im Alter von 82 Jahren verstorben.<\/p>\n<p>&nbsp;<\/p>\n<p>&nbsp;<\/p>\n<p><a href=\"https:\/\/www.oeaw.ac.at\/oesterreichische-akademie-der-wissenschaften\/die-oeaw\/article\/oeaw-trauert-um-helmut-rumpler\/\">https:\/\/www.oeaw.ac.at\/oesterreichische-akademie-der-wissenschaften\/die-oeaw\/article\/oeaw-trauert-um-helmut-rumpler\/<\/a><\/p>\n<p>&nbsp;<\/p>\n<p>&nbsp;<\/p>\n<p>&#8212;<\/p>\n<p>&nbsp;<\/p>\n<p>&nbsp;<\/p>\n<p><strong>Uni-Professor Helmut Rumpler verstorben<\/strong><\/p>\n<p>&nbsp;<\/p>\n<p>&nbsp;<\/p>\n<p>Professor-Emeritus Helmut Rumpler (82) verstorben: Er war Ordinarius f\u00fcr &#8220;Neuere und \u00d6sterreichische Geschichte&#8221; an der Alpen-Adria-Universit\u00e4t.<\/p>\n<p>&nbsp;<\/p>\n<p>&nbsp;<\/p>\n<p><a href=\"http:\/\/www.kleinezeitung.at\/kaernten\/5376770\/Nachruf_UniProfessor-Helmut-Rumpler-verstorben\">http:\/\/www.kleinezeitung.at\/kaernten\/5376770\/Nachruf_UniProfessor-Helmut-Rumpler-verstorben<\/a><\/p>\n<p>&nbsp;<\/p>\n<p><a href=\"https:\/\/de.wikipedia.org\/wiki\/Helmut_Rumpler\">https:\/\/de.wikipedia.org\/wiki\/Helmut_Rumpler<\/a><\/p>\n<p>&nbsp;<\/p>\n<p><a href=\"https:\/\/www.aau.at\/blog\/em-o-univ-prof-dr-helmut-rumpler-verstorben\/\">https:\/\/www.aau.at\/blog\/em-o-univ-prof-dr-helmut-rumpler-verstorben\/<\/a><\/p>\n<p>&nbsp;<\/p>\n<p>&nbsp;<\/p>\n","protected":false},"excerpt":{"rendered":"","protected":false},"author":2,"featured_media":8746,"comment_status":"open","ping_status":"open","sticky":false,"template":"","format":"standard","meta":{"_acf_changed":false,"jetpack_post_was_ever_published":false,"_jetpack_newsletter_access":"","_jetpack_dont_email_post_to_subs":false,"_jetpack_newsletter_tier_id":0,"_jetpack_memberships_contains_paywalled_content":false,"_jetpack_memberships_contains_paid_content":false,"footnotes":"","jetpack_publicize_message":"","jetpack_publicize_feature_enabled":true,"jetpack_social_post_already_shared":true,"jetpack_social_options":{"image_generator_settings":{"template":"highway","default_image_id":0,"font":"","enabled":false},"version":2}},"categories":[3,20],"tags":[],"class_list":["post-8745","post","type-post","status-publish","format-standard","has-post-thumbnail","hentry","category-novosti","category-obavijesti-o-smrti-i-nekrolozi"],"acf":{"facebook_opis":""},"jetpack_publicize_connections":[],"jetpack_featured_media_url":"https:\/\/i0.wp.com\/historiografija.hr\/wp-content\/uploads\/2018\/03\/Prof-Dr-Rumpler-Helmut.jpg?fit=520%2C312&ssl=1","jetpack_sharing_enabled":true,"jetpack-related-posts":[{"id":52563,"url":"https:\/\/historiografija.hr\/?p=52563","url_meta":{"origin":8745,"position":0},"title":"Predavanje Nenada Fabijani\u0107a o stadionu Poljud u Splitu","author":"Branimir Jankovi\u0107","date":"21. travnja 2026.","format":false,"excerpt":"Znanstveno vije\u0107e za arhitekturu, urbanizam i ure\u0111enje prostora Hrvatske akademije znanosti i umjetnosti organizira predavanje \u201cPo Poljudu\u201d koje \u0107e u srijedu 22. travnja 2026. s po\u010detkom u 14 sati u Knji\u017enici HAZU, Strossmayerov trg 14 u Zagrebu, odr\u017eati\u00a0prof. emerit. dr. art. Nenad Fabijani\u0107,\u00a0\u010dlan suradnik HAZU. Predavanje \u201ePo Poljudu\u201c (Projekt obnove)\u2026","rel":"","context":"U &quot;Novosti&quot;","block_context":{"text":"Novosti","link":"https:\/\/historiografija.hr\/?cat=3"},"img":{"alt_text":"","src":"https:\/\/i0.wp.com\/historiografija.hr\/wp-content\/uploads\/2026\/04\/Poljud-scaled.jpeg?fit=1200%2C800&ssl=1&resize=350%2C200","width":350,"height":200,"srcset":"https:\/\/i0.wp.com\/historiografija.hr\/wp-content\/uploads\/2026\/04\/Poljud-scaled.jpeg?fit=1200%2C800&ssl=1&resize=350%2C200 1x, https:\/\/i0.wp.com\/historiografija.hr\/wp-content\/uploads\/2026\/04\/Poljud-scaled.jpeg?fit=1200%2C800&ssl=1&resize=525%2C300 1.5x, https:\/\/i0.wp.com\/historiografija.hr\/wp-content\/uploads\/2026\/04\/Poljud-scaled.jpeg?fit=1200%2C800&ssl=1&resize=700%2C400 2x, https:\/\/i0.wp.com\/historiografija.hr\/wp-content\/uploads\/2026\/04\/Poljud-scaled.jpeg?fit=1200%2C800&ssl=1&resize=1050%2C600 3x"},"classes":[]},{"id":52613,"url":"https:\/\/historiografija.hr\/?p=52613","url_meta":{"origin":8745,"position":1},"title":"No\u0107 knjige u Hrvatskom dr\u017eavnom arhivu","author":"Branimir Jankovi\u0107","date":"22. travnja 2026.","format":false,"excerpt":"Predstavljanje knjige Rajke Bu\u0107in \u201dLije\u010denje i zbrinjavanje \u017didova u Bolnici sestara milosrdnica u Zagrebu 1941. \u2013 1945.\u201d u \u010detvrtak, 23. travnja 2026. u 13 sati u Hrvatskom dr\u017eavnom arhivu u Zagrebu. Izvor: https:\/\/www.arhiv.hr\/hr-hr\/Kulturno-prosvjetne-aktivnosti\/ArticleId\/1986\/oamid\/1633","rel":"","context":"U &quot;Novosti&quot;","block_context":{"text":"Novosti","link":"https:\/\/historiografija.hr\/?cat=3"},"img":{"alt_text":"","src":"https:\/\/i0.wp.com\/historiografija.hr\/wp-content\/uploads\/2026\/04\/noc_knjige_2026.jpg?fit=680%2C276&ssl=1&resize=350%2C200","width":350,"height":200,"srcset":"https:\/\/i0.wp.com\/historiografija.hr\/wp-content\/uploads\/2026\/04\/noc_knjige_2026.jpg?fit=680%2C276&ssl=1&resize=350%2C200 1x, https:\/\/i0.wp.com\/historiografija.hr\/wp-content\/uploads\/2026\/04\/noc_knjige_2026.jpg?fit=680%2C276&ssl=1&resize=525%2C300 1.5x"},"classes":[]},{"id":52654,"url":"https:\/\/historiografija.hr\/?p=52654","url_meta":{"origin":8745,"position":2},"title":"Gostuju\u0107e predavanje &#8211; Danijel D\u017eino \u201eKasnoanti\u010dke i ranosrednjovjekovne gra\u0111evine u Brezi: Spomenici nepotpune biografije\u201c","author":"Branimir Jankovi\u0107","date":"24. travnja 2026.","format":false,"excerpt":"Doktorski studij predmoderne povijesti poziva na predavanje \"Kasnoanti\u010dke i ranosrednjovjekovne gra\u0111evine u Brezi: Spomenici nepotpune biografije\u201d koje \u0107e odr\u017eati profesor Danijel D\u017eino sa Sveu\u010dili\u0161ta Macquarie u Sydneyu u\u00a0utorak 28. travnja 2026. u 17h u Konferencijskoj dvorani Knji\u017enice Filozofskog fakulteta u Zagrebu. Predavanje \u0107e predo\u010diti nova saznanja dobivena kroz arhivsko-dokumentarna istra\u017eivanja\u2026","rel":"","context":"U &quot;Novosti&quot;","block_context":{"text":"Novosti","link":"https:\/\/historiografija.hr\/?cat=3"},"img":{"alt_text":"","src":"https:\/\/i0.wp.com\/historiografija.hr\/wp-content\/uploads\/2026\/04\/Dzino.jpg?fit=980%2C819&ssl=1&resize=350%2C200","width":350,"height":200,"srcset":"https:\/\/i0.wp.com\/historiografija.hr\/wp-content\/uploads\/2026\/04\/Dzino.jpg?fit=980%2C819&ssl=1&resize=350%2C200 1x, https:\/\/i0.wp.com\/historiografija.hr\/wp-content\/uploads\/2026\/04\/Dzino.jpg?fit=980%2C819&ssl=1&resize=525%2C300 1.5x, https:\/\/i0.wp.com\/historiografija.hr\/wp-content\/uploads\/2026\/04\/Dzino.jpg?fit=980%2C819&ssl=1&resize=700%2C400 2x"},"classes":[]},{"id":52651,"url":"https:\/\/historiografija.hr\/?p=52651","url_meta":{"origin":8745,"position":3},"title":"Promocija knjige Emira O. Filipovi\u0107a \u201cVite\u0161tvo u srednjovjekovnoj Bosni\u201d u Sarajevu","author":"Branimir Jankovi\u0107","date":"24. travnja 2026.","format":false,"excerpt":"Knji\u017eevni korner poziva na promociju knjige Emira O. Filipovi\u0107a \u201cVite\u0161tvo u srednjovjekovnoj Bosni\u201d koja \u0107e se odr\u017eati u srijedu, 29. aprila 2026. u 18 sati u Evropskoj ku\u0107i kulture i nacionalnih manjina (Austrijska ku\u0107a) u Sarajevu. Na promociji \u0107e govoriti Mirsad Sijari\u0107, Ema Mazrak i autor, a moderirat \u0107e Nikola\u2026","rel":"","context":"U &quot;Novosti&quot;","block_context":{"text":"Novosti","link":"https:\/\/historiografija.hr\/?cat=3"},"img":{"alt_text":"","src":"https:\/\/i0.wp.com\/historiografija.hr\/wp-content\/uploads\/2026\/04\/Vitestvo.jpg?fit=1080%2C565&ssl=1&resize=350%2C200","width":350,"height":200,"srcset":"https:\/\/i0.wp.com\/historiografija.hr\/wp-content\/uploads\/2026\/04\/Vitestvo.jpg?fit=1080%2C565&ssl=1&resize=350%2C200 1x, https:\/\/i0.wp.com\/historiografija.hr\/wp-content\/uploads\/2026\/04\/Vitestvo.jpg?fit=1080%2C565&ssl=1&resize=525%2C300 1.5x, https:\/\/i0.wp.com\/historiografija.hr\/wp-content\/uploads\/2026\/04\/Vitestvo.jpg?fit=1080%2C565&ssl=1&resize=700%2C400 2x, https:\/\/i0.wp.com\/historiografija.hr\/wp-content\/uploads\/2026\/04\/Vitestvo.jpg?fit=1080%2C565&ssl=1&resize=1050%2C600 3x"},"classes":[]},{"id":52569,"url":"https:\/\/historiografija.hr\/?p=52569","url_meta":{"origin":8745,"position":4},"title":"[Predavanje] Ne \u010dekaju\u0107i inspiraciju \u2013 anga\u017eovane intelektualne, kulturalne i umetni\u010dke prakse u me\u0111uratnom periodu: teorija i praksa kriti\u010dke levice u jugoslovenskoj kulturi (YugoLab)","author":"Branimir Jankovi\u0107","date":"21. travnja 2026.","format":false,"excerpt":"U vreme agresivnog ja\u010danja globalne desnice, (pro)fa\u0161isti\u010dkih, rasisti\u010dkih i imperijalisti\u010dkih politika, dok je istovremeno globalna levica izrazito slaba, a progresivni pokreti atomizirani i fragmentisani, va\u017eno je iz savremene perspektive vratiti se revolucionarnim i emancipatorskim zbivanjima u jugoslovenskom (ali i s njima u vezi internacionalnim de\u0161avanjima), kao i dru\u0161tvenoj ulozi kulturalnih\u2026","rel":"","context":"U &quot;Novosti&quot;","block_context":{"text":"Novosti","link":"https:\/\/historiografija.hr\/?cat=3"},"img":{"alt_text":"","src":"","width":0,"height":0},"classes":[]},{"id":52547,"url":"https:\/\/historiografija.hr\/?p=52547","url_meta":{"origin":8745,"position":5},"title":"ISHA Zagreb \u2013 Filmska ve\u010der: Povratak Martina Guerrea","author":"Branimir Jankovi\u0107","date":"20. travnja 2026.","format":false,"excerpt":"Klub studenata povijesti \u2013 ISHA Zagreb poziva Vas na filmsku ve\u010der na kojoj \u0107e se prikazivati \u201ePovratak Martina Guerrea\u201c, povijesna drama iz 1982. godine s radnjom smje\u0161tenom u 16. stolje\u0107u. Radnja je utemeljena na stvarnoj povijesnoj li\u010dnosti Martina Guerrea koji se nakon mnogo godina izbivanja vra\u0107a u svoje rodno mjesto\u2026","rel":"","context":"U &quot;Filmovi i serije&quot;","block_context":{"text":"Filmovi i serije","link":"https:\/\/historiografija.hr\/?cat=13"},"img":{"alt_text":"","src":"https:\/\/i0.wp.com\/historiografija.hr\/wp-content\/uploads\/2026\/04\/M-Guerre.png?fit=702%2C1006&ssl=1&resize=350%2C200","width":350,"height":200,"srcset":"https:\/\/i0.wp.com\/historiografija.hr\/wp-content\/uploads\/2026\/04\/M-Guerre.png?fit=702%2C1006&ssl=1&resize=350%2C200 1x, https:\/\/i0.wp.com\/historiografija.hr\/wp-content\/uploads\/2026\/04\/M-Guerre.png?fit=702%2C1006&ssl=1&resize=525%2C300 1.5x, https:\/\/i0.wp.com\/historiografija.hr\/wp-content\/uploads\/2026\/04\/M-Guerre.png?fit=702%2C1006&ssl=1&resize=700%2C400 2x"},"classes":[]}],"_links":{"self":[{"href":"https:\/\/historiografija.hr\/index.php?rest_route=\/wp\/v2\/posts\/8745","targetHints":{"allow":["GET"]}}],"collection":[{"href":"https:\/\/historiografija.hr\/index.php?rest_route=\/wp\/v2\/posts"}],"about":[{"href":"https:\/\/historiografija.hr\/index.php?rest_route=\/wp\/v2\/types\/post"}],"author":[{"embeddable":true,"href":"https:\/\/historiografija.hr\/index.php?rest_route=\/wp\/v2\/users\/2"}],"replies":[{"embeddable":true,"href":"https:\/\/historiografija.hr\/index.php?rest_route=%2Fwp%2Fv2%2Fcomments&post=8745"}],"version-history":[{"count":4,"href":"https:\/\/historiografija.hr\/index.php?rest_route=\/wp\/v2\/posts\/8745\/revisions"}],"predecessor-version":[{"id":24229,"href":"https:\/\/historiografija.hr\/index.php?rest_route=\/wp\/v2\/posts\/8745\/revisions\/24229"}],"wp:featuredmedia":[{"embeddable":true,"href":"https:\/\/historiografija.hr\/index.php?rest_route=\/wp\/v2\/media\/8746"}],"wp:attachment":[{"href":"https:\/\/historiografija.hr\/index.php?rest_route=%2Fwp%2Fv2%2Fmedia&parent=8745"}],"wp:term":[{"taxonomy":"category","embeddable":true,"href":"https:\/\/historiografija.hr\/index.php?rest_route=%2Fwp%2Fv2%2Fcategories&post=8745"},{"taxonomy":"post_tag","embeddable":true,"href":"https:\/\/historiografija.hr\/index.php?rest_route=%2Fwp%2Fv2%2Ftags&post=8745"}],"curies":[{"name":"wp","href":"https:\/\/api.w.org\/{rel}","templated":true}]}}