{"id":8720,"date":"2018-03-08T13:24:56","date_gmt":"2018-03-08T13:24:56","guid":{"rendered":"http:\/\/historiografija.hr\/?p=8720"},"modified":"2018-03-08T13:27:02","modified_gmt":"2018-03-08T13:27:02","slug":"predavanja-o-kulturnim-razmjenama-srednje-europe-i-francuske-1950-ih-godina","status":"publish","type":"post","link":"https:\/\/historiografija.hr\/?p=8720","title":{"rendered":"Predavanja o kulturnim razmjenama Srednje Europe i Francuske 1950-ih godina"},"content":{"rendered":"<p>U petak, 9. o\u017eujka 2018. u 18 sati u Francuskom institutu u Zagrebu Daniel V\u00e9ri odr\u017eat \u0107e predavanje o francuskoj kulturnoj diplomaciji i siroma\u0161tvu slika u Ma\u0111arskoj 1950-ih godina, a Ljiljana Kole\u0161nik o politici kulturne razmjene s Francuskom i srednjom Europom tijekom 1950-ih godina.<\/p>\n<p>&nbsp;<\/p>\n<p>&#8212;<\/p>\n<p>&nbsp;<\/p>\n<p>Institut za povijest umjetnosti i Francuski institut pozivaju vas na promociju knjige<\/p>\n<p>&nbsp;<\/p>\n<p><strong>French Artistic Culture and Central-East European Modern Art<\/strong><\/p>\n<p>&nbsp;<\/p>\n<p>Predstavljanje knjige odr\u017eat \u0107e se u srijedu 7. o\u017eujka 2018. godine s po\u010detkom u 18:00 sati u Francuskom institutu (Preradovi\u0107eva 5). Knjigu \u0107e predstaviti urednice dr. sc. Ljiljana Kole\u0161nik i dr. sc. Tamara Bja\u017ei\u0107 Klarin, recenzent prof. dr. sc. Frano Dulibi\u0107 i akademik Tonko Maroevi\u0107.<\/p>\n<p>&nbsp;<\/p>\n<p>Kao popratni program u Francuskom institutu odr\u017eat \u0107e se izlo\u017eba reprodukcija umjetni\u010dkih djela predstavljenih u knjizi i dvije serije javnih predavanja 5. i 9. o\u017eujka 2018. godine. Predava\u010di su dr. sc. Asta Vre\u010dko, dr. sc. Tamara Bja\u017ei\u0107 Klarin, dr. sc. Daniel V\u00e9ri te dr. sc. Ljiljana Kole\u0161nik.<\/p>\n<p>&nbsp;<\/p>\n<p>&#8211;<\/p>\n<p>&nbsp;<\/p>\n<p>&nbsp;<\/p>\n<p>Knjiga French Artistic Culture and Central-East European Modern Art rezultat je trogodi\u0161njeg projekta \u201ePari\u0161ka umjetni\u010dka scena i hrvatska moderna umjetnost&#8221; provedenog od 2013. do 2015. godine. Prilozi knjizi uglavnom se temelje na izlaganjima s triju me\u0111unarodnih konferencija odr\u017eanih u okviru rada na projektu, dopunjenih esejima nekolicine pozvanih autora.<\/p>\n<p>&nbsp;<\/p>\n<p>Knjiga je podijeljena u dvije cjeline \u2013 studije koje tuma\u010de odnos izme\u0111u francuske umjetni\u010dke kulture i srednjoisto\u010dno europskih lokalnih likovnih scena me\u0111uratnoga razdoblja te studije o njihovim relacijama nakon Drugog svjetskog rata, u razdoblju obilje\u017eenom znatno druk\u010dijim i puno slo\u017eenijim politi\u010dkim okolnostima. Publikacija je zami\u0161ljena kao prinos aktualnim raspravama o problemu odnosa sredi\u0161ta i periferije.<\/p>\n<p>&nbsp;<\/p>\n<p>&nbsp;<\/p>\n<p>&#8211;<\/p>\n<p>&nbsp;<\/p>\n<p>&nbsp;<\/p>\n<p><strong>Program javnih predavanja<\/strong><\/p>\n<p>&nbsp;<\/p>\n<p><strong>Ponedjeljak, 5. o\u017eujka 2018., 18:00 sati<\/strong><\/p>\n<p>&nbsp;<\/p>\n<p>\u2022 dr. sc. Asta Vre\u010dko, Filozofski fakultet Sveu\u010dili\u0161ta u Ljubljani<br \/>\nFrench Influences and Slovene Art in the Inter-war Period (Francuski utjecaji i slovenska umjetnost u razdoblju izme\u0111u dva svjetska rata)<\/p>\n<p>&nbsp;<\/p>\n<p>\u2022 dr. sc. Tamara Bja\u017ei\u0107 Klarin, Institut za povijest umjetnost<br \/>\nLe Corbusier s&#8217;il vous pla\u00eet? \u2013 Oui, mais&#8230; Me\u0111uratna arhitektura izme\u0111u Zagreba i Pariza<\/p>\n<p>&nbsp;<\/p>\n<p><strong>Petak, 9. o\u017eujka, 2018., 18:00 sati<\/strong><\/p>\n<p>&nbsp;<\/p>\n<p>\u2022 dr. sc. Daniel V\u00e9ri, Muzejski centar Ferenczy, Szentendre<br \/>\nThe Great Book Theft \u2013 French Cultural Diplomacy and the Scarcity of Images in 1950s Hungary (Velika kra\u0111a knjiga \u2013 Francuska kulturna diplomacija i siroma\u0161tvo slika u Ma\u0111arskoj 1950-ih godina)<\/p>\n<p>&nbsp;<\/p>\n<p>&#8211;<\/p>\n<p>&nbsp;<\/p>\n<p>Predavanje Daniela V\u00e9rija &#8220;Velika kra\u0111a knjiga \u2013 Francuska kulturna diplomacija i siroma\u0161tvo slika u Ma\u0111arskoj 1950-ih godina&#8221; donosi pripovijest o &#8220;Izlo\u017ebi francuske knjige&#8221;, odr\u017eanoj u Budimpe\u0161ti 1959. godine, o prvom izlo\u017ebenom kontaktu ma\u0111arske publike s nekom zapadnoeuropskom zemljom, a nakon Sovjetske vojne intervencije 1956. godine. U fokusu predavanja nalazi se ishod toga doga\u0111aja, obja\u0161njen iz perspektive tada\u0161nje politi\u010dke situacije u Ma\u0111arskoj kao i iz perspektive uloge kulturne diplomacije u politici hladnoga rata. Pripovijest je uokvirena aktualnim poku\u0161ajem rekonstrukcije spomenute izlo\u017ebe te informacijama i sje\u0107anjima sada\u0161njih vlasnika eksponata na vrijeme i okolnosti njezina odr\u017eavanja.<\/p>\n<p>&nbsp;<\/p>\n<p>\u2022 dr. sc. Ljiljana Kole\u0161nik, Institut za povijest umjetnosti<br \/>\nU sjeni Picassove Golubice mira. Politika kulturne razmjene s Francuskom i srednjom Europom tijekom 1950-ih godina<\/p>\n<p>&nbsp;<\/p>\n<p>&#8211;<\/p>\n<p>&nbsp;<\/p>\n<p>Predavanje Ljiljane Kole\u0161nik &#8220;U sjeni Picassove Golubice mira. Politika kulturne razmjene s Francuskom i srednjoisto\u010dnom Europom tijekom 1950-ih godina&#8221; donosi prikaz jugoslavensko-francuske kulturne razmjene u polju likovnih umjetnosti tijekom 1950-ih godina; polaze\u0107i od napetih i nerijetko mu\u010dnih odnosa s kulturnom elitom KPF nakon 1948. godine, kao i njezine uloge u (posrednim) kontaktima sa zemljama Isto\u010dnoga bloka. U fokusu predavanja nalazi se jedan od ishoda tih slo\u017eenih odnosa \u2013 paralelan, neoficijelan sustav komunikacija izme\u0111u doma\u0107e i francuske kustoske i umjetni\u010dke scene, uspostavljen \u201eispod radara\u201c dr\u017eavnih tijela zadu\u017eenih za pitanja kulturne razmjene. Artikulacija toga sustava, njihovi protagonisti i osobne strategije bit \u0107e ilustrirane opisom organizacije nekoliko izlo\u017ebi iz toga desetlje\u0107a, koje su naknadnim interpretacijama uokvirene ciljevima tada\u0161nje jugoslavenske me\u0111unarodne politike.<\/p>\n<p>&nbsp;<\/p>\n<p>&nbsp;<\/p>\n<p>Izvor\u00a0i dodatne informacije:<\/p>\n<p>&nbsp;<\/p>\n<p><a href=\"https:\/\/www.ipu.hr\/article\/hr\/581\/francuska-kultura-i-moderna-umjetnost\">https:\/\/www.ipu.hr\/article\/hr\/581\/francuska-kultura-i-moderna-umjetnost<\/a><\/p>\n<p>&nbsp;<\/p>\n<p>&nbsp;<\/p>\n<p>&nbsp;<\/p>\n<p>&nbsp;<\/p>\n","protected":false},"excerpt":{"rendered":"","protected":false},"author":2,"featured_media":8722,"comment_status":"open","ping_status":"open","sticky":false,"template":"","format":"standard","meta":{"_acf_changed":false,"jetpack_post_was_ever_published":false,"_jetpack_newsletter_access":"","_jetpack_dont_email_post_to_subs":false,"_jetpack_newsletter_tier_id":0,"_jetpack_memberships_contains_paywalled_content":false,"_jetpack_memberships_contains_paid_content":false,"footnotes":"","jetpack_publicize_message":"","jetpack_publicize_feature_enabled":true,"jetpack_social_post_already_shared":true,"jetpack_social_options":{"image_generator_settings":{"template":"highway","default_image_id":0,"font":"","enabled":false},"version":2}},"categories":[3],"tags":[],"class_list":["post-8720","post","type-post","status-publish","format-standard","has-post-thumbnail","hentry","category-novosti"],"acf":{"facebook_opis":""},"jetpack_publicize_connections":[],"jetpack_featured_media_url":"https:\/\/i0.wp.com\/historiografija.hr\/wp-content\/uploads\/2018\/03\/french-artistic-culture.jpg?fit=900%2C576&ssl=1","jetpack_sharing_enabled":true,"jetpack-related-posts":[{"id":52628,"url":"https:\/\/historiografija.hr\/?p=52628","url_meta":{"origin":8720,"position":0},"title":"Predavanje dopisnog \u010dlana HAZU Alaina Finkielkrauta Izrael, Europa, antisemitizam","author":"Branimir Jankovi\u0107","date":"23. travnja 2026.","format":false,"excerpt":"Francuski filozof Alain Finkielkraut, redoviti \u010dlan Francuske akademije i dopisni \u010dlan HAZU, odr\u017eat \u0107e predavanje\u00a0Izrael, Europa, antisemitizam u utorak 28. travnja 2026. u 13 sati u Knji\u017enici HAZU,\u00a0Strossmayerov trg 14 u Zagrebu. Uvodne rije\u010di odr\u017eat \u0107e\u00a0akademkinja \u017deljka \u010corak i\u00a0akademik Dra\u017een Katunari\u0107. Predavanje \u0107e se odr\u017eati na francuskom jeziku uz konsekutivno\u2026","rel":"","context":"U &quot;Novosti&quot;","block_context":{"text":"Novosti","link":"https:\/\/historiografija.hr\/?cat=3"},"img":{"alt_text":"","src":"https:\/\/i0.wp.com\/historiografija.hr\/wp-content\/uploads\/2026\/04\/Alain_Finkielkraut.jpg?fit=350%2C407&ssl=1&resize=350%2C200","width":350,"height":200},"classes":[]},{"id":52520,"url":"https:\/\/historiografija.hr\/?p=52520","url_meta":{"origin":8720,"position":1},"title":"Predstavljanje knjige &#8220;Socialist Economics in Yugoslavia: A Critical History&#8221; u Zagrebu","author":"Branimir Jankovi\u0107","date":"17. travnja 2026.","format":false,"excerpt":"Pozivamo vas na predstavljanje knjige \"Socialist Economics in Yugoslavia: A Critical History\", autora Mislava \u00a0\u017ditka i Marka Grde\u0161i\u0107a (Routledge, 2026). Na predstavljanju \u0107e govoriti Branko Milanovi\u0107 (CUNY), Milica Uvali\u0107 (EUI), Zdravko Petak (FPZG) te autori.\u00a0 Predstavljanje \u0107e se odr\u017eati u srijedu 22. travnja u 16:00 sati na Fakultetu politi\u010dkih znanosti\u2026","rel":"","context":"U &quot;Novosti&quot;","block_context":{"text":"Novosti","link":"https:\/\/historiografija.hr\/?cat=3"},"img":{"alt_text":"","src":"https:\/\/i0.wp.com\/historiografija.hr\/wp-content\/uploads\/2026\/04\/Poziv-na-predstavljanje.png?fit=800%2C652&ssl=1&resize=350%2C200","width":350,"height":200,"srcset":"https:\/\/i0.wp.com\/historiografija.hr\/wp-content\/uploads\/2026\/04\/Poziv-na-predstavljanje.png?fit=800%2C652&ssl=1&resize=350%2C200 1x, https:\/\/i0.wp.com\/historiografija.hr\/wp-content\/uploads\/2026\/04\/Poziv-na-predstavljanje.png?fit=800%2C652&ssl=1&resize=525%2C300 1.5x, https:\/\/i0.wp.com\/historiografija.hr\/wp-content\/uploads\/2026\/04\/Poziv-na-predstavljanje.png?fit=800%2C652&ssl=1&resize=700%2C400 2x"},"classes":[]},{"id":52675,"url":"https:\/\/historiografija.hr\/?p=52675","url_meta":{"origin":8720,"position":2},"title":"Predstavljanje knjige Luke Peji\u0107a &#8220;U taboru anarhista: \u017divot Ivana Zeppa&#8221; u Osijeku","author":"Branimir Jankovi\u0107","date":"27. travnja 2026.","format":false,"excerpt":"U \u010detvrtak, 30. travnja 2026.\u00a0u\u00a019.00 sati\u00a0u Klubu knji\u017eare Nova\u00a0(Trg Ante Star\u010devi\u0107a 4, Osijek) odr\u017eat \u0107e se predstavljanje nove knjige Luke Peji\u0107a U taboru anarhista: \u017divot Ivana Zeppa (DAF, 2025.). Uz autora o knjizi \u0107e govoriti recenzent i povjesni\u010dar Nikola Toma\u0161egovi\u0107 te povjesni\u010darka Ana Rajkovi\u0107 Peji\u0107. Razgovor \u0107e moderirati doktorandica\u00a0Valentina Kezi\u0107.\u2026","rel":"","context":"U &quot;Novosti&quot;","block_context":{"text":"Novosti","link":"https:\/\/historiografija.hr\/?cat=3"},"img":{"alt_text":"","src":"https:\/\/i0.wp.com\/historiografija.hr\/wp-content\/uploads\/2025\/11\/Pejic.jpg?fit=574%2C790&ssl=1&resize=350%2C200","width":350,"height":200,"srcset":"https:\/\/i0.wp.com\/historiografija.hr\/wp-content\/uploads\/2025\/11\/Pejic.jpg?fit=574%2C790&ssl=1&resize=350%2C200 1x, https:\/\/i0.wp.com\/historiografija.hr\/wp-content\/uploads\/2025\/11\/Pejic.jpg?fit=574%2C790&ssl=1&resize=525%2C300 1.5x"},"classes":[]},{"id":52631,"url":"https:\/\/historiografija.hr\/?p=52631","url_meta":{"origin":8720,"position":3},"title":"Predavanje Ivana Tepe\u0161a: Djelovanje hrvatske politi\u010dke emigracije","author":"Branimir Jankovi\u0107","date":"23. travnja 2026.","format":false,"excerpt":"Odjel za me\u0111unarodnu suradnju i iseljeni\u0161tvo Matice hrvatske Predavanje Ivana Tepe\u0161a: Djelovanje hrvatske politi\u010dke emigracije Utorak, 28. travnja 2026. u 18:00 sati, Dvorana Ljudevita Jonkea (Mala dvorana MH), Strossmayerov trg 4, Zagreb dr. sc. Ivan Tepe\u0161, Institut za istra\u017eivanje migracija Hrvatska politi\u010dka emigracija obilje\u017eila je polustoljetnu hrvatsku povijest u drugoj\u2026","rel":"","context":"U &quot;Novosti&quot;","block_context":{"text":"Novosti","link":"https:\/\/historiografija.hr\/?cat=3"},"img":{"alt_text":"","src":"","width":0,"height":0},"classes":[]},{"id":52607,"url":"https:\/\/historiografija.hr\/?p=52607","url_meta":{"origin":8720,"position":4},"title":"No\u0107 knjige: Kako je prije 410 godina smr\u0107u Shakespearea i Cervantesa zavr\u0161ilo razdoblje renesanse u knji\u017eevnosti","author":"Branimir Jankovi\u0107","date":"22. travnja 2026.","format":false,"excerpt":"\u010cetvrtak, 23. travnja 2026. u 18:00 sati, Knji\u017eara Matice hrvatske, Ulica Matice hrvatske 2, Zagreb Uvodna rije\u010d: dr. sc.\u00a0Dubravka Brezak Stama\u0107, pro\u010delnica Odjela za knji\u017eevnost Matice hrvatske Prof. dr. sc. Ivan Lupi\u0107, redoviti profesor u Odsjeku za anglistiku i Odsjeku za kroatistiku Sveu\u010dili\u0161ta u RijeciShakespeare, kazali\u0161te, glazbaKada se susre\u0107emo sa\u2026","rel":"","context":"U &quot;Novosti&quot;","block_context":{"text":"Novosti","link":"https:\/\/historiografija.hr\/?cat=3"},"img":{"alt_text":"","src":"https:\/\/i0.wp.com\/historiografija.hr\/wp-content\/uploads\/2026\/04\/noc_knjige_2026.jpg?fit=680%2C276&ssl=1&resize=350%2C200","width":350,"height":200,"srcset":"https:\/\/i0.wp.com\/historiografija.hr\/wp-content\/uploads\/2026\/04\/noc_knjige_2026.jpg?fit=680%2C276&ssl=1&resize=350%2C200 1x, https:\/\/i0.wp.com\/historiografija.hr\/wp-content\/uploads\/2026\/04\/noc_knjige_2026.jpg?fit=680%2C276&ssl=1&resize=525%2C300 1.5x"},"classes":[]},{"id":52573,"url":"https:\/\/historiografija.hr\/?p=52573","url_meta":{"origin":8720,"position":5},"title":"Znanstvena konferencija &#8220;Filozofija odgoja: povijest, praksa, perspektive&#8221;","author":"Branimir Jankovi\u0107","date":"21. travnja 2026.","format":false,"excerpt":"Znanstvena konferencija \"Filozofija odgoja: povijest, praksa, perspektive\" odr\u017eat \u0107e se 23. i 24. travnja 2026. u Konferencijskoj dvorani Knji\u017enice Filozofskog fakulteta u Zagrebu (2. kat).\u00a0Konferencija je organizirana u okviru projekta\u00a0SUMKOS (voditeljica prof. dr. sc. Ivana Zagorac, financiran\u00a0sredstvima NextGenerationEU), uz potporu Odsjeka za filozofiju.\u00a0 Uz izlaga\u010dki dio, konferencija obuhva\u0107a i izlo\u017ebu\u2026","rel":"","context":"U &quot;Novosti&quot;","block_context":{"text":"Novosti","link":"https:\/\/historiografija.hr\/?cat=3"},"img":{"alt_text":"","src":"","width":0,"height":0},"classes":[]}],"_links":{"self":[{"href":"https:\/\/historiografija.hr\/index.php?rest_route=\/wp\/v2\/posts\/8720","targetHints":{"allow":["GET"]}}],"collection":[{"href":"https:\/\/historiografija.hr\/index.php?rest_route=\/wp\/v2\/posts"}],"about":[{"href":"https:\/\/historiografija.hr\/index.php?rest_route=\/wp\/v2\/types\/post"}],"author":[{"embeddable":true,"href":"https:\/\/historiografija.hr\/index.php?rest_route=\/wp\/v2\/users\/2"}],"replies":[{"embeddable":true,"href":"https:\/\/historiografija.hr\/index.php?rest_route=%2Fwp%2Fv2%2Fcomments&post=8720"}],"version-history":[{"count":1,"href":"https:\/\/historiografija.hr\/index.php?rest_route=\/wp\/v2\/posts\/8720\/revisions"}],"predecessor-version":[{"id":8721,"href":"https:\/\/historiografija.hr\/index.php?rest_route=\/wp\/v2\/posts\/8720\/revisions\/8721"}],"wp:featuredmedia":[{"embeddable":true,"href":"https:\/\/historiografija.hr\/index.php?rest_route=\/wp\/v2\/media\/8722"}],"wp:attachment":[{"href":"https:\/\/historiografija.hr\/index.php?rest_route=%2Fwp%2Fv2%2Fmedia&parent=8720"}],"wp:term":[{"taxonomy":"category","embeddable":true,"href":"https:\/\/historiografija.hr\/index.php?rest_route=%2Fwp%2Fv2%2Fcategories&post=8720"},{"taxonomy":"post_tag","embeddable":true,"href":"https:\/\/historiografija.hr\/index.php?rest_route=%2Fwp%2Fv2%2Ftags&post=8720"}],"curies":[{"name":"wp","href":"https:\/\/api.w.org\/{rel}","templated":true}]}}