{"id":8698,"date":"2018-03-07T17:49:14","date_gmt":"2018-03-07T17:49:14","guid":{"rendered":"http:\/\/historiografija.hr\/?p=8698"},"modified":"2018-03-07T17:49:14","modified_gmt":"2018-03-07T17:49:14","slug":"cejus-u-sapcu-tribina-stvaranje-jugoslovena","status":"publish","type":"post","link":"https:\/\/historiografija.hr\/?p=8698","title":{"rendered":"Cejus u \u0160apcu: Tribina Stvaranje Jugoslovena"},"content":{"rendered":"<p>Nakon Beograda, tribina \u201eStvaranje Jugoslovena\u201c u sklopu ciklusa razgovora na temu \u201eSto godina od osnivanja Jugoslavije\u201c Centra za jugoslovenske studije (Cejus) odr\u017eat \u0107e se 9. o\u017eujka 2018. u \u0160apcu.<\/p>\n<p>&nbsp;<\/p>\n<p>&#8212;<\/p>\n<p>&nbsp;<\/p>\n<p>Kulturni centar \u0160abac<\/p>\n<p>&nbsp;<\/p>\n<p>Petak 9. mart 18:00<\/p>\n<p>&nbsp;<\/p>\n<p><strong>Tribina Stvaranje Jugoslovena<\/strong><\/p>\n<p>&nbsp;<\/p>\n<p>U\u010desnice:<\/p>\n<p>dr Stanislava Bara\u0107, Institut za knji\u017eevnost i umetnost<\/p>\n<p>dr Lada Stevanovi\u0107, Etnografski institut SANU\/Cejus<\/p>\n<p>prof. dr Ildiko Erdei, Filozofski fakultet Univerziteta u Beogradu<\/p>\n<p>dr Sanja Petrovi\u0107 Todosijevi\u0107, Institut za noviju istoriju Srbije\/Cejus<\/p>\n<p>Moderator: dr Sr\u0111an Atanasovski, Muzikolo\u0161ki institut SANU\/koordinator Centra za jugoslovenske studije<\/p>\n<p>&nbsp;<\/p>\n<p>&nbsp;<\/p>\n<p>Tribina Stvaranje Jugoslovena je deo tribinskog programa Sto godina od osnivanja Jugoslavije koji \u0107e tokom \u010ditave 2018. godine realizovati Centar za jugoslovenske studije (Cejus) i Dom omladine Beograd. U\u010desnici i u\u010desnice tribine Stvaranje Jugoslovena poku\u0161a\u0107e da odgovore na brojna pitanja koja zadiru u problematiku stvaranja jugoslovenske nacije, procese \u201estvaranja\u201c Jugoslovena \u201eodozgo\u201c ali i njima srodne i spontanije procese \u201estvaranja\u201c Jugoslovena \u201eodozdo\u201c Politika \u201eprivo\u0111enja\u201c gra\u0111ana jugoslovenskoj dr\u017eavi ali i zvani\u010dnoj ideologiji razmatra\u0107e se od vremena Prvog svetskog rata i Ujedinjenja 1918. preko vremena postojanja jugoslovenske dr\u017eave kao kraljevine a onda i socijalisti\u010dke republike. Zvani\u010dna politika dr\u017eave koja je, izme\u0111u ostalog, trebalo da dovede do konstruisanja jugoslovenskog identiteta, razmatra\u0107e se kroz analizu politike konstruisanja jugoslovenske knji\u017eevnosti, pisanja jugoslovenskih \u010dasopisa za decu sa posebnim osvrtom na pisanje \u010dasopisa \u201eJugosloven\u010de\u201c koji je izlazio pre Drugog svetskog rata, simbole pionirskog identiteta ali i zvani\u010dnu politiku obrazovanja i vaspitanja koja je u Jugoslaviji krajem pedesetih po\u010detkom \u0161ezdesetih godina 20. veka dovela do \u201emasovne proizvodnje\u201c tzv. \u201esre\u0107nog detinjstva\u201c. Politika \u201estvaranja\u201c Jugoslovena razmatra\u0107e se kao veoma dinami\u010dna ali ne i izolovana u odnosu na druge procese koji su obele\u017eili period postojanja kako Jugoslavije kao kraljevine tako i socijalisti\u010dke Jugoslavije.<\/p>\n<p>&nbsp;<\/p>\n<p>&nbsp;<\/p>\n<p>O u\u010desnicama tribine:<\/p>\n<p>&nbsp;<\/p>\n<p>dr Stanislava Bara\u0107 (1977, Zrenjanin) je nau\u010dna saradnica Instituta za knji\u017eevnost i umetnost (Beograd). Glavna oblast istra\u017eivanja su joj: srpska i jugoslovenska knji\u017eevnost 20. veka s posebnim osvrtom na period izme\u0111u dva svetska rata, \u017eenska knji\u017eevnost i feministi\u010dka periodika. Autorka je dve monografske studije: Avangardna \u201eMisao\u201c (2008) i Feministi\u010dka kontrajavnost. \u017danr \u017eenskog portreta u srpskoj periodici 1920-1941 (2015).<\/p>\n<p>&nbsp;<\/p>\n<p>dr Lada Stevanovi\u0107 (1974, Zagreb) je vi\u0161a nau\u010dna saradnica Etnografskog instituta SANU i jedna od osniva\u010dica Centra za jugoslovenske studije. Izme\u0111u ostalog, bavi se pam\u0107enjem i nacionalnim identitetom odnosno pre svega na\u010dinom na koji je konstruisano jugoslovenstvo. Autorka je monografije Laughing at the Funeral: Gender and Anthropology in the Greek Funerary Rites (2009).<\/p>\n<p>&nbsp;<\/p>\n<p>prof. dr. Ildiko Erdei (1965, Kovin) je vanredna profesorka na Odeljenju za etnologiju i antropologiju Filozofskog fakulteta Univerziteta u Beogradu. Bavi se antropologijom materijalne kulture, rodnim studijama i odnosom izme\u0111u ekonomije i kulture. Autorka je ve\u0107eg broja radova. Izme\u0111u ostalog, napisala je slede\u0107e monografske studije: Antropologija potro\u0161nje (2008) i \u010cekaju\u0107i Ikeu. Potro\u0161a\u010dka kultura u postsocijalizmu i pre njega (2012).<\/p>\n<p>&nbsp;<\/p>\n<p>dr Sanja Petrovi\u0107 Todosijevi\u0107 (1977, \u0160abac) je nau\u010dna saradnica Instituta za noviju istoriju Srbije (Beograd) i jedna od osniva\u010dica Centra za jugoslovenske studije. Bavi se dru\u0161tvenom istorijom Srbije i Jugoslavije u periodu posle Drugog svetskog rata sa posebnim osvrtom na istoriju detinjstva i obrazovanja i istorijom Drugog svetskog rata. Autorka je monografije Za bezimene. Delatnost UNICEF-a u Federativnoj Narodnoj Republici Jugoslaviji 1947-1954 (2008).<\/p>\n<p>&nbsp;<\/p>\n<p>O moderatoru:<\/p>\n<p>&nbsp;<\/p>\n<p>dr Sr\u0111an Atanasovski (1983, Kumanovo) je nau\u010dni saradnik Muzikolo\u0161kog instituta SANU i koordinator Centra za jugoslovenske studije. Podru\u010dja njegovog nau\u010dnog interesovanja obuhvataju studije nacionalizama, studije slu\u0161anja i zvu\u010dnih predela i posmarksisti\u010dke teorije. Autor je monografije Mapiranje Stare Srbije: Stopama putopisaca, tragom narodne pesme (2017).<\/p>\n<p>&nbsp;<\/p>\n<p>Izvor:<\/p>\n<p>&nbsp;<\/p>\n<p><a href=\"https:\/\/sr-rs.facebook.com\/events\/198163987622764\/\">https:\/\/sr-rs.facebook.com\/events\/198163987622764\/<\/a><\/p>\n<p>&nbsp;<\/p>\n<p><a href=\"https:\/\/www.facebook.com\/cejus.jus\/\">https:\/\/www.facebook.com\/cejus.jus\/<\/a><\/p>\n<p>&nbsp;<\/p>\n<p>&nbsp;<\/p>\n","protected":false},"excerpt":{"rendered":"","protected":false},"author":2,"featured_media":8699,"comment_status":"open","ping_status":"open","sticky":false,"template":"","format":"standard","meta":{"_acf_changed":false,"jetpack_post_was_ever_published":false,"_jetpack_newsletter_access":"","_jetpack_dont_email_post_to_subs":false,"_jetpack_newsletter_tier_id":0,"_jetpack_memberships_contains_paywalled_content":false,"_jetpack_memberships_contains_paid_content":false,"footnotes":"","jetpack_publicize_message":"","jetpack_publicize_feature_enabled":true,"jetpack_social_post_already_shared":true,"jetpack_social_options":{"image_generator_settings":{"template":"highway","default_image_id":0,"font":"","enabled":false},"version":2}},"categories":[3],"tags":[],"class_list":["post-8698","post","type-post","status-publish","format-standard","has-post-thumbnail","hentry","category-novosti"],"acf":{"facebook_opis":""},"jetpack_publicize_connections":[],"jetpack_featured_media_url":"https:\/\/i0.wp.com\/historiografija.hr\/wp-content\/uploads\/2018\/03\/Tribina-Sabac.jpg?fit=694%2C960&ssl=1","jetpack_sharing_enabled":true,"jetpack-related-posts":[{"id":52657,"url":"https:\/\/historiografija.hr\/?p=52657","url_meta":{"origin":8698,"position":0},"title":"[Predavanje] Jezik i drugost u (post)socijalisti\u010dkoj Srbiji: diskurzivne politike identiteta (YugoLab)","author":"Branimir Jankovi\u0107","date":"24. travnja 2026.","format":false,"excerpt":"U sklopu projekta Prizma \/ IMAGINATION (\u201eZami\u0161ljanje nacije: srpski nacionalni narativi u sporu (XX\u2013XXI vek)\u201c), koji se realizuje na Institutu za filozofiju i dru\u0161tvenu teoriju Univerziteta u Beogradu (2024\u20132027) uz finansijsku podr\u0161ku Fonda za nauku Republike Srbije, organizuje se serija predavanja na kojoj istra\u017eiva\u010di i istra\u017eiva\u010dice projekta predstavljaju rezultate svojih\u2026","rel":"","context":"U &quot;Novosti&quot;","block_context":{"text":"Novosti","link":"https:\/\/historiografija.hr\/?cat=3"},"img":{"alt_text":"","src":"https:\/\/i0.wp.com\/historiografija.hr\/wp-content\/uploads\/2026\/04\/IFDT_28_IV.png?fit=1200%2C675&ssl=1&resize=350%2C200","width":350,"height":200,"srcset":"https:\/\/i0.wp.com\/historiografija.hr\/wp-content\/uploads\/2026\/04\/IFDT_28_IV.png?fit=1200%2C675&ssl=1&resize=350%2C200 1x, https:\/\/i0.wp.com\/historiografija.hr\/wp-content\/uploads\/2026\/04\/IFDT_28_IV.png?fit=1200%2C675&ssl=1&resize=525%2C300 1.5x, https:\/\/i0.wp.com\/historiografija.hr\/wp-content\/uploads\/2026\/04\/IFDT_28_IV.png?fit=1200%2C675&ssl=1&resize=700%2C400 2x, https:\/\/i0.wp.com\/historiografija.hr\/wp-content\/uploads\/2026\/04\/IFDT_28_IV.png?fit=1200%2C675&ssl=1&resize=1050%2C600 3x"},"classes":[]},{"id":52631,"url":"https:\/\/historiografija.hr\/?p=52631","url_meta":{"origin":8698,"position":1},"title":"Predavanje Ivana Tepe\u0161a: Djelovanje hrvatske politi\u010dke emigracije","author":"Branimir Jankovi\u0107","date":"23. travnja 2026.","format":false,"excerpt":"Odjel za me\u0111unarodnu suradnju i iseljeni\u0161tvo Matice hrvatske Predavanje Ivana Tepe\u0161a: Djelovanje hrvatske politi\u010dke emigracije Utorak, 28. travnja 2026. u 18:00 sati, Dvorana Ljudevita Jonkea (Mala dvorana MH), Strossmayerov trg 4, Zagreb dr. sc. Ivan Tepe\u0161, Institut za istra\u017eivanje migracija Hrvatska politi\u010dka emigracija obilje\u017eila je polustoljetnu hrvatsku povijest u drugoj\u2026","rel":"","context":"U &quot;Novosti&quot;","block_context":{"text":"Novosti","link":"https:\/\/historiografija.hr\/?cat=3"},"img":{"alt_text":"","src":"","width":0,"height":0},"classes":[]},{"id":52502,"url":"https:\/\/historiografija.hr\/?p=52502","url_meta":{"origin":8698,"position":2},"title":"Novi znanstveni projekt Hrvatskog instituta za povijest: \u201c\u017drtve ratova i dr\u017eavnog\/politi\u010dkog nasilja u hrvatskoj povijesti 20. stolje\u0107a\u201d","author":"Branimir Jankovi\u0107","date":"17. travnja 2026.","format":false,"excerpt":"Na redovitoj sjednici Vlade RH, 16. travnja 2026., donijet je Zaklju\u010dak kojim se pokre\u0107e znanstveni projekt \u201c\u017drtve ratova i dr\u017eavnog\/politi\u010dkog nasilja u hrvatskoj povijesti 20. stolje\u0107a\u201d. Projekt \u0107e provoditi i koordinirati Hrvatski institut za povijest u razdoblju trajanja projekta od pet godina. Zakljucak Vlade RH Iz teksta projektnog prijedloga: Problematika\u2026","rel":"","context":"U &quot;Novosti&quot;","block_context":{"text":"Novosti","link":"https:\/\/historiografija.hr\/?cat=3"},"img":{"alt_text":"","src":"https:\/\/i0.wp.com\/historiografija.hr\/wp-content\/uploads\/2026\/04\/Vlada-RH.jpg?fit=1200%2C557&ssl=1&resize=350%2C200","width":350,"height":200,"srcset":"https:\/\/i0.wp.com\/historiografija.hr\/wp-content\/uploads\/2026\/04\/Vlada-RH.jpg?fit=1200%2C557&ssl=1&resize=350%2C200 1x, https:\/\/i0.wp.com\/historiografija.hr\/wp-content\/uploads\/2026\/04\/Vlada-RH.jpg?fit=1200%2C557&ssl=1&resize=525%2C300 1.5x, https:\/\/i0.wp.com\/historiografija.hr\/wp-content\/uploads\/2026\/04\/Vlada-RH.jpg?fit=1200%2C557&ssl=1&resize=700%2C400 2x, https:\/\/i0.wp.com\/historiografija.hr\/wp-content\/uploads\/2026\/04\/Vlada-RH.jpg?fit=1200%2C557&ssl=1&resize=1050%2C600 3x"},"classes":[]},{"id":52666,"url":"https:\/\/historiografija.hr\/?p=52666","url_meta":{"origin":8698,"position":3},"title":"Najava programa Festivala povijesti Kliofest (5-8. V. 2026)","author":"Branimir Jankovi\u0107","date":"24. travnja 2026.","format":false,"excerpt":"Po trinaesti put odr\u017eava se Festival povijesti Kliofest! Do petka \u0107emo odr\u017eati osam okruglih stolova i dva kolokvija te niz predstavljanja knjiga i projekata razli\u010dite tematike, od antike do suvremenosti. Bit \u0107e predstavljeno i nekoliko izlo\u017ebi te odr\u017ean jedan povijesni kviz. Prikazat \u0107emo i jedan film \u2013 o generalu Boroevi\u0107u.\u2026","rel":"","context":"U &quot;Novosti&quot;","block_context":{"text":"Novosti","link":"https:\/\/historiografija.hr\/?cat=3"},"img":{"alt_text":"","src":"https:\/\/i0.wp.com\/historiografija.hr\/wp-content\/uploads\/2026\/04\/Kliofest-2026.jpg?fit=526%2C526&ssl=1&resize=350%2C200","width":350,"height":200,"srcset":"https:\/\/i0.wp.com\/historiografija.hr\/wp-content\/uploads\/2026\/04\/Kliofest-2026.jpg?fit=526%2C526&ssl=1&resize=350%2C200 1x, https:\/\/i0.wp.com\/historiografija.hr\/wp-content\/uploads\/2026\/04\/Kliofest-2026.jpg?fit=526%2C526&ssl=1&resize=525%2C300 1.5x"},"classes":[]},{"id":52499,"url":"https:\/\/historiografija.hr\/?p=52499","url_meta":{"origin":8698,"position":4},"title":"POTPISAN UGOVOR O ZNANSTVENO-ISTRA\u017dIVA\u010cKOJ SURADNJI: PROJEKT \u201eTEMELJI HRVATSKE SAMOSTALNOSTI\u201d","author":"Branimir Jankovi\u0107","date":"17. travnja 2026.","format":false,"excerpt":"Hrvatski institut za povijest, Sveu\u010dili\u0161te obrane i sigurnosti \u201eDr. Franjo Tu\u0111man\u201d, Institut dru\u0161tvenih znanosti Ivo Pilar i Hrvatski dr\u017eavni arhiv\u00a0potpisali su 23. o\u017eujka 2026.\u00a0Ugovor o znanstveno-istra\u017eiva\u010dkoj suradnji s ciljem provedbe projekta \u201eTemelji hrvatske samostalnosti\u201d. Tim projektom obuhva\u0107a se istra\u017eivanje arhivskoga gradiva, priprema znanstvenih publikacija, digitalizacija i javna prezentacija rezultata istra\u017eivanja\u2026","rel":"","context":"U &quot;Novosti&quot;","block_context":{"text":"Novosti","link":"https:\/\/historiografija.hr\/?cat=3"},"img":{"alt_text":"","src":"https:\/\/i0.wp.com\/historiografija.hr\/wp-content\/uploads\/2026\/04\/THS_sporazum.jpg?fit=1200%2C583&ssl=1&resize=350%2C200","width":350,"height":200,"srcset":"https:\/\/i0.wp.com\/historiografija.hr\/wp-content\/uploads\/2026\/04\/THS_sporazum.jpg?fit=1200%2C583&ssl=1&resize=350%2C200 1x, https:\/\/i0.wp.com\/historiografija.hr\/wp-content\/uploads\/2026\/04\/THS_sporazum.jpg?fit=1200%2C583&ssl=1&resize=525%2C300 1.5x, https:\/\/i0.wp.com\/historiografija.hr\/wp-content\/uploads\/2026\/04\/THS_sporazum.jpg?fit=1200%2C583&ssl=1&resize=700%2C400 2x, https:\/\/i0.wp.com\/historiografija.hr\/wp-content\/uploads\/2026\/04\/THS_sporazum.jpg?fit=1200%2C583&ssl=1&resize=1050%2C600 3x"},"classes":[]},{"id":52559,"url":"https:\/\/historiografija.hr\/?p=52559","url_meta":{"origin":8698,"position":5},"title":"Dobitnici dr\u017eavne nagrade za znanost za 2024. godinu","author":"Branimir Jankovi\u0107","date":"20. travnja 2026.","format":false,"excerpt":"Na sjednici Odbora za podjelu dr\u017eavnih nagrada za znanost odr\u017eanoj 16. travnja 2026. godine donesena je Odluka o dodjeli dr\u017eavnih nagrada za znanost za 2024. godinu. Godi\u0161njom nagradom za popularizaciju i promid\u017ebu znanosti nagra\u0111eni su u podru\u010dju humanisti\u010dkih znanosti znanstveni suradnici dr. sc. Josip Mihaljevi\u0107 i dr. sc. Gordan Ravan\u010di\u0107,\u2026","rel":"","context":"U &quot;Novosti&quot;","block_context":{"text":"Novosti","link":"https:\/\/historiografija.hr\/?cat=3"},"img":{"alt_text":"","src":"https:\/\/i0.wp.com\/historiografija.hr\/wp-content\/uploads\/2021\/12\/povijesne-kontroverze.jpg?fit=1200%2C675&ssl=1&resize=350%2C200","width":350,"height":200,"srcset":"https:\/\/i0.wp.com\/historiografija.hr\/wp-content\/uploads\/2021\/12\/povijesne-kontroverze.jpg?fit=1200%2C675&ssl=1&resize=350%2C200 1x, https:\/\/i0.wp.com\/historiografija.hr\/wp-content\/uploads\/2021\/12\/povijesne-kontroverze.jpg?fit=1200%2C675&ssl=1&resize=525%2C300 1.5x, https:\/\/i0.wp.com\/historiografija.hr\/wp-content\/uploads\/2021\/12\/povijesne-kontroverze.jpg?fit=1200%2C675&ssl=1&resize=700%2C400 2x, https:\/\/i0.wp.com\/historiografija.hr\/wp-content\/uploads\/2021\/12\/povijesne-kontroverze.jpg?fit=1200%2C675&ssl=1&resize=1050%2C600 3x"},"classes":[]}],"_links":{"self":[{"href":"https:\/\/historiografija.hr\/index.php?rest_route=\/wp\/v2\/posts\/8698","targetHints":{"allow":["GET"]}}],"collection":[{"href":"https:\/\/historiografija.hr\/index.php?rest_route=\/wp\/v2\/posts"}],"about":[{"href":"https:\/\/historiografija.hr\/index.php?rest_route=\/wp\/v2\/types\/post"}],"author":[{"embeddable":true,"href":"https:\/\/historiografija.hr\/index.php?rest_route=\/wp\/v2\/users\/2"}],"replies":[{"embeddable":true,"href":"https:\/\/historiografija.hr\/index.php?rest_route=%2Fwp%2Fv2%2Fcomments&post=8698"}],"version-history":[{"count":1,"href":"https:\/\/historiografija.hr\/index.php?rest_route=\/wp\/v2\/posts\/8698\/revisions"}],"predecessor-version":[{"id":8700,"href":"https:\/\/historiografija.hr\/index.php?rest_route=\/wp\/v2\/posts\/8698\/revisions\/8700"}],"wp:featuredmedia":[{"embeddable":true,"href":"https:\/\/historiografija.hr\/index.php?rest_route=\/wp\/v2\/media\/8699"}],"wp:attachment":[{"href":"https:\/\/historiografija.hr\/index.php?rest_route=%2Fwp%2Fv2%2Fmedia&parent=8698"}],"wp:term":[{"taxonomy":"category","embeddable":true,"href":"https:\/\/historiografija.hr\/index.php?rest_route=%2Fwp%2Fv2%2Fcategories&post=8698"},{"taxonomy":"post_tag","embeddable":true,"href":"https:\/\/historiografija.hr\/index.php?rest_route=%2Fwp%2Fv2%2Ftags&post=8698"}],"curies":[{"name":"wp","href":"https:\/\/api.w.org\/{rel}","templated":true}]}}