{"id":8663,"date":"2018-03-05T22:39:27","date_gmt":"2018-03-05T22:39:27","guid":{"rendered":"http:\/\/historiografija.hr\/?p=8663"},"modified":"2018-03-05T22:41:23","modified_gmt":"2018-03-05T22:41:23","slug":"ciklus-tribina-sto-godina-od-osnivanja-jugoslavije-srecan-8-mart","status":"publish","type":"post","link":"https:\/\/historiografija.hr\/?p=8663","title":{"rendered":"Ciklus tribina \u201cSto godina od osnivanja Jugoslavije\u201d: Sre\u0107an 8. mart!"},"content":{"rendered":"<p>Tribinom \u201cSre\u0107an 8. mart!\u201d Centar za jugoslovenske studije i Dom omladine Beograd nastavljaju ciklus \u201cSto godina od osnivanja Jugoslavije\u201d obra\u0111uju\u0107i ovoga puta \u201cproblematiku polo\u017eaja \u017eena u jugoslovenskom dru\u0161tvu\u201d.<\/p>\n<p>&nbsp;<\/p>\n<p>&#8212;<\/p>\n<p>&nbsp;<\/p>\n<p>Tribina <strong>Sre\u0107an 8. mart!<\/strong><\/p>\n<p>&nbsp;<\/p>\n<p>Cejus : Centar za jugoslovenske studije<\/p>\n<p>Dom Omladine Beograda<\/p>\n<p>&nbsp;<\/p>\n<p>&nbsp;<\/p>\n<p>U\u010destvuju:<\/p>\n<p>&nbsp;<\/p>\n<p>Miroslava Male\u0161evi\u0107, Etnografski institut SANU<br \/>\nIvana Panteli\u0107, Institut za savremenu istoriju\/ Cejus<br \/>\nIvana Dobrivojevi\u0107, Institut za savremenu istoriju<br \/>\nJelena Milinkovi\u0107, Institut za knji\u017eevnost i umetnost<\/p>\n<p>&nbsp;<\/p>\n<p>Hor Na\u0161a pjesma<\/p>\n<p>&nbsp;<\/p>\n<p>Moderatorka: Lada Stevanovi\u0107, Etnografski institut SANU\/Cejus<\/p>\n<p>&nbsp;<\/p>\n<p>&nbsp;<\/p>\n<p>Tribinom Sre\u0107an 8. mart! koja se ne slu\u010dajno organizuje u martu mesecu kada se obele\u017eava Me\u0111unarodni dan \u017eena, Centar za jugoslovenske studije i Dom omladine Beograd nastavljaju razgovore na temu Sto godina od osnivanja Jugoslavije. U\u010desnice tribine Sre\u0107an 8. mart! poku\u0161a\u0107e da odgovore na brojna pitanja koja zadiru u problematiku polo\u017eaja \u017eena u jugoslovenskom dru\u0161tvu. U fokusu izlaganja go\u0161\u0107i Centra za jugoslovenske studije i Doma omladine Beograd bi\u0107e obi\u010daj proslavljanja 8. marta na ovim prostorima po\u010dev od skromne proslave u Beogradu 1914. godine u organizaciji \u017eenskog radni\u010dkog pokreta, pa do kraja osamdesetih pro\u0161log veka. Bi\u0107e re\u010di o tome na koji na\u010din se smisao i karakter obele\u017eavanja 8. marta menjao u zavisnosti od politi\u010dkih i dru\u0161tvenih okolnosti. Poseban akcenat \u0107e se staviti emancipaciju \u017eena u periodu postojanja socijalisti\u010dke Jugoslavije kroz predo\u010davanje uloge koju su u procesu emancipacije imale biv\u0161e pripadnice Narodnooslobodila\u010dkog pokreta Jugoslavije odnosno partizanke. Proces emancipacije \u017eena i njihovog polo\u017eaja u jugoslovenskom dru\u0161tvu razmatra\u0107e se kroz transformaciju porodi\u010dnih odnosa. Posebna pa\u017enja ce biti posvecena osloba\u0111anju seksualnosti, kontroli ra\u0111anja i naporima dr\u017eave da postepenom liberalizacijom abortusa, a zatim i edukacijom o neophodnosti kori\u0161\u0107enja kontracepcije, stane na put ilegalnim poba\u010dajima, smanji broj smrtnih ishoda i favorizuje \u017eeljeno roditeljstvo. Na kraju, u\u010desnice tribine posebno \u0107e se osvrnuti na vezu \u017eenske knji\u017eevnosti i emancipacije odnosno kako se procesi osvajanja \u017eenskih sloboda vide u knji\u017eevnim tekstovima.<\/p>\n<p>&nbsp;<\/p>\n<p>&nbsp;<\/p>\n<p>O u\u010desnicama tribine:<\/p>\n<p>&nbsp;<\/p>\n<p>&nbsp;<\/p>\n<p>Miroslava Male\u0161evi\u0107 (1956) je bila dugogodi\u0161nja saradnica Etnografskog instituta SANU. U svom radu uglavnom se bavila pitanjima polo\u017eaja \u017eena u balkanskoj patrijarhalnoj tradiciji, kao i u savremenoj kulturi, te pitanjima nacionalizma i politika identiteta. Autorka je monografija: Ritualizacija socijalnog razvoja \u017eene (1986), Didara \u2013 \u017eivotna pri\u010da jedne Prizrenke (2004), \u017densko (2007), Ima li nacija na planeti Ribok? (2011).<\/p>\n<p>&nbsp;<\/p>\n<p>&nbsp;<\/p>\n<p>Ivana Panteli\u0107 (1977) je nau\u010dna saradnica Instituta za savremenu istoriju i jedna od osniva\u010dica Centra za jugoslovenske studije. Bavi se prou\u010davanjem istorije roda, a posebno procesima emancipacije \u017eena tokom 20. veka. Autorka je monografije Partizanke kao gra\u0111anke \u2013 dru\u0161tvena emancipacija partizanki u Srbiji 1945\u20131953. Sa Danilom \u0160arencem objavila je monografiju Dve polovine se\u0107anja: partizanski dnevnici kao izvor za istoriju Drugog svetskog rata. Bila je urednica i koautorka, sa Ljubinkom \u0160kodri\u0107 i Jelenom Milinkovi\u0107, knjige Dvadeset \u017eena koje su obele\u017eile 20. vek u Srbiji. U \u0161tampi je monografija o Jovanki Broz.<\/p>\n<p>&nbsp;<\/p>\n<p>&nbsp;<\/p>\n<p>Ivana Dobrivojevi\u0107 Tomi\u0107 (1975) je vi\u0161a nau\u010dna saradnica Instituta za savremenu istoriju. Bavi se politi\u010dkom i dru\u0161tvenom istorijom Jugoslavije sa posebnim osvrtom na dr\u017eavnu represiju u periodu postojanja Jugoslavije kao kraljevine i procese koji su pratili transformaciju jugoslovenskog dru\u0161tva u periodu postojanja socijalisti\u010dke Jugoslavije. Jedna je od autorki izlo\u017ebi: Jugoslavija od po\u010detka do kraja (Muzej Jugoslavije) i Nikad im nije bilo bolje. Modernizacija svakodnevnog \u017eivota u socijalisti\u010dkoj Jugoslaviji (Muzej Jugoslavije). Autorka je monografija: Dr\u017eavna represija u doba diktature kralja Aleksandra (1929 \u2013 1935) (2006) i Selo i grad. Transformacija agrarnog dru\u0161tva Srbije 1945 \u2013 1955. (2013). Trenutno radi na knjizi o planiranju porodice u socijalisti\u010dkoj Jugoslaviji.<\/p>\n<p>&nbsp;<\/p>\n<p>&nbsp;<\/p>\n<p>Jelena Milinkovi\u0107 (1981) je nau\u010dna saradnica Instituta za knji\u017eevnost i umetnost. Koautorka je knjige Dvadeset \u017eena koje su obele\u017eile XX vek u Srbiji (2013). Jedna je od urednica zbornika Nova realnost iz sopstvene sobe, knji\u017eevno stvarala\u0161tvo Milice Jankovi\u0107 (2015). \u010clanica je redakcije Knji\u017eenstva, \u010dasopisa za studije knji\u017eevnosti, roda i kulture. Koordinatorka je i jedna od autorki baze podataka Knji\u017eenstvo.<\/p>\n<p>&nbsp;<\/p>\n<p>Hor Na\u0161a pjesma je antifa\u0161isti\u010dki hor koji postoji od 2016. godine. \u010clanovi i \u010dlanice hora pevaju partizanske, revolucionarne i masovne pesme.<\/p>\n<p>&nbsp;<\/p>\n<p>&nbsp;<\/p>\n<p>O moderatorki:<\/p>\n<p>&nbsp;<\/p>\n<p>&nbsp;<\/p>\n<p>Lada Stevanovi\u0107 (1974) je vi\u0161a nau\u010dna saradnica Etnografskog instituta SANU i jedna od osniva\u010dica Centra za jugoslovenske studije. Izme\u0111u ostalog, bavi se pam\u0107enjem i nacionalnim identitetom odnosno pre svega na\u010dinom na koji je konstruisano jugoslovenstvo. Autorka je monografije Laughing at the Funeral: Gender and Anthropology in the Greek Funerary Rites (2009).<\/p>\n<p>&nbsp;<\/p>\n<p>&nbsp;<\/p>\n<p>Izvor:<\/p>\n<p>&nbsp;<\/p>\n<p><a href=\"https:\/\/www.facebook.com\/events\/515963242137913\/\">https:\/\/www.facebook.com\/events\/515963242137913\/<\/a><\/p>\n<p>&nbsp;<\/p>\n<p><a href=\"https:\/\/www.facebook.com\/cejus.jus\/\">https:\/\/www.facebook.com\/cejus.jus\/<\/a><\/p>\n<p>&nbsp;<\/p>\n<p>&nbsp;<\/p>\n<p>&nbsp;<\/p>\n<p>&nbsp;<\/p>\n<p>&nbsp;<\/p>\n<p>&nbsp;<\/p>\n","protected":false},"excerpt":{"rendered":"","protected":false},"author":2,"featured_media":8664,"comment_status":"open","ping_status":"open","sticky":false,"template":"","format":"standard","meta":{"_acf_changed":false,"jetpack_post_was_ever_published":false,"_jetpack_newsletter_access":"","_jetpack_dont_email_post_to_subs":false,"_jetpack_newsletter_tier_id":0,"_jetpack_memberships_contains_paywalled_content":false,"_jetpack_memberships_contains_paid_content":false,"footnotes":"","jetpack_publicize_message":"","jetpack_publicize_feature_enabled":true,"jetpack_social_post_already_shared":true,"jetpack_social_options":{"image_generator_settings":{"template":"highway","default_image_id":0,"font":"","enabled":false},"version":2}},"categories":[3],"tags":[],"class_list":["post-8663","post","type-post","status-publish","format-standard","has-post-thumbnail","hentry","category-novosti"],"acf":{"facebook_opis":""},"jetpack_publicize_connections":[],"jetpack_featured_media_url":"https:\/\/i0.wp.com\/historiografija.hr\/wp-content\/uploads\/2018\/03\/Tribina-8-mart.jpg?fit=960%2C458&ssl=1","jetpack_sharing_enabled":true,"jetpack-related-posts":[{"id":52657,"url":"https:\/\/historiografija.hr\/?p=52657","url_meta":{"origin":8663,"position":0},"title":"[Predavanje] Jezik i drugost u (post)socijalisti\u010dkoj Srbiji: diskurzivne politike identiteta (YugoLab)","author":"Branimir Jankovi\u0107","date":"24. travnja 2026.","format":false,"excerpt":"U sklopu projekta Prizma \/ IMAGINATION (\u201eZami\u0161ljanje nacije: srpski nacionalni narativi u sporu (XX\u2013XXI vek)\u201c), koji se realizuje na Institutu za filozofiju i dru\u0161tvenu teoriju Univerziteta u Beogradu (2024\u20132027) uz finansijsku podr\u0161ku Fonda za nauku Republike Srbije, organizuje se serija predavanja na kojoj istra\u017eiva\u010di i istra\u017eiva\u010dice projekta predstavljaju rezultate svojih\u2026","rel":"","context":"U &quot;Novosti&quot;","block_context":{"text":"Novosti","link":"https:\/\/historiografija.hr\/?cat=3"},"img":{"alt_text":"","src":"https:\/\/i0.wp.com\/historiografija.hr\/wp-content\/uploads\/2026\/04\/IFDT_28_IV.png?fit=1200%2C675&ssl=1&resize=350%2C200","width":350,"height":200,"srcset":"https:\/\/i0.wp.com\/historiografija.hr\/wp-content\/uploads\/2026\/04\/IFDT_28_IV.png?fit=1200%2C675&ssl=1&resize=350%2C200 1x, https:\/\/i0.wp.com\/historiografija.hr\/wp-content\/uploads\/2026\/04\/IFDT_28_IV.png?fit=1200%2C675&ssl=1&resize=525%2C300 1.5x, https:\/\/i0.wp.com\/historiografija.hr\/wp-content\/uploads\/2026\/04\/IFDT_28_IV.png?fit=1200%2C675&ssl=1&resize=700%2C400 2x, https:\/\/i0.wp.com\/historiografija.hr\/wp-content\/uploads\/2026\/04\/IFDT_28_IV.png?fit=1200%2C675&ssl=1&resize=1050%2C600 3x"},"classes":[]},{"id":52631,"url":"https:\/\/historiografija.hr\/?p=52631","url_meta":{"origin":8663,"position":1},"title":"Predavanje Ivana Tepe\u0161a: Djelovanje hrvatske politi\u010dke emigracije","author":"Branimir Jankovi\u0107","date":"23. travnja 2026.","format":false,"excerpt":"Odjel za me\u0111unarodnu suradnju i iseljeni\u0161tvo Matice hrvatske Predavanje Ivana Tepe\u0161a: Djelovanje hrvatske politi\u010dke emigracije Utorak, 28. travnja 2026. u 18:00 sati, Dvorana Ljudevita Jonkea (Mala dvorana MH), Strossmayerov trg 4, Zagreb dr. sc. Ivan Tepe\u0161, Institut za istra\u017eivanje migracija Hrvatska politi\u010dka emigracija obilje\u017eila je polustoljetnu hrvatsku povijest u drugoj\u2026","rel":"","context":"U &quot;Novosti&quot;","block_context":{"text":"Novosti","link":"https:\/\/historiografija.hr\/?cat=3"},"img":{"alt_text":"","src":"","width":0,"height":0},"classes":[]},{"id":52502,"url":"https:\/\/historiografija.hr\/?p=52502","url_meta":{"origin":8663,"position":2},"title":"Novi znanstveni projekt Hrvatskog instituta za povijest: \u201c\u017drtve ratova i dr\u017eavnog\/politi\u010dkog nasilja u hrvatskoj povijesti 20. stolje\u0107a\u201d","author":"Branimir Jankovi\u0107","date":"17. travnja 2026.","format":false,"excerpt":"Na redovitoj sjednici Vlade RH, 16. travnja 2026., donijet je Zaklju\u010dak kojim se pokre\u0107e znanstveni projekt \u201c\u017drtve ratova i dr\u017eavnog\/politi\u010dkog nasilja u hrvatskoj povijesti 20. stolje\u0107a\u201d. Projekt \u0107e provoditi i koordinirati Hrvatski institut za povijest u razdoblju trajanja projekta od pet godina. Zakljucak Vlade RH Iz teksta projektnog prijedloga: Problematika\u2026","rel":"","context":"U &quot;Novosti&quot;","block_context":{"text":"Novosti","link":"https:\/\/historiografija.hr\/?cat=3"},"img":{"alt_text":"","src":"https:\/\/i0.wp.com\/historiografija.hr\/wp-content\/uploads\/2026\/04\/Vlada-RH.jpg?fit=1200%2C557&ssl=1&resize=350%2C200","width":350,"height":200,"srcset":"https:\/\/i0.wp.com\/historiografija.hr\/wp-content\/uploads\/2026\/04\/Vlada-RH.jpg?fit=1200%2C557&ssl=1&resize=350%2C200 1x, https:\/\/i0.wp.com\/historiografija.hr\/wp-content\/uploads\/2026\/04\/Vlada-RH.jpg?fit=1200%2C557&ssl=1&resize=525%2C300 1.5x, https:\/\/i0.wp.com\/historiografija.hr\/wp-content\/uploads\/2026\/04\/Vlada-RH.jpg?fit=1200%2C557&ssl=1&resize=700%2C400 2x, https:\/\/i0.wp.com\/historiografija.hr\/wp-content\/uploads\/2026\/04\/Vlada-RH.jpg?fit=1200%2C557&ssl=1&resize=1050%2C600 3x"},"classes":[]},{"id":52666,"url":"https:\/\/historiografija.hr\/?p=52666","url_meta":{"origin":8663,"position":3},"title":"Najava programa Festivala povijesti Kliofest (5-8. V. 2026)","author":"Branimir Jankovi\u0107","date":"24. travnja 2026.","format":false,"excerpt":"Po trinaesti put odr\u017eava se Festival povijesti Kliofest! Do petka \u0107emo odr\u017eati osam okruglih stolova i dva kolokvija te niz predstavljanja knjiga i projekata razli\u010dite tematike, od antike do suvremenosti. Bit \u0107e predstavljeno i nekoliko izlo\u017ebi te odr\u017ean jedan povijesni kviz. Prikazat \u0107emo i jedan film \u2013 o generalu Boroevi\u0107u.\u2026","rel":"","context":"U &quot;Novosti&quot;","block_context":{"text":"Novosti","link":"https:\/\/historiografija.hr\/?cat=3"},"img":{"alt_text":"","src":"https:\/\/i0.wp.com\/historiografija.hr\/wp-content\/uploads\/2026\/04\/Kliofest-2026.jpg?fit=526%2C526&ssl=1&resize=350%2C200","width":350,"height":200,"srcset":"https:\/\/i0.wp.com\/historiografija.hr\/wp-content\/uploads\/2026\/04\/Kliofest-2026.jpg?fit=526%2C526&ssl=1&resize=350%2C200 1x, https:\/\/i0.wp.com\/historiografija.hr\/wp-content\/uploads\/2026\/04\/Kliofest-2026.jpg?fit=526%2C526&ssl=1&resize=525%2C300 1.5x"},"classes":[]},{"id":52536,"url":"https:\/\/historiografija.hr\/?p=52536","url_meta":{"origin":8663,"position":4},"title":"Kader Abdolah, \u201ePrije nego \u0161to bude kasno\u201c","author":"Branimir Jankovi\u0107","date":"20. travnja 2026.","format":false,"excerpt":"Kader Abdolah \u017eeli se vratiti ku\u0107i. Ali povratak je nemogu\u0107: u Iranu bi bio uhap\u0161en. Pod la\u017enim imenom i s krivotvorenim paso\u0161em ipak uspijeva u\u0107i u domovinu i sti\u017ee do roditeljske ku\u0107e, visoko u planinama. Majka ga ne prepoznaje, otac je mrtav, a sve \u0161to je tra\u017eio izmi\u010de mu pred\u2026","rel":"","context":"U &quot;Novosti&quot;","block_context":{"text":"Novosti","link":"https:\/\/historiografija.hr\/?cat=3"},"img":{"alt_text":"","src":"https:\/\/i0.wp.com\/historiografija.hr\/wp-content\/uploads\/2026\/04\/Prije-nego-sto-bude-kasno.webp?fit=566%2C872&ssl=1&resize=350%2C200","width":350,"height":200,"srcset":"https:\/\/i0.wp.com\/historiografija.hr\/wp-content\/uploads\/2026\/04\/Prije-nego-sto-bude-kasno.webp?fit=566%2C872&ssl=1&resize=350%2C200 1x, https:\/\/i0.wp.com\/historiografija.hr\/wp-content\/uploads\/2026\/04\/Prije-nego-sto-bude-kasno.webp?fit=566%2C872&ssl=1&resize=525%2C300 1.5x"},"classes":[]},{"id":52528,"url":"https:\/\/historiografija.hr\/?p=52528","url_meta":{"origin":8663,"position":5},"title":"[Promocija knjige] Banja Luka u ratu: Etnopolitika i svakodnevica (1990\u20131995) (ActiveLab, YugoLab)","author":"Branimir Jankovi\u0107","date":"17. travnja 2026.","format":false,"excerpt":"Institut za filozofiju i dru\u0161tvenu teoriju i O\u0161tra Nula organizuju promociju knjige Banja Luka u ratu: Etnopolitika i svakodnevica (1990\u20131995) autorke Armine Galija\u0161, koja \u0107e se odr\u017eati 20. aprila 2026. u 12.00 sati u prostorijama Instituta (Kraljice Natalije 45, Beograd). Re\u010d je o prvom nau\u010dno utemeljenom i sistematskom radu koji\u2026","rel":"","context":"U &quot;Novosti&quot;","block_context":{"text":"Novosti","link":"https:\/\/historiografija.hr\/?cat=3"},"img":{"alt_text":"","src":"https:\/\/i0.wp.com\/historiografija.hr\/wp-content\/uploads\/2026\/04\/20-april-RS.jpg?fit=1200%2C675&ssl=1&resize=350%2C200","width":350,"height":200,"srcset":"https:\/\/i0.wp.com\/historiografija.hr\/wp-content\/uploads\/2026\/04\/20-april-RS.jpg?fit=1200%2C675&ssl=1&resize=350%2C200 1x, https:\/\/i0.wp.com\/historiografija.hr\/wp-content\/uploads\/2026\/04\/20-april-RS.jpg?fit=1200%2C675&ssl=1&resize=525%2C300 1.5x, https:\/\/i0.wp.com\/historiografija.hr\/wp-content\/uploads\/2026\/04\/20-april-RS.jpg?fit=1200%2C675&ssl=1&resize=700%2C400 2x, https:\/\/i0.wp.com\/historiografija.hr\/wp-content\/uploads\/2026\/04\/20-april-RS.jpg?fit=1200%2C675&ssl=1&resize=1050%2C600 3x"},"classes":[]}],"_links":{"self":[{"href":"https:\/\/historiografija.hr\/index.php?rest_route=\/wp\/v2\/posts\/8663","targetHints":{"allow":["GET"]}}],"collection":[{"href":"https:\/\/historiografija.hr\/index.php?rest_route=\/wp\/v2\/posts"}],"about":[{"href":"https:\/\/historiografija.hr\/index.php?rest_route=\/wp\/v2\/types\/post"}],"author":[{"embeddable":true,"href":"https:\/\/historiografija.hr\/index.php?rest_route=\/wp\/v2\/users\/2"}],"replies":[{"embeddable":true,"href":"https:\/\/historiografija.hr\/index.php?rest_route=%2Fwp%2Fv2%2Fcomments&post=8663"}],"version-history":[{"count":3,"href":"https:\/\/historiografija.hr\/index.php?rest_route=\/wp\/v2\/posts\/8663\/revisions"}],"predecessor-version":[{"id":8667,"href":"https:\/\/historiografija.hr\/index.php?rest_route=\/wp\/v2\/posts\/8663\/revisions\/8667"}],"wp:featuredmedia":[{"embeddable":true,"href":"https:\/\/historiografija.hr\/index.php?rest_route=\/wp\/v2\/media\/8664"}],"wp:attachment":[{"href":"https:\/\/historiografija.hr\/index.php?rest_route=%2Fwp%2Fv2%2Fmedia&parent=8663"}],"wp:term":[{"taxonomy":"category","embeddable":true,"href":"https:\/\/historiografija.hr\/index.php?rest_route=%2Fwp%2Fv2%2Fcategories&post=8663"},{"taxonomy":"post_tag","embeddable":true,"href":"https:\/\/historiografija.hr\/index.php?rest_route=%2Fwp%2Fv2%2Ftags&post=8663"}],"curies":[{"name":"wp","href":"https:\/\/api.w.org\/{rel}","templated":true}]}}