{"id":8660,"date":"2018-03-05T22:27:36","date_gmt":"2018-03-05T22:27:36","guid":{"rendered":"http:\/\/historiografija.hr\/?p=8660"},"modified":"2018-03-05T22:27:36","modified_gmt":"2018-03-05T22:27:36","slug":"predstavljanje-web-stranice-hrvatskog-povijesnog-muzeja-sjecanja-na-20-stoljece","status":"publish","type":"post","link":"https:\/\/historiografija.hr\/?p=8660","title":{"rendered":"Predstavljanje web-stranice Hrvatskog povijesnog muzeja \u201cSje\u0107anja na 20. stolje\u0107e\u201d"},"content":{"rendered":"<p>Predstavljanje internetske stranice Hrvatskog povijesnog muzeja \u201cSje\u0107anja na 20. stolje\u0107e: Izbor dokumenata iz osobnih i obiteljskih ostav\u0161tina HPM-a\u201d odr\u017eat \u0107e se u \u010detvrtak, 8. o\u017eujka 2018. u 11 sati u Muzejskom dokumentacijskom centru u Zagrebu.<\/p>\n<p>&nbsp;<\/p>\n<p>&nbsp;<\/p>\n<p>&#8212;<\/p>\n<p>&nbsp;<\/p>\n<p>&nbsp;<\/p>\n<p><strong>Novi web projekt \u2013 kontroverzno stolje\u0107e kroz sudbine obi\u010dnih ljudi<\/strong><\/p>\n<p>&nbsp;<\/p>\n<p>Predstavljanje web stranice Hrvatskog povijesnog muzeja pod nazivom <strong><em>Sje\u0107anja na 20. stolje\u0107e: Izbor dokumenata iz osobnih i obiteljskih ostav\u0161tina HPM-a<\/em><\/strong>, odr\u017eat \u0107e se u \u010detvrtak 8. o\u017eujka 2018., u 11 sati, u prostorijama Muzejskog dokumentacijskog centra u Zagrebu. O web stranicama \u0107e, uz autoricu dr. sc. Dubravku Pei\u0107 \u010caldarovi\u0107, muzejsku savjetnicu u Hrvatskom povijesnom muzeju, govoriti i dr. sc. Goran Zlodi s Odsjeka za informacijske i komunikacijske znanosti Filozofskog fakulteta u Zagrebu.<\/p>\n<p>&nbsp;<\/p>\n<p>&nbsp;<\/p>\n<p>Nova web stranica koncipirana je kao virtualni katalog koji ilustrira sudbine stanovnika hrvatskoga kulturno-povijesnog prostora u dinami\u010dnim i kontroverznim doga\u0111anjima 20. stolje\u0107a \u2013slom Austro-Ugarske Monarhije, svakodnevni \u017eivot stanovnika me\u0111uratne Hrvatske u okviru nove jugoslavenske dr\u017eave (1918. \u2013 1941.), te\u0161ko naslije\u0111e II. svjetskog rata (iskustva zato\u010denika fa\u0161isti\u010dkih logora, boraca NOP-a i stanovnika NDH), politi\u010dki progoni i izolacija stradalnika iz poslijeratnog komunisti\u010dkog perioda jugoslavenske povijesti (KP domovi i Goli otok), neke su od tematskih cjelina koje prikazuju dru\u0161tveno-politi\u010dki i kulturni \u017eivot Hrvatske u spomenutom periodu.<\/p>\n<p>&nbsp;<\/p>\n<p>&nbsp;<\/p>\n<p>Korisnicima je omogu\u0107en uvid u jedinstvena i autenti\u010dna svjedo\u010danstva o stolje\u0107u obilje\u017eenom u\u010destalim krizama, uklju\u010duju\u0107i i dva svjetska rata, procesima dubokog raslojavanja u gotovo svim aspektima \u017eivota, neravnomjernom raspodjelom prirodnih resursa i privrednog bogatstva. U tom kontekstu izlo\u017eena gra\u0111a osvr\u0107e se i na promjene tradicionalnih dru\u0161tvenih vrijednosti i formiranje novog senzibiliteta, promi\u0161ljanje novih uloga i na\u010dina identifikacije pojedinaca unutar zajednice, velike pomake u razvoju znanosti i tehnologije kao i na promijenjen odnos \u010dovjeka prema prirodnom okoli\u0161u.<\/p>\n<p>&nbsp;<\/p>\n<p>&nbsp;<\/p>\n<p>Prezentirana gra\u0111a sadr\u017ei vi\u0161e od 1.000 originalnih dokumenata iz ostav\u0161tina 5 razli\u010ditih obitelji \u2013 Baj, Javor\u0161ek, Sudar, Kumi\u010di\u0107 i \u0160vob, te 4 osobne ostav\u0161tine \u2013 dr. Milivoja Jambri\u0161aka, dr. Anke Mati\u0107, Antuna Antolovi\u0107a i Hrvoja Macanovi\u0107a, koji donose zapise o \u017eivotima pojedinaca, njihove uspomene, osobne dokumente i sje\u0107anja. Stru\u010dnjaci iz Hrvatskog povijesnog muzeja pri odabiru navedenih ostav\u0161tina vodili su ra\u010duna o tome da svaka od njih sadr\u017eajnom i tematskom raznoliko\u0161\u0107u reprezentira jednu od najopse\u017enijih zbirki Muzeja te da sve zajedno kronolo\u0161ki obuhva\u0107aju cijelo 20. stolje\u0107e i istovremeno ilustriraju klju\u010dne doga\u0111aje i pojave hrvatske novije povijesti sa stajali\u0161ta osobnih do\u017eivljaja razli\u010ditih kategorija njezina stanovni\u0161tva.<\/p>\n<p>&nbsp;<\/p>\n<p>&nbsp;<\/p>\n<p>S obzirom na obim i sadr\u017eaj, ovaj virtualni katalog namijenjen je stru\u010dnjacima dru\u0161tveno-humanisti\u010dkih profesija, posebice povjesni\u010darima, zatim studentima, nastavnicima povijesti, u\u010denicima srednjih \u0161kola i polaznicima povijesnih grupa u osnovnim \u0161kolama, ali i svim ostalim dru\u0161tvenim, profesionalnim i dobnim skupinama zainteresiranim za istra\u017eivanje povijesnih korijena aktualnih pojava i procesa koji direktno utje\u010du na na\u010din njihova suvremenog \u017eivota.<\/p>\n<p>&nbsp;<\/p>\n<p>&nbsp;<\/p>\n<p>Vi\u0161e o projektu mo\u017eete pogledati na stranicama Hrvatskog povijesnog muzeja:<\/p>\n<p>&nbsp;<\/p>\n<p>&nbsp;<\/p>\n<p><a href=\"http:\/\/sjecanjana20st.hismus.hr\/\">http:\/\/sjecanjana20st.hismus.hr\/<\/a><\/p>\n<p>&nbsp;<\/p>\n<p>&nbsp;<\/p>\n<p>Izvor: <a href=\"http:\/\/mdc.hr\/hr\/mdc\/publikacije\/newsletter\/newsletter-27-2-2018\/#HPM\">http:\/\/mdc.hr\/hr\/mdc\/publikacije\/newsletter\/newsletter-27-2-2018\/#HPM<\/a><\/p>\n<p>&nbsp;<\/p>\n<p>&nbsp;<\/p>\n","protected":false},"excerpt":{"rendered":"","protected":false},"author":2,"featured_media":8661,"comment_status":"open","ping_status":"open","sticky":false,"template":"","format":"standard","meta":{"_acf_changed":false,"jetpack_post_was_ever_published":false,"_jetpack_newsletter_access":"","_jetpack_dont_email_post_to_subs":false,"_jetpack_newsletter_tier_id":0,"_jetpack_memberships_contains_paywalled_content":false,"_jetpack_memberships_contains_paid_content":false,"footnotes":"","jetpack_publicize_message":"","jetpack_publicize_feature_enabled":true,"jetpack_social_post_already_shared":true,"jetpack_social_options":{"image_generator_settings":{"template":"highway","default_image_id":0,"font":"","enabled":false},"version":2}},"categories":[3],"tags":[],"class_list":["post-8660","post","type-post","status-publish","format-standard","has-post-thumbnail","hentry","category-novosti"],"acf":{"facebook_opis":""},"jetpack_publicize_connections":[],"jetpack_featured_media_url":"https:\/\/i0.wp.com\/historiografija.hr\/wp-content\/uploads\/2018\/03\/2.jpg?fit=540%2C360&ssl=1","jetpack_sharing_enabled":true,"jetpack-related-posts":[{"id":52675,"url":"https:\/\/historiografija.hr\/?p=52675","url_meta":{"origin":8660,"position":0},"title":"Predstavljanje knjige Luke Peji\u0107a &#8220;U taboru anarhista: \u017divot Ivana Zeppa&#8221; u Osijeku","author":"Branimir Jankovi\u0107","date":"27. travnja 2026.","format":false,"excerpt":"U \u010detvrtak, 30. travnja 2026.\u00a0u\u00a019.00 sati\u00a0u Klubu knji\u017eare Nova\u00a0(Trg Ante Star\u010devi\u0107a 4, Osijek) odr\u017eat \u0107e se predstavljanje nove knjige Luke Peji\u0107a U taboru anarhista: \u017divot Ivana Zeppa (DAF, 2025.). Uz autora o knjizi \u0107e govoriti recenzent i povjesni\u010dar Nikola Toma\u0161egovi\u0107 te povjesni\u010darka Ana Rajkovi\u0107 Peji\u0107. Razgovor \u0107e moderirati doktorandica\u00a0Valentina Kezi\u0107.\u2026","rel":"","context":"U &quot;Novosti&quot;","block_context":{"text":"Novosti","link":"https:\/\/historiografija.hr\/?cat=3"},"img":{"alt_text":"","src":"https:\/\/i0.wp.com\/historiografija.hr\/wp-content\/uploads\/2025\/11\/Pejic.jpg?fit=574%2C790&ssl=1&resize=350%2C200","width":350,"height":200,"srcset":"https:\/\/i0.wp.com\/historiografija.hr\/wp-content\/uploads\/2025\/11\/Pejic.jpg?fit=574%2C790&ssl=1&resize=350%2C200 1x, https:\/\/i0.wp.com\/historiografija.hr\/wp-content\/uploads\/2025\/11\/Pejic.jpg?fit=574%2C790&ssl=1&resize=525%2C300 1.5x"},"classes":[]},{"id":52520,"url":"https:\/\/historiografija.hr\/?p=52520","url_meta":{"origin":8660,"position":1},"title":"Predstavljanje knjige &#8220;Socialist Economics in Yugoslavia: A Critical History&#8221; u Zagrebu","author":"Branimir Jankovi\u0107","date":"17. travnja 2026.","format":false,"excerpt":"Pozivamo vas na predstavljanje knjige \"Socialist Economics in Yugoslavia: A Critical History\", autora Mislava \u00a0\u017ditka i Marka Grde\u0161i\u0107a (Routledge, 2026). Na predstavljanju \u0107e govoriti Branko Milanovi\u0107 (CUNY), Milica Uvali\u0107 (EUI), Zdravko Petak (FPZG) te autori.\u00a0 Predstavljanje \u0107e se odr\u017eati u srijedu 22. travnja u 16:00 sati na Fakultetu politi\u010dkih znanosti\u2026","rel":"","context":"U &quot;Novosti&quot;","block_context":{"text":"Novosti","link":"https:\/\/historiografija.hr\/?cat=3"},"img":{"alt_text":"","src":"https:\/\/i0.wp.com\/historiografija.hr\/wp-content\/uploads\/2026\/04\/Poziv-na-predstavljanje.png?fit=800%2C652&ssl=1&resize=350%2C200","width":350,"height":200,"srcset":"https:\/\/i0.wp.com\/historiografija.hr\/wp-content\/uploads\/2026\/04\/Poziv-na-predstavljanje.png?fit=800%2C652&ssl=1&resize=350%2C200 1x, https:\/\/i0.wp.com\/historiografija.hr\/wp-content\/uploads\/2026\/04\/Poziv-na-predstavljanje.png?fit=800%2C652&ssl=1&resize=525%2C300 1.5x, https:\/\/i0.wp.com\/historiografija.hr\/wp-content\/uploads\/2026\/04\/Poziv-na-predstavljanje.png?fit=800%2C652&ssl=1&resize=700%2C400 2x"},"classes":[]},{"id":52573,"url":"https:\/\/historiografija.hr\/?p=52573","url_meta":{"origin":8660,"position":2},"title":"Znanstvena konferencija &#8220;Filozofija odgoja: povijest, praksa, perspektive&#8221;","author":"Branimir Jankovi\u0107","date":"21. travnja 2026.","format":false,"excerpt":"Znanstvena konferencija \"Filozofija odgoja: povijest, praksa, perspektive\" odr\u017eat \u0107e se 23. i 24. travnja 2026. u Konferencijskoj dvorani Knji\u017enice Filozofskog fakulteta u Zagrebu (2. kat).\u00a0Konferencija je organizirana u okviru projekta\u00a0SUMKOS (voditeljica prof. dr. sc. Ivana Zagorac, financiran\u00a0sredstvima NextGenerationEU), uz potporu Odsjeka za filozofiju.\u00a0 Uz izlaga\u010dki dio, konferencija obuhva\u0107a i izlo\u017ebu\u2026","rel":"","context":"U &quot;Novosti&quot;","block_context":{"text":"Novosti","link":"https:\/\/historiografija.hr\/?cat=3"},"img":{"alt_text":"","src":"","width":0,"height":0},"classes":[]},{"id":52613,"url":"https:\/\/historiografija.hr\/?p=52613","url_meta":{"origin":8660,"position":3},"title":"No\u0107 knjige u Hrvatskom dr\u017eavnom arhivu","author":"Branimir Jankovi\u0107","date":"22. travnja 2026.","format":false,"excerpt":"Predstavljanje knjige Rajke Bu\u0107in \u201dLije\u010denje i zbrinjavanje \u017didova u Bolnici sestara milosrdnica u Zagrebu 1941. \u2013 1945.\u201d u \u010detvrtak, 23. travnja 2026. u 13 sati u Hrvatskom dr\u017eavnom arhivu u Zagrebu. Izvor: https:\/\/www.arhiv.hr\/hr-hr\/Kulturno-prosvjetne-aktivnosti\/ArticleId\/1986\/oamid\/1633","rel":"","context":"U &quot;Novosti&quot;","block_context":{"text":"Novosti","link":"https:\/\/historiografija.hr\/?cat=3"},"img":{"alt_text":"","src":"https:\/\/i0.wp.com\/historiografija.hr\/wp-content\/uploads\/2026\/04\/noc_knjige_2026.jpg?fit=680%2C276&ssl=1&resize=350%2C200","width":350,"height":200,"srcset":"https:\/\/i0.wp.com\/historiografija.hr\/wp-content\/uploads\/2026\/04\/noc_knjige_2026.jpg?fit=680%2C276&ssl=1&resize=350%2C200 1x, https:\/\/i0.wp.com\/historiografija.hr\/wp-content\/uploads\/2026\/04\/noc_knjige_2026.jpg?fit=680%2C276&ssl=1&resize=525%2C300 1.5x"},"classes":[]},{"id":52666,"url":"https:\/\/historiografija.hr\/?p=52666","url_meta":{"origin":8660,"position":4},"title":"Najava programa Festivala povijesti Kliofest (5-8. V. 2026)","author":"Branimir Jankovi\u0107","date":"24. travnja 2026.","format":false,"excerpt":"Po trinaesti put odr\u017eava se Festival povijesti Kliofest! Do petka \u0107emo odr\u017eati osam okruglih stolova i dva kolokvija te niz predstavljanja knjiga i projekata razli\u010dite tematike, od antike do suvremenosti. Bit \u0107e predstavljeno i nekoliko izlo\u017ebi te odr\u017ean jedan povijesni kviz. Prikazat \u0107emo i jedan film \u2013 o generalu Boroevi\u0107u.\u2026","rel":"","context":"U &quot;Novosti&quot;","block_context":{"text":"Novosti","link":"https:\/\/historiografija.hr\/?cat=3"},"img":{"alt_text":"","src":"https:\/\/i0.wp.com\/historiografija.hr\/wp-content\/uploads\/2026\/04\/Kliofest-2026.jpg?fit=526%2C526&ssl=1&resize=350%2C200","width":350,"height":200,"srcset":"https:\/\/i0.wp.com\/historiografija.hr\/wp-content\/uploads\/2026\/04\/Kliofest-2026.jpg?fit=526%2C526&ssl=1&resize=350%2C200 1x, https:\/\/i0.wp.com\/historiografija.hr\/wp-content\/uploads\/2026\/04\/Kliofest-2026.jpg?fit=526%2C526&ssl=1&resize=525%2C300 1.5x"},"classes":[]},{"id":52633,"url":"https:\/\/historiografija.hr\/?p=52633","url_meta":{"origin":8660,"position":5},"title":"POVIJEST TRE\u0160NJEVA\u010cKE GLAZBE: prikupljanje virtualnog fundusa Muzeja susjedstva Tre\u0161njevka","author":"Branimir Jankovi\u0107","date":"23. travnja 2026.","format":false,"excerpt":"utorak 28. 4. 2026. 14 - 18 h Nova BAZA, Nova cesta 66, Zagreb Prvi su dani ljeta 1957. godine. Bo\u017eica Kalafati\u0107 poha\u0111a drugi razred Osnovne \u0161kole Bratstvo i jedinstvo, danas kralja Tomislava, a ide i na muzi\u010dke satove u Mo\u0161\u0107eni\u010dkoj ulici. Na fotografiji s harmonikom u rukama stoji u\u2026","rel":"","context":"U &quot;Novosti&quot;","block_context":{"text":"Novosti","link":"https:\/\/historiografija.hr\/?cat=3"},"img":{"alt_text":"","src":"https:\/\/i0.wp.com\/historiografija.hr\/wp-content\/uploads\/2026\/04\/MST_prikupljanje.jpg?fit=380%2C475&ssl=1&resize=350%2C200","width":350,"height":200},"classes":[]}],"_links":{"self":[{"href":"https:\/\/historiografija.hr\/index.php?rest_route=\/wp\/v2\/posts\/8660","targetHints":{"allow":["GET"]}}],"collection":[{"href":"https:\/\/historiografija.hr\/index.php?rest_route=\/wp\/v2\/posts"}],"about":[{"href":"https:\/\/historiografija.hr\/index.php?rest_route=\/wp\/v2\/types\/post"}],"author":[{"embeddable":true,"href":"https:\/\/historiografija.hr\/index.php?rest_route=\/wp\/v2\/users\/2"}],"replies":[{"embeddable":true,"href":"https:\/\/historiografija.hr\/index.php?rest_route=%2Fwp%2Fv2%2Fcomments&post=8660"}],"version-history":[{"count":1,"href":"https:\/\/historiografija.hr\/index.php?rest_route=\/wp\/v2\/posts\/8660\/revisions"}],"predecessor-version":[{"id":8662,"href":"https:\/\/historiografija.hr\/index.php?rest_route=\/wp\/v2\/posts\/8660\/revisions\/8662"}],"wp:featuredmedia":[{"embeddable":true,"href":"https:\/\/historiografija.hr\/index.php?rest_route=\/wp\/v2\/media\/8661"}],"wp:attachment":[{"href":"https:\/\/historiografija.hr\/index.php?rest_route=%2Fwp%2Fv2%2Fmedia&parent=8660"}],"wp:term":[{"taxonomy":"category","embeddable":true,"href":"https:\/\/historiografija.hr\/index.php?rest_route=%2Fwp%2Fv2%2Fcategories&post=8660"},{"taxonomy":"post_tag","embeddable":true,"href":"https:\/\/historiografija.hr\/index.php?rest_route=%2Fwp%2Fv2%2Ftags&post=8660"}],"curies":[{"name":"wp","href":"https:\/\/api.w.org\/{rel}","templated":true}]}}