{"id":8624,"date":"2018-03-03T22:22:00","date_gmt":"2018-03-03T22:22:00","guid":{"rendered":"http:\/\/historiografija.hr\/?p=8624"},"modified":"2018-03-03T22:23:20","modified_gmt":"2018-03-03T22:23:20","slug":"dokument-dijaloga-temeljna-polazista-i-preporuke-o-posebnom-normativnom-uredenju-simbola-znakovlja-i-drugih-obiljezja-totalitarnih-rezima-i-pokreta","status":"publish","type":"post","link":"https:\/\/historiografija.hr\/?p=8624","title":{"rendered":"Dokument dijaloga: Temeljna polazi\u0161ta i preporuke o posebnom normativnom ure\u0111enju simbola, znakovlja i drugih obilje\u017eja totalitarnih re\u017eima i pokreta"},"content":{"rendered":"<p>Vije\u0107e za suo\u010davanje s posljedicama vladavine nedemokratskih re\u017eima zavr\u0161ilo je jednogodi\u0161nji rad izradom \u201cDokumenta dijaloga\u201d u kojem su iznesene \u201cpreporuke i smjernice kako se odnositi prema simbolima totalitarnih re\u017eima\u201d.<\/p>\n<p>&nbsp;<\/p>\n<p>&nbsp;<\/p>\n<p>&#8212;<\/p>\n<p>&nbsp;<\/p>\n<p>&nbsp;<\/p>\n<p><strong>Vlada Republike Hrvatske<\/strong><\/p>\n<p>&nbsp;<\/p>\n<p>&nbsp;<\/p>\n<p>Istaknute teme<\/p>\n<p>&nbsp;<\/p>\n<p><a href=\"https:\/\/vlada.gov.hr\/\">https:\/\/vlada.gov.hr\/<\/a><\/p>\n<p>&nbsp;<\/p>\n<p>&nbsp;<\/p>\n<p><strong>Dokument dijaloga: Temeljna polazi\u0161ta i preporuke o posebnom normativnom ure\u0111enju simbola, znakovlja i drugih obilje\u017eja totalitarnih re\u017eima i pokreta<\/strong><\/p>\n<p>&nbsp;<\/p>\n<p>&nbsp;<\/p>\n<p><a href=\"https:\/\/vlada.gov.hr\/UserDocsImages\/Vijesti\/2018\/02%20velja%C4%8Da\/28%20velja%C4%8De\/Dokument%20dijaloga.pdf\">https:\/\/vlada.gov.hr\/UserDocsImages\/Vijesti\/2018\/02%20velja%C4%8Da\/28%20velja%C4%8De\/Dokument%20dijaloga.pdf<\/a><\/p>\n<p>&nbsp;<\/p>\n<p>&nbsp;<\/p>\n<p>&#8212;<\/p>\n<p>&nbsp;<\/p>\n<p>&nbsp;<\/p>\n<p>Predsjednik Vlade: BDP raste kontinuirano, a ekonomska klima u Hrvatskoj na najvi\u0161oj je razini u zadnjih deset godina<\/p>\n<p>&nbsp;<\/p>\n<p>&nbsp;<\/p>\n<p>Objavljeno: 01.03.2018.<\/p>\n<p>&nbsp;<\/p>\n<p>&nbsp;<\/p>\n<p>(&#8230;)<\/p>\n<p>&nbsp;<\/p>\n<p>&nbsp;<\/p>\n<p>Ju\u010dera\u0161nji je dan, kazao je, obilje\u017eilo okon\u010danje rada Vije\u0107a za suo\u010davanje s posljedicama vladavine nedemokratskih re\u017eima. Zahvalio je svim \u010dlanicama i \u010dlanovima Vije\u0107a koji su proteklih godinu dana, kroz intenzivan, otvoren, argumentiran i stalo\u017een dijalog, radili na Dokumentu dijaloga, tekstu kojeg su mu ju\u010der uru\u010dili.<\/p>\n<p>Dokument ima dva dijela. Prvi dio govori op\u0107enito o totalitarizmima s kojima je hrvatsko dru\u0161tvo bilo suo\u010deno tijekom 20. stolje\u0107a, o njegovanju kulture sje\u0107anja, pijetetu prema \u017ertvama, utvr\u0111ivanju istine i poduzimanju mjera prema pomirbi u hrvatskom dru\u0161tvu.<\/p>\n<p>\u201ePreporuke koje su nam u tom segmentu dali su vrlo korisne i Vlada \u0107e ih razmotriti i nastojati u svojim aktivnostima, posebice u pogledu obrazovanja i pravodobnog informiranja mladih, objasniti \u0161to su bili ti re\u017eimi i kakve su njihove posljedice na stanje, a nekada i zaista velike podjele u hrvatskom dru\u0161tvu\u201c, rekao je Plenkovi\u0107.<\/p>\n<p>Drugi dio dokumenta odnosi se na preporuke za mogu\u0107e pobolj\u0161anje zakonskoga okvira, a nadle\u017ena ministarstva pravosu\u0111a i uprave \u0107e ih temeljito razmotriti.<\/p>\n<p>\u201eOdre\u0111ene ideje koje su sadr\u017eane u tom dokumentu mogu biti korisne. Vlada, naravno, zadr\u017eava pravo da donese svoje procjene i svoje odluke o tome \u0161to treba dodatno normirati i, ukoliko treba, na koji na\u010din. Ono \u0161to je posebno va\u017eno u ovom dokumentu jest to da se vrlo jasno osu\u0111uju totalitarizmi, bez ikakvih dilema i bez ikakvih ograda. Sve ono \u0161to se odnosi na razdoblje 1941.-1945., nacizma, fa\u0161izma, usta\u0161tva, \u010detni\u0161tva, je vrlo precizno ponovljeno da je u suprotnosti s Ustavom i da tu nema nikakvih dilema. To se odnosi i na pozdrav \u201eza dom spremni\u201c, koji ima vrlo jasan, protuustavan karakter \u201c, poru\u010dio je predsjednik Vlade.<\/p>\n<p>Vije\u0107e je nedvosmisleno jasno kod po\u0161tivanja antifa\u0161izma u Drugom svjetskom ratu, kazao je predsjednik Vlade. Ali, dodao je, govori i o kompromitaciji u razdoblju nakon 1945. i s te strane osu\u0111uju\u0107ih konotacija za simbole toga re\u017eima.<\/p>\n<p>Predsjednik Vlade kazao je da je rije\u010d o vrlo vrijednom i izbalansiranom dokumentu koji je dao doprinos kakav jo\u0161 nije postojao u hrvatskoj javnosti.<\/p>\n<p>\u201eVlada \u0107e na temelju ovoga dokumenta donositi svoje odluke kada procijeni da je za to pravo vrijeme\u201c , poru\u010dio je.<\/p>\n<p>(&#8230;)<\/p>\n<p>&nbsp;<\/p>\n<p>Izvor: <a href=\"https:\/\/vlada.gov.hr\/vijesti\/predsjednik-vlade-bdp-raste-kontinuirano-a-ekonomska-klima-u-hrvatskoj-na-najvisoj-je-razini-u-zadnjih-deset-godina\/23426\">https:\/\/vlada.gov.hr\/vijesti\/predsjednik-vlade-bdp-raste-kontinuirano-a-ekonomska-klima-u-hrvatskoj-na-najvisoj-je-razini-u-zadnjih-deset-godina\/23426<\/a><\/p>\n<p>&nbsp;<\/p>\n<p>&nbsp;<\/p>\n<p>&#8212;<\/p>\n<p>&nbsp;<\/p>\n<p><a href=\"http:\/\/vijesti.hrt.hr\/432461\/za-dom-spremni-koristiti-u-iznimnim-situacijama-petokraka-nije-sporna\">http:\/\/vijesti.hrt.hr\/432461\/za-dom-spremni-koristiti-u-iznimnim-situacijama-petokraka-nije-sporna<\/a><\/p>\n<p>&nbsp;<\/p>\n<p>&nbsp;<\/p>\n<p><a href=\"http:\/\/novilist.hr\/Vijesti\/Hrvatska\/Vijece-za-suocavanje-s-posljedicama-vladavine-nedemokratskih-rezima-Za-dom-spremni-samo-za-poginule-HOS-ovce\">http:\/\/novilist.hr\/Vijesti\/Hrvatska\/Vijece-za-suocavanje-s-posljedicama-vladavine-nedemokratskih-rezima-Za-dom-spremni-samo-za-poginule-HOS-ovce<\/a><\/p>\n<p>&nbsp;<\/p>\n<p>&nbsp;<\/p>\n<p><a href=\"http:\/\/hr.n1info.com\/a283918\/Vijesti\/Odluka-o-ZDS-i-zvijezdi-petokraci.html\">http:\/\/hr.n1info.com\/a283918\/Vijesti\/Odluka-o-ZDS-i-zvijezdi-petokraci.html<\/a><\/p>\n<p>&nbsp;<\/p>\n<p>&nbsp;<\/p>\n","protected":false},"excerpt":{"rendered":"","protected":false},"author":2,"featured_media":8625,"comment_status":"open","ping_status":"open","sticky":false,"template":"","format":"standard","meta":{"_acf_changed":false,"jetpack_post_was_ever_published":false,"_jetpack_newsletter_access":"","_jetpack_dont_email_post_to_subs":false,"_jetpack_newsletter_tier_id":0,"_jetpack_memberships_contains_paywalled_content":false,"_jetpack_memberships_contains_paid_content":false,"footnotes":"","jetpack_publicize_message":"","jetpack_publicize_feature_enabled":true,"jetpack_social_post_already_shared":true,"jetpack_social_options":{"image_generator_settings":{"template":"highway","default_image_id":0,"font":"","enabled":false},"version":2}},"categories":[3],"tags":[],"class_list":["post-8624","post","type-post","status-publish","format-standard","has-post-thumbnail","hentry","category-novosti"],"acf":{"facebook_opis":""},"jetpack_publicize_connections":[],"jetpack_featured_media_url":"https:\/\/i0.wp.com\/historiografija.hr\/wp-content\/uploads\/2018\/03\/Dokument-dijaloga.png?fit=669%2C446&ssl=1","jetpack_sharing_enabled":true,"jetpack-related-posts":[{"id":52502,"url":"https:\/\/historiografija.hr\/?p=52502","url_meta":{"origin":8624,"position":0},"title":"Novi znanstveni projekt Hrvatskog instituta za povijest: \u201c\u017drtve ratova i dr\u017eavnog\/politi\u010dkog nasilja u hrvatskoj povijesti 20. stolje\u0107a\u201d","author":"Branimir Jankovi\u0107","date":"17. travnja 2026.","format":false,"excerpt":"Na redovitoj sjednici Vlade RH, 16. travnja 2026., donijet je Zaklju\u010dak kojim se pokre\u0107e znanstveni projekt \u201c\u017drtve ratova i dr\u017eavnog\/politi\u010dkog nasilja u hrvatskoj povijesti 20. stolje\u0107a\u201d. Projekt \u0107e provoditi i koordinirati Hrvatski institut za povijest u razdoblju trajanja projekta od pet godina. Zakljucak Vlade RH Iz teksta projektnog prijedloga: Problematika\u2026","rel":"","context":"U &quot;Novosti&quot;","block_context":{"text":"Novosti","link":"https:\/\/historiografija.hr\/?cat=3"},"img":{"alt_text":"","src":"https:\/\/i0.wp.com\/historiografija.hr\/wp-content\/uploads\/2026\/04\/Vlada-RH.jpg?fit=1200%2C557&ssl=1&resize=350%2C200","width":350,"height":200,"srcset":"https:\/\/i0.wp.com\/historiografija.hr\/wp-content\/uploads\/2026\/04\/Vlada-RH.jpg?fit=1200%2C557&ssl=1&resize=350%2C200 1x, https:\/\/i0.wp.com\/historiografija.hr\/wp-content\/uploads\/2026\/04\/Vlada-RH.jpg?fit=1200%2C557&ssl=1&resize=525%2C300 1.5x, https:\/\/i0.wp.com\/historiografija.hr\/wp-content\/uploads\/2026\/04\/Vlada-RH.jpg?fit=1200%2C557&ssl=1&resize=700%2C400 2x, https:\/\/i0.wp.com\/historiografija.hr\/wp-content\/uploads\/2026\/04\/Vlada-RH.jpg?fit=1200%2C557&ssl=1&resize=1050%2C600 3x"},"classes":[]},{"id":52148,"url":"https:\/\/historiografija.hr\/?p=52148","url_meta":{"origin":8624,"position":1},"title":"Poziv za prijavu na me\u0111unarodnu znanstvenu konferenciju \u201eGranice (ne)slobode: Zadarski krug 1966. Intelektualna opozicija u totalitarnom dru\u0161tvu\u201c","author":"Branimir Jankovi\u0107","date":"27. o\u017eujka 2026.","format":false,"excerpt":"\u00a0\u00a0\u00a0\u00a0 Povodom \u0161ezdesete obljetnice poku\u0161aja osnivanja \u010dasopisa Slobodan glas u Zadru 1966. godine, pozivamo vas na znanstvenu konferenciju posve\u0107enu istra\u017eivanju disidentstva, intelektualne opozicije i granica divergentnog mi\u0161ljenja nasuprot slu\u017ebenoj ideologiji u komunisti\u010dkoj Jugoslaviji. Ideja konferencije je analizirati konkretan fenomen zadarskog slu\u010daja razloge i okolnosti njegove pojave, ali uz otvaranje komparativnih\u2026","rel":"","context":"U &quot;Novosti&quot;","block_context":{"text":"Novosti","link":"https:\/\/historiografija.hr\/?cat=3"},"img":{"alt_text":"","src":"https:\/\/i0.wp.com\/historiografija.hr\/wp-content\/uploads\/2026\/03\/Poziv-konferencija-Zadar.jpg?fit=1200%2C509&ssl=1&resize=350%2C200","width":350,"height":200,"srcset":"https:\/\/i0.wp.com\/historiografija.hr\/wp-content\/uploads\/2026\/03\/Poziv-konferencija-Zadar.jpg?fit=1200%2C509&ssl=1&resize=350%2C200 1x, https:\/\/i0.wp.com\/historiografija.hr\/wp-content\/uploads\/2026\/03\/Poziv-konferencija-Zadar.jpg?fit=1200%2C509&ssl=1&resize=525%2C300 1.5x, https:\/\/i0.wp.com\/historiografija.hr\/wp-content\/uploads\/2026\/03\/Poziv-konferencija-Zadar.jpg?fit=1200%2C509&ssl=1&resize=700%2C400 2x, https:\/\/i0.wp.com\/historiografija.hr\/wp-content\/uploads\/2026\/03\/Poziv-konferencija-Zadar.jpg?fit=1200%2C509&ssl=1&resize=1050%2C600 3x"},"classes":[]},{"id":52569,"url":"https:\/\/historiografija.hr\/?p=52569","url_meta":{"origin":8624,"position":2},"title":"[Predavanje] Ne \u010dekaju\u0107i inspiraciju \u2013 anga\u017eovane intelektualne, kulturalne i umetni\u010dke prakse u me\u0111uratnom periodu: teorija i praksa kriti\u010dke levice u jugoslovenskoj kulturi (YugoLab)","author":"Branimir Jankovi\u0107","date":"21. travnja 2026.","format":false,"excerpt":"U vreme agresivnog ja\u010danja globalne desnice, (pro)fa\u0161isti\u010dkih, rasisti\u010dkih i imperijalisti\u010dkih politika, dok je istovremeno globalna levica izrazito slaba, a progresivni pokreti atomizirani i fragmentisani, va\u017eno je iz savremene perspektive vratiti se revolucionarnim i emancipatorskim zbivanjima u jugoslovenskom (ali i s njima u vezi internacionalnim de\u0161avanjima), kao i dru\u0161tvenoj ulozi kulturalnih\u2026","rel":"","context":"U &quot;Novosti&quot;","block_context":{"text":"Novosti","link":"https:\/\/historiografija.hr\/?cat=3"},"img":{"alt_text":"","src":"","width":0,"height":0},"classes":[]},{"id":52536,"url":"https:\/\/historiografija.hr\/?p=52536","url_meta":{"origin":8624,"position":3},"title":"Kader Abdolah, \u201ePrije nego \u0161to bude kasno\u201c","author":"Branimir Jankovi\u0107","date":"20. travnja 2026.","format":false,"excerpt":"Kader Abdolah \u017eeli se vratiti ku\u0107i. Ali povratak je nemogu\u0107: u Iranu bi bio uhap\u0161en. Pod la\u017enim imenom i s krivotvorenim paso\u0161em ipak uspijeva u\u0107i u domovinu i sti\u017ee do roditeljske ku\u0107e, visoko u planinama. Majka ga ne prepoznaje, otac je mrtav, a sve \u0161to je tra\u017eio izmi\u010de mu pred\u2026","rel":"","context":"U &quot;Novosti&quot;","block_context":{"text":"Novosti","link":"https:\/\/historiografija.hr\/?cat=3"},"img":{"alt_text":"","src":"https:\/\/i0.wp.com\/historiografija.hr\/wp-content\/uploads\/2026\/04\/Prije-nego-sto-bude-kasno.webp?fit=566%2C872&ssl=1&resize=350%2C200","width":350,"height":200,"srcset":"https:\/\/i0.wp.com\/historiografija.hr\/wp-content\/uploads\/2026\/04\/Prije-nego-sto-bude-kasno.webp?fit=566%2C872&ssl=1&resize=350%2C200 1x, https:\/\/i0.wp.com\/historiografija.hr\/wp-content\/uploads\/2026\/04\/Prije-nego-sto-bude-kasno.webp?fit=566%2C872&ssl=1&resize=525%2C300 1.5x"},"classes":[]},{"id":52681,"url":"https:\/\/historiografija.hr\/?p=52681","url_meta":{"origin":8624,"position":4},"title":"XIII. Festival povijesti Kliofest 2026.","author":"Branimir Jankovi\u0107","date":"27. travnja 2026.","format":false,"excerpt":"Trinaesti Festival povijesti Kliofest odr\u017eava se od 5. do 8. svibnja 2026. u Nacionalnoj i sveu\u010dili\u0161noj knji\u017enici u Zagrebu, kao i na nekoliko drugih lokacija u gradu. Cjelokupni program nalazi se u programskoj knji\u017eici u nastavku. Kliofest 2026 - ProgramPreuzmi","rel":"","context":"U &quot;Prikazi i osvrti&quot;","block_context":{"text":"Prikazi i osvrti","link":"https:\/\/historiografija.hr\/?cat=4"},"img":{"alt_text":"","src":"","width":0,"height":0},"classes":[]},{"id":52633,"url":"https:\/\/historiografija.hr\/?p=52633","url_meta":{"origin":8624,"position":5},"title":"POVIJEST TRE\u0160NJEVA\u010cKE GLAZBE: prikupljanje virtualnog fundusa Muzeja susjedstva Tre\u0161njevka","author":"Branimir Jankovi\u0107","date":"23. travnja 2026.","format":false,"excerpt":"utorak 28. 4. 2026. 14 - 18 h Nova BAZA, Nova cesta 66, Zagreb Prvi su dani ljeta 1957. godine. Bo\u017eica Kalafati\u0107 poha\u0111a drugi razred Osnovne \u0161kole Bratstvo i jedinstvo, danas kralja Tomislava, a ide i na muzi\u010dke satove u Mo\u0161\u0107eni\u010dkoj ulici. Na fotografiji s harmonikom u rukama stoji u\u2026","rel":"","context":"U &quot;Novosti&quot;","block_context":{"text":"Novosti","link":"https:\/\/historiografija.hr\/?cat=3"},"img":{"alt_text":"","src":"https:\/\/i0.wp.com\/historiografija.hr\/wp-content\/uploads\/2026\/04\/MST_prikupljanje.jpg?fit=380%2C475&ssl=1&resize=350%2C200","width":350,"height":200},"classes":[]}],"_links":{"self":[{"href":"https:\/\/historiografija.hr\/index.php?rest_route=\/wp\/v2\/posts\/8624","targetHints":{"allow":["GET"]}}],"collection":[{"href":"https:\/\/historiografija.hr\/index.php?rest_route=\/wp\/v2\/posts"}],"about":[{"href":"https:\/\/historiografija.hr\/index.php?rest_route=\/wp\/v2\/types\/post"}],"author":[{"embeddable":true,"href":"https:\/\/historiografija.hr\/index.php?rest_route=\/wp\/v2\/users\/2"}],"replies":[{"embeddable":true,"href":"https:\/\/historiografija.hr\/index.php?rest_route=%2Fwp%2Fv2%2Fcomments&post=8624"}],"version-history":[{"count":3,"href":"https:\/\/historiografija.hr\/index.php?rest_route=\/wp\/v2\/posts\/8624\/revisions"}],"predecessor-version":[{"id":8628,"href":"https:\/\/historiografija.hr\/index.php?rest_route=\/wp\/v2\/posts\/8624\/revisions\/8628"}],"wp:featuredmedia":[{"embeddable":true,"href":"https:\/\/historiografija.hr\/index.php?rest_route=\/wp\/v2\/media\/8625"}],"wp:attachment":[{"href":"https:\/\/historiografija.hr\/index.php?rest_route=%2Fwp%2Fv2%2Fmedia&parent=8624"}],"wp:term":[{"taxonomy":"category","embeddable":true,"href":"https:\/\/historiografija.hr\/index.php?rest_route=%2Fwp%2Fv2%2Fcategories&post=8624"},{"taxonomy":"post_tag","embeddable":true,"href":"https:\/\/historiografija.hr\/index.php?rest_route=%2Fwp%2Fv2%2Ftags&post=8624"}],"curies":[{"name":"wp","href":"https:\/\/api.w.org\/{rel}","templated":true}]}}