{"id":8303,"date":"2018-02-09T17:50:18","date_gmt":"2018-02-09T17:50:18","guid":{"rendered":"http:\/\/historiografija.hr\/?p=8303"},"modified":"2018-02-09T17:50:18","modified_gmt":"2018-02-09T17:50:18","slug":"dokumentarni-film-o-seljackoj-buni","status":"publish","type":"post","link":"https:\/\/historiografija.hr\/?p=8303","title":{"rendered":"Dokumentarni film o Selja\u010dkoj buni"},"content":{"rendered":"<p>Hrvatska radiotelevizija (HRT) u nedjelju 11. velja\u010de na Prvome programu Hrvatske televizije (HRT \u2013 HTV 1) s po\u010detkom u 15.40 prikazat \u0107e dokumentarni film o Selja\u010dkoj buni iz 1573. godine pod naslovom Buna traje.<\/p>\n<p>&nbsp;<\/p>\n<p>U duhu na\u0161ega vremena, u kojemu su sve popularniji programi i manifestacije o\u017eivljene povijesti, festivalizacija ba\u0161tine i komercijalizacija kulturnoga naslje\u0111a, u Donjoj Stubici posljednjih deset godina u velja\u010di svaki se put iznova podi\u017ee selja\u010dka buna. Dru\u017eba vitezova zlatnoga kale\u017ea u suradnji s Muzejom selja\u010dkih buna organizira i odr\u017eava kulturno-turisti\u010dku manifestaciju pod imenom Selja\u010dka buna 1573. \u2013 Bitka kod Stubice kako bi na dostojanstven na\u010din obilje\u017eila obljetnicu posljednje bitke selja\u010dkih buna 1573. godine kojom je buna ugu\u0161ena, ali je ostala u sje\u0107anju naroda kao simbol pravedne borbe za prava kmetova.<\/p>\n<p>&nbsp;<\/p>\n<p>Povijesno gradivo svima je poznato, barem u osnovnim \u010dinjenicama, a pu\u010dka usmena predaja o selja\u010dkoj buni, Franji Tahiju, Iliji Gregori\u0107u i Matiji Gupcu \u017eiva je, intenzivna i aktivna, te mnogo poznatija od povijesnih \u010dinjenica. Na tome tragu, ljudi iz Gup\u010deva kraja, amateri entuzijasti, odlu\u010dili su dati dignitet buni iz 16. stolje\u0107a, unaprijediti i proslaviti svoj kraj i rekonstruirati bitku koja se dogodila 9. velja\u010de 1573. godine. Nadahnuta njihovim entuzijazmom, autorska ekipa koja proizvodi emisije pu\u010dke i predajne kulture \u2013 urednica Ljiljana \u0160i\u0161manovi\u0107, redateljica Tihana Kopsa i stru\u010dni suradnik Vido Bagur \u2013 po\u010detkom pro\u0161le godine po\u010dela je s ostvarenjem projekta dokumentarnoga filma Buna traje.<\/p>\n<p>&nbsp;<\/p>\n<p>Film prati i kronolo\u0161ki dokumentira pripreme i izvedbe kostimiranih uprizorenja Puntanja kmetov pri Gup\u010devoj lipi i bitke na bojnome polju kod Majsecova mlina. Naracija muzejske savjetnice Vlatke Filip\u010di\u0107 Maligec obja\u0161njava povijesni kontekst i \u010dinjenice o li\u010dnostima i doga\u0111ajima. Suvremen pristup, ideju i motivaciju u izjavama i komentarima izla\u017eu Ivan \u0160tefek, koji igra Iliju Gregori\u0107a, scenarist i redatelj bitke Matija Djanje\u0161i\u0107, koji igra zapovjednika vite\u0161ke vojske, Kre\u0161imir Kon\u010devski, koji prvi put, poslije karizmati\u010dnoga Zlatka Mirta Mede, igra Matiju Gupca, Zdravko Grabu\u0161i\u0107, koji igra Franju Tahija, Luka Winter, koji igra Petricu Kerempuha, te drugi kmetovi i vitezovi, a Bo\u017eidar Sa\u010der, zaljubljenik u Gup\u010dev kraj te lokalnu povijest i tradicijsku kulturu, vlasnik gostionice Pod Gup\u010devom lipom, govori o inicijativi gradnje rodne ku\u0107e Matije Gupca u Hi\u017eakovcu i obrazla\u017ee motive i razloge te, kako je rekao, povijesne krivotvorine.<\/p>\n<p>&nbsp;<\/p>\n<p>Uvijek me fascinira taj homo ludens u svakome \u010dovjeku. De\u010dki iz Gup\u010deva kraja prije deset godina odlu\u010dili su se igrati rata \u2013 formirati selja\u010dku i vite\u0161ku vojsku i pozvati u sada\u0161njost duhove predaka, interpretirati njihovu borbu za pravicu i njihovu tragediju, a onda su iz godine u godinu sve vi\u0161e uvi\u0111ali zna\u010denje, snagu i ozbiljnost svojega hobija. Neki od njih osje\u0107aju sna\u017enu vezu s tim vremenom i naslje\u0111em, \u017eive u krajoliku koji je memorirao doga\u0111aje iz 1573. godine, okupljaju se pod Gup\u010devom lipom, stablom koje je jedini pre\u017eivjeli svjedok bune i suvremenik Matije Gupca i Franje Tahija! Kad se na\u0111ete s njima na puntanju kmetova, definitivno shvatite nekronolo\u0161ki koncept vremena, a poklik Buna traje!, koji se ori po zagorskim bregima, stvara vam jezu i budi puntarski duh u vama, postajete puntar koji je spreman boriti se opet i opet za pravicu. Zato ovu manifestaciju i posje\u0107uje petnaestak tisu\u0107a ljudi. Samo u Bitki kod Stubice sudjeluju mnogobrojni pripadnici povijesnih hrvatskih postrojbi i vite\u0161kih udruga iz Hrvatske, Slovenije, Slova\u010dke i Ma\u0111arske, koji kostimima i tipom oru\u017eja datiraju u intervalu od oko 100 godina od bune. Organizatori nastoje prikaz u\u010diniti \u0161to vjerodostojnijim, no kompromisi su neizbje\u017eni. Zanimljivo je i to da se predod\u017eba aktera o bitki kod Stubice uvelike oblikovala pod utjecajem filma Vatroslava Mimice Anno domini 1573., pa Zdravko Grabu\u0161i\u0107, koji igra Franju Tahija, nosi originalni filmski kostim u kojemu je ulogu Franju Tahija odigrao pokojni glumac Pavle Vujisi\u0107, isti\u010de HRT-ova urednica i scenaristica Ljiljana \u0160i\u0161manovi\u0107.<\/p>\n<p>&nbsp;<\/p>\n<p>Kad snimate doga\u0111aj na \u010diji razvoj ne mo\u017eete utjecati, nema ponavljanja ni redateljskih intervencija, puno je vi\u0161e napetosti i stresa, pa je sinkroniziranje cijele ekipe u stvarnome vremenu dodatan zadatak. Redateljica i scenaristica Tihana Kopsa, direktor fotografije Sini\u0161a Galar, majstor tona Sa\u0161a Aneti\u0107 i ja u pripremi smo morali definirati koje dionice pohoda vojske i dijelove bitke trebamo i mo\u017eemo snimiti kako bismo uhvatili klju\u010dne trenutke za razvoj radnje, ali i odabirom planova i polo\u017eaja kamera filmskim jezikom dinamizirali bitku, stvorili emocionalni naboj kod gledatelja te prenijeli atmosferu doga\u0111aja. Redateljica Tihana Kopsa cijeli je doga\u0111aj shvatila kao \u017eivu pozornicu koja se kontinuirano kre\u0107e prema zavr\u0161nome prizoru kod Majsecova mlina, a usput se uz predvi\u0111ene dramske dijalo\u0161ke scene odvijaju i nepredvi\u0111eni trenutci, na koje je trebalo istodobno reagirati. Kad vam tjednima unaprijed pripremljenu poziciju kamere za igrani prizor sukoba kmetova i vite\u0161ke patrole na mostu zauzmu natisnuti znati\u017eeljnici s fotoaparatima, va\u0161a pomna priprema pada u vodu, ali proradi dokumentaristi\u010dki nerv zbog kojega je redateljica morala donositi nove odluke i mijenjati redateljska rje\u0161enja, a ostati vjerna vlastitomu prosedeu. I to je izvrsno obavila. Imali smo ne\u0161to bolje produkcijske uvjete od standardnih uvjeta proizvodnje emisija pu\u010dke i predajne kulture, pa su neke pozicije pokrili snimatelji Damir Bednjanec i Dra\u017een Lipka te snimatelj bespilotnom letjelicom Branko Drakuli\u0107 i njegovi suradnici.<\/p>\n<p>&nbsp;<\/p>\n<p>Kad su Gup\u010devi puntari krenuli, pra\u0107eni tisu\u0107ama posjetitelja manifestacije, izvikuju\u0107i Buna traje!, cijelu je ekipu zahvatila njihova energija, a kontinuirana komunikacija izme\u0111u nekoliko unita, koji su preko motorola razmjenjivali upute i informacije, bila je dobro koordinirana sigurnom redateljskom palicom. Mislim da se ta stvarala\u010dka energija osjeti u svakome snimljenom kadru. Potencijal snimljenoga materijala u potpunosti je do\u0161ao do izra\u017eaja monta\u017enim intervencijama Irene Korpes, a autorska glazba Nikole Novaka naglasila je dramski naboj cijele filmske pri\u010de. Dokumentarac smo, prema \u017eelji Vitezova zlatnoga kale\u017ea posvetili pokojnomu Zlatku Mirtu Medi, preparatoru iz Muzeja selja\u010dkih buna, koji je inicirao cijelu manifestaciju i godinama svojom karizmom o\u017eivljavao lik Matije Gupca \u2013 kako su rekli protagonisti filma \u2013 Medo nije glumio Gupca, on ga je \u017eivio, dodaje Ljiljana \u0160i\u0161manovi\u0107.<\/p>\n<p>&nbsp;<\/p>\n<p>Film je proizveden u Programskome odjelu za kulturu Hrvatske radiotelevizije, kojemu je rukovoditeljica Lidija \u0160piranec. Izvr\u0161ni producent tijekom proizvodnje bio je Tomislav Puli\u0107, a tijekom finalizacije Marin Maru\u0161i\u0107, producentica je Nera Zembjak, voza\u010di su Kre\u0161o Gr\u0161i\u0107 i Darko Ferek Hanzir, asistentica redateljice Snje\u017eana Purgari\u0107 Kundija, tonski snimatelj Sa\u0161a Aneti\u0107, snimatelj bespilotnom letjelicom Branko Drakuli\u0107, snimatelji Damir Bednjanec i Dra\u017een Lipka, tonsku obradu potpisuje Robert Stani\u0107, koloristica je Iva Bla\u0161kovi\u0107, monta\u017eerka Irena Korpes, autor glazbe Nikola Novak, direktor fotografije Sini\u0161a Galar, stru\u010dni suradnik Vido Bagur, scenaristice su Tihana Kopsa i Ljiljana \u0160i\u0161manovi\u0107, redateljica Tihana Kopsa i urednica Ljiljana \u0160i\u0161manovi\u0107.<\/p>\n<p>&nbsp;<\/p>\n<p>Dokumentarni film Buna traje osim na Prvome programu Hrvatske televizije (HRT \u2013 HTV 1) 11. velja\u010de s po\u010detkom u 15.40 bit \u0107e dostupan i na mobilnim ure\u0111ajima, tabletima i ra\u010dunalima s pomo\u0107u multimedijske usluge HRTi.<\/p>\n<p>&nbsp;<\/p>\n<p>Izvor:<\/p>\n<p>&nbsp;<\/p>\n<p><a href=\"http:\/\/hrtprikazuje.hrt.hr\/428763\/dokumentarni-film-o-seljackoj-buni\">http:\/\/hrtprikazuje.hrt.hr\/428763\/dokumentarni-film-o-seljackoj-buni<\/a><\/p>\n<p>&nbsp;<\/p>\n","protected":false},"excerpt":{"rendered":"","protected":false},"author":2,"featured_media":8304,"comment_status":"open","ping_status":"open","sticky":false,"template":"","format":"standard","meta":{"_acf_changed":false,"jetpack_post_was_ever_published":false,"_jetpack_newsletter_access":"","_jetpack_dont_email_post_to_subs":false,"_jetpack_newsletter_tier_id":0,"_jetpack_memberships_contains_paywalled_content":false,"_jetpack_memberships_contains_paid_content":false,"footnotes":"","jetpack_publicize_message":"","jetpack_publicize_feature_enabled":true,"jetpack_social_post_already_shared":true,"jetpack_social_options":{"image_generator_settings":{"template":"highway","default_image_id":0,"font":"","enabled":false},"version":2}},"categories":[13,3],"tags":[],"class_list":["post-8303","post","type-post","status-publish","format-standard","has-post-thumbnail","hentry","category-filmovi-i-serije","category-novosti"],"acf":{"facebook_opis":""},"jetpack_publicize_connections":[],"jetpack_featured_media_url":"https:\/\/i0.wp.com\/historiografija.hr\/wp-content\/uploads\/2018\/02\/Buna_traje.jpg?fit=688%2C388&ssl=1","jetpack_sharing_enabled":true,"jetpack-related-posts":[{"id":52439,"url":"https:\/\/historiografija.hr\/?p=52439","url_meta":{"origin":8303,"position":0},"title":"Tribina &#8220;Ahmi\u0107i 33 godine kasnije: Ne u na\u0161e ime&#8221;","author":"Branimir Jankovi\u0107","date":"16. travnja 2026.","format":false,"excerpt":"U \u010detvrtak, 16. travnja 2026. u 17 sati u Knji\u017enici i \u010ditaonici Bogdana Ogrizovi\u0107a u Zagrebu odr\u017eat \u0107e se tribina pod nazivom Ahmi\u0107i 33 godine kasnije: Ne u na\u0161e ime. Na tribini \u0107e govoriti Ivica \u0110iki\u0107, novinar, Mubera Masli\u0107 \u2013 \u017ddralovi\u0107, aktivistikinja, prevoditeljica za arapski, Domagoj Fuk, student politologije, \u010dlan\u2026","rel":"","context":"U &quot;Novosti&quot;","block_context":{"text":"Novosti","link":"https:\/\/historiografija.hr\/?cat=3"},"img":{"alt_text":"","src":"https:\/\/i0.wp.com\/historiografija.hr\/wp-content\/uploads\/2026\/04\/Zagreb_2026.jpeg?fit=1200%2C900&ssl=1&resize=350%2C200","width":350,"height":200,"srcset":"https:\/\/i0.wp.com\/historiografija.hr\/wp-content\/uploads\/2026\/04\/Zagreb_2026.jpeg?fit=1200%2C900&ssl=1&resize=350%2C200 1x, https:\/\/i0.wp.com\/historiografija.hr\/wp-content\/uploads\/2026\/04\/Zagreb_2026.jpeg?fit=1200%2C900&ssl=1&resize=525%2C300 1.5x, https:\/\/i0.wp.com\/historiografija.hr\/wp-content\/uploads\/2026\/04\/Zagreb_2026.jpeg?fit=1200%2C900&ssl=1&resize=700%2C400 2x, https:\/\/i0.wp.com\/historiografija.hr\/wp-content\/uploads\/2026\/04\/Zagreb_2026.jpeg?fit=1200%2C900&ssl=1&resize=1050%2C600 3x"},"classes":[]},{"id":52666,"url":"https:\/\/historiografija.hr\/?p=52666","url_meta":{"origin":8303,"position":1},"title":"Najava programa Festivala povijesti Kliofest (5-8. V. 2026)","author":"Branimir Jankovi\u0107","date":"24. travnja 2026.","format":false,"excerpt":"Po trinaesti put odr\u017eava se Festival povijesti Kliofest! Do petka \u0107emo odr\u017eati osam okruglih stolova i dva kolokvija te niz predstavljanja knjiga i projekata razli\u010dite tematike, od antike do suvremenosti. Bit \u0107e predstavljeno i nekoliko izlo\u017ebi te odr\u017ean jedan povijesni kviz. Prikazat \u0107emo i jedan film \u2013 o generalu Boroevi\u0107u.\u2026","rel":"","context":"U &quot;Novosti&quot;","block_context":{"text":"Novosti","link":"https:\/\/historiografija.hr\/?cat=3"},"img":{"alt_text":"","src":"https:\/\/i0.wp.com\/historiografija.hr\/wp-content\/uploads\/2026\/04\/Kliofest-2026.jpg?fit=526%2C526&ssl=1&resize=350%2C200","width":350,"height":200,"srcset":"https:\/\/i0.wp.com\/historiografija.hr\/wp-content\/uploads\/2026\/04\/Kliofest-2026.jpg?fit=526%2C526&ssl=1&resize=350%2C200 1x, https:\/\/i0.wp.com\/historiografija.hr\/wp-content\/uploads\/2026\/04\/Kliofest-2026.jpg?fit=526%2C526&ssl=1&resize=525%2C300 1.5x"},"classes":[]},{"id":52536,"url":"https:\/\/historiografija.hr\/?p=52536","url_meta":{"origin":8303,"position":2},"title":"Kader Abdolah, \u201ePrije nego \u0161to bude kasno\u201c","author":"Branimir Jankovi\u0107","date":"20. travnja 2026.","format":false,"excerpt":"Kader Abdolah \u017eeli se vratiti ku\u0107i. Ali povratak je nemogu\u0107: u Iranu bi bio uhap\u0161en. Pod la\u017enim imenom i s krivotvorenim paso\u0161em ipak uspijeva u\u0107i u domovinu i sti\u017ee do roditeljske ku\u0107e, visoko u planinama. Majka ga ne prepoznaje, otac je mrtav, a sve \u0161to je tra\u017eio izmi\u010de mu pred\u2026","rel":"","context":"U &quot;Novosti&quot;","block_context":{"text":"Novosti","link":"https:\/\/historiografija.hr\/?cat=3"},"img":{"alt_text":"","src":"https:\/\/i0.wp.com\/historiografija.hr\/wp-content\/uploads\/2026\/04\/Prije-nego-sto-bude-kasno.webp?fit=566%2C872&ssl=1&resize=350%2C200","width":350,"height":200,"srcset":"https:\/\/i0.wp.com\/historiografija.hr\/wp-content\/uploads\/2026\/04\/Prije-nego-sto-bude-kasno.webp?fit=566%2C872&ssl=1&resize=350%2C200 1x, https:\/\/i0.wp.com\/historiografija.hr\/wp-content\/uploads\/2026\/04\/Prije-nego-sto-bude-kasno.webp?fit=566%2C872&ssl=1&resize=525%2C300 1.5x"},"classes":[]},{"id":52543,"url":"https:\/\/historiografija.hr\/?p=52543","url_meta":{"origin":8303,"position":3},"title":"Znanstveno-stru\u010dni skup \u201eOto\u010dne pu\u010dke pobo\u017enosti: kontinuiteti i transformacije\u201c","author":"Branimir Jankovi\u0107","date":"20. travnja 2026.","format":false,"excerpt":"Najavljujemo\u00a0znanstveno-stru\u010dni skup \u201eOto\u010dne pu\u010dke pobo\u017enosti: kontinuiteti i transformacije\u201c,\u00a0koji \u0107e se odr\u017eati\u00a0u Rabu od 24. do 26. travnja 2026.,\u00a0u organizaciji i uz potporu\u00a0Instituta za etnologiju i folkloristiku, Zagreb, \u00a0Grada Raba, Pu\u010dkog otvorenog u\u010dili\u0161ta Rab i Centra za istra\u017eivanje srednjovjekovne ba\u0161tine Jadrana RIMAH. Skup okuplja vode\u0107e doma\u0107e stru\u010dnjake koji \u0107e kroz niz\u2026","rel":"","context":"U &quot;Novosti&quot;","block_context":{"text":"Novosti","link":"https:\/\/historiografija.hr\/?cat=3"},"img":{"alt_text":"","src":"https:\/\/i0.wp.com\/historiografija.hr\/wp-content\/uploads\/2026\/04\/Skup_Rab.jpg?fit=848%2C1200&ssl=1&resize=350%2C200","width":350,"height":200,"srcset":"https:\/\/i0.wp.com\/historiografija.hr\/wp-content\/uploads\/2026\/04\/Skup_Rab.jpg?fit=848%2C1200&ssl=1&resize=350%2C200 1x, https:\/\/i0.wp.com\/historiografija.hr\/wp-content\/uploads\/2026\/04\/Skup_Rab.jpg?fit=848%2C1200&ssl=1&resize=525%2C300 1.5x, https:\/\/i0.wp.com\/historiografija.hr\/wp-content\/uploads\/2026\/04\/Skup_Rab.jpg?fit=848%2C1200&ssl=1&resize=700%2C400 2x"},"classes":[]},{"id":52616,"url":"https:\/\/historiografija.hr\/?p=52616","url_meta":{"origin":8303,"position":4},"title":"No\u0107 knjige 2026.","author":"Branimir Jankovi\u0107","date":"22. travnja 2026.","format":false,"excerpt":"Slavljeni\u010dka 15. No\u0107 knjige odr\u017eat \u0107e se 23. travnja diljem Hrvatske u povodu Svjetskog dana knjige i autorskih prava te Dana hrvatske knjige. S vi\u0161e od 1.000 prijavljenih programa i akcija s pravom nosi epitet najmasovnije doma\u0107e kulturne manifestacije, a ove \u0107e godine prote\u0107i u znaku mira, razumijevanja, tolerancije, srodnosti\u2026","rel":"","context":"U &quot;Novosti&quot;","block_context":{"text":"Novosti","link":"https:\/\/historiografija.hr\/?cat=3"},"img":{"alt_text":"","src":"https:\/\/i0.wp.com\/historiografija.hr\/wp-content\/uploads\/2026\/04\/noc_knjige_2026.jpg?fit=680%2C276&ssl=1&resize=350%2C200","width":350,"height":200,"srcset":"https:\/\/i0.wp.com\/historiografija.hr\/wp-content\/uploads\/2026\/04\/noc_knjige_2026.jpg?fit=680%2C276&ssl=1&resize=350%2C200 1x, https:\/\/i0.wp.com\/historiografija.hr\/wp-content\/uploads\/2026\/04\/noc_knjige_2026.jpg?fit=680%2C276&ssl=1&resize=525%2C300 1.5x"},"classes":[]},{"id":52547,"url":"https:\/\/historiografija.hr\/?p=52547","url_meta":{"origin":8303,"position":5},"title":"ISHA Zagreb \u2013 Filmska ve\u010der: Povratak Martina Guerrea","author":"Branimir Jankovi\u0107","date":"20. travnja 2026.","format":false,"excerpt":"Klub studenata povijesti \u2013 ISHA Zagreb poziva Vas na filmsku ve\u010der na kojoj \u0107e se prikazivati \u201ePovratak Martina Guerrea\u201c, povijesna drama iz 1982. godine s radnjom smje\u0161tenom u 16. stolje\u0107u. Radnja je utemeljena na stvarnoj povijesnoj li\u010dnosti Martina Guerrea koji se nakon mnogo godina izbivanja vra\u0107a u svoje rodno mjesto\u2026","rel":"","context":"U &quot;Filmovi i serije&quot;","block_context":{"text":"Filmovi i serije","link":"https:\/\/historiografija.hr\/?cat=13"},"img":{"alt_text":"","src":"https:\/\/i0.wp.com\/historiografija.hr\/wp-content\/uploads\/2026\/04\/M-Guerre.png?fit=702%2C1006&ssl=1&resize=350%2C200","width":350,"height":200,"srcset":"https:\/\/i0.wp.com\/historiografija.hr\/wp-content\/uploads\/2026\/04\/M-Guerre.png?fit=702%2C1006&ssl=1&resize=350%2C200 1x, https:\/\/i0.wp.com\/historiografija.hr\/wp-content\/uploads\/2026\/04\/M-Guerre.png?fit=702%2C1006&ssl=1&resize=525%2C300 1.5x, https:\/\/i0.wp.com\/historiografija.hr\/wp-content\/uploads\/2026\/04\/M-Guerre.png?fit=702%2C1006&ssl=1&resize=700%2C400 2x"},"classes":[]}],"_links":{"self":[{"href":"https:\/\/historiografija.hr\/index.php?rest_route=\/wp\/v2\/posts\/8303","targetHints":{"allow":["GET"]}}],"collection":[{"href":"https:\/\/historiografija.hr\/index.php?rest_route=\/wp\/v2\/posts"}],"about":[{"href":"https:\/\/historiografija.hr\/index.php?rest_route=\/wp\/v2\/types\/post"}],"author":[{"embeddable":true,"href":"https:\/\/historiografija.hr\/index.php?rest_route=\/wp\/v2\/users\/2"}],"replies":[{"embeddable":true,"href":"https:\/\/historiografija.hr\/index.php?rest_route=%2Fwp%2Fv2%2Fcomments&post=8303"}],"version-history":[{"count":1,"href":"https:\/\/historiografija.hr\/index.php?rest_route=\/wp\/v2\/posts\/8303\/revisions"}],"predecessor-version":[{"id":8305,"href":"https:\/\/historiografija.hr\/index.php?rest_route=\/wp\/v2\/posts\/8303\/revisions\/8305"}],"wp:featuredmedia":[{"embeddable":true,"href":"https:\/\/historiografija.hr\/index.php?rest_route=\/wp\/v2\/media\/8304"}],"wp:attachment":[{"href":"https:\/\/historiografija.hr\/index.php?rest_route=%2Fwp%2Fv2%2Fmedia&parent=8303"}],"wp:term":[{"taxonomy":"category","embeddable":true,"href":"https:\/\/historiografija.hr\/index.php?rest_route=%2Fwp%2Fv2%2Fcategories&post=8303"},{"taxonomy":"post_tag","embeddable":true,"href":"https:\/\/historiografija.hr\/index.php?rest_route=%2Fwp%2Fv2%2Ftags&post=8303"}],"curies":[{"name":"wp","href":"https:\/\/api.w.org\/{rel}","templated":true}]}}