{"id":8285,"date":"2018-02-08T15:09:31","date_gmt":"2018-02-08T15:09:31","guid":{"rendered":"http:\/\/historiografija.hr\/?p=8285"},"modified":"2018-02-08T15:09:31","modified_gmt":"2018-02-08T15:09:31","slug":"ciklus-tribina-sto-godina-od-osnivanja-jugoslavije","status":"publish","type":"post","link":"https:\/\/historiografija.hr\/?p=8285","title":{"rendered":"Ciklus tribina \u201cSto godina od osnivanja Jugoslavije\u201d"},"content":{"rendered":"<p>Centar za jugoslovenske studije i Dom omladine Beograd organizirao je 6. velja\u010de 2018. prvu tribinu \u201cStvaranje Jugoslovena\u201d u okviru ciklusa \u201cSto godina od osnivanja Jugoslavije\u201d.<\/p>\n<p>&nbsp;<\/p>\n<p>&#8212;<\/p>\n<p>&nbsp;<\/p>\n<p>Ciklus razgovora na temu Sto godina od osnivanja Jugoslavije koje Centar za jugoslovenske studije\/Cejus (Fakultet za medije i komunikacije Univerziteta Singidunum) organizuje u partnerstvu sa Domom omladine Beograda (DOB) traja\u0107e od februara do decembra 2018. godine, svakog prvog utorka u mesecu.<\/p>\n<p>&nbsp;<\/p>\n<p>&nbsp;<\/p>\n<p><a href=\"https:\/\/www.facebook.com\/cejus.jus\/\">https:\/\/www.facebook.com\/cejus.jus\/<\/a><\/p>\n<p>&nbsp;<\/p>\n<p>&nbsp;<\/p>\n<p>&#8212;<\/p>\n<p>&nbsp;<\/p>\n<p>&nbsp;<\/p>\n<p><strong>Tribina \u201cStvaranje Jugoslovena\u201d<\/strong><\/p>\n<p>&nbsp;<\/p>\n<p>&nbsp;<\/p>\n<p>Cejus: Centar za jugoslovenske studije<\/p>\n<p>&nbsp;<\/p>\n<p>&nbsp;<\/p>\n<p>Dom omladine Beograda<\/p>\n<p>&nbsp;<\/p>\n<p>&nbsp;<\/p>\n<p>6. februara 2018.<\/p>\n<p>&nbsp;<\/p>\n<p>&nbsp;<\/p>\n<p>U\u010desnici:<\/p>\n<p>&nbsp;<\/p>\n<p>dr Stanislava Bara\u0107, Institut za knji\u017eevnost i umetnost<br \/>\ndr Lada Stevanovi\u0107, Etnografski institut SANU\/Cejus<br \/>\nprof. dr Ildiko Erdei, Filozofski fakultet Univerziteta u Beogradu<br \/>\ndr Sanja Petrovi\u0107 Todosijevi\u0107, Institut za noviju istoriju Srbije\/Cejus<\/p>\n<p>&nbsp;<\/p>\n<p>&nbsp;<\/p>\n<p>Moderator: dr Sr\u0111an Atanasovski, Muzikolo\u0161ki institut SANU\/koordinator Centra za jugoslovenske studije)<\/p>\n<p>&nbsp;<\/p>\n<p>&nbsp;<\/p>\n<p>Tribinom Stvaranje Jugoslovena otpo\u010de\u0107e se razgovori na temu Sto godina od osnivanja Jugoslavije koje organizuju Centar za jugoslovenske studije (Cejus) pri Fakultetu za medije i komunikacije Univerziteta Singidunum i Dom omladine Beograd (DOB). U\u010desnici i u\u010desnice tribine Stvaranje Jugoslovena poku\u0161a\u0107e da odgovore na brojna pitanja koja zadiru u problematiku stvaranja jugoslovenske nacije, procese \u201estvaranja\u201c Jugoslovena \u201eodozgo\u201c ali i njima srodne i spontanije procese \u201estvaranja\u201c Jugoslovena \u201eodozdo\u201c Politika \u201eprivo\u0111enja\u201c gra\u0111ana jugoslovenskoj dr\u017eavi ali i zvani\u010dnoj ideologiji razmatra\u0107e se od vremena Prvog svetskog rata i Ujedinjenja 1918. preko vremena postojanja jugoslovenske dr\u017eave kao kraljevine a onda i socijalisti\u010dke republike. Zvani\u010dna politika dr\u017eave koja je, izme\u0111u ostalog, trebalo da dovede do konstruisanja jugoslovenskog identiteta, razmatra\u0107e se kroz analizu politike konstruisanja jugoslovenske knji\u017eevnosti, pisanja jugoslovenskih \u010dasopisa za decu sa posebnim osvrtom na pisanje \u010dasopisa \u201eJugosloven\u010de\u201c koji je izlazio pre Drugog svetskog rata, simbole pionirskog identiteta ali i zvani\u010dnu politiku obrazovanja i vaspitanja koja je u Jugoslaviji krajem pedesetih po\u010detkom \u0161ezdesetih godina 20. veka dovela do \u201emasovne proizvodnje\u201c tzv. \u201esre\u0107nog detinjstva\u201c. Politika \u201estvaranja\u201c Jugoslovena razmatra\u0107e se kao veoma dinami\u010dna ali ne i izolovana u odnosu na druge procese koji su obele\u017eili period postojanja kako Jugoslavije kao kraljevine tako i socijalisti\u010dke Jugoslavije.<\/p>\n<p>&nbsp;<\/p>\n<p>&nbsp;<\/p>\n<p>O u\u010desnicima tribine:<\/p>\n<p>&nbsp;<\/p>\n<p>&nbsp;<\/p>\n<p>dr Stanislava Bara\u0107 (1977, Zrenjanin) je nau\u010dna saradnica Instituta za knji\u017eevnost i umetnost (Beograd). Glavna oblast istra\u017eivanja su joj: srpska i jugoslovenska knji\u017eevnost 20. veka s posebnim osvrtom na period izme\u0111u dva svetska rata, \u017eenska knji\u017eevnost i feministi\u010dka periodika. Autorka je dve monografske studije: Avangardna \u201eMisao\u201c (2008) i Feministi\u010dka knji\u017eevnost. \u017danr \u017eenskog portreta u srpskoj periodici 1920-1941 (2015).<\/p>\n<p>&nbsp;<\/p>\n<p>&nbsp;<\/p>\n<p>dr Lada Stevanovi\u0107 (1974, Zagreb) je vi\u0161a nau\u010dna saradnica Etnografskog instituta SANU i jedna od osniva\u010dica Centra za jugoslovenske studije. Izme\u0111u ostalog, bavi se pam\u0107enjem i nacionalnim identitetom odnosno pre svega na\u010dinom na koji je konstruisano jugoslovenstvo. Autorka je monografije Laughing at the Funeral: Gender and Anthropology in the Greek Funerary Rites (2009).<\/p>\n<p>&nbsp;<\/p>\n<p>&nbsp;<\/p>\n<p>prof. dr. Ildiko Erdei (1965, Kovin) je vanredna profesorka na Odeljenju za etnologiju i antropologiju Filozofskog fakulteta Univerziteta u Beogradu. Bavi se antropologijom materijalne kulture, rodnim studijama i odnosom izme\u0111u ekonomije i kulture. Autorka je ve\u0107eg broja radova. Izme\u0111u ostalog, napisala je slede\u0107e monografske studije: Antropologija potro\u0161nje (2008) i \u010cekaju\u0107i Ikeu. Potro\u0161a\u010dka kultura u postsocijalizmu i pre njega (2012).<\/p>\n<p>&nbsp;<\/p>\n<p>&nbsp;<\/p>\n<p>dr Sanja Petrovi\u0107 Todosijevi\u0107 (1977, \u0160abac) je nau\u010dna saradnica Instituta za noviju istoriju Srbije (Beograd) i jedna od osniva\u010dica Centra za jugoslovenske studije. Bavi se dru\u0161tvenom istorijom Srbije i Jugoslavije u periodu posle Drugog svetskog rata sa posebnim osvrtom na istoriju detinjstva i obrazovanja i istorijom Drugog svetskog rata. Autorka je monografije Za bezimene. Delatnost UNICEF-a u Federativnoj Narodnoj Republici Jugoslaviji 1947-1954 (2008).<\/p>\n<p>&nbsp;<\/p>\n<p>&nbsp;<\/p>\n<p>O moderatoru:<\/p>\n<p>&nbsp;<\/p>\n<p>&nbsp;<\/p>\n<p>dr Sr\u0111an Atanasovski (1983, Kumanovo) je nau\u010dni saradnik Muzikolo\u0161kog instituta SANU i koordinator Centra za jugoslovenske studije. Podru\u010dja njegovog nau\u010dnog interesovanja obuhvataju studije nacionalizama, studije slu\u0161anja i zvu\u010dnih predela i posmarksisti\u010dke teorije. Autor je monografije Mapiranje Stare Srbije: Stopama putopisaca, tragom narodne pesme (2017).<\/p>\n<p>&nbsp;<\/p>\n<p>&nbsp;<\/p>\n<p><a href=\"https:\/\/www.facebook.com\/events\/179720672631916\/\">https:\/\/www.facebook.com\/events\/179720672631916\/<\/a><\/p>\n<p>&nbsp;<\/p>\n<p>&nbsp;<\/p>\n<p>dr Stanislava Bara\u0107 je govorila o jugoslovenskoj knji\u017eevnosti od njene ideje pre postojanja okvira dr\u017eavne zajednice, preko projekcija jugoslovenske knji\u017eevnosti unazad nakon formiranja zajedni\u010dke dr\u017eave i stvaranja jugoslovenskog \u010ditala\u010dkog sveta, zajednice koja postoji i dalje iako zajedni\u010dke dr\u017eave vi\u0161e nema.<\/p>\n<p>&nbsp;<\/p>\n<p>&nbsp;<\/p>\n<p>dr Lada Stevanovic je govorila na koji na\u010din je nacija servirana deci kroz de\u010dji \u010dasopis \u201cJugosloven\u010de\u201d koji je izlazio u periodu 1931-1941. analiziraju\u0107i elemente za konstruisanje nacije poput jezika, simbola, prostora i kolektivnog pam\u0107enja.<\/p>\n<p>&nbsp;<\/p>\n<p>&nbsp;<\/p>\n<p>dr Sanja Sanja Petrovi\u0107 Todosijevi\u0107 o politici obrazovanja i vaspitanja, novoj \u0161koli koju su zahtevali procesi modernizacije, ulozi roditelja i novom konceptu detinjstva koji \u0107e iznedriti nove Jugoslovene.<\/p>\n<p>&nbsp;<\/p>\n<p>&nbsp;<\/p>\n","protected":false},"excerpt":{"rendered":"","protected":false},"author":2,"featured_media":8286,"comment_status":"open","ping_status":"open","sticky":false,"template":"","format":"standard","meta":{"_acf_changed":false,"jetpack_post_was_ever_published":false,"_jetpack_newsletter_access":"","_jetpack_dont_email_post_to_subs":false,"_jetpack_newsletter_tier_id":0,"_jetpack_memberships_contains_paywalled_content":false,"_jetpack_memberships_contains_paid_content":false,"footnotes":"","jetpack_publicize_message":"","jetpack_publicize_feature_enabled":true,"jetpack_social_post_already_shared":true,"jetpack_social_options":{"image_generator_settings":{"template":"highway","default_image_id":0,"font":"","enabled":false},"version":2}},"categories":[3],"tags":[],"class_list":["post-8285","post","type-post","status-publish","format-standard","has-post-thumbnail","hentry","category-novosti"],"acf":{"facebook_opis":""},"jetpack_publicize_connections":[],"jetpack_featured_media_url":"https:\/\/i0.wp.com\/historiografija.hr\/wp-content\/uploads\/2018\/02\/Tribina-Cejus.jpg?fit=960%2C720&ssl=1","jetpack_sharing_enabled":true,"jetpack-related-posts":[{"id":52657,"url":"https:\/\/historiografija.hr\/?p=52657","url_meta":{"origin":8285,"position":0},"title":"[Predavanje] Jezik i drugost u (post)socijalisti\u010dkoj Srbiji: diskurzivne politike identiteta (YugoLab)","author":"Branimir Jankovi\u0107","date":"24. travnja 2026.","format":false,"excerpt":"U sklopu projekta Prizma \/ IMAGINATION (\u201eZami\u0161ljanje nacije: srpski nacionalni narativi u sporu (XX\u2013XXI vek)\u201c), koji se realizuje na Institutu za filozofiju i dru\u0161tvenu teoriju Univerziteta u Beogradu (2024\u20132027) uz finansijsku podr\u0161ku Fonda za nauku Republike Srbije, organizuje se serija predavanja na kojoj istra\u017eiva\u010di i istra\u017eiva\u010dice projekta predstavljaju rezultate svojih\u2026","rel":"","context":"U &quot;Novosti&quot;","block_context":{"text":"Novosti","link":"https:\/\/historiografija.hr\/?cat=3"},"img":{"alt_text":"","src":"https:\/\/i0.wp.com\/historiografija.hr\/wp-content\/uploads\/2026\/04\/IFDT_28_IV.png?fit=1200%2C675&ssl=1&resize=350%2C200","width":350,"height":200,"srcset":"https:\/\/i0.wp.com\/historiografija.hr\/wp-content\/uploads\/2026\/04\/IFDT_28_IV.png?fit=1200%2C675&ssl=1&resize=350%2C200 1x, https:\/\/i0.wp.com\/historiografija.hr\/wp-content\/uploads\/2026\/04\/IFDT_28_IV.png?fit=1200%2C675&ssl=1&resize=525%2C300 1.5x, https:\/\/i0.wp.com\/historiografija.hr\/wp-content\/uploads\/2026\/04\/IFDT_28_IV.png?fit=1200%2C675&ssl=1&resize=700%2C400 2x, https:\/\/i0.wp.com\/historiografija.hr\/wp-content\/uploads\/2026\/04\/IFDT_28_IV.png?fit=1200%2C675&ssl=1&resize=1050%2C600 3x"},"classes":[]},{"id":52631,"url":"https:\/\/historiografija.hr\/?p=52631","url_meta":{"origin":8285,"position":1},"title":"Predavanje Ivana Tepe\u0161a: Djelovanje hrvatske politi\u010dke emigracije","author":"Branimir Jankovi\u0107","date":"23. travnja 2026.","format":false,"excerpt":"Odjel za me\u0111unarodnu suradnju i iseljeni\u0161tvo Matice hrvatske Predavanje Ivana Tepe\u0161a: Djelovanje hrvatske politi\u010dke emigracije Utorak, 28. travnja 2026. u 18:00 sati, Dvorana Ljudevita Jonkea (Mala dvorana MH), Strossmayerov trg 4, Zagreb dr. sc. Ivan Tepe\u0161, Institut za istra\u017eivanje migracija Hrvatska politi\u010dka emigracija obilje\u017eila je polustoljetnu hrvatsku povijest u drugoj\u2026","rel":"","context":"U &quot;Novosti&quot;","block_context":{"text":"Novosti","link":"https:\/\/historiografija.hr\/?cat=3"},"img":{"alt_text":"","src":"","width":0,"height":0},"classes":[]},{"id":52502,"url":"https:\/\/historiografija.hr\/?p=52502","url_meta":{"origin":8285,"position":2},"title":"Novi znanstveni projekt Hrvatskog instituta za povijest: \u201c\u017drtve ratova i dr\u017eavnog\/politi\u010dkog nasilja u hrvatskoj povijesti 20. stolje\u0107a\u201d","author":"Branimir Jankovi\u0107","date":"17. travnja 2026.","format":false,"excerpt":"Na redovitoj sjednici Vlade RH, 16. travnja 2026., donijet je Zaklju\u010dak kojim se pokre\u0107e znanstveni projekt \u201c\u017drtve ratova i dr\u017eavnog\/politi\u010dkog nasilja u hrvatskoj povijesti 20. stolje\u0107a\u201d. Projekt \u0107e provoditi i koordinirati Hrvatski institut za povijest u razdoblju trajanja projekta od pet godina. Zakljucak Vlade RH Iz teksta projektnog prijedloga: Problematika\u2026","rel":"","context":"U &quot;Novosti&quot;","block_context":{"text":"Novosti","link":"https:\/\/historiografija.hr\/?cat=3"},"img":{"alt_text":"","src":"https:\/\/i0.wp.com\/historiografija.hr\/wp-content\/uploads\/2026\/04\/Vlada-RH.jpg?fit=1200%2C557&ssl=1&resize=350%2C200","width":350,"height":200,"srcset":"https:\/\/i0.wp.com\/historiografija.hr\/wp-content\/uploads\/2026\/04\/Vlada-RH.jpg?fit=1200%2C557&ssl=1&resize=350%2C200 1x, https:\/\/i0.wp.com\/historiografija.hr\/wp-content\/uploads\/2026\/04\/Vlada-RH.jpg?fit=1200%2C557&ssl=1&resize=525%2C300 1.5x, https:\/\/i0.wp.com\/historiografija.hr\/wp-content\/uploads\/2026\/04\/Vlada-RH.jpg?fit=1200%2C557&ssl=1&resize=700%2C400 2x, https:\/\/i0.wp.com\/historiografija.hr\/wp-content\/uploads\/2026\/04\/Vlada-RH.jpg?fit=1200%2C557&ssl=1&resize=1050%2C600 3x"},"classes":[]},{"id":52536,"url":"https:\/\/historiografija.hr\/?p=52536","url_meta":{"origin":8285,"position":3},"title":"Kader Abdolah, \u201ePrije nego \u0161to bude kasno\u201c","author":"Branimir Jankovi\u0107","date":"20. travnja 2026.","format":false,"excerpt":"Kader Abdolah \u017eeli se vratiti ku\u0107i. Ali povratak je nemogu\u0107: u Iranu bi bio uhap\u0161en. Pod la\u017enim imenom i s krivotvorenim paso\u0161em ipak uspijeva u\u0107i u domovinu i sti\u017ee do roditeljske ku\u0107e, visoko u planinama. Majka ga ne prepoznaje, otac je mrtav, a sve \u0161to je tra\u017eio izmi\u010de mu pred\u2026","rel":"","context":"U &quot;Novosti&quot;","block_context":{"text":"Novosti","link":"https:\/\/historiografija.hr\/?cat=3"},"img":{"alt_text":"","src":"https:\/\/i0.wp.com\/historiografija.hr\/wp-content\/uploads\/2026\/04\/Prije-nego-sto-bude-kasno.webp?fit=566%2C872&ssl=1&resize=350%2C200","width":350,"height":200,"srcset":"https:\/\/i0.wp.com\/historiografija.hr\/wp-content\/uploads\/2026\/04\/Prije-nego-sto-bude-kasno.webp?fit=566%2C872&ssl=1&resize=350%2C200 1x, https:\/\/i0.wp.com\/historiografija.hr\/wp-content\/uploads\/2026\/04\/Prije-nego-sto-bude-kasno.webp?fit=566%2C872&ssl=1&resize=525%2C300 1.5x"},"classes":[]},{"id":52666,"url":"https:\/\/historiografija.hr\/?p=52666","url_meta":{"origin":8285,"position":4},"title":"Najava programa Festivala povijesti Kliofest (5-8. V. 2026)","author":"Branimir Jankovi\u0107","date":"24. travnja 2026.","format":false,"excerpt":"Po trinaesti put odr\u017eava se Festival povijesti Kliofest! Do petka \u0107emo odr\u017eati osam okruglih stolova i dva kolokvija te niz predstavljanja knjiga i projekata razli\u010dite tematike, od antike do suvremenosti. Bit \u0107e predstavljeno i nekoliko izlo\u017ebi te odr\u017ean jedan povijesni kviz. Prikazat \u0107emo i jedan film \u2013 o generalu Boroevi\u0107u.\u2026","rel":"","context":"U &quot;Novosti&quot;","block_context":{"text":"Novosti","link":"https:\/\/historiografija.hr\/?cat=3"},"img":{"alt_text":"","src":"https:\/\/i0.wp.com\/historiografija.hr\/wp-content\/uploads\/2026\/04\/Kliofest-2026.jpg?fit=526%2C526&ssl=1&resize=350%2C200","width":350,"height":200,"srcset":"https:\/\/i0.wp.com\/historiografija.hr\/wp-content\/uploads\/2026\/04\/Kliofest-2026.jpg?fit=526%2C526&ssl=1&resize=350%2C200 1x, https:\/\/i0.wp.com\/historiografija.hr\/wp-content\/uploads\/2026\/04\/Kliofest-2026.jpg?fit=526%2C526&ssl=1&resize=525%2C300 1.5x"},"classes":[]},{"id":52496,"url":"https:\/\/historiografija.hr\/?p=52496","url_meta":{"origin":8285,"position":5},"title":"30 godina Podru\u017enice \u2013 Javno predavanje Matea \u010calu\u0161i\u0107a \u201eSlavonski Brod u Domovinskom ratu\u201c","author":"Branimir Jankovi\u0107","date":"17. travnja 2026.","format":false,"excerpt":"U 2026. navr\u0161ava se trideset godina od osnutka Podru\u017enice za povijest Slavonije, Srijema i Baranje Hrvatskoga instituta za povijest. Obilje\u017eavanje ove zna\u010dajne obljetnice zapo\u010dinje ciklusom javnih povijesnih predavanja znanstvenika Instituta. Tre\u0107e po redu je predavanje Matea \u010calu\u0161i\u0107a \u2013 \u201eSLAVONSKI BROD U DOMOVINSKOM RATU\u201c. Predavanje \u0107e se odr\u017eati 21. travnja 2026.\u2026","rel":"","context":"U &quot;Novosti&quot;","block_context":{"text":"Novosti","link":"https:\/\/historiografija.hr\/?cat=3"},"img":{"alt_text":"","src":"https:\/\/i0.wp.com\/historiografija.hr\/wp-content\/uploads\/2026\/04\/Predavanje-Calusic.png?fit=860%2C1200&ssl=1&resize=350%2C200","width":350,"height":200,"srcset":"https:\/\/i0.wp.com\/historiografija.hr\/wp-content\/uploads\/2026\/04\/Predavanje-Calusic.png?fit=860%2C1200&ssl=1&resize=350%2C200 1x, https:\/\/i0.wp.com\/historiografija.hr\/wp-content\/uploads\/2026\/04\/Predavanje-Calusic.png?fit=860%2C1200&ssl=1&resize=525%2C300 1.5x, https:\/\/i0.wp.com\/historiografija.hr\/wp-content\/uploads\/2026\/04\/Predavanje-Calusic.png?fit=860%2C1200&ssl=1&resize=700%2C400 2x"},"classes":[]}],"_links":{"self":[{"href":"https:\/\/historiografija.hr\/index.php?rest_route=\/wp\/v2\/posts\/8285","targetHints":{"allow":["GET"]}}],"collection":[{"href":"https:\/\/historiografija.hr\/index.php?rest_route=\/wp\/v2\/posts"}],"about":[{"href":"https:\/\/historiografija.hr\/index.php?rest_route=\/wp\/v2\/types\/post"}],"author":[{"embeddable":true,"href":"https:\/\/historiografija.hr\/index.php?rest_route=\/wp\/v2\/users\/2"}],"replies":[{"embeddable":true,"href":"https:\/\/historiografija.hr\/index.php?rest_route=%2Fwp%2Fv2%2Fcomments&post=8285"}],"version-history":[{"count":1,"href":"https:\/\/historiografija.hr\/index.php?rest_route=\/wp\/v2\/posts\/8285\/revisions"}],"predecessor-version":[{"id":8287,"href":"https:\/\/historiografija.hr\/index.php?rest_route=\/wp\/v2\/posts\/8285\/revisions\/8287"}],"wp:featuredmedia":[{"embeddable":true,"href":"https:\/\/historiografija.hr\/index.php?rest_route=\/wp\/v2\/media\/8286"}],"wp:attachment":[{"href":"https:\/\/historiografija.hr\/index.php?rest_route=%2Fwp%2Fv2%2Fmedia&parent=8285"}],"wp:term":[{"taxonomy":"category","embeddable":true,"href":"https:\/\/historiografija.hr\/index.php?rest_route=%2Fwp%2Fv2%2Fcategories&post=8285"},{"taxonomy":"post_tag","embeddable":true,"href":"https:\/\/historiografija.hr\/index.php?rest_route=%2Fwp%2Fv2%2Ftags&post=8285"}],"curies":[{"name":"wp","href":"https:\/\/api.w.org\/{rel}","templated":true}]}}