{"id":8274,"date":"2018-02-07T11:55:54","date_gmt":"2018-02-07T11:55:54","guid":{"rendered":"http:\/\/historiografija.hr\/?p=8274"},"modified":"2018-02-07T11:55:54","modified_gmt":"2018-02-07T11:55:54","slug":"zbirka-arhiv-knjizevnog-petka","status":"publish","type":"post","link":"https:\/\/historiografija.hr\/?p=8274","title":{"rendered":"Zbirka Arhiv Knji\u017eevnog petka"},"content":{"rendered":"<p>Knji\u017enica Bo\u017eidara Ad\u017eije u okviru projekta Digitalizirana zagreba\u010dka ba\u0161tina Knji\u017enica grada Zagreba priredila je digitalizaciju zvu\u010dnih zapisa iz svoje zbirke Arhiv Knji\u017eevnog petka, snimljenih na tribinama Knji\u017eevnog petka u razdoblju od 1957. do 1976. godine.<\/p>\n<p>&nbsp;<\/p>\n<p>&nbsp;<\/p>\n<p>&#8212;<\/p>\n<p>&nbsp;<\/p>\n<p>&nbsp;<\/p>\n<p>Glasovi Knji\u017eevnog petka<\/p>\n<p>&nbsp;<\/p>\n<p>&nbsp;<\/p>\n<p><strong>Zbirka Arhiv Knji\u017eevnog petka, zvu\u010dni zapisi (1957\u20131976): magnetofonske vrpce, jedinica 161 i audiokasete, jedinica 58<\/strong><\/p>\n<p>&nbsp;<\/p>\n<p>Knji\u017enica Bo\u017eidara Ad\u017eije u okviru projekta Digitalizirana zagreba\u010dka ba\u0161tina (<a href=\"https:\/\/digitalnezbirke.kgz.hr\">https:\/\/digitalnezbirke.kgz.hr<\/a>\/) Knji\u017enica grada Zagreba zapo\u010dinje u o\u017eujku 2017. digitalizaciju zvu\u010dnih zapisa iz svoje zbirke Arhiv Knji\u017eevnog petka. Digitalizacija obuhva\u0107a magnetofonske trake i audiokasete snimljene na tribinama Knji\u017eevnog petka u razdoblju od 1959. do 1969. godine.<\/p>\n<p>&nbsp;<\/p>\n<p>Dvorana &#8211; H u kojoj se odr\u017eavao Knji\u017eevni petak u zgradi je Radni\u010dkog doma izgra\u0111enog 1937., na prvome katu Radni\u010dke biblioteke i \u010ditaonice, dana\u0161nje Knji\u017enice Bo\u017eidara Ad\u017eije, koja 1955. pokre\u0107e razgovore knji\u017eevnika s publikom. Za prvih susreta vode se stenogrami, a 1959. godine nastaju zvu\u010dni snimci.<\/p>\n<p>&nbsp;<\/p>\n<p>Knji\u017eevni petak zapo\u010deo je skromno, sa \u0161ezdesetak posjetitelja s knji\u017eevnikom Vladanom Desnicom u velikoj dvorani &#8211; H Radni\u010dke biblioteke prvoga petka u studenom 1955. Svaki sljede\u0107i brojem posjetitelja je ve\u0107i. Prema rije\u010dima prvog voditelja Knji\u017eevnog petka Marina Zurla petak u dru\u0161tvenom \u017eivotu Zagreba prerasta u knji\u017eevnu subotu &#8211; zapa\u017ea se zanimljiva \u010dinjenica, posjetitelji Knji\u017eevnog petka, a i ostali gra\u0111ani, koji \u010desto putem tiska pro\u010ditaju recenziju o razgovoru, sutradan postaju posjetitelji biblioteka (a sad se osje\u0107a i u knji\u017earama). Ponekad je potrebno iznajmiti poseban prostor, dvoranu koja mo\u017ee primiti tisu\u0107u, dvije, pa i vi\u0161e posjetitelja.<\/p>\n<p>&nbsp;<\/p>\n<p>Jedanaest godina tribina djeluje u okviru Radni\u010dke biblioteke, a poslije, od 1967. godine, kao tribina Gradske knji\u017enice i Narodnog sveu\u010dili\u0161ta u Zagrebu. Iz prostora dvorane &#8211; H Radni\u010dkog doma Knji\u017eevni petak kre\u0107e u Meduli\u0107evu ulicu, odatle na Rooseveltov trg 4 u Gradsku knji\u017enicu, gdje se i danas u Gradskoj knji\u017enici odr\u017eava zagreba\u010dki \u201ePetak\u201c na Star\u010devi\u0107evom trgu 6.<\/p>\n<p>&nbsp;<\/p>\n<p>Knji\u017eevni petak, poput usmenog literarnog \u010dasopisa sa zna\u010dajnom nakladom, bio je, \u0161to se vidi u finalu stolje\u0107a, novost &#8211; po susretima i neposrednom kontaktu aktivnih sudionika u razgovoru, debati i prisnoj atmosferi, po raznolikom i kvalitetnom programu. Zvu\u010dni zapisi svjedo\u010de o sugestivnoj \u017eivoj rije\u010di, atmosferi i bilu zagreba\u010dkog dru\u0161tvenog \u017eivota.<\/p>\n<p>&nbsp;<\/p>\n<p>&nbsp;<\/p>\n<p><strong>Gra\u0111a za snimanje<\/strong><\/p>\n<p>&nbsp;<\/p>\n<p>Snimljeni su razgovori s hrvatskim i stranim autorima, Mirkom Bo\u017ei\u0107em, Slavkom Mihali\u0107em, Ivanom Ku\u0161anom, Ivanom Slamnigom, Ivanom Raosom, Ivom Herge\u0161i\u0107em, Ljudevitom Jonkeom, Ivom Frange\u0161om, Rudijem Supekom, Vanjom Sutli\u0107em, Ivom Tijardovi\u0107em, Zlatkom Pricom, Aleksandrom Srnecom, Brankom Belanom, Mirjanom Gross, kao i Jeanom-Pierreom Fayeom, Eliom Filippom Accroccom, Bratkom Kreftom, Benom Zupan\u010di\u0107em, Brankom \u010copi\u0107em, Oskarom Davi\u010dom, Izetom Sarajli\u0107em, Nusretom Idrizovi\u0107em, Midhatom Begi\u0107em i brojnim drugim.<\/p>\n<p>&nbsp;<\/p>\n<p>&nbsp;<\/p>\n<p><strong>Na\u010din kori\u0161tenja<\/strong><\/p>\n<p>&nbsp;<\/p>\n<p>Projekt Glasovi Knji\u017eevnog petka sufinanciran je sredstvima Ministarstva kulture Republike Hrvatske i Grada Zagreba. Presnimljena i obra\u0111ena zvu\u010dna gra\u0111a nakon provedbe mjera za\u0161tite, digitalizacije i obrade, stavlja se na raspolaganje korisnicima za rad u stru\u010dne, obrazovne i znanstvene svrhe u prostoru Knji\u017enice Bo\u017eidara Ad\u017eije. Gra\u0111u za digitalizaciju i objavljivanje priprema voditelj projekta Glasovi Knji\u017eevnog petka Ivan Jeli\u0107, informator-predmetni analiti\u010dar u Knji\u017enici Bo\u017eidara Ad\u017eije. Isje\u010dci zvu\u010dnih zapisa okupljeni su na portalu <a href=\"https:\/\/digitalnezbirke.kgz.hr\/?object=list&amp;c2o=19054\">Digitalne zbirke<\/a>, a Katalog Knji\u017enica grada Zagreba omogu\u0107ava pretra\u017eivanje i pristup sadr\u017eaju.<\/p>\n<p>&nbsp;<\/p>\n<p>&nbsp;<\/p>\n<p>Sve digitalne reprodukcije izvornika iz zbirke Arhiv Knji\u017eevnog petka kao kratki zvu\u010dni isje\u010dci dostupni su besplatno osoblju i \u010dlanovima Knji\u017enica grada Zagreba za dalje obrazovanje i istra\u017eivanje. Za puni pristup javnosti kad god je mogu\u0107e knji\u017eni\u010darska zajednica \u0107e nastojati ishoditi suglasnost onih koji su imenovani kao suradnici ili su identificirani kao autori. Snimke mogu biti reproducirane, ali ne i preuzete, s mre\u017ene stranice Kataloga. Snimke za\u0161ti\u0107ene autorskim pravom posjetitelji mogu poslu\u0161ati na ra\u010dunalu u Knji\u017enici Bo\u017eidara Ad\u017eije uz \u010dlansku iskaznicu.<\/p>\n<p>&nbsp;<\/p>\n<p>Izvor:<\/p>\n<p>&nbsp;<\/p>\n<p><a href=\"http:\/\/www.kgz.hr\/hr\/knjiznice\/knjiznica-bozidara-adzije\/programi-u-knjiznici\/glasovi-knjizevnog-petka\/35181\">http:\/\/www.kgz.hr\/hr\/knjiznice\/knjiznica-bozidara-adzije\/programi-u-knjiznici\/glasovi-knjizevnog-petka\/35181<\/a><\/p>\n<p>&nbsp;<\/p>\n<p>&nbsp;<\/p>\n","protected":false},"excerpt":{"rendered":"","protected":false},"author":2,"featured_media":8275,"comment_status":"open","ping_status":"open","sticky":false,"template":"","format":"standard","meta":{"_acf_changed":false,"jetpack_post_was_ever_published":false,"_jetpack_newsletter_access":"","_jetpack_dont_email_post_to_subs":false,"_jetpack_newsletter_tier_id":0,"_jetpack_memberships_contains_paywalled_content":false,"_jetpack_memberships_contains_paid_content":false,"footnotes":"","jetpack_publicize_message":"","jetpack_publicize_feature_enabled":true,"jetpack_social_post_already_shared":true,"jetpack_social_options":{"image_generator_settings":{"template":"highway","default_image_id":0,"font":"","enabled":false},"version":2}},"categories":[3],"tags":[],"class_list":["post-8274","post","type-post","status-publish","format-standard","has-post-thumbnail","hentry","category-novosti"],"acf":{"facebook_opis":""},"jetpack_publicize_connections":[],"jetpack_featured_media_url":"https:\/\/i0.wp.com\/historiografija.hr\/wp-content\/uploads\/2018\/02\/sartre.jpg?fit=500%2C388&ssl=1","jetpack_sharing_enabled":true,"jetpack-related-posts":[{"id":52666,"url":"https:\/\/historiografija.hr\/?p=52666","url_meta":{"origin":8274,"position":0},"title":"Najava programa Festivala povijesti Kliofest (5-8. V. 2026)","author":"Branimir Jankovi\u0107","date":"24. travnja 2026.","format":false,"excerpt":"Po trinaesti put odr\u017eava se Festival povijesti Kliofest! Do petka \u0107emo odr\u017eati osam okruglih stolova i dva kolokvija te niz predstavljanja knjiga i projekata razli\u010dite tematike, od antike do suvremenosti. Bit \u0107e predstavljeno i nekoliko izlo\u017ebi te odr\u017ean jedan povijesni kviz. Prikazat \u0107emo i jedan film \u2013 o generalu Boroevi\u0107u.\u2026","rel":"","context":"U &quot;Novosti&quot;","block_context":{"text":"Novosti","link":"https:\/\/historiografija.hr\/?cat=3"},"img":{"alt_text":"","src":"https:\/\/i0.wp.com\/historiografija.hr\/wp-content\/uploads\/2026\/04\/Kliofest-2026.jpg?fit=526%2C526&ssl=1&resize=350%2C200","width":350,"height":200,"srcset":"https:\/\/i0.wp.com\/historiografija.hr\/wp-content\/uploads\/2026\/04\/Kliofest-2026.jpg?fit=526%2C526&ssl=1&resize=350%2C200 1x, https:\/\/i0.wp.com\/historiografija.hr\/wp-content\/uploads\/2026\/04\/Kliofest-2026.jpg?fit=526%2C526&ssl=1&resize=525%2C300 1.5x"},"classes":[]},{"id":52633,"url":"https:\/\/historiografija.hr\/?p=52633","url_meta":{"origin":8274,"position":1},"title":"POVIJEST TRE\u0160NJEVA\u010cKE GLAZBE: prikupljanje virtualnog fundusa Muzeja susjedstva Tre\u0161njevka","author":"Branimir Jankovi\u0107","date":"23. travnja 2026.","format":false,"excerpt":"utorak 28. 4. 2026. 14 - 18 h Nova BAZA, Nova cesta 66, Zagreb Prvi su dani ljeta 1957. godine. Bo\u017eica Kalafati\u0107 poha\u0111a drugi razred Osnovne \u0161kole Bratstvo i jedinstvo, danas kralja Tomislava, a ide i na muzi\u010dke satove u Mo\u0161\u0107eni\u010dkoj ulici. Na fotografiji s harmonikom u rukama stoji u\u2026","rel":"","context":"U &quot;Novosti&quot;","block_context":{"text":"Novosti","link":"https:\/\/historiografija.hr\/?cat=3"},"img":{"alt_text":"","src":"https:\/\/i0.wp.com\/historiografija.hr\/wp-content\/uploads\/2026\/04\/MST_prikupljanje.jpg?fit=380%2C475&ssl=1&resize=350%2C200","width":350,"height":200},"classes":[]},{"id":52575,"url":"https:\/\/historiografija.hr\/?p=52575","url_meta":{"origin":8274,"position":2},"title":"Izlo\u017eba dje\u010djih radova \u201cU po\u010detku bija\u0161e crte\u017e\u2026\u201d","author":"Branimir Jankovi\u0107","date":"21. travnja 2026.","format":false,"excerpt":"U subotu, 25. travnja 2026. u 11 sati u Galeriji Klovi\u0107evi dvori sve\u010dano otvaramo izlo\u017ebu dje\u010djih radova pod nazivom U po\u010detku bija\u0161e crte\u017e\u2026 Radovi su nastali u sklopu likovnih radionica uz izlo\u017ebu U po\u010detku bija\u0161e kraljevstvo \u2013 izlo\u017eba povodom 1100 godina Hrvatskoga Kraljevstva. Na brojnim likovnim radionicama, uz \u0161kolsku djecu,\u2026","rel":"","context":"U &quot;Izlo\u017ebe&quot;","block_context":{"text":"Izlo\u017ebe","link":"https:\/\/historiografija.hr\/?cat=10"},"img":{"alt_text":"","src":"https:\/\/i0.wp.com\/historiografija.hr\/wp-content\/uploads\/2025\/10\/Klovicevi_sluzbeni-plakat.png?fit=840%2C1200&ssl=1&resize=350%2C200","width":350,"height":200,"srcset":"https:\/\/i0.wp.com\/historiografija.hr\/wp-content\/uploads\/2025\/10\/Klovicevi_sluzbeni-plakat.png?fit=840%2C1200&ssl=1&resize=350%2C200 1x, https:\/\/i0.wp.com\/historiografija.hr\/wp-content\/uploads\/2025\/10\/Klovicevi_sluzbeni-plakat.png?fit=840%2C1200&ssl=1&resize=525%2C300 1.5x, https:\/\/i0.wp.com\/historiografija.hr\/wp-content\/uploads\/2025\/10\/Klovicevi_sluzbeni-plakat.png?fit=840%2C1200&ssl=1&resize=700%2C400 2x"},"classes":[]},{"id":52543,"url":"https:\/\/historiografija.hr\/?p=52543","url_meta":{"origin":8274,"position":3},"title":"Znanstveno-stru\u010dni skup \u201eOto\u010dne pu\u010dke pobo\u017enosti: kontinuiteti i transformacije\u201c","author":"Branimir Jankovi\u0107","date":"20. travnja 2026.","format":false,"excerpt":"Najavljujemo\u00a0znanstveno-stru\u010dni skup \u201eOto\u010dne pu\u010dke pobo\u017enosti: kontinuiteti i transformacije\u201c,\u00a0koji \u0107e se odr\u017eati\u00a0u Rabu od 24. do 26. travnja 2026.,\u00a0u organizaciji i uz potporu\u00a0Instituta za etnologiju i folkloristiku, Zagreb, \u00a0Grada Raba, Pu\u010dkog otvorenog u\u010dili\u0161ta Rab i Centra za istra\u017eivanje srednjovjekovne ba\u0161tine Jadrana RIMAH. Skup okuplja vode\u0107e doma\u0107e stru\u010dnjake koji \u0107e kroz niz\u2026","rel":"","context":"U &quot;Novosti&quot;","block_context":{"text":"Novosti","link":"https:\/\/historiografija.hr\/?cat=3"},"img":{"alt_text":"","src":"https:\/\/i0.wp.com\/historiografija.hr\/wp-content\/uploads\/2026\/04\/Skup_Rab.jpg?fit=848%2C1200&ssl=1&resize=350%2C200","width":350,"height":200,"srcset":"https:\/\/i0.wp.com\/historiografija.hr\/wp-content\/uploads\/2026\/04\/Skup_Rab.jpg?fit=848%2C1200&ssl=1&resize=350%2C200 1x, https:\/\/i0.wp.com\/historiografija.hr\/wp-content\/uploads\/2026\/04\/Skup_Rab.jpg?fit=848%2C1200&ssl=1&resize=525%2C300 1.5x, https:\/\/i0.wp.com\/historiografija.hr\/wp-content\/uploads\/2026\/04\/Skup_Rab.jpg?fit=848%2C1200&ssl=1&resize=700%2C400 2x"},"classes":[]},{"id":52502,"url":"https:\/\/historiografija.hr\/?p=52502","url_meta":{"origin":8274,"position":4},"title":"Novi znanstveni projekt Hrvatskog instituta za povijest: \u201c\u017drtve ratova i dr\u017eavnog\/politi\u010dkog nasilja u hrvatskoj povijesti 20. stolje\u0107a\u201d","author":"Branimir Jankovi\u0107","date":"17. travnja 2026.","format":false,"excerpt":"Na redovitoj sjednici Vlade RH, 16. travnja 2026., donijet je Zaklju\u010dak kojim se pokre\u0107e znanstveni projekt \u201c\u017drtve ratova i dr\u017eavnog\/politi\u010dkog nasilja u hrvatskoj povijesti 20. stolje\u0107a\u201d. Projekt \u0107e provoditi i koordinirati Hrvatski institut za povijest u razdoblju trajanja projekta od pet godina. Zakljucak Vlade RH Iz teksta projektnog prijedloga: Problematika\u2026","rel":"","context":"U &quot;Novosti&quot;","block_context":{"text":"Novosti","link":"https:\/\/historiografija.hr\/?cat=3"},"img":{"alt_text":"","src":"https:\/\/i0.wp.com\/historiografija.hr\/wp-content\/uploads\/2026\/04\/Vlada-RH.jpg?fit=1200%2C557&ssl=1&resize=350%2C200","width":350,"height":200,"srcset":"https:\/\/i0.wp.com\/historiografija.hr\/wp-content\/uploads\/2026\/04\/Vlada-RH.jpg?fit=1200%2C557&ssl=1&resize=350%2C200 1x, https:\/\/i0.wp.com\/historiografija.hr\/wp-content\/uploads\/2026\/04\/Vlada-RH.jpg?fit=1200%2C557&ssl=1&resize=525%2C300 1.5x, https:\/\/i0.wp.com\/historiografija.hr\/wp-content\/uploads\/2026\/04\/Vlada-RH.jpg?fit=1200%2C557&ssl=1&resize=700%2C400 2x, https:\/\/i0.wp.com\/historiografija.hr\/wp-content\/uploads\/2026\/04\/Vlada-RH.jpg?fit=1200%2C557&ssl=1&resize=1050%2C600 3x"},"classes":[]},{"id":52669,"url":"https:\/\/historiografija.hr\/?p=52669","url_meta":{"origin":8274,"position":5},"title":"Predavanje Igora Dude &#8220;Odmor kao \u017eivotna potreba: o slobodnom vremenu u socijalisti\u010dkoj Jugoslaviji&#8221;","author":"Branimir Jankovi\u0107","date":"27. travnja 2026.","format":false,"excerpt":"U sklopu proljetnog ciklusa programa\u00a0Kriti\u010dka dramaturgija: pauza, u\u00a0subotu, 25. travnja 2026. u 19 sati\u00a0u prostoru Udru\u017eenja hrvatskih arhitekata povjesni\u010dar Igor Duda\u00a0odr\u017eao je predavanje naslovljeno\u00a0Odmor kao \u017eivotna potreba: o slobodnom vremenu u socijalisti\u010dkoj Jugoslaviji. Industrijalizacija i urbanizacija dru\u0161tava u povijesti su zna\u010dile i prelazak s predindustrijskog na industrijsko shva\u0107anje vremena. Ono\u2026","rel":"","context":"U &quot;Novosti&quot;","block_context":{"text":"Novosti","link":"https:\/\/historiografija.hr\/?cat=3"},"img":{"alt_text":"","src":"https:\/\/i0.wp.com\/historiografija.hr\/wp-content\/uploads\/2026\/04\/Duda.png?fit=1200%2C628&ssl=1&resize=350%2C200","width":350,"height":200,"srcset":"https:\/\/i0.wp.com\/historiografija.hr\/wp-content\/uploads\/2026\/04\/Duda.png?fit=1200%2C628&ssl=1&resize=350%2C200 1x, https:\/\/i0.wp.com\/historiografija.hr\/wp-content\/uploads\/2026\/04\/Duda.png?fit=1200%2C628&ssl=1&resize=525%2C300 1.5x, https:\/\/i0.wp.com\/historiografija.hr\/wp-content\/uploads\/2026\/04\/Duda.png?fit=1200%2C628&ssl=1&resize=700%2C400 2x, https:\/\/i0.wp.com\/historiografija.hr\/wp-content\/uploads\/2026\/04\/Duda.png?fit=1200%2C628&ssl=1&resize=1050%2C600 3x"},"classes":[]}],"_links":{"self":[{"href":"https:\/\/historiografija.hr\/index.php?rest_route=\/wp\/v2\/posts\/8274","targetHints":{"allow":["GET"]}}],"collection":[{"href":"https:\/\/historiografija.hr\/index.php?rest_route=\/wp\/v2\/posts"}],"about":[{"href":"https:\/\/historiografija.hr\/index.php?rest_route=\/wp\/v2\/types\/post"}],"author":[{"embeddable":true,"href":"https:\/\/historiografija.hr\/index.php?rest_route=\/wp\/v2\/users\/2"}],"replies":[{"embeddable":true,"href":"https:\/\/historiografija.hr\/index.php?rest_route=%2Fwp%2Fv2%2Fcomments&post=8274"}],"version-history":[{"count":1,"href":"https:\/\/historiografija.hr\/index.php?rest_route=\/wp\/v2\/posts\/8274\/revisions"}],"predecessor-version":[{"id":8276,"href":"https:\/\/historiografija.hr\/index.php?rest_route=\/wp\/v2\/posts\/8274\/revisions\/8276"}],"wp:featuredmedia":[{"embeddable":true,"href":"https:\/\/historiografija.hr\/index.php?rest_route=\/wp\/v2\/media\/8275"}],"wp:attachment":[{"href":"https:\/\/historiografija.hr\/index.php?rest_route=%2Fwp%2Fv2%2Fmedia&parent=8274"}],"wp:term":[{"taxonomy":"category","embeddable":true,"href":"https:\/\/historiografija.hr\/index.php?rest_route=%2Fwp%2Fv2%2Fcategories&post=8274"},{"taxonomy":"post_tag","embeddable":true,"href":"https:\/\/historiografija.hr\/index.php?rest_route=%2Fwp%2Fv2%2Ftags&post=8274"}],"curies":[{"name":"wp","href":"https:\/\/api.w.org\/{rel}","templated":true}]}}