{"id":8182,"date":"2018-02-01T22:28:27","date_gmt":"2018-02-01T22:28:27","guid":{"rendered":"http:\/\/historiografija.hr\/?p=8182"},"modified":"2018-02-01T22:28:27","modified_gmt":"2018-02-01T22:28:27","slug":"tribina-antifasizam-danas","status":"publish","type":"post","link":"https:\/\/historiografija.hr\/?p=8182","title":{"rendered":"Tribina &#8220;Antifa\u0161izam danas&#8221;"},"content":{"rendered":"<p>U petak, 2. velja\u010de 2018. u 18 sati u Srpskom privrednom dru\u0161tvu &#8220;Privrednik&#8221; u Zagrebu (Preradovi\u0107eva 18) na tribini &#8220;Antifa\u0161izam danas&#8221; sudjelovat \u0107e uz Anu Bena\u010di\u0107 i Sanju Kova\u010devi\u0107 povjesni\u010dari Marko Fu\u010dek i Nikola Vukobratovi\u0107.<\/p>\n<p>&nbsp;<\/p>\n<p>&nbsp;<\/p>\n<p>&#8212;<\/p>\n<p>&nbsp;<\/p>\n<p>&nbsp;<\/p>\n<p>Srpsko privredno dru\u0161tvo &#8220;Privrednik&#8221;<br \/>\nPreradovi\u0107eva 18, Zagreb<\/p>\n<p>&nbsp;<\/p>\n<p>&nbsp;<\/p>\n<p>Antifa\u0161izam se danas dominantno javlja na dva razli\u010dita ali povezana kolosijeka &#8211; prvom nasuprot sve izra\u017eenijim koracima revizionisti\u010dkih shva\u0107anja historijskih pojava fa\u0161izma te drugom nasuprot suvremenim politi\u010dkim, ekonomskim i dru\u0161tvenim fenomenima koji u ve\u0107oj ili manjoj mjeri odgovaraju elementima historijskog fa\u0161izma.<\/p>\n<p>&nbsp;<\/p>\n<p>&nbsp;<\/p>\n<p>Revizionisti\u010dki pristupi historijskom fa\u0161izmu po\u010dinju gotovo odmah po porazu nacisti\u010dke Njema\u010dke, odnosno po\u010detkom Hladnog rata kada se redefinicijom pojma totalne dr\u017eave i totalitarizma po\u010dinju isticati sli\u010dnosti fa\u0161izma i dr\u017eavnog realsocijalizma te minimalizirati sli\u010dnosti i genetska povezanost liberalnog kapitalizma i fa\u0161izma. Nasuprot tome, tribina \u201eAntifa\u0161izam danas\u201c bit \u0107e orijentirana na ovaj drugi antifa\u0161izam, odnosno ulogu antifa\u0161izma u otporu suvremenim, fa\u0161izmu nalik, elementima i dru\u0161tvu koje fa\u0161isti\u010dke tendencije stvara i uvijek iznova pora\u0111a.<\/p>\n<p>&nbsp;<\/p>\n<p>&nbsp;<\/p>\n<p>Zatvaranje i mr\u017enja prema emigrantima diljem Evrope i u SAD, porast nacionalizama i ksenofobije, tra\u017eenje krivaca u Drugima i druga\u010dijima (nacionalno, etni\u010dki, vjerski, rasno, spolno, rodno, i td.), uspon popularnosti tzv. alternativne desnice (alt-right) samo su neki od fenomena koji danas podsje\u0107aju na o\u017eivljavanje klju\u010dnih fa\u0161isti\u010dkih postavki.<\/p>\n<p>&nbsp;<\/p>\n<p>&nbsp;<\/p>\n<p>Ekonomske osnove takvih pojava prili\u010dno su sli\u010dne onima koje su vodile pojavi historijskog fa\u0161izma, uklju\u010duju\u0107i rastu\u0107e nejednakosti, osiroma\u0161ivanje ve\u0107ine stanovni\u0161tva i krajnju egzistencijalnu nesigurnost velikog broja ljudi. Danas mo\u017eda i ne mo\u017eemo o\u010dekivati pojavu eksplicitno fa\u0161isti\u010dkih dr\u017eava poput onih iz 20-ih i 30-ih godina pro\u0161log stolje\u0107a pa zbog toga niti dana\u0161nji antifa\u0161izam ne mo\u017ee ostati orijentiran samo na eksplicitno fa\u0161isti\u010dke pojave u tradicionalnom smislu.<\/p>\n<p>&nbsp;<\/p>\n<p>&nbsp;<\/p>\n<p>Jedno od klju\u010dnih pitanja koje se postavlja je ono takti\u010dko. Treba li antifa\u0161izam danas nastojati obuhvatiti \u0161to \u0161iri mogu\u0107i ideolo\u0161ki spektar &#8211; uklju\u010duju\u0107i gra\u0111anski, liberalni, radikalnolijevi i sl. antifa\u0161izam &#8211; u \u0161to je mogu\u0107e \u0161iru frontu ili nam je potreban antifa\u0161izam u\u017ee fokusiran na ideolo\u0161ke i ekonomske temelje dana\u0161njih pojava? U kojoj mjeri antifa\u0161izam treba ostati negativno orijentiran, anti- niza navedenih pojava, a u kojoj mjeri antifa\u0161izam mora uklju\u010diti pozitivne sadr\u017eaje i zahtjeve promjena u dru\u0161tvu?<\/p>\n<p>&nbsp;<\/p>\n<p>&nbsp;<\/p>\n<p>Mo\u017eemo li i trebamo li borbu protiv suvremenog desnog ekstremizma uvr\u0161tavati u kategoriju antifa\u0161izma ili on treba ostati posve\u0107en otporu eksplicitno fa\u0161isti\u010dkim i fa\u0161istoidnim pojavama?<\/p>\n<p>&nbsp;<\/p>\n<p>&nbsp;<\/p>\n<p>Pozivamo vas da na ta i brojna druga pitanja u vezi antifa\u0161izma danas odgovore potra\u017eimo na najavljenoj tribini.<\/p>\n<p>&nbsp;<\/p>\n<p>&nbsp;<\/p>\n<p>Govornici:<\/p>\n<p>&nbsp;<\/p>\n<p>&nbsp;<\/p>\n<p>Ana Bena\u010di\u0107 (novinarka)<br \/>\nMarko Fu\u010dek (povjesni\u010dar i \u010dlan RF-a)<br \/>\nSanja Kova\u010devi\u0107 (\u010dlanica RF-a)<br \/>\nNikola Vukobratovi\u0107 (novinar i povjesni\u010dar)<\/p>\n<p>&nbsp;<\/p>\n<p>&nbsp;<\/p>\n<p>Moderira: Igor Premu\u017ei\u0107 (antifa\u0161isti\u010dki aktivist i \u010dlan RF-a)<\/p>\n<p>&nbsp;<\/p>\n<p>&nbsp;<\/p>\n<p>Izvor: <a href=\"https:\/\/www.facebook.com\/events\/164719897497160\/\">https:\/\/www.facebook.com\/events\/164719897497160\/<\/a><\/p>\n<p>&nbsp;<\/p>\n<p>&nbsp;<\/p>\n","protected":false},"excerpt":{"rendered":"","protected":false},"author":2,"featured_media":8183,"comment_status":"open","ping_status":"open","sticky":false,"template":"","format":"standard","meta":{"_acf_changed":false,"jetpack_post_was_ever_published":false,"_jetpack_newsletter_access":"","_jetpack_dont_email_post_to_subs":false,"_jetpack_newsletter_tier_id":0,"_jetpack_memberships_contains_paywalled_content":false,"_jetpack_memberships_contains_paid_content":false,"footnotes":"","jetpack_publicize_message":"","jetpack_publicize_feature_enabled":true,"jetpack_social_post_already_shared":true,"jetpack_social_options":{"image_generator_settings":{"template":"highway","default_image_id":0,"font":"","enabled":false},"version":2}},"categories":[3],"tags":[],"class_list":["post-8182","post","type-post","status-publish","format-standard","has-post-thumbnail","hentry","category-novosti"],"acf":{"facebook_opis":""},"jetpack_publicize_connections":[],"jetpack_featured_media_url":"https:\/\/i0.wp.com\/historiografija.hr\/wp-content\/uploads\/2018\/02\/Antifasizam-danas.jpg?fit=2048%2C1149&ssl=1","jetpack_sharing_enabled":true,"jetpack-related-posts":[{"id":52543,"url":"https:\/\/historiografija.hr\/?p=52543","url_meta":{"origin":8182,"position":0},"title":"Znanstveno-stru\u010dni skup \u201eOto\u010dne pu\u010dke pobo\u017enosti: kontinuiteti i transformacije\u201c","author":"Branimir Jankovi\u0107","date":"20. travnja 2026.","format":false,"excerpt":"Najavljujemo\u00a0znanstveno-stru\u010dni skup \u201eOto\u010dne pu\u010dke pobo\u017enosti: kontinuiteti i transformacije\u201c,\u00a0koji \u0107e se odr\u017eati\u00a0u Rabu od 24. do 26. travnja 2026.,\u00a0u organizaciji i uz potporu\u00a0Instituta za etnologiju i folkloristiku, Zagreb, \u00a0Grada Raba, Pu\u010dkog otvorenog u\u010dili\u0161ta Rab i Centra za istra\u017eivanje srednjovjekovne ba\u0161tine Jadrana RIMAH. Skup okuplja vode\u0107e doma\u0107e stru\u010dnjake koji \u0107e kroz niz\u2026","rel":"","context":"U &quot;Novosti&quot;","block_context":{"text":"Novosti","link":"https:\/\/historiografija.hr\/?cat=3"},"img":{"alt_text":"","src":"https:\/\/i0.wp.com\/historiografija.hr\/wp-content\/uploads\/2026\/04\/Skup_Rab.jpg?fit=848%2C1200&ssl=1&resize=350%2C200","width":350,"height":200,"srcset":"https:\/\/i0.wp.com\/historiografija.hr\/wp-content\/uploads\/2026\/04\/Skup_Rab.jpg?fit=848%2C1200&ssl=1&resize=350%2C200 1x, https:\/\/i0.wp.com\/historiografija.hr\/wp-content\/uploads\/2026\/04\/Skup_Rab.jpg?fit=848%2C1200&ssl=1&resize=525%2C300 1.5x, https:\/\/i0.wp.com\/historiografija.hr\/wp-content\/uploads\/2026\/04\/Skup_Rab.jpg?fit=848%2C1200&ssl=1&resize=700%2C400 2x"},"classes":[]},{"id":52633,"url":"https:\/\/historiografija.hr\/?p=52633","url_meta":{"origin":8182,"position":1},"title":"POVIJEST TRE\u0160NJEVA\u010cKE GLAZBE: prikupljanje virtualnog fundusa Muzeja susjedstva Tre\u0161njevka","author":"Branimir Jankovi\u0107","date":"23. travnja 2026.","format":false,"excerpt":"utorak 28. 4. 2026. 14 - 18 h Nova BAZA, Nova cesta 66, Zagreb Prvi su dani ljeta 1957. godine. Bo\u017eica Kalafati\u0107 poha\u0111a drugi razred Osnovne \u0161kole Bratstvo i jedinstvo, danas kralja Tomislava, a ide i na muzi\u010dke satove u Mo\u0161\u0107eni\u010dkoj ulici. Na fotografiji s harmonikom u rukama stoji u\u2026","rel":"","context":"U &quot;Novosti&quot;","block_context":{"text":"Novosti","link":"https:\/\/historiografija.hr\/?cat=3"},"img":{"alt_text":"","src":"https:\/\/i0.wp.com\/historiografija.hr\/wp-content\/uploads\/2026\/04\/MST_prikupljanje.jpg?fit=380%2C475&ssl=1&resize=350%2C200","width":350,"height":200},"classes":[]},{"id":52508,"url":"https:\/\/historiografija.hr\/?p=52508","url_meta":{"origin":8182,"position":2},"title":"Glazbena radionica \u201eDUGMETARA REVISITED\u201c","author":"Branimir Jankovi\u0107","date":"17. travnja 2026.","format":false,"excerpt":"DUGMETARA REVISITED glazbena radionica vodi: Ana Horvat 13., 20. i 27. travnja, od 18 do 20 sati Radiona, Nova cesta 186 Na tri radioni\u010dka susreta uranjamo u naslje\u0111e Dugmetare, biv\u0161e tvornice dugmadi na Savskoj cesti koja je po\u010detkom 2000-ih igrom slu\u010daja postala \u017eivo, jedinstveno mjesto glazbene proizvodnje. Svoje su probe\u2026","rel":"","context":"U &quot;Novosti&quot;","block_context":{"text":"Novosti","link":"https:\/\/historiografija.hr\/?cat=3"},"img":{"alt_text":"","src":"https:\/\/i0.wp.com\/historiografija.hr\/wp-content\/uploads\/2026\/04\/TRESNJA_TRESTI.jpg?fit=380%2C475&ssl=1&resize=350%2C200","width":350,"height":200},"classes":[]},{"id":52607,"url":"https:\/\/historiografija.hr\/?p=52607","url_meta":{"origin":8182,"position":3},"title":"No\u0107 knjige: Kako je prije 410 godina smr\u0107u Shakespearea i Cervantesa zavr\u0161ilo razdoblje renesanse u knji\u017eevnosti","author":"Branimir Jankovi\u0107","date":"22. travnja 2026.","format":false,"excerpt":"\u010cetvrtak, 23. travnja 2026. u 18:00 sati, Knji\u017eara Matice hrvatske, Ulica Matice hrvatske 2, Zagreb Uvodna rije\u010d: dr. sc.\u00a0Dubravka Brezak Stama\u0107, pro\u010delnica Odjela za knji\u017eevnost Matice hrvatske Prof. dr. sc. Ivan Lupi\u0107, redoviti profesor u Odsjeku za anglistiku i Odsjeku za kroatistiku Sveu\u010dili\u0161ta u RijeciShakespeare, kazali\u0161te, glazbaKada se susre\u0107emo sa\u2026","rel":"","context":"U &quot;Novosti&quot;","block_context":{"text":"Novosti","link":"https:\/\/historiografija.hr\/?cat=3"},"img":{"alt_text":"","src":"https:\/\/i0.wp.com\/historiografija.hr\/wp-content\/uploads\/2026\/04\/noc_knjige_2026.jpg?fit=680%2C276&ssl=1&resize=350%2C200","width":350,"height":200,"srcset":"https:\/\/i0.wp.com\/historiografija.hr\/wp-content\/uploads\/2026\/04\/noc_knjige_2026.jpg?fit=680%2C276&ssl=1&resize=350%2C200 1x, https:\/\/i0.wp.com\/historiografija.hr\/wp-content\/uploads\/2026\/04\/noc_knjige_2026.jpg?fit=680%2C276&ssl=1&resize=525%2C300 1.5x"},"classes":[]},{"id":52148,"url":"https:\/\/historiografija.hr\/?p=52148","url_meta":{"origin":8182,"position":4},"title":"Poziv za prijavu na me\u0111unarodnu znanstvenu konferenciju \u201eGranice (ne)slobode: Zadarski krug 1966. Intelektualna opozicija u totalitarnom dru\u0161tvu\u201c","author":"Branimir Jankovi\u0107","date":"27. o\u017eujka 2026.","format":false,"excerpt":"\u00a0\u00a0\u00a0\u00a0 Povodom \u0161ezdesete obljetnice poku\u0161aja osnivanja \u010dasopisa Slobodan glas u Zadru 1966. godine, pozivamo vas na znanstvenu konferenciju posve\u0107enu istra\u017eivanju disidentstva, intelektualne opozicije i granica divergentnog mi\u0161ljenja nasuprot slu\u017ebenoj ideologiji u komunisti\u010dkoj Jugoslaviji. Ideja konferencije je analizirati konkretan fenomen zadarskog slu\u010daja razloge i okolnosti njegove pojave, ali uz otvaranje komparativnih\u2026","rel":"","context":"U &quot;Novosti&quot;","block_context":{"text":"Novosti","link":"https:\/\/historiografija.hr\/?cat=3"},"img":{"alt_text":"","src":"https:\/\/i0.wp.com\/historiografija.hr\/wp-content\/uploads\/2026\/03\/Poziv-konferencija-Zadar.jpg?fit=1200%2C509&ssl=1&resize=350%2C200","width":350,"height":200,"srcset":"https:\/\/i0.wp.com\/historiografija.hr\/wp-content\/uploads\/2026\/03\/Poziv-konferencija-Zadar.jpg?fit=1200%2C509&ssl=1&resize=350%2C200 1x, https:\/\/i0.wp.com\/historiografija.hr\/wp-content\/uploads\/2026\/03\/Poziv-konferencija-Zadar.jpg?fit=1200%2C509&ssl=1&resize=525%2C300 1.5x, https:\/\/i0.wp.com\/historiografija.hr\/wp-content\/uploads\/2026\/03\/Poziv-konferencija-Zadar.jpg?fit=1200%2C509&ssl=1&resize=700%2C400 2x, https:\/\/i0.wp.com\/historiografija.hr\/wp-content\/uploads\/2026\/03\/Poziv-konferencija-Zadar.jpg?fit=1200%2C509&ssl=1&resize=1050%2C600 3x"},"classes":[]},{"id":52666,"url":"https:\/\/historiografija.hr\/?p=52666","url_meta":{"origin":8182,"position":5},"title":"Najava programa Festivala povijesti Kliofest (5-8. V. 2026)","author":"Branimir Jankovi\u0107","date":"24. travnja 2026.","format":false,"excerpt":"Po trinaesti put odr\u017eava se Festival povijesti Kliofest! Do petka \u0107emo odr\u017eati osam okruglih stolova i dva kolokvija te niz predstavljanja knjiga i projekata razli\u010dite tematike, od antike do suvremenosti. Bit \u0107e predstavljeno i nekoliko izlo\u017ebi te odr\u017ean jedan povijesni kviz. Prikazat \u0107emo i jedan film \u2013 o generalu Boroevi\u0107u.\u2026","rel":"","context":"U &quot;Novosti&quot;","block_context":{"text":"Novosti","link":"https:\/\/historiografija.hr\/?cat=3"},"img":{"alt_text":"","src":"https:\/\/i0.wp.com\/historiografija.hr\/wp-content\/uploads\/2026\/04\/Kliofest-2026.jpg?fit=526%2C526&ssl=1&resize=350%2C200","width":350,"height":200,"srcset":"https:\/\/i0.wp.com\/historiografija.hr\/wp-content\/uploads\/2026\/04\/Kliofest-2026.jpg?fit=526%2C526&ssl=1&resize=350%2C200 1x, https:\/\/i0.wp.com\/historiografija.hr\/wp-content\/uploads\/2026\/04\/Kliofest-2026.jpg?fit=526%2C526&ssl=1&resize=525%2C300 1.5x"},"classes":[]}],"_links":{"self":[{"href":"https:\/\/historiografija.hr\/index.php?rest_route=\/wp\/v2\/posts\/8182","targetHints":{"allow":["GET"]}}],"collection":[{"href":"https:\/\/historiografija.hr\/index.php?rest_route=\/wp\/v2\/posts"}],"about":[{"href":"https:\/\/historiografija.hr\/index.php?rest_route=\/wp\/v2\/types\/post"}],"author":[{"embeddable":true,"href":"https:\/\/historiografija.hr\/index.php?rest_route=\/wp\/v2\/users\/2"}],"replies":[{"embeddable":true,"href":"https:\/\/historiografija.hr\/index.php?rest_route=%2Fwp%2Fv2%2Fcomments&post=8182"}],"version-history":[{"count":1,"href":"https:\/\/historiografija.hr\/index.php?rest_route=\/wp\/v2\/posts\/8182\/revisions"}],"predecessor-version":[{"id":8184,"href":"https:\/\/historiografija.hr\/index.php?rest_route=\/wp\/v2\/posts\/8182\/revisions\/8184"}],"wp:featuredmedia":[{"embeddable":true,"href":"https:\/\/historiografija.hr\/index.php?rest_route=\/wp\/v2\/media\/8183"}],"wp:attachment":[{"href":"https:\/\/historiografija.hr\/index.php?rest_route=%2Fwp%2Fv2%2Fmedia&parent=8182"}],"wp:term":[{"taxonomy":"category","embeddable":true,"href":"https:\/\/historiografija.hr\/index.php?rest_route=%2Fwp%2Fv2%2Fcategories&post=8182"},{"taxonomy":"post_tag","embeddable":true,"href":"https:\/\/historiografija.hr\/index.php?rest_route=%2Fwp%2Fv2%2Ftags&post=8182"}],"curies":[{"name":"wp","href":"https:\/\/api.w.org\/{rel}","templated":true}]}}