{"id":8163,"date":"2018-01-31T17:31:11","date_gmt":"2018-01-31T17:31:11","guid":{"rendered":"http:\/\/historiografija.hr\/?p=8163"},"modified":"2018-01-31T17:36:59","modified_gmt":"2018-01-31T17:36:59","slug":"tvrtko-jakovina-povijest-trece-povijesti","status":"publish","type":"post","link":"https:\/\/historiografija.hr\/?p=8163","title":{"rendered":"Tvrtko Jakovina &#8211; Povijest \u201eTre\u0107e povijesti\u201c"},"content":{"rendered":"<p>&nbsp;<\/p>\n<p style=\"text-align: center;\"><strong>Povijest \u201eTre\u0107e povijesti\u201c<\/strong><\/p>\n<p>&nbsp;<\/p>\n<p>Emisija iz povijesti Tre\u0107eg programa Hrvatske televizije, zajedno sa shemom svih kanala, predstavljena je medijima u prostorima HRT-a u rujnu 2013.<a href=\"#_edn1\" name=\"_ednref1\">[i]<\/a> Nova je emisija nazvana \u201eTre\u0107a povijest\u201c. Na Tre\u0107em su se programu sli\u010dno nazvale i neke druge emisije, primjerice iz znanosti \u201eTre\u0107i element\u201c, pa \u201eTrikultura\u201c, \u201eTre\u0107a runda\u201c. Prva emisija emitirana je u listopadu 2013., a posljednja u lipnju 2016. godine. U prvoj sezoni emitirano je trideset, drugoj trideset i pet, a posljednjoj dvadeset i devet emisija. Ukupno su proizvedene 94 emisije. \u201eTre\u0107a povijest\u201c nastala je na inicijativu glavnog urednika i pokreta\u010da HRT3 Deana \u0160o\u0161e. Kako HTV ve\u0107 vi\u0161e od desetlje\u0107a nije imao govornu emisiju o pro\u0161losti, a na HTV-u je zaposleno nekoliko desetaka povjesni\u010dara, \u0160o\u0161a je raspisao konceptualnu ponudu za takvu emisiju. Ideju, koja je kona\u010dno prihva\u0107ena, izradila je Lada D\u017eidi\u0107,<a href=\"#_edn2\" name=\"_ednref2\">[ii]<\/a> urednica projekta, kojoj se priklju\u010dio Dario \u0160peli\u0107. Cilj je bio postaviti gledljivu, a stru\u010dnu emisiju iz povijesti, ne \u010diniti kompromise sa sadr\u017eajem, ne boriti se nu\u017eno za gledateljstvo koje povjesna tematika ne zanima, ve\u0107 ponuditi ne\u0161to \u010dega ranije nije bilo, za publiku koja takve sadr\u017eaje \u017eeli ili za njih postoji zanimanje. Emisija je u medijski prostor trebala uvesti profesore povijesti i srodnih znanstvenih podru\u010dja, tako povezati znanost i sna\u017eni medij, popularizirati ozbiljne razgovore o pro\u0161losti.<a href=\"#_edn3\" name=\"_ednref3\">[iii]<\/a><\/p>\n<p>&nbsp;<\/p>\n<p>&nbsp;<\/p>\n<p>U konceptualnoj razradi stajalo je da se za voditelje emisije izaberu znanstvenici poznati po radu na popularizaciji znanosti i koji znaju nastupati u medijima. Tako je vo\u0111enje ponu\u0111eno dvojici povjesni\u010dara \u2013 jednom od urednika Hrvatskog radija, a od 2013. uredniku Produkcijskog odjela obrazovanje i znanost, Dariu \u0160peli\u0107u, koji je godinama ure\u0111ivao emisiju na Hrvatskom radiju (\u201ePovijest \u010detvrtkom\u201c). \u0160peli\u0107 je uglavnom trebao pokrivati teme iz ranijih povijesnih razdoblja. Kako je uvijek govorila glavna urednica D\u017eidi\u0107, radijski voditelji, s obzirom da se ne mogu \u201epokriti\u201c slikom, \u010desto su spretniji ispred kamere u govornim emisijama. Za drugog voditelja, koji je uglavnom pokrivao teme iz dvadesetog stolje\u0107a i iz svjetske povijesti, izabran je profesionalni povjesni\u010dar s Filozofskog fakulteta u Zagrebu, koji je imao televizijsko iskustvo iz 1990-ih, kada je vodio \u0160kolski program \u010detvrtkom.<a href=\"#_edn4\" name=\"_ednref4\">[iv]<\/a> U isto vrijeme, Tvrtko Jakovina bio je stalni, vi\u0161egodi\u0161nji, suradnik razli\u010ditih pisanih medija, kojima je pokrivao teme iz povijesti (<em>Vjesnik<\/em>, <em>Jutarnji list<\/em>, <em>Globus<\/em> itd.).<\/p>\n<p>&nbsp;<\/p>\n<p>&nbsp;<\/p>\n<p>Tvrtko Jakovina prijedlog za vo\u0111enje prvi je puta \u010duo od Daria \u0160peli\u0107a, koji je o tome razgovarao s urednikom Deanom \u0160o\u0161om i Ladom D\u017eidi\u0107. Dogovor je bio da se urednici izmjenjuju i to se uglavnom posve po\u0161tovalo. Oba voditelja tijekom emitiranja emisije dobila su priznanja za ono \u0161to su \u010dinila. Dario \u0160peli\u0107 dobio je nagradu za popularizaciju povijesti \u201eVjekoslav Klai\u0107\u201c Hrvatskog nacionalnog odbora za povijesne znanosti, za emisiju na HR i \u201eTre\u0107u povijest\u201c<a href=\"#_edn5\" name=\"_ednref5\">[v]<\/a> za 2015. godinu, a Jakovina Dr\u017eavnu nagradu za popularizaciju znanosti, u \u010dijem se obrazlo\u017eenju, osim knjige <em>Trenuci katarze<\/em>, posebno spominje i \u201eTre\u0107a povijest\u201c.<a href=\"#_edn6\" name=\"_ednref6\">[vi]<\/a><\/p>\n<p>&nbsp;<\/p>\n<p>&nbsp;<\/p>\n<p>Suradnici emisije bili su Sr\u0111an Grbi\u0107, povjesni\u010dar koji je nakon diplome Filozofskog fakulteta u Zagrebu magistrirao povijest na London School of Economics i Vedran Kursar, novinar HTV-a. Zada\u0107a dvojice suradnika bila je pisati tekstove za priloge ili kronologije, ponekad voditi razgovore s nekim od sugovornika u prilozima. Redatelj \u201eTre\u0107e povijesti\u201c bio je Vladimir Kle\u0161\u010di\u0107. Stalni snimatelji bili su Mario Krce i Irena \u0160kori\u0107. Producenti serijala bili su Vesna \u010corak, a po njezinom odlasku u mirovinu Drago \u0160kobi\u0107. Asistentica redakcije bila je Ana Radmilovi\u0107. Mada su u emisijama govorili mnogi, a neki su se sugovornici u prilozima ponavljali, Fran Vi\u0161nar i Tihomir Pono\u0161, obojica novinari, prvi politolog, drugi povjesni\u010dar, bili su me\u0111u naj\u010de\u0161\u0107e pozivanima, gotovo stalni suradnici.<\/p>\n<p>&nbsp;<\/p>\n<p>&nbsp;<\/p>\n<p>Uvodne rije\u010di u prvu emisiju glasile su: \u201e<em>Tre\u0107a povijest<\/em> nova je emisija Tre\u0107eg programa Hrvatske televizije. U seriji razgovora koje \u0107u voditi uz kolegu Daria \u0160peli\u0107a, ozbiljno, detaljnije no \u0161to se u emisijama koje ste do sada mogli gledati, ali zanimljivo i izazovno, predstavit \u0107emo va\u017enije doga\u0111aje iz svjetske i nacionalne povijesti, li\u010dnosti koje su bile pokreta\u010di, ona zbivanja koja su odredila svijet u kojem \u017eivimo.\u201c Prva tema, obra\u0111ena u dvije epizode, bila je Kubanska raketna kriza. O temama su se dogovarali voditelji i urednica. Na po\u010detku serijala, teme o kojima se govorilo u emisiji, slijedio je film povezan s tematikom razgovora. Prvih nekoliko mjeseci takav je model uglavnom slije\u0111en, pa su prikazani filmovi poput \u201eTrinaest dana\u201c ili izvrsnog izraelskog filma \u201eVa, vis et deviens \u2013 Live and Become\u201c o sudbini etiopskih \u017didova. Kako je izbor filmova s kojim je HRT raspolagao u odre\u0111enom trenutku bio ograni\u010den, od toga se modela postupno odustalo, ali je cijeloj ekipi \u010ditavo vrijeme jedan od najva\u017enijih zada\u0107a bio pronalazak pravog sugovornika. Zanimljiv i razgovorljiv gost mo\u017ee nositi cijelu emisiju i za produkcijski jeftine emisije, u kojoj je razgovor s gostom sredi\u0161nji, to je \u010desto bio klju\u010d.<\/p>\n<p>&nbsp;<\/p>\n<p>&nbsp;<\/p>\n<p>Potraga za gostima koji su u mogu\u0107nosti razgovarati ne\u0161to manje od sat vremena, otkrila je slabosti hrvatske znanstvene zajednice. \u010cak i ako bi se isklju\u010dili oni koji nisu \u017eeljeli pred kameru ili se nisu \u017eeljeli snimati, postojao je ve\u0107i broj ljudi koji nisu bili spremni o tematici koju formacijski pokrivaju razgovarati s voditeljem du\u017ee od nekoliko minuta. Ta je \u010dinjenica obeshrabruju\u0107a i otvara pitanje ukupne kvalitete nastave ili znanstvene izvrsnosti pojedinih stru\u010dnjaka. Nikada nijedan od sugovornika koji su bili zamoljeni govoriti o temi iz svoga podru\u010dja nisu izrazili \u017eelju da se pripreme ili se osjetili odgovorni u\u010diniti ono \u0161to bi mo\u017eda bila njihova dru\u017enost. Stoga je \u017eelja i potreba za pronalaskom atraktivnih gostiju i \u010dinjenica da se hrvatski bazen stru\u010dnjaka pokazao neo\u010dekivano plitkim bila jednim od razloga za\u0161to je dio sugovornika bio iz drugih humanisti\u010dkih struka ili su bili znanstvenici koji su neke od povijesnih tema odli\u010dno poznavali.<\/p>\n<p>&nbsp;<\/p>\n<p>&nbsp;<\/p>\n<p>Strani sugovornici uvijek su se odazivali na pozive. Jedino je, u emisiji o nastanku Izraela, bilo nemogu\u0107e do\u0107i do stru\u010dnjaka iz Kaira ili Beiruta. O tome smo primili usmeni prigovor gledatelja iz Hrvatske arapskog podrijetla, no isprika je bila zadovoljavaju\u0107a. Isto tako, nemogu\u0107e je bilo na vrijeme do\u0107i do rektora Sveu\u010dili\u0161ta u Sofiji koji je trebao dati izjavu o Balkanskim ratovima, unato\u010d vi\u0161ednevne i raznovrsne potrage. U mnogim drugim slu\u010dajevima, raznovrsni pogled iz razli\u010ditih kutova na pojedine povjesne fenomene uglavnom se dogodio. Kada smo govorili o su\u0111enju Eichmannu, govorili smo i sa stru\u010dnjacima za me\u0111unarodno pravo, ne samo povjesni\u010darima; vrlo \u010desto gostovali su povjesni\u010dari umjetnosti ili knji\u017eevnosti.<\/p>\n<p>&nbsp;<\/p>\n<p>&nbsp;<\/p>\n<p>Nerijetko su zato gosti u pojedinim emisijama bili iz \u201eneo\u010dekivanog\u201c, drugog podru\u010dja. Tatjana Juki\u0107 Greguri\u0107 (Odsjek za anglistiku FF-a u Zagrebu) nastupila je u prvoj sezoni u emisiji o \u201eVladimiru Velebitu i partizanskoj diplomaciji\u201c, jer je istra\u017eivala sje\u0107anja britanskih \u010dasnika za vrijeme Drugog svjetskog rata na jugoslavenskom prostoru. Govorila je i u emisiji o Viktorijancima, \u0161to je ina\u010de tema koju predaje studentima britanske knji\u017eevnosti. Redatelj Rajko Grli\u0107, koji je bio student u Pragu 1968., gostovao je u emisiji o Pra\u0161kom prolje\u0107u. U toj emisiji kori\u0161teni su i raritetni snimci koje je tada u\u010dinio Lordan Zafranovi\u0107, tako\u0111er student u \u010cehoslova\u010dkoj. Fizi\u010dar Ton\u010di Tadi\u0107, koji je sudjelovao u emisiji o Bitki kod Lepanta 1571., najgledanijoj emisiji u povijesti Tre\u0107eg programa, a onda i ciklusa Tre\u0107e povijesti, jo\u0161 kao saborski zastupnik HSP-a u\u010dinio je puno na obilje\u017eavanju bitke, s kojom se upoznao ve\u0107 kao dje\u010dak na Hvaru.<a href=\"#_edn7\" name=\"_ednref7\">[vii]<\/a> O \u017eidovskoj dijaspori govorila je lingvistica Gabi Abramac,<a href=\"#_edn8\" name=\"_ednref8\">[viii]<\/a> Zapadnoj Sahari novinar, obrazovanjem sociolog, Jerko Bakotin. Bakotin je bio u Zapadnoj Sahari, o \u010demu je pisao u tjednicima i knjigama.<a href=\"#_edn9\" name=\"_ednref9\">[ix]<\/a> O ratu Brazila, Argentine i Urugvaja protiv Paragvaja govorio je vi\u0161i lektor na Luzitanistici FF-a u Zagrebu, nekada\u0161nji veleposlanik u Portugalu, mr. sc. \u017delimir Brala.<\/p>\n<p>&nbsp;<\/p>\n<p>&nbsp;<\/p>\n<p>Neke su teme bile prigodne, poput niza emisija o vjerskim praznicima koje su prikazivane u to vrijeme ili emisije o Sinjskoj alki, o \u010demu je na HRT-u postojala odluka da se cijela godina posveti toj temi. Poneke su emisije bile odgovor na dramati\u010dnu situaciju, poput razgovora o povijesti karikature s Franom Dulibi\u0107em (Odsjek za povijest umjetnosti FF-a u Zagrebu), kratko po\u0161to je napadnuta redakcija francuskog satiri\u010dkog \u010dasopisa <em>Charlie Hebdo<\/em>.<a href=\"#_edn10\" name=\"_ednref10\">[x]<\/a> Emisija o Arapskom prolje\u0107u i Siriji (go\u0161\u0107a Davorka Mati\u0107, Odsjek za sociologiju FF-a u Zagrebu), bila je mi\u0161ljena kao odgovor na aktualna zbivanja. Isto vrijedi za emisije Daria \u0160peli\u0107a o naftnim krizama 1973. i 1979. (gost Igor Dekani\u0107 s Rudarsko-naftno-geolo\u0161kog fakulteta), u vrijeme kada su cijene nafte oscilirale, kao i razgovori s Mirkom Biland\u017ei\u0107em o samoubila\u010dkim teroristi\u010dkim napadima, ali i povjesni\u010darke i arheologinje Inge Vilogorac o Palmiri, upravo u trenutku kada su Palmiru prvi puta zauzeli borci Islamske dr\u017eave. S okruglim obljetnicama korespondirale su i emisije o japanskom napadu na Pearl Harbour (gost vojni analiti\u010dar Igor Tabak), tristo godina osvajanja Barcelone i va\u017enom doga\u0111aju u povijesti Katalonije (Nikola Vuleti\u0107 s FF-a u Zadru<a href=\"#_edn11\" name=\"_ednref11\">[xi]<\/a>), stotinu godina od po\u010detka Prvog svjetskog rata.<\/p>\n<p>&nbsp;<\/p>\n<p>&nbsp;<\/p>\n<p>Dio sugovornika u emisijama bili su svjedoci vremena. Takav je bio diplomat Budimir Lon\u010dar, koji je svjedo\u010dio o zasjedanju Vije\u0107a sigurnosti UN-a 1962, kada je svijet bio na rubu atomske katastrofe tijekom Karipske\/Kubanske raketne krize. Lon\u010dar je govorio i u emisiji o Sukarnu i Indoneziji, ali i Willy Brandtu, jer je u obje zemlje bio veleposlanik SFRJ u trenutku kada su na vlasti bili predsjednik Sukarno i kancelar Brandt. O Al\u017eirskoj revoluciji 1962. sugovornik je bio Mirko Bolfek, novinar \u010dija je \u017eena Al\u017eirka, koji je bio veleposlanik u Al\u017eiru i koji je pratio Al\u017eir jo\u0161 u vremenu kada su u Zagrebu u posjetu bili Ben Bela, a jedan od doma\u0107ina mu Franjo Tu\u0111man, \u0161to je u emisiji pokazano. Ambasador i novinar Dra\u017een Vukov Coli\u0107, dopisnik ku\u0107e Vjesnik iz Amerike tijekom Carterova mandata, gostovao je u emisiji o Jimmy Carteru. Tada je gost u prilogu, primjerice, bio nekada\u0161nji generalni direktor hrvatske naftne industrije INA i predsjednik Republi\u010dkog izvr\u0161nog vije\u0107a Petar Flekovi\u0107, koji je govorio o gospodarskim vezama INA-e i Al\u017eira tijekom sedamdesetih. Biv\u0161i hrvatski ambasador u Italiji Ivica Ma\u0161truko govorio je o prvim poslijeratnim talijanskim izborima.<\/p>\n<p>&nbsp;<\/p>\n<p>&nbsp;<\/p>\n<p>Sugovornici skypeom, koji je \u010desto kori\u0161ten, bili su neki od najva\u017enijih svjetskih povjesni\u010dara ili povjesni\u010dari koji su pojedinim temama, poglavito onima gdje glavni sugovornici nisu bili profesionalni povjesni\u010dari, dali potrebnu o\u0161trinu. S gostovanjima povjesni\u010dara u prve dvije emisije, koje su govorile o Kubanskoj raketnoj krizi, postavljeni su visoki standardi. Tako su sugovornici bili David Barrett, profesor na Sveu\u010dili\u0161tu Villanova u Philadelphiji, autor knjige <em>Blind over Cuba: The Photo Gap and the Missile Crisis<\/em>, Timothy Naftali, nekada\u0161nji direktor Nixon Presidential Library i, tada jo\u0161 budu\u0107i, profesor na New York University, autor knjige <em>One Hell of a Gamble: Khkrushchev, Castro and Kennedy 1958-1964<\/em>, u trenutku kada je pisao biografiju Kennedyja. U me\u0111uvremenu Naftali je postao stalni predsjedni\u010dki povjesni\u010dar i komentator na CNN-u. Zbog specifi\u010dnih razloga, iznimno zanimljivo bilo je i gostovanje Michaela Dobbsa, dugogodi\u0161njeg dopisnika <em>Washington Posta<\/em> iz Rusije i Bosne i Hercegovine, a u tome trenutku zaposlenika American Hollocaust Museuma, koji je gledatelje pozdravio na hrvatskom, i to zato \u0161to je bio sin nekada\u0161njeg britanskog generalnog konzula u Zagrebu po\u010detkom sedamdesetih godina 20. stolje\u0107a.<a href=\"#_edn12\" name=\"_ednref12\">[xii]<\/a> Michael Dobbs napisao je studiju <em>One minute to Midnight. Kennedy, Khrushchev and Castro on the Brink of Nuclear War<\/em>.<\/p>\n<p>&nbsp;<\/p>\n<p>&nbsp;<\/p>\n<p>U emisiji o Balkanskim ratovima (glavni gost bio je Igor Despot) u prilogu su gostovali \u0160erbo Rastoder s Filozofskog fakulteta u Nik\u0161i\u0107u, Momir Samard\u017ei\u0107 s Filozofskog fakulteta u Novom Sadu i Petar Todorov iz Instituta nacionalne historije u Skopju, sve u namjeri da se poka\u017ee \u0161to uravnote\u017eenija slika sukoba koji je prekrojio europski jugoistok 1912. i 1913. godine. U emisiji o Brazilskom carstvu govorila je Majda Boji\u0107 i Marilie Peixoto s Odsjeka za luzitanistiku, kao i James Green, profesor povijesti Brazila na Brown Univeristy u Providencu. U emisiji o stvaranju Izraela uklju\u010dio se Moshe Sharon s Hebrew Universityja u Jeruzalemu, o Pra\u0161kom prolje\u0107u Jan Pelikan s Filozofskog fakulteta u Pragu, Mateusz Sokulski sa Sveu\u010dili\u0161ta u Wroclawu o Poljskoj 1981. U prilogu emisije o Be\u010dkom kongresu, u svojoj 101. godini, gost je bio Vladimir Ibler, akademik, profesor Pravnog fakulteta u Zagrebu. Ibleru je ovo bio vjerojatno posljednji javni nastup, posljednji puta pred kamerama. Nakon \u0161to smo mu najavili kako bismo ga snimali o Be\u010dkom kongresu, Ibler je izjavio: \u201eTa mi stvar nije ba\u0161 svje\u017ea, ali siguran sam da \u0107emo se nas dvojica mo\u0107i o tome inteligentno popri\u010dati!\u201c. U toj je emisiji o Be\u010du 1815, glazbi i zabavama, govorila i muzikologinja Vjera Katalini\u0107 (HAZU).<\/p>\n<p>&nbsp;<\/p>\n<p>&nbsp;<\/p>\n<p>U dvije emisije o Prvom svjetskom ratu iskori\u0161teno je gostovanje niza povjesni\u010dara u Zagrebu, koji su sudjelovali na konferenciji posve\u0107enoj Velikom ratu, a koju su organizirala strana kulturna predstavni\u0161tva.<a href=\"#_edn13\" name=\"_ednref13\">[xiii]<\/a> Tada je voditelj bio Dario \u0160peli\u0107, a Tvrtko Jakovina sugovornik, dok su u prilozima nastupili mnogobrojni sugovornici kao Christopher Clark, autor tada svjetske uspje\u0161nice o po\u010detku Velikog rata \u201eMjese\u010dari\u201c,<a href=\"#_edn14\" name=\"_ednref14\">[xiv]<\/a> Wolfram Dornik iz Graza, Christa Ehrmann-H\u00e4mmerle iz Be\u010da, Rainer Benedick iz Osnabr\u00fccka, povjesni\u010dari iz Francuske, Belgije. U emisiji o povijesti Katalonije izjave skypeom dali su Roger Albinyana, savjetnik za vanjsku politiku u Generalitatu Katalonija i Ernest Domenech Urtasun, europarlamentarac iz Katalonije. Britanski otpravnik poslova, veleposlanik Ian Cliff, bio je jedini aktivni diplomat, ali je u prilogu emisije o Ujedinjenom Kraljevstvu u 19. stolje\u0107u sudjelovao jer je \u201epasionirani povjesni\u010dar\u201c, profesionalac s diplomom iz Oxforda, te je govorio o premijeru Disraeliju.<a href=\"#_edn15\" name=\"_ednref15\">[xv]<\/a> Jedan od vrhunaca u prilozima i jedna od naj\u010de\u0161\u0107e citiranih emisija bio je razgovor o genocidu u Ruandi s Markom Smokvinom, kada je u prate\u0107em razgovoru, snimljenom u Ljubljani u travnju 2015, nastupio Rom\u00e9o Dallaire. Kanadski politi\u010dar i vojnik bio je 1994. zapovjednik UNAMIR-a, misije UN-a u Ruandi, napisao je slavnu knjigu <em>Shake Hands with the Devil: the Failure of Humanity in Rwanda<\/em> (2004), u filmu \u201eHotel Rwanda\u201c utjelovio ga je Nick Nolte. Samo nekoliko dana pred emitiranje emisije, uz pomo\u0107 slovenskog Ministarstva zunanjih zadev i Hrvatskog veleposlanstva u Ljubljani, dogovoren je razgovor nakon Dallaireovog predavanja.<\/p>\n<p>&nbsp;<\/p>\n<p>&nbsp;<\/p>\n<p>Strani sugovornici, oni koji su sjedili u zagreba\u010dkom studiju, \u010dinili su vjerojatno najefektniji dio serijala. Taj je dio programa bio mogu\u0107 zahvaljuju\u0107i dijelom sre\u0107i, dijelom dobrim vezama voditelja s kolegama. Nemjerljiv doprinos emisiji bila su gostovanja niza francuskih povjesni\u010dara, \u0161to je bio rezultat suradnje s Francuskim institutom u Zagrebu i njegovim ravnateljem, savjetnikom za suradnju i kulturnu djelatnost u Zagrebu Lucom Levyjem. Levy je u Zagreb doveo \u010detiri va\u017ena povjesni\u010dara koji su studentima povijesti i drugih grupa Filozofskog fakulteta Sveu\u010dili\u0161ta u Zagrebu odr\u017eali predavanja, a onda gostovali u \u201eTre\u0107oj povijesti\u201c. Francuska nastojanja poklopila su se i s festivalom francuske kulture u Hrvatskoj \u201eRendez-vous\u201c. Prvo je gostovala Annette Wievorka<a href=\"#_edn16\" name=\"_ednref16\">[xvi]<\/a> (Su\u0111enje Eichmannu), Joseph Maila<a href=\"#_edn17\" name=\"_ednref17\">[xvii]<\/a> (Nastanak Libanona), Henry Rousso<a href=\"#_edn18\" name=\"_ednref18\">[xviii]<\/a> (Povijest Vichyja) i Fr\u00e9d\u00e9ric Encel (emisija o padu \u0161aha Reze Pahlavija i Islamskoj revoluciji). Marko Bresciani, talijanski povjesni\u010dar i autor niza radova o talijanskom me\u0111ura\u0107u, govorio je o Mussoliniju, Du\u0161an Ne\u0107ak,<a href=\"#_edn19\" name=\"_ednref19\">[xix]<\/a> redoviti profesor Oddelka za zgodovino Ljubljanske univerze, govorio je o Willy Brandtu, o dijaspori i iseljavanju iz Jugoisto\u010dne Europe u Ameriku Ulf Brunnbauer<a href=\"#_edn20\" name=\"_ednref20\">[xx]<\/a> iz Regennsburga. Tijekom posjete japanskog profesora Tomoji Onozuke u Zagrebu, snimljena je emisija o ekonomskim uzrocima Prvog svjetskog rata na Dalekom istoku,<a href=\"#_edn21\" name=\"_ednref21\">[xxi]<\/a> a profesor indone\u017eanskog jezika i glazbe iz Yogyakarte (Johanes Radjaban, Tehnolo\u0161ko sveu\u010dili\u0161te u Yogyakarti) govorio je o osnivanju Indonezije i Sukarnu.<\/p>\n<p>&nbsp;<\/p>\n<p>&nbsp;<\/p>\n<p>Jedan od vrhunaca serijala bila je emisija s Yuvalom Hararijem, autorom <em>Sapiensa<\/em>. Harari je u \u201eTre\u0107u povijest\u201c do\u0161ao zahvaljuju\u0107i neobi\u010dnoj koincidenciji. Prijedlog da Harari na Filozofskom fakultetu u Zagrebu odr\u017ei predavanje dao je Davor Uskokovi\u0107, urednik u izdava\u010dkom poduze\u0107u Fokus, koji je upravo trebao tiskati <em>Sapiensa<\/em>. Pristao sam da Harari odr\u017ei predavanje studentima Filozofskog fakulteta, a svi su se slo\u017eili da bi gostovanje u emisiji bilo dobro za knjigu, poruku. Tako je Yuval Harari, tada na po\u010detku globalnog uspjeha, bio gost u emisiji koja je bila pone\u0161to druk\u010dija, bez drugih sugovornika, samo s prilozima koje je napisao Sr\u0111an Grbi\u0107.<a href=\"#_edn22\" name=\"_ednref22\">[xxii]<\/a> Emisija je popularizirana na stranicama koje prate djelatnost Hararija, koji je poslije vi\u0161estruko u\u010dvrstio svoj status planetarne intelektualne zvijezde.<\/p>\n<p>&nbsp;<\/p>\n<p>&nbsp;<\/p>\n<p>Emisija koja je na poseban na\u010din povezala staru i novu produkciju HRT-a, ali i najizravnije koristila historiografiji, bila je ideja o razgovoru o \u201eVladimiru Velebitu i partizanskoj diplomaciji\u201c. Tijekom rada na rukopisu autobiografije Vladimira Velebita, supruga veleposlanika Vera Beci\u0107 spomenula je nikada emitirani razgovor koji je Hrvatskoj televiziji dao Vladimir Velebit.<a href=\"#_edn23\" name=\"_ednref23\">[xxiii]<\/a> Materijal iz neemitirane emisije \u201ePortret Vladimira Velebita\u201c scenarista Vlade Konjhod\u017ei\u0107a i snimatelja Vladimira Beci\u0107a u arhivi HRT-a prona\u0161la je Lada D\u017eidi\u0107, obradila dijelove i montirala usporedo s razgovorom koji je ekipa emisije obavila s Verom Beci\u0107 Velebit i sugovornicima u studiju. Dijelovi toga razgovora kori\u0161teni su u predgovoru Velebitove autobiografije, \u0161to je i jasno istaknuto u knjizi, a javnost je mogla do\u017eivjeti Velebita iz 1982. godine.<a href=\"#_edn24\" name=\"_ednref24\">[xxiv]<\/a><\/p>\n<p>&nbsp;<\/p>\n<p>&nbsp;<\/p>\n<p>Snimljeno je jo\u0161 mno\u0161tvo emisija s brojnim gostima. Navodim naslove do sada nespomenutih emisija iz sve tri sezone: Meksi\u010dko-ameri\u010dki rat, Crna smrt, Minojska civilizacija, Nogomet i politika, Pad carstva Inka, Povelja 77, Vojne hunte Latinske Amerike, Zagonetni faraon Ehnaton, Selja\u010dka buna 1573, Godina uo\u010di Prvog svjetskog rata, Godina 1968, Afganistan, Anabaza, Ameri\u010dka deklaracija nezavisnosti, Dolazak An\u017euvinaca na ugarsko-hrvatsko prijestolje, Gorba\u010dov \u2013\u00a0 generalni sekretar KPSS-a, Isidor i Khuen: Faust i njegov Mefisto, Ivan Supek, Izbori u Italiji 1948, Jadran u doba Rima, Judeja u Kristovo doba, Karlo Veliki, Konferencija u Jalti, Mladen II Bribirski, Moha\u010dka bitka, Oktobarska revolucija, Opijumski ratovi, Protudvorski pokret, Prusko-francuski rat i stvaranje Njema\u010dke, Prvi svjetski rat (uvertira), Prvi zaljevski rat, Rat dva Batona, Rat za austrijsko naslje\u0111e, Rimski ratovi u Iliriku, Skandinavski svijet, Sporazum od Velikog petka, Velika ekonomska kriza 1929, Vu\u010dedolska ptica, Weimarska Republika, Andrija \u0160tampar, Intelektualci u Europi izme\u0111u dva rata, Bitka kod Sigeta, Otto von Bismarck, Protagonisti Shakespeareovih povijesnih drama: Macbeth, Henrik V i Rikard III, Putovima svetih Petra i Pavla, Rimljani i Germani, Sedmogodi\u0161nji rat, Propast SSSR-a, Propast civilizacije Maja, O vampirima kroz povijest.<\/p>\n<p>&nbsp;<\/p>\n<p>&nbsp;<\/p>\n<p style=\"text-align: center;\"><strong>Ga\u0161enje \u201eTre\u0107e povijesti\u201c<\/strong><\/p>\n<p>&nbsp;<\/p>\n<p><strong>\u00a0<\/strong><\/p>\n<p>\u201eToj komunisti\u010dkoj indoktrinaciji, tom pogre\u0161nom i nakaradnom tuma\u010denju novije povijesti i op\u0107ih dru\u0161tvenih vrijednosti morat \u0107emo se suprostaviti kudikamo osmi\u0161ljenije, na vi\u0161e razina ili fronti. Svjestan sam da \u0107e to biti vrlo te\u0161ki, najte\u017ei procesi u na\u0161em dru\u0161tvu\u2026 To \u0107e biti cjelovita dru\u0161tvena reforma u kojoj bi svoj maksimalni udio trebali dati i na\u0161i vode\u0107i intelektualci, \u010dlanovi na\u0161e akademske zajednice, profesori dru\u0161tveno-humanisti\u010dkih znanosti, naposljetku i sami mediji, to jest novinari\u201d.<a href=\"#_edn25\" name=\"_ednref25\">[xxv]<\/a> Nakon \u0161to se u <em>Globusu <\/em>22. svibnja 2015. pojavio \u201eAntikomunisti\u010dki manifest\u201c Tomislava Karamarka, mediji su na razli\u010dite na\u010dine analizirali ono \u0161to je \u0161ef HDZ-a i pretendent na mjesto predsjednika Vlade izgovorio. Najava da \u0107e se o pro\u0161losti ili Tu\u0111manu smjeti govoriti i javno misliti na jedan jedini, propisan, \u201eispravan\u201c na\u010din, kritizirali su mnogi. Kasnije, nakon \u0161to je formirana vlada Most-HDZ u kojoj je Tihomir Ore\u0161kovi\u0107 postao premijer, a Karamarko potpredsjednik, sa Zlatkom Hasanbegovi\u0107em zadu\u017eenim za kulturu, bilo je jasno da radikalna desna paradigma ulazi u hrvatski politi\u010dki \u017eivot, ne samo verbalno ve\u0107 i stvarno. Prije no se to dogodilo, jedan od duhovitijih odgovora Karamarku, isto na stranicama <em>Globusa<\/em>, bio je tekst \u201eAbortus duhovne obnove\u201c Jurice Pavi\u010di\u0107a.<a href=\"#_edn26\" name=\"_ednref26\">[xxvi]<\/a> Pavi\u010di\u0107, i sam povjesni\u010dar s diplomom istog Odsjeka za povijest FF-a u Zagrebu, koji je zavr\u0161io i Karamarko (nakon prelaska s dvopredmetnog studija rusistike), \u010dudio se kako bi pretendent na izvr\u0161nu vlast zami\u0161ljao da bi takva funkcija \u201emogla ili morala revidirati &#8216;nakaradno tuma\u010denje povijesti&#8217;\u201c, \u0161to je \u201eu osnovi posve totalitarna\u201c ideja. Pavi\u010di\u0107 se potom zapitao: \u201e&#8230;kojim alatima Karamarko tu \u201ereviziju\u201c sutra misli provoditi: ukidanjem \u201eTre\u0107e povijesti\u201c? Politi\u010dkim \u010di\u0161\u0107enjem ud\u017ebenika? Smjenjivanjem \u0161efova galerija koji prave izlo\u017ebe o 80-ima?\u201c.<a href=\"#_edn27\" name=\"_ednref27\">[xxvii]<\/a><\/p>\n<p>&nbsp;<\/p>\n<p>&nbsp;<\/p>\n<p>Izgledalo je pomalo smije\u0161no, te\u0161ko da se bilo kakvom analizom sadr\u017eaja ijedne emisije \u201eTre\u0107e povijesti\u201c moglo prona\u0107i ono o \u010demu je Karamarko govorio, ali uskoro se pokazalo da je \u201enova ideolo\u0161ka paradigma\u201c trebala dramati\u010dno promijeniti Hrvatsku i zahvatiti u razli\u010dite dru\u0161tvene pore. Najvidljivije je to bilo na javnom servisu, gdje su smjene zapo\u010dele odmah po izborima odr\u017eanim krajem 2015. godine. Privremeni ravnatelj HRT-a postao je Sini\u0161a Kova\u010di\u0107, a v.d. urednika Tre\u0107eg programa Kre\u0161imir \u010cokoli\u0107, povjesni\u010dar.<a href=\"#_edn28\" name=\"_ednref28\">[xxviii]<\/a><\/p>\n<p>&nbsp;<\/p>\n<p>&nbsp;<\/p>\n<p>V.d. glavnog urednika HRT3 krajem svibnja 2016. pozvao je Daria \u0160peli\u0107a na \u201eTrg\u201c, prostor nekada\u0161njeg kafi\u0107a u glavnoj zgradi HTV-a. Tada je to bio sablasno prazni, napu\u0161teni prostor bez \u0161ankova i konobara, bez stolica i gostiju, ogra\u0111en crvenim trakama koje su simbolizirale sudski postupak iznajmljiva\u010da prostora s vodstvom ku\u0107e. U desetak minuta dugom razgovoru \u010cokoli\u0107 nije ponudio podatke o lo\u0161oj gledanosti emisije, nije prigovorio na neracionalno tro\u0161enje programskih sredstava, nije imao podatke o prigovorima gledatelja ili stru\u010dne javnosti. Novi je v.d. urednika izjavio kako se \u201eTre\u0107a povijest\u201c ne\u0107e emitirati u jesenskoj shemi emitiranja za 2016\/17. i da bi on \u201ehtio raditi svoju povijest\u201c. To je bila \u201eslu\u017ebena\u201c procedura ukidanja jedne emisije i to je bilo dovoljno.<a href=\"#_edn29\" name=\"_ednref29\">[xxix]<\/a><\/p>\n<p>&nbsp;<\/p>\n<p>&nbsp;<\/p>\n<p>Ukinute su i neke druge emisije, smijenjeni su i mnogi drugi, ukupno oko osamdeset novinara, no nisu ukinute sve emisije. \u201eTre\u0107a povijest\u201c, me\u0111utim, bila je jedna od prvih ukinutih. S uredni\u010dkih mjesta smijenjeni su i Dario \u0160peli\u0107, Lada D\u017eidi\u0107 i Dean \u0160o\u0161a. Tako \u0161iroki zahvat u koncepciju Tre\u0107eg programa osudili su mnogi. \u201eKulturnjaci su se 2016. pobunili protiv smjene urednika Deana \u0160o\u0161e izra\u017eavaju\u0107i bojazan da \u0107e s njegovom smjenom koncepcija Tre\u0107eg programa pasti u vodu. Upozorili su da je Tre\u0107i program &#8216;najreprezentativnije zrcalo moderne i progresivne Hrvatske i neprocjenjiv zama\u0161njak kulturnoj i kreativnoj produkciji&#8217;.\u201c \u201eZbog Tre\u0107eg je programa ve\u0107 bilo dosta kritika u javnosti\u201c, pisao je <em>Jutarnji list<\/em> nakon \u0161to je najavljeno ukidanje \u201eemisije koja je popularizirala povijest\u201c. <a href=\"#_edn30\" name=\"_ednref30\">[xxx]<\/a> \u00a0Isticalo se da se iz javnog prostora tako gura \u201epametni razgovor\u201c, a oni koji su bili \u201emalo elitisti\u201c, ali dobrodo\u0161li elitisti, odr\u017eali su i javno emitiranje radio programa ispred HKDL-u na Trgu \u017ertava fa\u0161izma u Zagrebu, pa tako i dio ekipe \u201eTre\u0107e povijesti\u201c.<a href=\"#_edn31\" name=\"_ednref31\">[xxxi]<\/a><\/p>\n<p>&nbsp;<\/p>\n<p>&nbsp;<\/p>\n<p>Ukidanje emisije izazvalo je razmjerno veliko zanimanje javnosti i niz napisa u razli\u010ditim medijima. Zrinka Pavli\u0107 10.7.2016. nakon \u0161to je objasnila koncepciju Tre\u0107ih, pohvalila Deana \u0160o\u0161u kao urednika koji je \u201estvorio program koji je bio krajnje neideolo\u0161ki\u201c, podvukla je<a href=\"#_edn32\" name=\"_ednref32\">[xxxii]<\/a>:<\/p>\n<p>&nbsp;<\/p>\n<p>&nbsp;<\/p>\n<p><em>Na Tre\u0107em programu nije bilo dramati\u010dnih ukidanja emisija ni smjenjivanja voditelja kao na Prvom, uglavnom je sve rije\u0161eno tako da je ranije uvedena ljetna shema, pa mili moji kuda koji, vidjet \u0107emo \u0161to \u0107e biti s vama najesen, ali jedno se dramati\u010dno ukidanje ipak dogodilo. Rije\u010d je o emisiji Tre\u0107a povijest, jednoj od najboljih i najzanimljivijih, pa \u010dak i najgledanijih emisija na HTV-u 3, emisiju u kojoj su povjesni\u010dar Tvrtko Jakovina i urednica Lada D\u017eidi\u0107 gledateljima na pristupa\u010dan na\u010din poku\u0161ali pribli\u017eiti povjesne doga\u0111aje, prikazuju\u0107i povijest kao znanost, a ne kao pri\u010du oko koje se lome ideolo\u0161ka koplja na svim razinama, od birtije od sabornice. Izvrsna emisija, koja se bavila svakojakim povijesnim doga\u0111ajima i fenomenima, od velikih bitaka i ratova do legendi o vampirima, ukinuta je po\u010detkom lipnja, kada su svi sudionici dobili obavijest da vi\u0161e ne\u0107e biti daljnjih snimanja, a doznaje se da za jesen spremaju uvo\u0111enje nove emisije o povijesti, koju \u0107e voditi povjesni\u010dari s Hrvatskih studija i Katoli\u010dko-bogoslovnog fakulteta.<\/em><\/p>\n<p>&nbsp;<\/p>\n<p>&nbsp;<\/p>\n<p>Jedan od gostiju emisije i kolumnist <em>Telegrama<\/em>, u \u010dlanku \u201eUkidanje Tre\u0107e povijesti novi je korak u provincijalizaciji HTV-a i uzgajanju dr\u017eavotvornog imaginarija\u201c, napisao je kako \u0107e ovakav \u201epotez rezultirati daljnjim bijegom gledateljstva s HRT-ovih platformi\u201c<a href=\"#_edn33\" name=\"_ednref33\">[xxxiii]<\/a>:<\/p>\n<p>&nbsp;<\/p>\n<p>&nbsp;<\/p>\n<p><em>Konkretan razlog za nastanak ovog teksta vezan je uz ukidanje daljnjeg emitiranja vrlo uspje\u0161ne emisije \u201eTre\u0107a povijest\u201c koja je po prvi put u masovnom medijskom prostoru demistificirala do\u017eivljaj historiografije i ugostila \u010ditav niz relevantnih sugovornika sa \u0161irokim dijapazonom tema. Potez kojeg je aktualna uprava izvela s ovim ukidanjem problemati\u010dan je ponajprije zbog civilizacijskih razloga. (&#8230;) u ovom konkretnom slu\u010daju, uprava je odgovorila kako programsko vodstvo smatra da televizijski program u svojoj \u0161irini treba biti prepoznat kao inkluzivan zbog \u010dega se tra\u017ei novi koncept emisije o povijesti kojim bi se omogu\u0107ilo jo\u0161 cjelovitiji pregled najnovijih dosega svjetske i hrvatske historiografije te \u0161iroki krug povjesni\u010dara koji se predstavljaju gledateljima i cjelokupnoj javnosti. (&#8230;) Imaju\u0107i sve ovo u vidu, kao i \u010dinjenicu da je emisiju osmislio Tvrtko Jakovina, profesor sa Filozofskog fakulteta u Zagrebu i \u010dovjek s ozbiljnim me\u0111unarodnim znanstvenim vezama, odgovor na to \u0161to bi moglo uslijediti jasniji je no ikad. Pojednostavljeno govore\u0107i, uslijedit \u0107e sve ono \u0161to je posve suprotno od lijepih deklarativnih \u017eelja iz priop\u0107enja programskog vodstva. Radi se o novoj provincijalizaciji, uzgajanju dr\u017eavotvornog imaginarija i raspravama koje sa suvremenom historiografijom nemaju nikakve veze.<\/em><\/p>\n<p>&nbsp;<\/p>\n<p>&nbsp;<\/p>\n<p>Sli\u010dne \u010dlanke pisali su i na Lupiga.com (gdje se o emisiji pisalo kao \u201enastaloj iz ideje povratka povijesnih tema na televiziju, ali na na\u010din koji bi gledateljima povijest pribli\u017eio kao znanost, a ne povod stalnih i rijetko \u010dinjenicama argumentiranih podataka\u201c);<a href=\"#_edn34\" name=\"_ednref34\">[xxxiv]<\/a> Fairpress.eu,<a href=\"#_edn35\" name=\"_ednref35\">[xxxv]<\/a> gdje je novinarka problematizirala na\u010din na koji je vanjskim suradnicima otkazana suradnja, a to se dogodilo bez ikakve obavijesti. Jurica Pavi\u010di\u0107 u istom je tjednu dva puta govorio o Tre\u0107em programu i \u201eTre\u0107oj povijesti\u201c. U subotnjem prilogu u posebnom komentaru <em>Jutarnjeg lista<\/em>, napisao je kako se: \u201eTaj proces intelektualne erozije (koji se) dogodio u vrijeme Ore\u0161kovi\u0107eve i Karamarkove Vlade \u2013 dakako \u2013 najbolje se o\u010dituje na Hrvatskoj radioteleviziji. U samo nekoliko mjeseci HRT je postao mjesto ozbiljnog kulturocida. Postao je mjesto na kojem se gase satiri\u010dke emisije, ukidaju formati poput sjajne \u201eTre\u0107e povijesti\u201c.<a href=\"#_edn36\" name=\"_ednref36\">[xxxvi]<\/a> Dva dana ranije, Pavi\u010di\u0107 je napisao jednu od najdetaljnijih analiza emisije<a href=\"#_edn37\" name=\"_ednref37\">[xxxvii]<\/a>:<\/p>\n<p>&nbsp;<\/p>\n<p>&nbsp;<\/p>\n<p><em>Emisija \u201eTre\u0107a povijest\u201c jedna je od onih lijepih kulturnih ste\u010devina \u010dije postojanje dugujemo Tre\u0107em programu HTV-a. Tijekom pune \u010detiri godine ta je emisija hrvatske gra\u0111ane u\u010dila povijesti, ali na na\u010din koji nije imao veze s onim \u0161to povijest u Hrvatskoj obi\u010dno jest. Nerijetko se ka\u017ee da su Hrvati opsjednuti povije\u0161\u0107u. Prava je istina me\u0111utim da Hrvate zanima samo njihova vlastita povijest, i to ne cijela, nego oni dijelovi koje se mo\u017ee koristiti kao \u017eeton u kafanskim crno-crvenim rasprama. Nasuprot tome, \u201eTre\u0107a povijest\u201c je Hrvatima pokazala da je povijest ne\u0161to drugo i vi\u0161e. Tijekom \u010detiri godine ta je emisija obradila teme od kolonijalnih ratova u Brazilu, preko naftne krize 70-ih godina do genocida u Ruandi. Svim tim temama \u201eTre\u0107a povijest\u201c bavila se iscrpno, uz veliki pripremni rad i bogat vizualni materijal. No \u0161to je mo\u017eda va\u017enije, \u201eTre\u0107a povijest\u201c na povr\u0161inu je izvela cijeli niz znanstvenika i stru\u010dnjaka za koje nismo ni znali da postoje. Da nije bilo te emisije, ne bismo znali da u Rijeci postoji antropolog ekspert za Ruandu, ili da anti\u010dki arheolozi mogu biti tako kul. Tijekom posljednjih pet mjeseci, ve\u0107 smo navikli da nova kultura i medijska politika u Hrvatskoj nepogre\u0161ivo razara sve \u0161to je u ovoj zemlji pametno, darovito i ima duha. Bilo je samo pitanje kad \u0107e taj zatorni\u010dki antikulturni d\u017eihad pomesti i \u201eTre\u0107u povijest\u201c. Pro\u0161log se tjedna upravo to i dogodilo: jedna od najboljih izvornih tvorevina HTV-a smaknuta je jednim telefonskim pozivom bez obja\u0161njenja. \u0160to je skrivila \u201eTre\u0107a povijest\u201c? Je li \u201ekrivnja\u201c to \u0161to je jedan od dvojice voditelja bio Tvrtko Jakovina, \u010dovjek kojeg desna supkultura poima kao povjesni\u010dara socijalizma? Je li problem bio u tome \u0161to se \u201eTre\u0107a povijest\u201c nije dr\u017eala kurikularnih omjera i bar 50% emisija posve\u0107ivala hrvatskim temama? Ili je naprosto rije\u010d o goloj profesionalnoj ljubomori? Bi li \u201eTre\u0107a povijest\u201c pre\u017eivjela da je u goste zvala ideolo\u0161ke mezimce, Antu Nazora i Zlatka Hasanbegovi\u0107a? Vjerojatno je sve od toga pomalo presudilo \u201eTre\u0107oj povijesti\u201c. Bilo kako bilo, nama i ovaj put preostaje tek \u017ealovati lijepe ste\u010devine hrvatske pameti i znanja koje profesionalni \u201epatrioti\u201c ubijaju. Kad proizvodnju ubiju, uslijedit \u0107e uvoz. S hrvatskim \u201epatriotima\u201c obi\u010dno tako bude, pa \u0107e tako biti i sada.<\/em><\/p>\n<p>&nbsp;<\/p>\n<p>&nbsp;<\/p>\n<p>Tomislav \u010cade\u017e povodom posljednje emisije emitirane 13. lipnja 2016. pisao je u TV prilogu <em>Jutarnjeg lista<\/em>: \u201e\u0160teta \u0161to se ukida Tre\u0107a povijest Tvrtka Jakovine\u201c.<a href=\"#_edn38\" name=\"_ednref38\">[xxxviii]<\/a> \u010cade\u017e je zaklju\u010dio: \u201eBilo kako bilo, Tre\u0107oj povijesti je odzvonilo. Glogov kolac ve\u0107 je pro\u0161i\u0161ao kroza njezino srce. Ponavljam: \u0161teta.\u201c <em>Novi list<\/em> u rubrici TVeater Davora Mandi\u0107a pisao je o \u201epolaganoj, ali sigurnoj promjeni kursa esencije javnog interesa HRT-a, njegovom Tre\u0107em programu. Trebalo je u tom tekstu re\u0107i da njegov novi urednik, \u010dije nebitno ime mi se doista ne da opet guglati, dobro zna \u0161to zna\u010di ukinuti Tre\u0107u povijest. To je izraz te nove kulturne paradigme sada ve\u0107 tehni\u010dkog ministra kulture Zlatka Hasanbegovi\u0107a&#8230;\u201c.<a href=\"#_edn39\" name=\"_ednref39\">[xxxix]<\/a> Razgovor s jednim od voditelja objavile su i <em>Novosti<\/em>,<a href=\"#_edn40\" name=\"_ednref40\">[xl]<\/a> a <em>Novi list<\/em> je 18. lipnja u \u201ePogledu\u201c \u201eTre\u0107oj povijesti\u201c posvetio duplericu. \u201eS malih ekrana, malo pomalo, nestaju, valjda sve emisije koje su se za \u0160o\u0161ina doba profilirale u gledano i priznato. Zadnji \u010davao u taj lijes onog \u0161to je HRT3 bio i \u0161to \u0107e te\u0161ko ikada vi\u0161e biti, je ukidanje \u201eTre\u0107e povijesti.\u201c Jedan od sugovornika u \u010dlanku bio je i Damir Agi\u010di\u0107, predsjednik Hrvatskog nacionalnog odbora za povijesne znanosti, koji je u ime udruge uputio pismo vodstvu HTV-a, v.d. ravnatelja Sini\u0161i Kova\u010di\u0107u, u kojem je naveo kako je struka nagradila voditelje, kako je odluka \u201enai\u0161la na negativan odjek me\u0111u brojnim hrvatskim povjesni\u010darima, a zasigurno i u \u0161iroj kulturnoj javnosti te me\u0111u gledateljstvom\u201c.<a href=\"#_edn41\" name=\"_ednref41\">[xli]<\/a> Sini\u0161a Pavi\u0107 u dugom tekstu ponovio je razloge nastanka i kroz vi\u0161e sugovonrika problematizirao nejasne, nikada izre\u010dene razloge ukidanja emisije.<\/p>\n<p>&nbsp;<\/p>\n<p>&nbsp;<\/p>\n<p>U obrazlo\u017eenju <em>Novom listu<\/em> o razlozima za\u0161to je HNOPZ poslao pismo tada\u0161njem, privremenom, vodstvu HTV-a o razlozima ukidanja emisije, dr. Agi\u010di\u0107 je izrazio sumnju da \u0107e bilo \u0161to doprijeti do u\u0161iju odgovornih, ali je \u017eelio \u201eostaviti nekakav trag o tome kako smo upozoravali da dobre stvari ne treba ukidati nego ih dalje razvijati\u201c.<a href=\"#_edn42\" name=\"_ednref42\">[xlii]<\/a> Agi\u010di\u0107 se bojao da u ubrzanom vremenu u kakvom \u017eivimo, publika ne\u0107e \u010dekati da se pojavi ne\u0161to novo, dovoljno dobro, ve\u0107 \u0107e se okrenuti drugim sadr\u017eajima. \u201eNadam se da \u0107e to trajati samo kratko i da \u0107e se vrlo brzo primijeniti okolnosti \u2013 i rukovode\u0107i kadar \u2013 koji su doveli do ove te\u0161ke situacije za popularnu povijesnu emisiju na televizijskim ekranima.\u201c Jakovina je u izjavama bio o\u0161triji. Rekao je kako se nada da \u0107e barem jedna emisija nove emisije biti posve\u0107ena totalitarnim re\u017eimima o kojima se toliko pri\u010da na desnici, jer \u201etako se smjenjuju suradnici u takvim sustavima.\u201c<\/p>\n<p>&nbsp;<\/p>\n<p>&nbsp;<\/p>\n<p>Iako je jedan od razloga za ukidanje emisije bila njezina nedovoljna inkluzivnost, popis onih koji su bili na listi hrvatskih suradnika kojima je 10. lipnja 2016. u ime cijele ekipe poruku uputio Dario \u0160peli\u0107, pokazuje svu prazninu toga argumenta.<a href=\"#_edn43\" name=\"_ednref43\">[xliii]<\/a> Ovo je dio pristiglih pisama koje su \u010dlanovi ekipe dobili sredinom lipnja:<\/p>\n<p>&nbsp;<\/p>\n<p>&nbsp;<\/p>\n<p>Igor Dekani\u0107 s Rudarsko-naftno-geolo\u0161kog fakulteta je napisao: <em>Dakako da mi je \u017eao \u0161to se emisija \u201egasi\u201c i da se time gubi jedan format za objektivnu analizu stvarnosti kroz perspektivu povijesne analize. Siguran sam da \u0107e se sada\u0161nji trend povratka na vizuru stvarnosti kroz perspektivu \u201etoljage, vatre i \u0161pilje\u201c ubrzo morati mijenjati i da \u0107e biti nu\u017eno na na\u0161u javnu televiziju vratiti formate, poput emisije \u201eTre\u0107a povijest\u201c, i jo\u0161 uvesti nove formate emisija za populariziranje ozbiljnih tema i analiti\u010dkog promi\u0161ljanja na\u0161e stvarnosti s oslanjanjem na kompleksno ra\u0161\u010dlanjivanje pro\u0161losti radi pripreme na izazove budu\u0107nosti.<\/em><\/p>\n<p>&nbsp;<\/p>\n<p>&nbsp;<\/p>\n<p>\u017deljko Brala s Filozofskog fakulteta u Zagrebu napisao je: <em>Ponosan sam \u0161to ste mi pru\u017eili priliku sudjelovati u tako dobro koncipiranom i realiziranom projektu, a uredniku, voditeljima i ekipi izra\u017eavam svoje \u010destitke i zahvalnost \u0161to su medijski i dru\u0161tveni prostor obogatili \u201eTre\u0107om povije\u0161\u0107u\u201c. Osu\u0111ujem odluku o ukidanju emisije, koja je svojom zanimljivo\u0161\u0107u, profesionalno\u0161\u0107u i edukativno\u0161\u0107u bila jedna od rijetkih koja je str\u0161ila u sivilu osrednjosti HTV-a. Naravno, moglo se o\u010dekivati da \u0107e emisija biti ukinuta. Vjerojatno treba stvoriti jo\u0161 vi\u0161e televizijskoga vremena za raznorazne \u201eprosvjetitelje\u201c i \u201eenciklopediste\u201c<\/em>.<\/p>\n<p>&nbsp;<\/p>\n<p>&nbsp;<\/p>\n<p>Helena Tomas, Odsjek za arheologiju FF-a u Zagrebu: <em>Pridru\u017eujem se svima koji su izrazili svoje \u017ealjenje zbog navedene odluke. Kada bi odgovorni mogli vidjeti ovakve na\u0161e reakcije, te \u010duti pohvale za emisiju, mo\u017eda bi malo bolje promislili treba li je ukinuti. Nakon oba moja gostovanja u emisiji bila sam iznena\u0111ena brojem ljudi koji su je komentirali. Nisam dotad mogla ni pomisliti da je publika koja emisiju prati toliko \u0161iroka i toliko kvalitetna. Nadam se da je ova odluka samo privremena<\/em>.<\/p>\n<p>&nbsp;<\/p>\n<p>&nbsp;<\/p>\n<p>Akademik Mislav Je\u017ei\u0107 s Odsjeka za indologiju FF-a u Zagrebu: <em>Doista bi mi bilo \u017eao i smatrao bih osiroma\u0161enjem programa da se Va\u0161a emisija Tre\u0107a povijest izostavi iz budu\u0107ega programa. Vi ste ju sa svim svojim suradnicima vrlo lijepo radili i bila je vrlo zanimljiva i obavijesna. Nadam se da \u0107e se ipak vratiti na program i nastaviti emitirati. O\u010dito je to mi\u0161ljenje mnogih kolega<\/em>.<\/p>\n<p>&nbsp;<\/p>\n<p>&nbsp;<\/p>\n<p>Tomislav Brlek s Odsjeka za komparativnu knji\u017eevnost FF-a u Zagrebu napisao je: <em>Iznimno mi je drago \u0161to sam imao priliku sudjelovati u emisiji Tre\u0107a povijest prije no \u0161to se desilo neminovno \u2013 da bude ukinuta, ne usprkos tome, nego upravo stoga \u0161to se kvalitetom vi\u0161e no jasno izdvajala od ostatka televizijske produkcije<\/em>.<\/p>\n<p>&nbsp;<\/p>\n<p>&nbsp;<\/p>\n<p>Bojan Marotti iz HAZU-a: <em>\u017dao mi je zbog takve odluke HRT-a. Vjerujem ipak da ta odluka nije kona\u010dna, i da \u0107e se, u nekome obliku, emisija nastaviti emitirati na jesen. Tre\u0107a povijest to svakako zaslu\u017euje. Kao \u0161to su neki kolege ve\u0107 spomenuli, i ja sam se iznenadio koliko je ljudi gledalo emisiju u kojoj sam bio gost. Ka\u017eem, nadam se da ovo nije kraj.<\/em><\/p>\n<p>&nbsp;<\/p>\n<p>&nbsp;<\/p>\n<p>Alka Domi\u0107 Kuni\u0107 iz HAZU-a: <em>\u017delim vjerovati da je odluka vodstva HRT 3 ipak podlo\u017ena preinaci, te da \u0107e ono na koncu (prije ili kasnije) kvalitetu ipak pretpostaviti (nekim svojim) interesima. Emisija kao \u0161to je \u201cTre\u0107a povijest\u201d nikad dovoljno na na\u0161oj televiziji, \u0161to je pokazao i velik interes gledatelja, kao i velika kvaliteta i stru\u010dnost same va\u0161e emisije. Vjerujem da smijem re\u0107i uime svih suradnika i sugovornika: ukoliko bude potrebno, imate na\u0161u podr\u0161ku u stremljenjima da emisija i dalje \u017eivi<\/em>.<\/p>\n<p>&nbsp;<\/p>\n<p>&nbsp;<\/p>\n<p>Frano Dulibi\u0107 s Odsjeka za povijest umjetnosti FF-a u Zagrebu napisao je: <em>Na\u017ealost ni\u0161ta neobi\u010dno. U ovoj dr\u017eavi gasi se gotovo sve \u0161to vrijedi. Hvala na suradnji.<\/em>Davorka Mati\u0107 s Odsjeka za sociologiju FF-a u Zagrebu: <em>Neugodno sam iznena\u0111ena odlukom o ga\u0161enju emisije Tre\u0107a povijest, to je samo jo\u0161 jedna potvrda da novo vodstvo HRT-a ciljano radi na uni\u0161tenju ono malo reputacije i kvalitete programa \u0161to ga je nacionalna televizijska ku\u0107a uspjela odr\u017eati. Bila mi je \u010dast sudjelovati u Tre\u0107oj povijesti i zahvaljujem se cijelom timu na odli\u010dno odra\u0111enom poslu. Uz nadu da \u0107e ova odluka biti povu\u010dena i da \u0107e emisija nastaviti s emitiranjem<\/em>.<\/p>\n<p>&nbsp;<\/p>\n<p>&nbsp;<\/p>\n<p>Mirjana Poli\u0107 Bobi\u0107 s Odsjeka za romanistiku FF-a u Zagrebu: <em>Drago uredni\u0161tvo, drage kolegice i kolege suradnici u &#8220;Tre\u0107oj povijesti&#8221;, uvijek sam rado sudjelovala u Tre\u0107oj povijesti i suradnja \u0107e mi ostati u dragom sje\u0107anju. Bila je to izvrsna emisija i kao \u0161to je netko od kolega ve\u0107 spomenuo, i moje iskustvo je da je bila veoma dobro prihva\u0107ena. Budu\u0107i da sam s nekima od Vas i ranijih godina sura\u0111ivala na drugim emisijama koje su tako\u0111er nestale s programa (s Ladom primjerice, a ne smijem ni re\u0107i prije koliko godina!) sigurna sam da \u0107e se i ova emisija na neki na\u010din obnoviti ili u istovjetnu ili u sli\u010dnu formatu.<\/em><\/p>\n<p>&nbsp;<\/p>\n<p>&nbsp;<\/p>\n<p>Alexander Buczynsky iz Hrvatskog instituta za povijest u Zagrebu napisao je: <em>\u017d<\/em><em>ao<\/em> <em>mi<\/em> <em>je<\/em><em> \u0161<\/em><em>to<\/em> <em>su<\/em> <em>odlu<\/em><em>\u010d<\/em><em>ili<\/em> <em>ukinuti<\/em> <em>Va<\/em><em>\u0161<\/em><em>u<\/em> <em>emisiju<\/em><em>. <\/em><em>Zahvaljujem<\/em> <em>Vam<\/em> <em>na<\/em> <em>suradnji<\/em><em>, <\/em><em>profesionalnosti<\/em> <em>i<\/em> <em>entuzijazmu<\/em> <em>i<\/em><em> \u017e<\/em><em>elim<\/em> <em>Vama<\/em> <em>i<\/em> <em>svim<\/em> <em>Va<\/em><em>\u0161<\/em><em>im<\/em> <em>suradnicima<\/em> <em>puno<\/em><em>, <\/em><em>puno<\/em> <em>uspjeha<\/em> <em>sa<\/em> <em>budu<\/em><em>\u0107<\/em><em>im<\/em> <em>projektima<\/em>!<\/p>\n<p>&nbsp;<\/p>\n<p>Ton\u010di Tadi\u0107 iz Instituta Ru\u0111er Bo\u0161kovi\u0107, kona\u010dno, napisao je: <em>Pomalo<\/em> <em>sam<\/em> <em>zbunjen<\/em> <em>s<\/em> <em>ovakvim<\/em> <em>slijedom<\/em> <em>doga<\/em><em>\u0111<\/em><em>aja<\/em><em>, <\/em><em>tj<\/em><em>. <\/em><em>ukidanjem<\/em> <em>va<\/em><em>\u0161<\/em><em>e<\/em> <em>emisije<\/em><em>. <\/em><em>Mislio<\/em> <em>sam<\/em> <em>da<\/em> <em>se<\/em> <em>ukidaju<\/em> <em>samo<\/em> <em>slabo<\/em> <em>gledane<\/em> <em>i<\/em> <em>o<\/em><em>\u010d<\/em><em>ajno<\/em> <em>realizirane<\/em> <em>emisije<\/em><em> (<\/em><em>tipa<\/em><em> \u201e<\/em><em>Montirani<\/em> <em>proces<\/em><em>\u201c). <\/em><em>No<\/em> <em>Tre<\/em><em>\u0107<\/em><em>a<\/em> <em>povijest<\/em> <em>je<\/em> <em>imala<\/em> <em>vrlo<\/em> <em>veliku<\/em> <em>gledanost<\/em> <em>i<\/em> <em>bila<\/em> <em>je<\/em> <em>cijenjena<\/em> <em>me<\/em><em>\u0111<\/em><em>u<\/em> <em>vrlo<\/em><em> \u0161<\/em><em>irokim<\/em> <em>krugom<\/em> <em>gledatelja<\/em><em>. <\/em><em>Jednostavno<\/em> <em>zato<\/em> <em>jer<\/em> <em>je<\/em> <em>nudila<\/em> <em>drugi<\/em><em>, <\/em><em>svje<\/em><em>\u017e<\/em><em>i<\/em> <em>i<\/em> <em>neoptere<\/em><em>\u0107<\/em><em>eni<\/em> <em>pogled<\/em> <em>na<\/em> <em>povijest<\/em><em>. <\/em><em>Nadam<\/em> <em>se<\/em> <em>da<\/em><em> \u0107<\/em><em>e<\/em> <em>Tre<\/em><em>\u0107<\/em><em>a<\/em> <em>povijest<\/em> <em>ipak<\/em> <em>biti<\/em> <em>vra<\/em><em>\u0107<\/em><em>ena<\/em> <em>u<\/em> <em>program<\/em> <em>HRT<\/em><em>3. <\/em><em>Do<\/em> <em>tada<\/em> <em>bih<\/em> <em>volio<\/em> <em>da<\/em> <em>uploadate<\/em> <em>na<\/em> <em>Youtube<\/em> <em>sve<\/em> <em>emisije<\/em> <em>koje<\/em> <em>imate<\/em> <em>u<\/em> <em>arhivi<\/em><em>.<\/em><\/p>\n<p>&nbsp;<\/p>\n<p>&nbsp;<\/p>\n<p>Tre\u0107a povijest emitirana je od rujna 2013. do lipnja 2016. godine. Emisija je zamijenjena novom, nazvanom \u201ePogled u pro\u0161lost\u201c. S novim urednikom i novim voditeljima i vanjskim suradnicima, novim pristupom, trebalo je stvoriti emisiju koja \u0107e, kako su najavili novi autori, biti inkluzivnija i, pretpostavljalo se, bolja.<a href=\"#_edn44\" name=\"_ednref44\">[xliv]<\/a> Ukinuta je najgledanija emisija Tre\u0107eg programa HTV-a. Ukinuta je emisija o \u010dijem se ga\u0161enju \u010dulo dosta daleko i bilo je glasnije od ga\u0161enja mnogih drugih emisija. Analize emisija koje su zamijenile \u201eTre\u0107u povijest\u201c pokazat \u0107e koji su bili stvarni ciljevi novih urednika i voditelja, njihovi uspjesi, koliko je tema iz nacionalne povijesti, a koliko onih u kojoj se hrvatska povijest promatra kao dio cjeline, europskih i svjetskih kretanja. \u201eTre\u0107a povijest\u201c nastojala je izbje\u0107i \u201euvla\u010denje\u201c Hrvatske unutar vlastitih granica, koje su \u010desto granice pojedinih regija i prou\u010davanje hrvatske povijesti kao zasebnog, izoliranog, fenomena. Jedan od problema hrvatske historiografije jest da zbog takvog inzularnog pristupa, a onda i neznanja koje je odraz takvog pogleda, hrvatska pro\u0161lost postaje \u201ejedinstvena\u201c, \u201eposebna\u201c, \u201ekao nigdje na svijetu\u201c, a njezini fenomeni, paradoksalno, \u201ene\u0161to o \u010demu se u\u010di na svim svjetskim sveu\u010dili\u0161tima\u201c, iako o tome nitko ni\u0161ta ne zna. Integracija u svijet mogu\u0107a je samo hrabrim ulaskom u svjetske teme i \u0161irokim tuma\u010denjem \u201ena\u0161ih\u201c tema u svjetskom kontekstu. Bez poznavanja svjetske povijesti, nemogu\u0107e je razumjeti nacionalnu ili, parafraziraju\u0107i tezu autora <em>Bloodlandsa<\/em> Timothyja Snydera izre\u010denu tijekom \u201eFestivala povijesti\u201c u Wroclawu 2012., mo\u017eete znati ba\u0161 sve o hrvatskoj povijesti 20. stolje\u0107a, ali ne\u0107ete razumjeti za\u0161to je izme\u0111u 1941. i 1945. nestalo vi\u0161e od 80% \u017eidovske zajednice. \u201eTre\u0107a povijest\u201c gostovanja stranih povjesni\u010dara upotpunjavala je prilozima o \u201ena\u0161im\u201c temama i fenomenima (primjerice emisije o Prvom svjetskom ratu) ili je o bitki kod Lepanta 1571. govorila kao o svjetskom doga\u0111aju, ali sa sna\u017enim naglaskom na posade dalmatinskih i istarskih komuna koje su se u bitki borile. Emisije o \u201esportu i politici\u201c (gosti su bili novinari Ivica Buljan i Vlado Vuru\u0161i\u0107) i povijesti seksualnosti (Franko Dota), pokazivali su vibrantna podru\u010dja povjesnog istra\u017eivanja koja se u op\u0107oj publici, a u slu\u010daju seksualnosti i historiografiji, \u010desto ne prepoznaju dovoljno brzo i onako kako je to u velikim historiografijama. Svjetske teme i pogled na hrvatska zbivanja iz svjetske i europske perspektive osiguravaju ve\u0107u preciznost, u\u010de povezivati, razmi\u0161ljati, poma\u017eu u stvaranju gra\u0111ana svijeta i gra\u0111ana Europske Unije, \u0161to je, \u010dinilo se prije dolaska kratko\u017eivu\u0107eg uredni\u010dkog dvojca Kova\u010di\u0107-\u010cokoli\u0107, trebala biti uloga javnog informativnog servisa.<\/p>\n<p>&nbsp;<\/p>\n<p>&nbsp;<\/p>\n<p>U nekom drugom radu trebalo bi pitati one koji su bili odgovorni za televizijsku shemu, kako danas gledaju na vlastite poteze u tome vremenu i kako sada vide razloge ga\u0161enja, pa i ono \u0161to je do\u0161lo na mjesto uga\u0161ene emisije. Dosezi i va\u017enost \u201eTre\u0107e povijesti\u201c bit \u0107e vidljivi tek u preciznoj usporedbi s televizijskim, ali i radijskim, emisijama koje su se najavljivale kao njezina zamjena. Tako \u0107e se vidjeti koja je izvedba, izbor gostiju, bio bolji, uklju\u010diviji, koje su emisije nudile vi\u0161e novih uvida, bile televizi\u010dnije. Bit \u0107e to odli\u010dan test ne samo dvije povijesne emisije, dva pogleda na ulogu javne televizije, historiografiju, ulogu povijesnih tema u dru\u0161tvu i znanosti, kvalitetu televizijskih ekipa i uredni\u0161tva, ve\u0107 i ilustracija prilika u medijima u Republici Hrvatskoj sredinom drugog desetlje\u0107a 21. stolje\u0107a. Ovaj \u010dlanak trebao bi pomo\u0107i u takvoj budu\u0107oj rekonstrukciji medijske i dru\u0161tvene scene, sustava vrijednosti i djeli\u0107a ukupnog \u017eivota u hrvatskom dru\u0161tvu.<\/p>\n<p>&nbsp;<\/p>\n<p><strong>\u00a0<\/strong><\/p>\n<p><em>Tvrtko Jakovina<\/em><\/p>\n<p><strong>\u00a0<\/strong><\/p>\n<p>&nbsp;<\/p>\n<hr \/>\n<p>&nbsp;<\/p>\n<p>&nbsp;<\/p>\n<p><a href=\"#_ednref1\" name=\"_edn1\">[i]<\/a> <a href=\"http:\/\/www.index.hr\/ljubimci\/clanak\/predstavljena-jesenska-shema-hrta-vraca-se-robert-knjaz-bruno-simlesa-dobio-svoju-emisiju\/699642.aspx\">http:\/\/www.index.hr\/ljubimci\/clanak\/predstavljena-jesenska-shema-hrta-vraca-se-robert-knjaz-bruno-simlesa-dobio-svoju-emisiju\/699642.aspx<\/a> (pristupio 1.8.2017.)<\/p>\n<p><a href=\"#_ednref2\" name=\"_edn2\">[ii]<\/a> Lada D\u017eidi\u0107 dugogodi\u0161nja je urednica i novinarka emisija iz kulture i znanosti, autorica znanstveno-popularnih filmova kao \u201eZagonetni mit\u201c, \u201eVelika plja\u010dka biblioteke\u201c, \u201e\u010covjek koji je \u017eivio kazali\u0161te\u201c, emisija o J. J. Strossmayeru itd. Razgovor s Ladom D\u017eidi\u0107, 31.7.2017.<\/p>\n<p><a href=\"#_ednref3\" name=\"_edn3\">[iii]<\/a> Razgovor s Dariom \u0160peli\u0107em, 28.7.2017.<\/p>\n<p><a href=\"#_ednref4\" name=\"_edn4\">[iv]<\/a> Tvrtko Jakovina, Povijest u eteru, <em>Historijski zbornik<\/em>, Godina LIII, Zagreb 2000., 185-194.<\/p>\n<p><a href=\"#_ednref5\" name=\"_edn5\">[v]<\/a> <a href=\"http:\/\/www.kliofest.org\/2015\/05\/17\/nagrade-povjesnicarima\/\">http:\/\/www.kliofest.org\/2015\/05\/17\/nagrade-povjesnicarima\/<\/a> (pristupio 28.7.2017.)<\/p>\n<p><a href=\"#_ednref6\" name=\"_edn6\">[vi]<\/a> <a href=\"https:\/\/mzo.hr\/hr\/drzavne-nagrade-za-znanost-za-2013\">https:\/\/mzo.hr\/hr\/drzavne-nagrade-za-znanost-za-2013<\/a> (pristupio 28.7.2017.)<\/p>\n<p><a href=\"#_ednref7\" name=\"_edn7\">[vii]<\/a> <a href=\"http:\/\/arhiv.slobodnadalmacija.hr\/20061015\/nedjeljna-prilog03.asp\">http:\/\/arhiv.slobodnadalmacija.hr\/20061015\/nedjeljna-prilog03.asp<\/a> (pristupio 24.7.2017.)<\/p>\n<p><a href=\"#_ednref8\" name=\"_edn8\">[viii]<\/a> Jerko Bakotin, <em>Bratstva i ubojstva, gaj\u0111in<\/em>, Algoritam, Zagreb 2015.<\/p>\n<p><a href=\"#_ednref9\" name=\"_edn9\">[ix]<\/a> Gabi Abramac, <em>Dos Heylike Yidish Vort. Jidi\u0161 i drugi jezici ortodoksnih \u017didova u New Yorku<\/em>, Srednja Europa, Zagreb 2016.<\/p>\n<p><a href=\"#_ednref10\" name=\"_edn10\">[x]<\/a> Frano Dulibi\u0107 je objavio knjige <em>Povijest karikature u Hrvatskoj do 1940.<\/em>\u00a0(2009.) i <em>Oto Reisinger\u00a0<\/em>(2008.).<\/p>\n<p><a href=\"#_ednref11\" name=\"_edn11\">[xi]<\/a> Nikola Vuleti\u0107 izvanredni je profesor Odjela za francuske i iberoromanske studije Sveu\u010dili\u0161ta u Zadru; u vrijeme kada je gostovao u \u201eTre\u0107oj povijesti\u201c pripremao se referendum o neovisnosti Katalonije, a u hrvatskim knji\u017earama pojavila se knjiga Alberta Sancheza Pinola, <em>Barcelona 1714<\/em>, koju je Vuleti\u0107 preveo.<\/p>\n<p><a href=\"#_ednref12\" name=\"_edn12\">[xii]<\/a> <a href=\"http:\/\/www.telegraph.co.uk\/news\/obituaries\/1409677\/Joseph-Dobbs.html\">http:\/\/www.telegraph.co.uk\/news\/obituaries\/1409677\/Joseph-Dobbs.html<\/a> (pristupio 28.7.2017.). Joseph Dobbs u Zagrebu je \u017eivio u rezidenciji u Jurjevskoj ulici 1970-1972.<\/p>\n<p><a href=\"#_ednref13\" name=\"_edn13\">[xiii]<\/a> Commemorating 1914, Exploring the War\u2019s Legacy, International Symposium, 5<sup>th<\/sup> and 6<sup>th<\/sup> May 2014, EUNIC Croatia, Hratski dr\u017eavni arhiv, Zagreb.<\/p>\n<p><a href=\"#_ednref14\" name=\"_edn14\">[xiv]<\/a> Christopher Clark, <em>Sleepwalkers. How Europe Went ot War in 1914<\/em>, Penguin Books 2012.<\/p>\n<p><a href=\"#_ednref15\" name=\"_edn15\">[xv]<\/a> <a href=\"https:\/\/www.gov.uk\/government\/world-location-news\/charge-daffaires-to-croatia-appointed\">https:\/\/www.gov.uk\/government\/world-location-news\/charge-daffaires-to-croatia-appointed<\/a> (pristupio 28.7.2017.)<\/p>\n<p><a href=\"#_ednref16\" name=\"_edn16\">[xvi]<\/a> \u010cesto spominjana kao najpoznatija povjesni\u010darka Holokausta iz Francuske, autorica je niza knjiga o Holokaustu, Vichyju, Eichmannu, a na hrvatski joj je prevedena knjiga <em>Kako objasniti Auschwitz svom djetetu<\/em>, Zagreb 2008.<\/p>\n<p><a href=\"#_ednref17\" name=\"_edn17\">[xvii]<\/a> Direktor odjela za planiranje diplomacije 2007-2010. u Francuskom ministarstvu vanjskih poslova, prvi sekularni rektor Katoli\u010dkog instituta u Parizu, profesor sociologije politike i me\u0111unarodnih odnosa.<\/p>\n<p><a href=\"#_ednref18\" name=\"_edn18\">[xviii]<\/a> \u201eBlagodare\u0107i\u00a0Tvrtku Jakovini, koji je u \u2018Tre\u0107u povijest\u2019 pozvao francuskog povjesni\u010dara\u00a0Henryja\u00a0Roussoa, imali smo priliku vidjeti kako izgleda povjesni\u010dar od formata, \u010dovjek istesan iz jednog komada, odlu\u010dan govoriti istinu, samo istinu i ni\u0161ta osim istine, ma koliko to ko\u0161talo. Rousso, prvi svjetski autoritet na svom podru\u010dju, govore\u0107i o predvi\u0161ijevskoj i vi\u0161ijevskoj,\u00a0Petaineovoj\u00a0Francuskoj, ispri\u010dao je zapanjuju\u0107u pri\u010du. U prvom redu, Rousso ka\u017ee da Vichy nije bio nikakva marionetska dr\u017eavica koju je prihva\u0107ala manjina Francuza, a ostatak svijeta do\u017eivljavao kao ekstenziju Reicha. Ne, ka\u017ee Rousso, tu je dr\u017eavu, koja je ve\u0107 1940. imala rasne zakone protiv \u017didova, prihva\u0107ala i podr\u017eavala ve\u0107ina Francuza, ali su je kao dr\u017eavu priznavali i Amerikanci i Rusi. Francuska je, ka\u017ee Rousso, bila jedina velika sila koja se raspala u sedam tjedana nakon po\u010detka njema\u010dkog prodora kod Sedana. To je, veli on, \u2018jedina velika dr\u017eava koju su Nijemci porazili u Drugome svjetskom ratu\u2019. Pokret otpora? Nasuprot kanoniziranom mitu o generalu\u00a0De Gaulleu\u00a0i\u00a0Jeanu Moulinu, istina je puno trivijalnija. De Gaulleov londonski poziv Francuzima na otpor \u010dulo je jako malo ljudi, a podr\u017ealo jo\u0161 manje. Taj govor nije ni snimljen. Dobar dio rata Francuzi su bili uz Petainea i Vichy. \u2018De Gaulle je preveo Francusku na stranu pobjednika u Drugome svjetskom ratu\u2019, re\u0107i \u0107e Rousso, \u2018no to nije odr\u017eavalo stanje stvari \u2013 Francuska je u tom ratu bila na strani gubitnika.\u2019 Ho\u0107emo li u Hrvatskoj ikada na sceni imati povjesni\u010dare ovakvog formata?\u201c. <em>Novosti<\/em>, 15. lipnja 2016. (\u201ePovjesni\u010dar od formata\u201c, Boris Ra\u0161eta).<\/p>\n<p><a href=\"#_ednref19\" name=\"_edn19\">[xix]<\/a> Du\u0161an Ne\u0107ak, <em>Hallsteinova doktrina i Jugoslavija. Tito izme\u0111u Savezne Republike Njema\u010dke i Demokratske Republike Njema\u010dke<\/em> i <em>Ostpolitik Willyja Brandta i Jugoslavija (1963-1969)<\/em>, Srednja Europa, Zagreb 2004. i 2015.<\/p>\n<p><a href=\"#_ednref20\" name=\"_edn20\">[xx]<\/a> Ulf Brunnbauer, <em>Globalizing Southeastern Europe. Emigrants, America, and the State Since the Late Nineteenth Century<\/em>, Lexington Books, New York 2016.<\/p>\n<p><a href=\"#_ednref21\" name=\"_edn21\">[xxi]<\/a> Tomoji Onozuka, profesor dru\u0161tveno-ekonomske povijesti Ekonomskog fakulteta Sveu\u010dili\u0161ta u Tokiju.<\/p>\n<p><a href=\"#_ednref22\" name=\"_edn22\">[xxii]<\/a> <a href=\"https:\/\/www.youtube.com\/watch?v=BhjhdkUoXb4\">https:\/\/www.youtube.com\/watch?v=BhjhdkUoXb4<\/a> (pristupio 25.7.2017.); Yuval Noah Harari, <em>Sapiens. Kratka povijest \u010dovje\u010danstva<\/em>, Fokus, Zagreb 2015.<\/p>\n<p><a href=\"#_ednref23\" name=\"_edn23\">[xxiii]<\/a> Vladimir Velebit, <em>Moj \u017eivot<\/em>, Fraktura, Zapre\u0161i\u0107 2016., u uvodnom eseju: Velebit Titove diplomacije, 9-33 (IX-XXXIII), predgovor knjizi Vladimira Velebita.<\/p>\n<p><a href=\"#_ednref24\" name=\"_edn24\">[xxiv]<\/a> <a href=\"https:\/\/www.youtube.com\/watch?v=jYL4XN6EtN8\">https:\/\/www.youtube.com\/watch?v=jYL4XN6EtN8<\/a> (pristupio 28.7.2017.)<\/p>\n<p><a href=\"#_ednref25\" name=\"_edn25\">[xxv]<\/a> <a href=\"http:\/\/www.darkohudelist.eu\/det.php?id=64\">http:\/\/www.darkohudelist.eu\/det.php?id=64<\/a> (pristupio 27.7.2017.)<\/p>\n<p><a href=\"#_ednref26\" name=\"_edn26\">[xxvi]<\/a> <em>Globus<\/em>, 12.6.2015. Abortus duhovne obnove, Jurica Pavi\u010di\u0107, 26-29.<\/p>\n<p><a href=\"#_ednref27\" name=\"_edn27\">[xxvii]<\/a> Pavi\u010di\u0107 misli na izlo\u017ebu u Hrvatskom dru\u0161tvu likovnih umjetnika odr\u017eanu od 10.4. do 10.5.2015., koju je pratio zbornik <em>Osamdesete! Slatka dekadencija postmoderne<\/em>, HDLU i DIPK, Zagreb 2015.<\/p>\n<p><a href=\"#_ednref28\" name=\"_edn28\">[xxviii]<\/a> <a href=\"http:\/\/hrtprikazuje.hrt.hr\/327101\/kresimir-cokolic-imenovan-v-d-glavnoga-urednika-trecega-programa-htv-a\">http:\/\/hrtprikazuje.hrt.hr\/327101\/kresimir-cokolic-imenovan-v-d-glavnoga-urednika-trecega-programa-htv-a<\/a> (pristupio 27.7.2017.)<\/p>\n<p><a href=\"#_ednref29\" name=\"_edn29\">[xxix]<\/a> Razgovor s Dariom \u0160peli\u0107em, 2.8.2017.<\/p>\n<p><a href=\"#_ednref30\" name=\"_edn30\">[xxx]<\/a> <em>Jutarnji list<\/em>, Ukida se emisija koja je popularizirala povijest, 13.6.2016. (\u017dG).<\/p>\n<p><a href=\"#_ednref31\" name=\"_edn31\">[xxxi]<\/a> <em>Novi list<\/em>, Prste s Tre\u0107ih, Sini\u0161a Pavi\u0107, 10.7.2016.<\/p>\n<p><a href=\"#_ednref32\" name=\"_edn32\">[xxxii]<\/a> Tportal, HTV3 nakon \u0160o\u0161e: Reforma pod paskom stru\u010dnjaka s KBF-a, Zrinka Pavli\u0107, 10.7.2016.<\/p>\n<p><a href=\"#_ednref33\" name=\"_edn33\">[xxxiii]<\/a> Telegram.hr, Ukidanje Tre\u0107e povijesti novi je korak u provincijalizaciji HTV-a i uzgajanju dr\u017eavotvornog imaginarija; Dragan Markovina, 15.6.2016.<\/p>\n<p><a href=\"#_ednref34\" name=\"_edn34\">[xxxiv]<\/a> Lupiga.com; \u201eTre\u0107a povijest\u201c, 15.6.2016.<\/p>\n<p><a href=\"#_ednref35\" name=\"_edn35\">[xxxv]<\/a> Fairpress.eu, Tvrtko Jakovina o ukidanju emisije \u201eTre\u0107a povijest\u201c: Nitko me nije zvao, nitko mi nije zahvalio na suradnji, Ivana Horvatek, 16.6.2016.<\/p>\n<p><a href=\"#_ednref36\" name=\"_edn36\">[xxxvi]<\/a> <em>Jutarnji list<\/em>, Magazin, \u201eGatara u Dnevniku trijumf je tre\u0161a i trijumf je marginalaca\u201c, Jurica Pavi\u010di\u0107, 18.6.2016.<\/p>\n<p><a href=\"#_ednref37\" name=\"_edn37\">[xxxvii]<\/a><em> Jutarnji list<\/em>, \u201eBi li \u201eTre\u0107a povijest\u201c pre\u017eivjela da je ugostila Hasanbegovi\u0107a? Jedna od najboljih izvornih tvorevina HTV-a smaknuta je pro\u0161log tjedna\u201c, 15.6.2016.<\/p>\n<p><a href=\"#_ednref38\" name=\"_edn38\">[xxxviii]<\/a> <em>Jutarnji list<\/em>, Studio, 18.6.2016. (\u0160teta \u0161to se ukida \u201eTre\u0107a povijest\u201c Tvrtka Jakovine; Tomislav \u010cade\u017e).<\/p>\n<p><a href=\"#_ednref39\" name=\"_edn39\">[xxxix]<\/a> <em>Novi list<\/em>, Pogled, TVeater, \u201eTrebalo je\u201c; Davor Mandi\u0107, 18.6.2016.<\/p>\n<p><a href=\"#_ednref40\" name=\"_edn40\">[xl]<\/a> <em>Novosti<\/em>, \u201eRadikalno sekta\u0161enje\u201c, Mirna Jasi\u0107, 17.6.2016. Izme\u0111u ostalog re\u010deno je: \u201eOno \u0161to je krajnje problemati\u010dno jest da meni, vanjskom voditelju emisije (uz kolegu Darija \u0160peli\u0107a), nikada nitko nije ni\u0161ta slu\u017ebeno priop\u0107io. (&#8230;) Morate mijenjati ono \u0161to nije dobro, a zadr\u017eati ili popraviti ono \u0161to je solidno. U suprotnom, izgledate kao revolucionari.\u201c<\/p>\n<p><a href=\"#_ednref41\" name=\"_edn41\">[xli]<\/a> HNOPZ, 13. lipnja 2016., Pismo Damira Agi\u010di\u0107a.<\/p>\n<p><a href=\"#_ednref42\" name=\"_edn42\">[xlii]<\/a> <em>Novi list<\/em>, Pogled, (Ne)inkluzivna ideologija s Prisavlja gasi popularnu stru\u010dnu emisiju o povijesti na javnoj televiziji, \u201eTre\u0107a povijest\u201c izbrisana s HRT-a 3, Sini\u0161a Pavi\u0107, 18.6.2016.<\/p>\n<p><a href=\"#_ednref43\" name=\"_edn43\">[xliii]<\/a> \u201ePo\u0161tovane i po\u0161tovani, U nedjelju 12.06.2016. bit \u0107e emitirana zadnja emisija Tre\u0107a povijest. Odlukom v.d. glavnog urednika HRT3 emisija se vi\u0161e ne\u0107e snimati ni premijerno emitirati. Svima vama koji ste kao stru\u010dni suradnici i sugovornici sudjelovali u stvaranju emisije Tre\u0107a povijest zahvaljujemo se na suradnji kao i na profesionalnom i osobnom trudu koji ste ulo\u017eili pri stvaranju svake pojedine emisije. Svako dobro \u017eeli vam ekipa emisije Tre\u0107a povijest\u201c. Potpisana je cijela ekipa (\u0160kobi\u0107, Kursar, Radmilovi\u0107, Kel\u0161\u010di\u0107, Jakovina, D\u017eidi\u0107 i \u0160peli\u0107).<\/p>\n<p><a href=\"#_ednref44\" name=\"_edn44\">[xliv]<\/a> \u201eProgramsko vodstvo smatra kako taj televizijski program u svojoj \u0161irini treba biti prepoznat kao inkluzivan zbog \u010dega se tra\u017ei novi koncept emisije o povijesti kojim bi se omogu\u0107io jo\u0161 cjelovitiji pregled najnovijih dosega svjetske i hrvatske historiografije te pro\u0161irio krug povjesni\u010dara koji se predstavljaju gledateljima i cjelokupnoj javnosti. Novi koncept emisije svakako bi trebao ostati otvoren svim povjesni\u010darima koji su se dosad pojavljivali i predstavljali u okviru emisije Tre\u0107a povijest.\u201c Fairpress.eu, Tvrtko Jakovina o ukidanju emisije \u201eTre\u0107a povijest\u201c: Nitko me nije zvao, nitko mi nije zahvalio na suradnji; Ivana Horvatek, Jun 16.2016.<\/p>\n<p>&nbsp;<\/p>\n<p>&nbsp;<\/p>\n","protected":false},"excerpt":{"rendered":"","protected":false},"author":2,"featured_media":0,"comment_status":"open","ping_status":"open","sticky":false,"template":"","format":"standard","meta":{"_acf_changed":false,"jetpack_post_was_ever_published":false,"_jetpack_newsletter_access":"","_jetpack_dont_email_post_to_subs":false,"_jetpack_newsletter_tier_id":0,"_jetpack_memberships_contains_paywalled_content":false,"_jetpack_memberships_contains_paid_content":false,"footnotes":"","jetpack_publicize_message":"","jetpack_publicize_feature_enabled":true,"jetpack_social_post_already_shared":true,"jetpack_social_options":{"image_generator_settings":{"template":"highway","default_image_id":0,"font":"","enabled":false},"version":2}},"categories":[4],"tags":[],"class_list":["post-8163","post","type-post","status-publish","format-standard","hentry","category-osvrti"],"acf":{"facebook_opis":""},"jetpack_publicize_connections":[],"jetpack_featured_media_url":"","jetpack_sharing_enabled":true,"jetpack-related-posts":[{"id":52669,"url":"https:\/\/historiografija.hr\/?p=52669","url_meta":{"origin":8163,"position":0},"title":"Predavanje Igora Dude &#8220;Odmor kao \u017eivotna potreba: o slobodnom vremenu u socijalisti\u010dkoj Jugoslaviji&#8221;","author":"Branimir Jankovi\u0107","date":"27. travnja 2026.","format":false,"excerpt":"U sklopu proljetnog ciklusa programa\u00a0Kriti\u010dka dramaturgija: pauza, u\u00a0subotu, 25. travnja 2026. u 19 sati\u00a0u prostoru Udru\u017eenja hrvatskih arhitekata povjesni\u010dar Igor Duda\u00a0odr\u017eao je predavanje naslovljeno\u00a0Odmor kao \u017eivotna potreba: o slobodnom vremenu u socijalisti\u010dkoj Jugoslaviji. Industrijalizacija i urbanizacija dru\u0161tava u povijesti su zna\u010dile i prelazak s predindustrijskog na industrijsko shva\u0107anje vremena. Ono\u2026","rel":"","context":"U &quot;Novosti&quot;","block_context":{"text":"Novosti","link":"https:\/\/historiografija.hr\/?cat=3"},"img":{"alt_text":"","src":"https:\/\/i0.wp.com\/historiografija.hr\/wp-content\/uploads\/2026\/04\/Duda.png?fit=1200%2C628&ssl=1&resize=350%2C200","width":350,"height":200,"srcset":"https:\/\/i0.wp.com\/historiografija.hr\/wp-content\/uploads\/2026\/04\/Duda.png?fit=1200%2C628&ssl=1&resize=350%2C200 1x, https:\/\/i0.wp.com\/historiografija.hr\/wp-content\/uploads\/2026\/04\/Duda.png?fit=1200%2C628&ssl=1&resize=525%2C300 1.5x, https:\/\/i0.wp.com\/historiografija.hr\/wp-content\/uploads\/2026\/04\/Duda.png?fit=1200%2C628&ssl=1&resize=700%2C400 2x, https:\/\/i0.wp.com\/historiografija.hr\/wp-content\/uploads\/2026\/04\/Duda.png?fit=1200%2C628&ssl=1&resize=1050%2C600 3x"},"classes":[]},{"id":52502,"url":"https:\/\/historiografija.hr\/?p=52502","url_meta":{"origin":8163,"position":1},"title":"Novi znanstveni projekt Hrvatskog instituta za povijest: \u201c\u017drtve ratova i dr\u017eavnog\/politi\u010dkog nasilja u hrvatskoj povijesti 20. stolje\u0107a\u201d","author":"Branimir Jankovi\u0107","date":"17. travnja 2026.","format":false,"excerpt":"Na redovitoj sjednici Vlade RH, 16. travnja 2026., donijet je Zaklju\u010dak kojim se pokre\u0107e znanstveni projekt \u201c\u017drtve ratova i dr\u017eavnog\/politi\u010dkog nasilja u hrvatskoj povijesti 20. stolje\u0107a\u201d. Projekt \u0107e provoditi i koordinirati Hrvatski institut za povijest u razdoblju trajanja projekta od pet godina. Zakljucak Vlade RH Iz teksta projektnog prijedloga: Problematika\u2026","rel":"","context":"U &quot;Novosti&quot;","block_context":{"text":"Novosti","link":"https:\/\/historiografija.hr\/?cat=3"},"img":{"alt_text":"","src":"https:\/\/i0.wp.com\/historiografija.hr\/wp-content\/uploads\/2026\/04\/Vlada-RH.jpg?fit=1200%2C557&ssl=1&resize=350%2C200","width":350,"height":200,"srcset":"https:\/\/i0.wp.com\/historiografija.hr\/wp-content\/uploads\/2026\/04\/Vlada-RH.jpg?fit=1200%2C557&ssl=1&resize=350%2C200 1x, https:\/\/i0.wp.com\/historiografija.hr\/wp-content\/uploads\/2026\/04\/Vlada-RH.jpg?fit=1200%2C557&ssl=1&resize=525%2C300 1.5x, https:\/\/i0.wp.com\/historiografija.hr\/wp-content\/uploads\/2026\/04\/Vlada-RH.jpg?fit=1200%2C557&ssl=1&resize=700%2C400 2x, https:\/\/i0.wp.com\/historiografija.hr\/wp-content\/uploads\/2026\/04\/Vlada-RH.jpg?fit=1200%2C557&ssl=1&resize=1050%2C600 3x"},"classes":[]},{"id":52559,"url":"https:\/\/historiografija.hr\/?p=52559","url_meta":{"origin":8163,"position":2},"title":"Dobitnici dr\u017eavne nagrade za znanost za 2024. godinu","author":"Branimir Jankovi\u0107","date":"20. travnja 2026.","format":false,"excerpt":"Na sjednici Odbora za podjelu dr\u017eavnih nagrada za znanost odr\u017eanoj 16. travnja 2026. godine donesena je Odluka o dodjeli dr\u017eavnih nagrada za znanost za 2024. godinu. Godi\u0161njom nagradom za popularizaciju i promid\u017ebu znanosti nagra\u0111eni su u podru\u010dju humanisti\u010dkih znanosti znanstveni suradnici dr. sc. Josip Mihaljevi\u0107 i dr. sc. Gordan Ravan\u010di\u0107,\u2026","rel":"","context":"U &quot;Novosti&quot;","block_context":{"text":"Novosti","link":"https:\/\/historiografija.hr\/?cat=3"},"img":{"alt_text":"","src":"https:\/\/i0.wp.com\/historiografija.hr\/wp-content\/uploads\/2021\/12\/povijesne-kontroverze.jpg?fit=1200%2C675&ssl=1&resize=350%2C200","width":350,"height":200,"srcset":"https:\/\/i0.wp.com\/historiografija.hr\/wp-content\/uploads\/2021\/12\/povijesne-kontroverze.jpg?fit=1200%2C675&ssl=1&resize=350%2C200 1x, https:\/\/i0.wp.com\/historiografija.hr\/wp-content\/uploads\/2021\/12\/povijesne-kontroverze.jpg?fit=1200%2C675&ssl=1&resize=525%2C300 1.5x, https:\/\/i0.wp.com\/historiografija.hr\/wp-content\/uploads\/2021\/12\/povijesne-kontroverze.jpg?fit=1200%2C675&ssl=1&resize=700%2C400 2x, https:\/\/i0.wp.com\/historiografija.hr\/wp-content\/uploads\/2021\/12\/povijesne-kontroverze.jpg?fit=1200%2C675&ssl=1&resize=1050%2C600 3x"},"classes":[]},{"id":52496,"url":"https:\/\/historiografija.hr\/?p=52496","url_meta":{"origin":8163,"position":3},"title":"30 godina Podru\u017enice \u2013 Javno predavanje Matea \u010calu\u0161i\u0107a \u201eSlavonski Brod u Domovinskom ratu\u201c","author":"Branimir Jankovi\u0107","date":"17. travnja 2026.","format":false,"excerpt":"U 2026. navr\u0161ava se trideset godina od osnutka Podru\u017enice za povijest Slavonije, Srijema i Baranje Hrvatskoga instituta za povijest. Obilje\u017eavanje ove zna\u010dajne obljetnice zapo\u010dinje ciklusom javnih povijesnih predavanja znanstvenika Instituta. Tre\u0107e po redu je predavanje Matea \u010calu\u0161i\u0107a \u2013 \u201eSLAVONSKI BROD U DOMOVINSKOM RATU\u201c. Predavanje \u0107e se odr\u017eati 21. travnja 2026.\u2026","rel":"","context":"U &quot;Novosti&quot;","block_context":{"text":"Novosti","link":"https:\/\/historiografija.hr\/?cat=3"},"img":{"alt_text":"","src":"https:\/\/i0.wp.com\/historiografija.hr\/wp-content\/uploads\/2026\/04\/Predavanje-Calusic.png?fit=860%2C1200&ssl=1&resize=350%2C200","width":350,"height":200,"srcset":"https:\/\/i0.wp.com\/historiografija.hr\/wp-content\/uploads\/2026\/04\/Predavanje-Calusic.png?fit=860%2C1200&ssl=1&resize=350%2C200 1x, https:\/\/i0.wp.com\/historiografija.hr\/wp-content\/uploads\/2026\/04\/Predavanje-Calusic.png?fit=860%2C1200&ssl=1&resize=525%2C300 1.5x, https:\/\/i0.wp.com\/historiografija.hr\/wp-content\/uploads\/2026\/04\/Predavanje-Calusic.png?fit=860%2C1200&ssl=1&resize=700%2C400 2x"},"classes":[]},{"id":52499,"url":"https:\/\/historiografija.hr\/?p=52499","url_meta":{"origin":8163,"position":4},"title":"POTPISAN UGOVOR O ZNANSTVENO-ISTRA\u017dIVA\u010cKOJ SURADNJI: PROJEKT \u201eTEMELJI HRVATSKE SAMOSTALNOSTI\u201d","author":"Branimir Jankovi\u0107","date":"17. travnja 2026.","format":false,"excerpt":"Hrvatski institut za povijest, Sveu\u010dili\u0161te obrane i sigurnosti \u201eDr. Franjo Tu\u0111man\u201d, Institut dru\u0161tvenih znanosti Ivo Pilar i Hrvatski dr\u017eavni arhiv\u00a0potpisali su 23. o\u017eujka 2026.\u00a0Ugovor o znanstveno-istra\u017eiva\u010dkoj suradnji s ciljem provedbe projekta \u201eTemelji hrvatske samostalnosti\u201d. Tim projektom obuhva\u0107a se istra\u017eivanje arhivskoga gradiva, priprema znanstvenih publikacija, digitalizacija i javna prezentacija rezultata istra\u017eivanja\u2026","rel":"","context":"U &quot;Novosti&quot;","block_context":{"text":"Novosti","link":"https:\/\/historiografija.hr\/?cat=3"},"img":{"alt_text":"","src":"https:\/\/i0.wp.com\/historiografija.hr\/wp-content\/uploads\/2026\/04\/THS_sporazum.jpg?fit=1200%2C583&ssl=1&resize=350%2C200","width":350,"height":200,"srcset":"https:\/\/i0.wp.com\/historiografija.hr\/wp-content\/uploads\/2026\/04\/THS_sporazum.jpg?fit=1200%2C583&ssl=1&resize=350%2C200 1x, https:\/\/i0.wp.com\/historiografija.hr\/wp-content\/uploads\/2026\/04\/THS_sporazum.jpg?fit=1200%2C583&ssl=1&resize=525%2C300 1.5x, https:\/\/i0.wp.com\/historiografija.hr\/wp-content\/uploads\/2026\/04\/THS_sporazum.jpg?fit=1200%2C583&ssl=1&resize=700%2C400 2x, https:\/\/i0.wp.com\/historiografija.hr\/wp-content\/uploads\/2026\/04\/THS_sporazum.jpg?fit=1200%2C583&ssl=1&resize=1050%2C600 3x"},"classes":[]},{"id":52505,"url":"https:\/\/historiografija.hr\/?p=52505","url_meta":{"origin":8163,"position":5},"title":"Izlo\u017eba &#8220;Eschenstock \/ Jasenov prut&#8221;","author":"Branimir Jankovi\u0107","date":"17. travnja 2026.","format":false,"excerpt":"Srpsko narodno vije\u0107e (SNV) i Vizura aperta postavljaju izlo\u017ebu \u0161vicarskog slikara Velimira Ili\u0161evi\u0107a: Eschenstock \/ Jasenov prut. Izlo\u017eba se uz prisustvo autora otvara povodom 81. godi\u0161njice proboja logora\u0161a iz usta\u0161kog logora smrti Jasenovac 22. aprila 2026. u 19 sati u Srpskom kulturnom centru (SKC) u Preradovi\u0107evoj ulici 21 u Zagrebu.\u2026","rel":"","context":"U &quot;Izlo\u017ebe&quot;","block_context":{"text":"Izlo\u017ebe","link":"https:\/\/historiografija.hr\/?cat=10"},"img":{"alt_text":"","src":"https:\/\/i0.wp.com\/historiografija.hr\/wp-content\/uploads\/2026\/04\/Jasenov_prut.jpg?fit=1024%2C640&ssl=1&resize=350%2C200","width":350,"height":200,"srcset":"https:\/\/i0.wp.com\/historiografija.hr\/wp-content\/uploads\/2026\/04\/Jasenov_prut.jpg?fit=1024%2C640&ssl=1&resize=350%2C200 1x, https:\/\/i0.wp.com\/historiografija.hr\/wp-content\/uploads\/2026\/04\/Jasenov_prut.jpg?fit=1024%2C640&ssl=1&resize=525%2C300 1.5x, https:\/\/i0.wp.com\/historiografija.hr\/wp-content\/uploads\/2026\/04\/Jasenov_prut.jpg?fit=1024%2C640&ssl=1&resize=700%2C400 2x"},"classes":[]}],"_links":{"self":[{"href":"https:\/\/historiografija.hr\/index.php?rest_route=\/wp\/v2\/posts\/8163","targetHints":{"allow":["GET"]}}],"collection":[{"href":"https:\/\/historiografija.hr\/index.php?rest_route=\/wp\/v2\/posts"}],"about":[{"href":"https:\/\/historiografija.hr\/index.php?rest_route=\/wp\/v2\/types\/post"}],"author":[{"embeddable":true,"href":"https:\/\/historiografija.hr\/index.php?rest_route=\/wp\/v2\/users\/2"}],"replies":[{"embeddable":true,"href":"https:\/\/historiografija.hr\/index.php?rest_route=%2Fwp%2Fv2%2Fcomments&post=8163"}],"version-history":[{"count":4,"href":"https:\/\/historiografija.hr\/index.php?rest_route=\/wp\/v2\/posts\/8163\/revisions"}],"predecessor-version":[{"id":8167,"href":"https:\/\/historiografija.hr\/index.php?rest_route=\/wp\/v2\/posts\/8163\/revisions\/8167"}],"wp:attachment":[{"href":"https:\/\/historiografija.hr\/index.php?rest_route=%2Fwp%2Fv2%2Fmedia&parent=8163"}],"wp:term":[{"taxonomy":"category","embeddable":true,"href":"https:\/\/historiografija.hr\/index.php?rest_route=%2Fwp%2Fv2%2Fcategories&post=8163"},{"taxonomy":"post_tag","embeddable":true,"href":"https:\/\/historiografija.hr\/index.php?rest_route=%2Fwp%2Fv2%2Ftags&post=8163"}],"curies":[{"name":"wp","href":"https:\/\/api.w.org\/{rel}","templated":true}]}}