{"id":8132,"date":"2018-01-30T22:23:31","date_gmt":"2018-01-30T22:23:31","guid":{"rendered":"http:\/\/historiografija.hr\/?p=8132"},"modified":"2018-01-30T22:32:03","modified_gmt":"2018-01-30T22:32:03","slug":"esad-kurtovic-iz-povijesti-dubrovackoga-zaleda","status":"publish","type":"post","link":"https:\/\/historiografija.hr\/?p=8132","title":{"rendered":"Esad Kurtovi\u0107, &#8220;Iz povijesti dubrova\u010dkoga zale\u0111a&#8221;"},"content":{"rendered":"<p>U izdanju Ogranka Matice hrvatske u Dubrovniku objavljena je i 24. sije\u010dnja 2018. predstavljena knjiga Esada Kurtovi\u0107a \u201eIz povijesti dubrova\u010dkoga zale\u0111a\u201c. Vi\u0161e u prilogu.<\/p>\n<p>&nbsp;<\/p>\n<p>&nbsp;<\/p>\n<p>&#8212;<\/p>\n<p>&nbsp;<\/p>\n<p>&nbsp;<\/p>\n<p>Esad Kurtovi\u0107, <em><strong>Iz povijesti dubrova\u010dkoga zale\u0111a<\/strong><\/em>, Dubrovnik: Ogranak Matice hrvatske u Dubrovniku, 2018.<\/p>\n<p>&nbsp;<\/p>\n<p>&nbsp;<\/p>\n<p>Predstavljanje knjige odr\u017eano je 24. sije\u010dnja 2018. u \u010ditaonici Narodne knji\u017enice u Dubrovniku.<\/p>\n<p>&nbsp;<\/p>\n<p>&nbsp;<\/p>\n<p>Izlagali su:<\/p>\n<p>dr. sc. Enes Dedi\u0107, Sveu\u010dili\u0161te u Sarajevu<\/p>\n<p>dr. sc. Rina Kralj Brassard, Zavod za povijesne znanosti HAZU u Dubrovniku<\/p>\n<p>dr. sc. Esad Kurtovi\u0107, Sveu\u010dili\u0161te u Sarajevu<\/p>\n<p>&nbsp;<\/p>\n<p>&nbsp;<\/p>\n<p>O KNJIZI:<\/p>\n<p>&nbsp;<\/p>\n<p>&nbsp;<\/p>\n<p>Tkogod je istra\u017eivao u nekom arhivu, zna koliko je te\u0161ko do\u0107i do &#8220;zlatnog zrna&#8221;, do tra\u017eenog podatka, koliko je arhivski istra\u017eiva\u010dki rad neizvjestan jer ponekad desetine pa i stotine sati rada mogu iznjedriti tek usputnu bilje\u0161ku o neuspjehu. U knjizi Esada Kurtovi\u0107a obilje je transkribiranog arhivskog gradiva, mno\u0161tvo &#8220;zlatnih zrna&#8221; koje nam je autor servirao u pitkom obliku spremnom za konzumaciju. Zato, vrijedno je \u010ditati ne samo glavni tekst ove knjige nego i bilje\u0161ke otisnute uobi\u010dajenim gu\u0161\u0107im i sitnijim fontom. Slobodno posegnite za boljim nao\u010dalama, isplatit \u0107e Vam se.<\/p>\n<p>&nbsp;<\/p>\n<p>&nbsp;<\/p>\n<p>U deset poglavlja, desetak prethodno objavljenih radova, slo\u017eenih i nadopunjenih za ovu priliku, Esad Kurtovi\u0107 donosi pri\u010de o ljudima iz dubrova\u010dkoga srednjovjekovnoga zale\u0111a. Poveznice s Dubrovnikom nisu samo arhivska vrela iz dr\u017eavnog arhiva u Sponzi. Ovo jest i pri\u010da o Dubrovniku, o njegovim ljudima.<\/p>\n<p>&nbsp;<\/p>\n<p>&nbsp;<\/p>\n<p>Intenzivni gospodarski dodiri stanovnika dubrova\u010dkoga podru\u010dja sa zale\u0111em vidljivi su u brojnim ugovorima primjerice o prodaji ili davanju na ispa\u0161u p\u010dela, volova, sitne stoke i magaraca, ali i u ugovorima o uzimanju stanovnika zale\u0111a na slu\u017ebu ili nauk. Ti ugovori, ponekad imaju i neo\u010dekivane dodatke iz kojih se mo\u017ee i\u0161\u010ditati kakav se zna\u010daj pridavao pismenosti.<\/p>\n<p>&nbsp;<\/p>\n<p>&nbsp;<\/p>\n<p>Pored poslovnih ugovora, jedan od va\u017enih izvora za istra\u017eivanje srednjovjekovnog gospodarstva su kazneni spisi. Njima se Esad Kurtovi\u0107 obilato koristio. Tu &#8220;crnu kroniku&#8221;, koja je zbog prirode izvora sa\u010duvana u velikom obimu, valja ispravno tuma\u010diti kao izuzetak, a ne pravilo u gospodarskim odnosima. Svakodnevni \u017eivot naj\u010de\u0161\u0107e je u arhivskim izvorima nevidljiva potka, no ja\u010di od kra\u0111a, ja\u010di od nasilja, \u017eivot uvijek ide dalje.<\/p>\n<p>&nbsp;<\/p>\n<p>&nbsp;<\/p>\n<p>U izboru dubrova\u010dkih tema Esada Kurtovi\u0107a su i dvije, nazovimo to, obiteljske pri\u010de, o Zlatari\u0107ima iz Gora\u017eda i Kristi\u0107ima trgovcima iz Kre\u0161eva. I jedni i drugi uspje\u0161ni su poslovni ljudi. Radoje Kristi\u0107 s dra\u017eesnim obiteljskim nadimkom Kozoje bio je dubrova\u010dki gra\u0111anin i iznimno uspje\u0161an trgovac srebrom.<\/p>\n<p>&nbsp;<\/p>\n<p>&nbsp;<\/p>\n<p>Povjesni\u010darima koji se bave zemljoposjedima velmo\u017ea bit \u0107e posebno zanimljivo poglavlje o posjedu Kosa\u010da na otoku \u0160ipanu, konkretno o njihovu vinogradu.<\/p>\n<p>&nbsp;<\/p>\n<p>&nbsp;<\/p>\n<p>Naj\u017eivopisnije poglavlje posve\u0107eno je pticama: njihovu uzgoju, prodaji i lovu s tim plemenitim \u017eivotinjama. Uzgojitelji i krotitelji lovnih ptica, vidi se iz vrela iz 14. i po\u010detka 15. stolje\u0107a, bili su \u010desto Konavljani, \u0161to poznavatelje lokalnog reljefa ne za\u010du\u0111uje. Konavosko polje jo\u0161 je u pro\u0161lom stolje\u0107u redovito plavilo i zato bilo idealno stani\u0161te za svakovrsne ptice pa onda i za ptice grabljivice koje su na stijenama Snije\u017enice nalazile prikladna mjesta za gnije\u017e\u0111enje. Plemenite ptice za lov, sokoli, jastrebovi, tro\u0161kovi njihova uzgoja za dr\u017eavne potrebe, provla\u010de se u dubrova\u010dkim vrelima duboko u rani novi vijek, ali u jednoj drugoj vrsti arhivskih izvora, u tro\u0161kovima Dvora, koje sam imala prilike listati.<\/p>\n<p>&nbsp;<\/p>\n<p>&nbsp;<\/p>\n<p>Objavljivanjem probranih radova vrsnog povjesni\u010dara Esada Kurtovi\u0107a na primjeren je na\u010din hrvatskoj publici predstavljena bosansko-hercegova\u010dka medievistika, temeljena prete\u017eito na dubrova\u010dkim arhivskim izvorima. Pred nama je svojevrsna povijest Dubrovnika gledana izvana, s gudura i kamenjara, s izvora brzica, iz gorskih utvrda. Kao da ju je prije mnogo stolje\u0107a pisao neki plemeniti dijak na kraljevskom dvoru da je kojim slu\u010dajem imao pristup ljubomorno \u010duvanim dubrova\u010dkim spisima.<\/p>\n<p>&nbsp;<\/p>\n<p>Rina Kralj-Brassard<\/p>\n<p>&nbsp;<\/p>\n<p>&nbsp;<\/p>\n<p><strong>Izvor i dodatne informacije o knjizi:<\/strong><\/p>\n<p>&nbsp;<\/p>\n<p>&nbsp;<\/p>\n<p><a href=\"http:\/\/www.matica-hrvatska-dubrovnik.com\/\">http:\/\/www.matica-hrvatska-dubrovnik.com\/<\/a><\/p>\n<p>&nbsp;<\/p>\n<blockquote class=\"wp-embedded-content\" data-secret=\"JRESJ43ZSr\"><p><a href=\"\/predstavljena-knjiga-iz-povijesti-dubrovackog-zaleda\/\">Predstavljena knjiga &#8220;Iz povijesti dubrova\u010dkog zale\u0111a&#8221;<\/a><\/p><\/blockquote>\n<p><iframe loading=\"lazy\" class=\"wp-embedded-content\" sandbox=\"allow-scripts\" security=\"restricted\" style=\"position: absolute; clip: rect(1px, 1px, 1px, 1px);\" src=\"\/predstavljena-knjiga-iz-povijesti-dubrovackog-zaleda\/embed\/#?secret=JRESJ43ZSr\" data-secret=\"JRESJ43ZSr\" width=\"600\" height=\"338\" title=\"&#8220;Predstavljena knjiga &#8220;Iz povijesti dubrova\u010dkog zale\u0111a&#8221;&#8221; &#8212; Ogranak Matice hrvatske u Dubrovniku\" frameborder=\"0\" marginwidth=\"0\" marginheight=\"0\" scrolling=\"no\"><\/iframe><\/p>\n<p>&nbsp;<\/p>\n<blockquote class=\"wp-embedded-content\" data-secret=\"iuLT3CYG6U\"><p><a href=\"\/predstavljanje-knjige-iz-povijesti-dubrovackog-zaleda\/\">Predstavljanje knjige &#8220;Iz povijesti dubrova\u010dkog zale\u0111a&#8221;<\/a><\/p><\/blockquote>\n<p><iframe loading=\"lazy\" class=\"wp-embedded-content\" sandbox=\"allow-scripts\" security=\"restricted\" style=\"position: absolute; clip: rect(1px, 1px, 1px, 1px);\" src=\"\/predstavljanje-knjige-iz-povijesti-dubrovackog-zaleda\/embed\/#?secret=iuLT3CYG6U\" data-secret=\"iuLT3CYG6U\" width=\"600\" height=\"338\" title=\"&#8220;Predstavljanje knjige &#8220;Iz povijesti dubrova\u010dkog zale\u0111a&#8221;&#8221; &#8212; Ogranak Matice hrvatske u Dubrovniku\" frameborder=\"0\" marginwidth=\"0\" marginheight=\"0\" scrolling=\"no\"><\/iframe><\/p>\n<p>&nbsp;<\/p>\n<blockquote class=\"wp-embedded-content\" data-secret=\"TBE9d4Wv4H\"><p><a href=\"\/proizvod\/esad-kurtovic-iz-povijesti-dubrovackog-zaleda\/\">Esad Kurtovi\u0107 &#8211; Iz povijesti dubrova\u010dkog zale\u0111a<\/a><\/p><\/blockquote>\n<p><iframe loading=\"lazy\" class=\"wp-embedded-content\" sandbox=\"allow-scripts\" security=\"restricted\" style=\"position: absolute; clip: rect(1px, 1px, 1px, 1px);\" src=\"\/proizvod\/esad-kurtovic-iz-povijesti-dubrovackog-zaleda\/embed\/#?secret=TBE9d4Wv4H\" data-secret=\"TBE9d4Wv4H\" width=\"600\" height=\"338\" title=\"&#8220;Esad Kurtovi\u0107 &#8211; Iz povijesti dubrova\u010dkog zale\u0111a&#8221; &#8212; Ogranak Matice hrvatske u Dubrovniku\" frameborder=\"0\" marginwidth=\"0\" marginheight=\"0\" scrolling=\"no\"><\/iframe><\/p>\n<p>&nbsp;<\/p>\n<p>&nbsp;<\/p>\n","protected":false},"excerpt":{"rendered":"","protected":false},"author":2,"featured_media":8133,"comment_status":"open","ping_status":"open","sticky":false,"template":"","format":"standard","meta":{"_acf_changed":false,"jetpack_post_was_ever_published":false,"_jetpack_newsletter_access":"","_jetpack_dont_email_post_to_subs":false,"_jetpack_newsletter_tier_id":0,"_jetpack_memberships_contains_paywalled_content":false,"_jetpack_memberships_contains_paid_content":false,"footnotes":"","jetpack_publicize_message":"","jetpack_publicize_feature_enabled":true,"jetpack_social_post_already_shared":true,"jetpack_social_options":{"image_generator_settings":{"template":"highway","default_image_id":0,"font":"","enabled":false},"version":2}},"categories":[8,3],"tags":[],"class_list":["post-8132","post","type-post","status-publish","format-standard","has-post-thumbnail","hentry","category-knjige","category-novosti"],"acf":{"facebook_opis":""},"jetpack_publicize_connections":[],"jetpack_featured_media_url":"https:\/\/i0.wp.com\/historiografija.hr\/wp-content\/uploads\/2018\/01\/Iz-povijesti-dubrovackog-zaledja.jpg?fit=2154%2C3543&ssl=1","jetpack_sharing_enabled":true,"jetpack-related-posts":[{"id":52592,"url":"https:\/\/historiografija.hr\/?p=52592","url_meta":{"origin":8132,"position":0},"title":"Predstavljanje knjige &#8220;Turska ku\u0107a u Rijeci&#8221; u Zagrebu","author":"Branimir Jankovi\u0107","date":"22. travnja 2026.","format":false,"excerpt":"U prostorijama Turskog kulturnog centra Yunus Emre u Zagrebu, u utorak 21. travnja 2026. godine, odr\u017eano je sve\u010dano predstavljanje dopunjenog izdanja knjige Turska ku\u0107a u Rijeci, u organizaciji Hrvatsko-turskog dru\u0161tva Rijeka i partnerstvu sa Skupinom prijateljstva Hrvatska-Turska Hrvatskog sabora, Veleposlanstvom Republike Turske u Republici Hrvatskoj te Turskim kulturnim centrom Yunus\u2026","rel":"","context":"U &quot;Novosti&quot;","block_context":{"text":"Novosti","link":"https:\/\/historiografija.hr\/?cat=3"},"img":{"alt_text":"","src":"https:\/\/i0.wp.com\/historiografija.hr\/wp-content\/uploads\/2026\/04\/Turska-kuca-ZG.jpg?fit=1200%2C800&ssl=1&resize=350%2C200","width":350,"height":200,"srcset":"https:\/\/i0.wp.com\/historiografija.hr\/wp-content\/uploads\/2026\/04\/Turska-kuca-ZG.jpg?fit=1200%2C800&ssl=1&resize=350%2C200 1x, https:\/\/i0.wp.com\/historiografija.hr\/wp-content\/uploads\/2026\/04\/Turska-kuca-ZG.jpg?fit=1200%2C800&ssl=1&resize=525%2C300 1.5x, https:\/\/i0.wp.com\/historiografija.hr\/wp-content\/uploads\/2026\/04\/Turska-kuca-ZG.jpg?fit=1200%2C800&ssl=1&resize=700%2C400 2x, https:\/\/i0.wp.com\/historiografija.hr\/wp-content\/uploads\/2026\/04\/Turska-kuca-ZG.jpg?fit=1200%2C800&ssl=1&resize=1050%2C600 3x"},"classes":[]},{"id":52499,"url":"https:\/\/historiografija.hr\/?p=52499","url_meta":{"origin":8132,"position":1},"title":"POTPISAN UGOVOR O ZNANSTVENO-ISTRA\u017dIVA\u010cKOJ SURADNJI: PROJEKT \u201eTEMELJI HRVATSKE SAMOSTALNOSTI\u201d","author":"Branimir Jankovi\u0107","date":"17. travnja 2026.","format":false,"excerpt":"Hrvatski institut za povijest, Sveu\u010dili\u0161te obrane i sigurnosti \u201eDr. Franjo Tu\u0111man\u201d, Institut dru\u0161tvenih znanosti Ivo Pilar i Hrvatski dr\u017eavni arhiv\u00a0potpisali su 23. o\u017eujka 2026.\u00a0Ugovor o znanstveno-istra\u017eiva\u010dkoj suradnji s ciljem provedbe projekta \u201eTemelji hrvatske samostalnosti\u201d. Tim projektom obuhva\u0107a se istra\u017eivanje arhivskoga gradiva, priprema znanstvenih publikacija, digitalizacija i javna prezentacija rezultata istra\u017eivanja\u2026","rel":"","context":"U &quot;Novosti&quot;","block_context":{"text":"Novosti","link":"https:\/\/historiografija.hr\/?cat=3"},"img":{"alt_text":"","src":"https:\/\/i0.wp.com\/historiografija.hr\/wp-content\/uploads\/2026\/04\/THS_sporazum.jpg?fit=1200%2C583&ssl=1&resize=350%2C200","width":350,"height":200,"srcset":"https:\/\/i0.wp.com\/historiografija.hr\/wp-content\/uploads\/2026\/04\/THS_sporazum.jpg?fit=1200%2C583&ssl=1&resize=350%2C200 1x, https:\/\/i0.wp.com\/historiografija.hr\/wp-content\/uploads\/2026\/04\/THS_sporazum.jpg?fit=1200%2C583&ssl=1&resize=525%2C300 1.5x, https:\/\/i0.wp.com\/historiografija.hr\/wp-content\/uploads\/2026\/04\/THS_sporazum.jpg?fit=1200%2C583&ssl=1&resize=700%2C400 2x, https:\/\/i0.wp.com\/historiografija.hr\/wp-content\/uploads\/2026\/04\/THS_sporazum.jpg?fit=1200%2C583&ssl=1&resize=1050%2C600 3x"},"classes":[]},{"id":52502,"url":"https:\/\/historiografija.hr\/?p=52502","url_meta":{"origin":8132,"position":2},"title":"Novi znanstveni projekt Hrvatskog instituta za povijest: \u201c\u017drtve ratova i dr\u017eavnog\/politi\u010dkog nasilja u hrvatskoj povijesti 20. stolje\u0107a\u201d","author":"Branimir Jankovi\u0107","date":"17. travnja 2026.","format":false,"excerpt":"Na redovitoj sjednici Vlade RH, 16. travnja 2026., donijet je Zaklju\u010dak kojim se pokre\u0107e znanstveni projekt \u201c\u017drtve ratova i dr\u017eavnog\/politi\u010dkog nasilja u hrvatskoj povijesti 20. stolje\u0107a\u201d. Projekt \u0107e provoditi i koordinirati Hrvatski institut za povijest u razdoblju trajanja projekta od pet godina. Zakljucak Vlade RH Iz teksta projektnog prijedloga: Problematika\u2026","rel":"","context":"U &quot;Novosti&quot;","block_context":{"text":"Novosti","link":"https:\/\/historiografija.hr\/?cat=3"},"img":{"alt_text":"","src":"https:\/\/i0.wp.com\/historiografija.hr\/wp-content\/uploads\/2026\/04\/Vlada-RH.jpg?fit=1200%2C557&ssl=1&resize=350%2C200","width":350,"height":200,"srcset":"https:\/\/i0.wp.com\/historiografija.hr\/wp-content\/uploads\/2026\/04\/Vlada-RH.jpg?fit=1200%2C557&ssl=1&resize=350%2C200 1x, https:\/\/i0.wp.com\/historiografija.hr\/wp-content\/uploads\/2026\/04\/Vlada-RH.jpg?fit=1200%2C557&ssl=1&resize=525%2C300 1.5x, https:\/\/i0.wp.com\/historiografija.hr\/wp-content\/uploads\/2026\/04\/Vlada-RH.jpg?fit=1200%2C557&ssl=1&resize=700%2C400 2x, https:\/\/i0.wp.com\/historiografija.hr\/wp-content\/uploads\/2026\/04\/Vlada-RH.jpg?fit=1200%2C557&ssl=1&resize=1050%2C600 3x"},"classes":[]},{"id":52666,"url":"https:\/\/historiografija.hr\/?p=52666","url_meta":{"origin":8132,"position":3},"title":"Najava programa Festivala povijesti Kliofest (5-8. V. 2026)","author":"Branimir Jankovi\u0107","date":"24. travnja 2026.","format":false,"excerpt":"Po trinaesti put odr\u017eava se Festival povijesti Kliofest! Do petka \u0107emo odr\u017eati osam okruglih stolova i dva kolokvija te niz predstavljanja knjiga i projekata razli\u010dite tematike, od antike do suvremenosti. Bit \u0107e predstavljeno i nekoliko izlo\u017ebi te odr\u017ean jedan povijesni kviz. Prikazat \u0107emo i jedan film \u2013 o generalu Boroevi\u0107u.\u2026","rel":"","context":"U &quot;Novosti&quot;","block_context":{"text":"Novosti","link":"https:\/\/historiografija.hr\/?cat=3"},"img":{"alt_text":"","src":"https:\/\/i0.wp.com\/historiografija.hr\/wp-content\/uploads\/2026\/04\/Kliofest-2026.jpg?fit=526%2C526&ssl=1&resize=350%2C200","width":350,"height":200,"srcset":"https:\/\/i0.wp.com\/historiografija.hr\/wp-content\/uploads\/2026\/04\/Kliofest-2026.jpg?fit=526%2C526&ssl=1&resize=350%2C200 1x, https:\/\/i0.wp.com\/historiografija.hr\/wp-content\/uploads\/2026\/04\/Kliofest-2026.jpg?fit=526%2C526&ssl=1&resize=525%2C300 1.5x"},"classes":[]},{"id":52607,"url":"https:\/\/historiografija.hr\/?p=52607","url_meta":{"origin":8132,"position":4},"title":"No\u0107 knjige: Kako je prije 410 godina smr\u0107u Shakespearea i Cervantesa zavr\u0161ilo razdoblje renesanse u knji\u017eevnosti","author":"Branimir Jankovi\u0107","date":"22. travnja 2026.","format":false,"excerpt":"\u010cetvrtak, 23. travnja 2026. u 18:00 sati, Knji\u017eara Matice hrvatske, Ulica Matice hrvatske 2, Zagreb Uvodna rije\u010d: dr. sc.\u00a0Dubravka Brezak Stama\u0107, pro\u010delnica Odjela za knji\u017eevnost Matice hrvatske Prof. dr. sc. Ivan Lupi\u0107, redoviti profesor u Odsjeku za anglistiku i Odsjeku za kroatistiku Sveu\u010dili\u0161ta u RijeciShakespeare, kazali\u0161te, glazbaKada se susre\u0107emo sa\u2026","rel":"","context":"U &quot;Novosti&quot;","block_context":{"text":"Novosti","link":"https:\/\/historiografija.hr\/?cat=3"},"img":{"alt_text":"","src":"https:\/\/i0.wp.com\/historiografija.hr\/wp-content\/uploads\/2026\/04\/noc_knjige_2026.jpg?fit=680%2C276&ssl=1&resize=350%2C200","width":350,"height":200,"srcset":"https:\/\/i0.wp.com\/historiografija.hr\/wp-content\/uploads\/2026\/04\/noc_knjige_2026.jpg?fit=680%2C276&ssl=1&resize=350%2C200 1x, https:\/\/i0.wp.com\/historiografija.hr\/wp-content\/uploads\/2026\/04\/noc_knjige_2026.jpg?fit=680%2C276&ssl=1&resize=525%2C300 1.5x"},"classes":[]},{"id":52651,"url":"https:\/\/historiografija.hr\/?p=52651","url_meta":{"origin":8132,"position":5},"title":"Promocija knjige Emira O. Filipovi\u0107a \u201cVite\u0161tvo u srednjovjekovnoj Bosni\u201d u Sarajevu","author":"Branimir Jankovi\u0107","date":"24. travnja 2026.","format":false,"excerpt":"Knji\u017eevni korner poziva na promociju knjige Emira O. Filipovi\u0107a \u201cVite\u0161tvo u srednjovjekovnoj Bosni\u201d koja \u0107e se odr\u017eati u srijedu, 29. aprila 2026. u 18 sati u Evropskoj ku\u0107i kulture i nacionalnih manjina (Austrijska ku\u0107a) u Sarajevu. Na promociji \u0107e govoriti Mirsad Sijari\u0107, Ema Mazrak i autor, a moderirat \u0107e Nikola\u2026","rel":"","context":"U &quot;Novosti&quot;","block_context":{"text":"Novosti","link":"https:\/\/historiografija.hr\/?cat=3"},"img":{"alt_text":"","src":"https:\/\/i0.wp.com\/historiografija.hr\/wp-content\/uploads\/2026\/04\/Vitestvo.jpg?fit=1080%2C565&ssl=1&resize=350%2C200","width":350,"height":200,"srcset":"https:\/\/i0.wp.com\/historiografija.hr\/wp-content\/uploads\/2026\/04\/Vitestvo.jpg?fit=1080%2C565&ssl=1&resize=350%2C200 1x, https:\/\/i0.wp.com\/historiografija.hr\/wp-content\/uploads\/2026\/04\/Vitestvo.jpg?fit=1080%2C565&ssl=1&resize=525%2C300 1.5x, https:\/\/i0.wp.com\/historiografija.hr\/wp-content\/uploads\/2026\/04\/Vitestvo.jpg?fit=1080%2C565&ssl=1&resize=700%2C400 2x, https:\/\/i0.wp.com\/historiografija.hr\/wp-content\/uploads\/2026\/04\/Vitestvo.jpg?fit=1080%2C565&ssl=1&resize=1050%2C600 3x"},"classes":[]}],"_links":{"self":[{"href":"https:\/\/historiografija.hr\/index.php?rest_route=\/wp\/v2\/posts\/8132","targetHints":{"allow":["GET"]}}],"collection":[{"href":"https:\/\/historiografija.hr\/index.php?rest_route=\/wp\/v2\/posts"}],"about":[{"href":"https:\/\/historiografija.hr\/index.php?rest_route=\/wp\/v2\/types\/post"}],"author":[{"embeddable":true,"href":"https:\/\/historiografija.hr\/index.php?rest_route=\/wp\/v2\/users\/2"}],"replies":[{"embeddable":true,"href":"https:\/\/historiografija.hr\/index.php?rest_route=%2Fwp%2Fv2%2Fcomments&post=8132"}],"version-history":[{"count":5,"href":"https:\/\/historiografija.hr\/index.php?rest_route=\/wp\/v2\/posts\/8132\/revisions"}],"predecessor-version":[{"id":8138,"href":"https:\/\/historiografija.hr\/index.php?rest_route=\/wp\/v2\/posts\/8132\/revisions\/8138"}],"wp:featuredmedia":[{"embeddable":true,"href":"https:\/\/historiografija.hr\/index.php?rest_route=\/wp\/v2\/media\/8133"}],"wp:attachment":[{"href":"https:\/\/historiografija.hr\/index.php?rest_route=%2Fwp%2Fv2%2Fmedia&parent=8132"}],"wp:term":[{"taxonomy":"category","embeddable":true,"href":"https:\/\/historiografija.hr\/index.php?rest_route=%2Fwp%2Fv2%2Fcategories&post=8132"},{"taxonomy":"post_tag","embeddable":true,"href":"https:\/\/historiografija.hr\/index.php?rest_route=%2Fwp%2Fv2%2Ftags&post=8132"}],"curies":[{"name":"wp","href":"https:\/\/api.w.org\/{rel}","templated":true}]}}