{"id":8032,"date":"2018-01-23T08:22:13","date_gmt":"2018-01-23T08:22:13","guid":{"rendered":"http:\/\/historiografija.hr\/?p=8032"},"modified":"2018-01-23T08:23:02","modified_gmt":"2018-01-23T08:23:02","slug":"izlozba-knjige-glagoljaske-kapucinske-karlobaske-varazdinske-glagoljske-pergamene","status":"publish","type":"post","link":"https:\/\/historiografija.hr\/?p=8032","title":{"rendered":"Izlo\u017eba \u201cKnjige glagolja\u0161ke \u2013 kapucinske, karloba\u0161ke \/ Vara\u017edinske glagoljske pergamene\u201d"},"content":{"rendered":"<p>U pala\u010di Herzer Gradskog muzeja Vara\u017edin bit \u0107e otvorena od 24. sije\u010dnja do 11. o\u017eujka 2018. izlo\u017eba \u201cKnjige glagolja\u0161ke \u2013 kapucinske, karloba\u0161ke\u201d, dopunjena s temom \u201cVara\u017edinske glagoljske pergamene\u201d.<\/p>\n<p>&nbsp;<\/p>\n<p>&#8212;<\/p>\n<p>&nbsp;<\/p>\n<p><strong>mjesto odr\u017eavanja:<\/strong> GMV Pala\u010da Herzer, Franjeva\u010dki trg 10<br \/>\n<strong>datum po\u010detka\/zavr\u0161etka:<\/strong> 24.01.2018. \/ 11.03.2018.<br \/>\n<strong>otvorenje:<\/strong> u 19 sati<\/p>\n<p>&nbsp;<\/p>\n<p>U sklopu <strong>Srijede u Muzeju<\/strong> u pala\u010di Herzer u 19 sati otvara se izlo\u017eba<strong> Knjige glagolja\u0161ke \u2013 kapucinske, karloba\u0161ke<\/strong>, koja \u0107e biti dopunjena i temom pod nazivom <strong>Vara\u017edinske glagoljske pergamene<\/strong>.<\/p>\n<p>&nbsp;<\/p>\n<p>Autorica izlo\u017ebe <em>Knjige glagolja\u0161ke \u2013 kapucinske, karloba\u0161ke<\/em> je dr. sc. Anica Vla\u0161i\u0107-Ani\u0107, koja je u kapucinskom samostanu sv. Josipa u Karlobagu provela opse\u017ena istra\u017eivanja glagolja\u0161ke knji\u017ene ba\u0161tine, \u0161to je rezultiralo i tamo\u0161njim stalnim izlo\u017ebenim postavom te vrijedne gra\u0111e, realiziranom 2013. godine o 300. obljetnici osnutka samostana. Na temelju tog postava osmi\u0161ljena je i pokretna izlo\u017eba na plakatima, koja je ve\u0107 gostovala u nekoliko hrvatskih gradova, a sada \u0107e biti postavljena i u Vara\u017edinu.<\/p>\n<p>&nbsp;<\/p>\n<p>Interes dr. sc. Vla\u0161i\u0107-Ani\u0107 za kapucinsku glagolja\u0161ku ba\u0161tinu potekao je, kako autorica sama navodi, iz Vara\u017edina, i to kad je kao asistentica (danas je u zvanju vi\u0161e znanstvene suradnice) Staroslavenskog instituta u Zagrebu posjetila vara\u017edinsku kapucinsku knji\u017enicu 1986. godine, kojom prilikom su je u tu gra\u0111u uputili vara\u017edinski kapucini pater Bono Zvonimir \u0160agi i fra Mirko Kemive\u0161. Time je zapo\u010delo njezino dugogodi\u0161nje i plodonosno traganje za glagoljicom u kapucinskim samostanima, za koje se do tada uglavnom smatralo da u njima takve gra\u0111e nema. Svako novo istra\u017eivanje kapucinske glagolja\u0161ke ba\u0161tine u Karlobagu, Vara\u017edinu, \u0160kofjoj Loki, Rijeci, Rimu, Dubrovniku, koje je provodila u suradnji s gvardijanima kapucinskih samostana, arhivima, konzervatorskim odjelima i nizom drugih institucija i stru\u010dnjaka, autoricu je dovodilo do novih i (ne)o\u010dekivanih otkri\u0107a.<\/p>\n<p>&nbsp;<\/p>\n<p>Za \u0161iri krug javnosti sigurno \u0107e jedno takvo pravo otkri\u0107e, osim gra\u0111e na plakatima, biti i dvije originalne glagoljske pergamene iz vara\u017edinskoga kapucinskog samostana, kojima je dopunjena ova putuju\u0107a \u201ekarloba\u0161ka\u201c izlo\u017eba, a koje se prvi put javno izla\u017eu u Gradskom muzeju Vara\u017edin.<\/p>\n<p>&nbsp;<\/p>\n<p>&nbsp;<\/p>\n<p><strong>O autorici:<\/strong><br \/>\nDr. sc. Anica Vla\u0161i\u0107-Ani\u0107 (r. 1955. u Vara\u017edinu) je vi\u0161a znanstvena suradnica Staroslavenskoga instituta u Zagrebu, gdje je zaposlena od 1981. godine. Radi na programu trajne istra\u017eiva\u010dke djelatnosti Jezi\u010dna i knji\u017eevna istra\u017eivanja hrvatskoga glagolizma, prihva\u0107enom od strane Ministarstva znanosti, obrazovanja i sporta RH. Na Filozofskom fakultetu Sveu\u010dili\u0161ta u Zagrebu diplomirala je 1979. g. komparativnu knji\u017eevnost i ruski jezik i knji\u017eevnost, gdje je potom magistrirala i doktorirala. Jedna je od osniva\u010dica i aktivna \u010dlanica zagreba\u010dkog studentskog Kugla glumi\u0161ta, s kojim je sudjelovala na brojnim kazali\u0161nim festivalima u zemlji i inozemstvu. Inspirirana otkri\u0107ima dvaju hrvatskoglagoljskih rukopisnih misala na pergameni u vara\u017edinskoj kapucinskoj knji\u017enici, posve\u0107uje se profiliranju i interdisciplinarnom istra\u017eivanju tematskoga kompleksa glagoljica u knji\u017enicama kapucinskih samostana. Sura\u0111uje s nizom hrvatskih institucija u programima restauratorsko-konzervatorske za\u0161tite novootkrivenih pergamena i knjiga, (su)autorica je vi\u0161e izlo\u017ebi, kojima popularizira hrvatsku glagoljsku ba\u0161tinu, kao i autorica brojnih znanstveno-stru\u010dnih \u010dlanaka, objavljenih u doma\u0107im i inozemnim stru\u010dnim \u010dasopisima. Izdanje \u201eDaniil Harms, Pucanj ispred; izbor, prijevod i komentar: Anica Vla\u0161i\u0107-Ani\u0107; grafike: Danijel \u017de\u017eelj; Zagreb, Petikat, 2014.\u201c odabrano je na natje\u010daju Hrvatska lijepa knjiga Nacionalne i sveu\u010dili\u0161ne knji\u017enice za sudjelovanje na me\u0111unarodnom natje\u010daju Best Book Design from all over the World (Leipzig, 2015.) te na izlo\u017ebi Book Art International Me\u0111unarodnog sajma knjiga (Frankfurt, 2015.), nakon \u010dega je postalo dio fonda Die Deutsche Bibliothek.<\/p>\n<p>&nbsp;<\/p>\n<p>&nbsp;<\/p>\n<p>Izvor: <a href=\"http:\/\/www.gmv.hr\/hr\/dogadjanja\/knjige-glagoljaske---kapucinske-karlobaske-_-varazdinske-glagoljske-pergamene,19748.html?t=i\">http:\/\/www.gmv.hr\/hr\/dogadjanja\/knjige-glagoljaske&#8212;kapucinske-karlobaske-_-varazdinske-glagoljske-pergamene,19748.html?t=i<\/a><\/p>\n<p>&nbsp;<\/p>\n<p>&nbsp;<\/p>\n","protected":false},"excerpt":{"rendered":"","protected":false},"author":2,"featured_media":8033,"comment_status":"open","ping_status":"open","sticky":false,"template":"","format":"standard","meta":{"_acf_changed":false,"jetpack_post_was_ever_published":false,"_jetpack_newsletter_access":"","_jetpack_dont_email_post_to_subs":false,"_jetpack_newsletter_tier_id":0,"_jetpack_memberships_contains_paywalled_content":false,"_jetpack_memberships_contains_paid_content":false,"footnotes":"","jetpack_publicize_message":"","jetpack_publicize_feature_enabled":true,"jetpack_social_post_already_shared":true,"jetpack_social_options":{"image_generator_settings":{"template":"highway","default_image_id":0,"font":"","enabled":false},"version":2}},"categories":[10,3],"tags":[],"class_list":["post-8032","post","type-post","status-publish","format-standard","has-post-thumbnail","hentry","category-izlozbe","category-novosti"],"acf":{"facebook_opis":""},"jetpack_publicize_connections":[],"jetpack_featured_media_url":"https:\/\/i0.wp.com\/historiografija.hr\/wp-content\/uploads\/2018\/01\/izlozba_glagoljica.jpg?fit=880%2C500&ssl=1","jetpack_sharing_enabled":true,"jetpack-related-posts":[{"id":52511,"url":"https:\/\/historiografija.hr\/?p=52511","url_meta":{"origin":8032,"position":0},"title":"Izlo\u017eba &#8220;Lica Sljemena&#8221;","author":"Branimir Jankovi\u0107","date":"17. travnja 2026.","format":false,"excerpt":"Srda\u010dno vas pozivamo na otvorenje izlo\u017ebe Lica Sljemena koje \u0107e se odr\u017eati u srijedu 22. travnja 2026. u 18 h ispred Muzeja Prigorja (Trg Dragutina Domjani\u0107a 5, Sesvete). Izlo\u017eba proizlazi iz istra\u017eivanja Nevene \u0160krbi\u0107 Alempijevi\u0107, Petre Kelemen i Sanje Potkonjak te intervjua sa Sljemena\u0161icama i Sljemena\u0161ima, koji su provedeni u\u2026","rel":"","context":"U &quot;Izlo\u017ebe&quot;","block_context":{"text":"Izlo\u017ebe","link":"https:\/\/historiografija.hr\/?cat=10"},"img":{"alt_text":"","src":"https:\/\/i0.wp.com\/historiografija.hr\/wp-content\/uploads\/2026\/04\/Izlozba-Lica-Sljemena.png?fit=1080%2C686&ssl=1&resize=350%2C200","width":350,"height":200,"srcset":"https:\/\/i0.wp.com\/historiografija.hr\/wp-content\/uploads\/2026\/04\/Izlozba-Lica-Sljemena.png?fit=1080%2C686&ssl=1&resize=350%2C200 1x, https:\/\/i0.wp.com\/historiografija.hr\/wp-content\/uploads\/2026\/04\/Izlozba-Lica-Sljemena.png?fit=1080%2C686&ssl=1&resize=525%2C300 1.5x, https:\/\/i0.wp.com\/historiografija.hr\/wp-content\/uploads\/2026\/04\/Izlozba-Lica-Sljemena.png?fit=1080%2C686&ssl=1&resize=700%2C400 2x, https:\/\/i0.wp.com\/historiografija.hr\/wp-content\/uploads\/2026\/04\/Izlozba-Lica-Sljemena.png?fit=1080%2C686&ssl=1&resize=1050%2C600 3x"},"classes":[]},{"id":52651,"url":"https:\/\/historiografija.hr\/?p=52651","url_meta":{"origin":8032,"position":1},"title":"Promocija knjige Emira O. Filipovi\u0107a \u201cVite\u0161tvo u srednjovjekovnoj Bosni\u201d u Sarajevu","author":"Branimir Jankovi\u0107","date":"24. travnja 2026.","format":false,"excerpt":"Knji\u017eevni korner poziva na promociju knjige Emira O. Filipovi\u0107a \u201cVite\u0161tvo u srednjovjekovnoj Bosni\u201d koja \u0107e se odr\u017eati u srijedu, 29. aprila 2026. u 18 sati u Evropskoj ku\u0107i kulture i nacionalnih manjina (Austrijska ku\u0107a) u Sarajevu. Na promociji \u0107e govoriti Mirsad Sijari\u0107, Ema Mazrak i autor, a moderirat \u0107e Nikola\u2026","rel":"","context":"U &quot;Novosti&quot;","block_context":{"text":"Novosti","link":"https:\/\/historiografija.hr\/?cat=3"},"img":{"alt_text":"","src":"https:\/\/i0.wp.com\/historiografija.hr\/wp-content\/uploads\/2026\/04\/Vitestvo.jpg?fit=1080%2C565&ssl=1&resize=350%2C200","width":350,"height":200,"srcset":"https:\/\/i0.wp.com\/historiografija.hr\/wp-content\/uploads\/2026\/04\/Vitestvo.jpg?fit=1080%2C565&ssl=1&resize=350%2C200 1x, https:\/\/i0.wp.com\/historiografija.hr\/wp-content\/uploads\/2026\/04\/Vitestvo.jpg?fit=1080%2C565&ssl=1&resize=525%2C300 1.5x, https:\/\/i0.wp.com\/historiografija.hr\/wp-content\/uploads\/2026\/04\/Vitestvo.jpg?fit=1080%2C565&ssl=1&resize=700%2C400 2x, https:\/\/i0.wp.com\/historiografija.hr\/wp-content\/uploads\/2026\/04\/Vitestvo.jpg?fit=1080%2C565&ssl=1&resize=1050%2C600 3x"},"classes":[]},{"id":52505,"url":"https:\/\/historiografija.hr\/?p=52505","url_meta":{"origin":8032,"position":2},"title":"Izlo\u017eba &#8220;Eschenstock \/ Jasenov prut&#8221;","author":"Branimir Jankovi\u0107","date":"17. travnja 2026.","format":false,"excerpt":"Srpsko narodno vije\u0107e (SNV) i Vizura aperta postavljaju izlo\u017ebu \u0161vicarskog slikara Velimira Ili\u0161evi\u0107a: Eschenstock \/ Jasenov prut. Izlo\u017eba se uz prisustvo autora otvara povodom 81. godi\u0161njice proboja logora\u0161a iz usta\u0161kog logora smrti Jasenovac 22. aprila 2026. u 19 sati u Srpskom kulturnom centru (SKC) u Preradovi\u0107evoj ulici 21 u Zagrebu.\u2026","rel":"","context":"U &quot;Izlo\u017ebe&quot;","block_context":{"text":"Izlo\u017ebe","link":"https:\/\/historiografija.hr\/?cat=10"},"img":{"alt_text":"","src":"https:\/\/i0.wp.com\/historiografija.hr\/wp-content\/uploads\/2026\/04\/Jasenov_prut.jpg?fit=1024%2C640&ssl=1&resize=350%2C200","width":350,"height":200,"srcset":"https:\/\/i0.wp.com\/historiografija.hr\/wp-content\/uploads\/2026\/04\/Jasenov_prut.jpg?fit=1024%2C640&ssl=1&resize=350%2C200 1x, https:\/\/i0.wp.com\/historiografija.hr\/wp-content\/uploads\/2026\/04\/Jasenov_prut.jpg?fit=1024%2C640&ssl=1&resize=525%2C300 1.5x, https:\/\/i0.wp.com\/historiografija.hr\/wp-content\/uploads\/2026\/04\/Jasenov_prut.jpg?fit=1024%2C640&ssl=1&resize=700%2C400 2x"},"classes":[]},{"id":52575,"url":"https:\/\/historiografija.hr\/?p=52575","url_meta":{"origin":8032,"position":3},"title":"Izlo\u017eba dje\u010djih radova \u201cU po\u010detku bija\u0161e crte\u017e\u2026\u201d","author":"Branimir Jankovi\u0107","date":"21. travnja 2026.","format":false,"excerpt":"U subotu, 25. travnja 2026. u 11 sati u Galeriji Klovi\u0107evi dvori sve\u010dano otvaramo izlo\u017ebu dje\u010djih radova pod nazivom U po\u010detku bija\u0161e crte\u017e\u2026 Radovi su nastali u sklopu likovnih radionica uz izlo\u017ebu U po\u010detku bija\u0161e kraljevstvo \u2013 izlo\u017eba povodom 1100 godina Hrvatskoga Kraljevstva. Na brojnim likovnim radionicama, uz \u0161kolsku djecu,\u2026","rel":"","context":"U &quot;Izlo\u017ebe&quot;","block_context":{"text":"Izlo\u017ebe","link":"https:\/\/historiografija.hr\/?cat=10"},"img":{"alt_text":"","src":"https:\/\/i0.wp.com\/historiografija.hr\/wp-content\/uploads\/2025\/10\/Klovicevi_sluzbeni-plakat.png?fit=840%2C1200&ssl=1&resize=350%2C200","width":350,"height":200,"srcset":"https:\/\/i0.wp.com\/historiografija.hr\/wp-content\/uploads\/2025\/10\/Klovicevi_sluzbeni-plakat.png?fit=840%2C1200&ssl=1&resize=350%2C200 1x, https:\/\/i0.wp.com\/historiografija.hr\/wp-content\/uploads\/2025\/10\/Klovicevi_sluzbeni-plakat.png?fit=840%2C1200&ssl=1&resize=525%2C300 1.5x, https:\/\/i0.wp.com\/historiografija.hr\/wp-content\/uploads\/2025\/10\/Klovicevi_sluzbeni-plakat.png?fit=840%2C1200&ssl=1&resize=700%2C400 2x"},"classes":[]},{"id":52675,"url":"https:\/\/historiografija.hr\/?p=52675","url_meta":{"origin":8032,"position":4},"title":"Predstavljanje knjige Luke Peji\u0107a &#8220;U taboru anarhista: \u017divot Ivana Zeppa&#8221; u Osijeku","author":"Branimir Jankovi\u0107","date":"27. travnja 2026.","format":false,"excerpt":"U \u010detvrtak, 30. travnja 2026.\u00a0u\u00a019.00 sati\u00a0u Klubu knji\u017eare Nova\u00a0(Trg Ante Star\u010devi\u0107a 4, Osijek) odr\u017eat \u0107e se predstavljanje nove knjige Luke Peji\u0107a U taboru anarhista: \u017divot Ivana Zeppa (DAF, 2025.). Uz autora o knjizi \u0107e govoriti recenzent i povjesni\u010dar Nikola Toma\u0161egovi\u0107 te povjesni\u010darka Ana Rajkovi\u0107 Peji\u0107. Razgovor \u0107e moderirati doktorandica\u00a0Valentina Kezi\u0107.\u2026","rel":"","context":"U &quot;Novosti&quot;","block_context":{"text":"Novosti","link":"https:\/\/historiografija.hr\/?cat=3"},"img":{"alt_text":"","src":"https:\/\/i0.wp.com\/historiografija.hr\/wp-content\/uploads\/2025\/11\/Pejic.jpg?fit=574%2C790&ssl=1&resize=350%2C200","width":350,"height":200,"srcset":"https:\/\/i0.wp.com\/historiografija.hr\/wp-content\/uploads\/2025\/11\/Pejic.jpg?fit=574%2C790&ssl=1&resize=350%2C200 1x, https:\/\/i0.wp.com\/historiografija.hr\/wp-content\/uploads\/2025\/11\/Pejic.jpg?fit=574%2C790&ssl=1&resize=525%2C300 1.5x"},"classes":[]},{"id":52528,"url":"https:\/\/historiografija.hr\/?p=52528","url_meta":{"origin":8032,"position":5},"title":"[Promocija knjige] Banja Luka u ratu: Etnopolitika i svakodnevica (1990\u20131995) (ActiveLab, YugoLab)","author":"Branimir Jankovi\u0107","date":"17. travnja 2026.","format":false,"excerpt":"Institut za filozofiju i dru\u0161tvenu teoriju i O\u0161tra Nula organizuju promociju knjige Banja Luka u ratu: Etnopolitika i svakodnevica (1990\u20131995) autorke Armine Galija\u0161, koja \u0107e se odr\u017eati 20. aprila 2026. u 12.00 sati u prostorijama Instituta (Kraljice Natalije 45, Beograd). Re\u010d je o prvom nau\u010dno utemeljenom i sistematskom radu koji\u2026","rel":"","context":"U &quot;Novosti&quot;","block_context":{"text":"Novosti","link":"https:\/\/historiografija.hr\/?cat=3"},"img":{"alt_text":"","src":"https:\/\/i0.wp.com\/historiografija.hr\/wp-content\/uploads\/2026\/04\/20-april-RS.jpg?fit=1200%2C675&ssl=1&resize=350%2C200","width":350,"height":200,"srcset":"https:\/\/i0.wp.com\/historiografija.hr\/wp-content\/uploads\/2026\/04\/20-april-RS.jpg?fit=1200%2C675&ssl=1&resize=350%2C200 1x, https:\/\/i0.wp.com\/historiografija.hr\/wp-content\/uploads\/2026\/04\/20-april-RS.jpg?fit=1200%2C675&ssl=1&resize=525%2C300 1.5x, https:\/\/i0.wp.com\/historiografija.hr\/wp-content\/uploads\/2026\/04\/20-april-RS.jpg?fit=1200%2C675&ssl=1&resize=700%2C400 2x, https:\/\/i0.wp.com\/historiografija.hr\/wp-content\/uploads\/2026\/04\/20-april-RS.jpg?fit=1200%2C675&ssl=1&resize=1050%2C600 3x"},"classes":[]}],"_links":{"self":[{"href":"https:\/\/historiografija.hr\/index.php?rest_route=\/wp\/v2\/posts\/8032","targetHints":{"allow":["GET"]}}],"collection":[{"href":"https:\/\/historiografija.hr\/index.php?rest_route=\/wp\/v2\/posts"}],"about":[{"href":"https:\/\/historiografija.hr\/index.php?rest_route=\/wp\/v2\/types\/post"}],"author":[{"embeddable":true,"href":"https:\/\/historiografija.hr\/index.php?rest_route=\/wp\/v2\/users\/2"}],"replies":[{"embeddable":true,"href":"https:\/\/historiografija.hr\/index.php?rest_route=%2Fwp%2Fv2%2Fcomments&post=8032"}],"version-history":[{"count":2,"href":"https:\/\/historiografija.hr\/index.php?rest_route=\/wp\/v2\/posts\/8032\/revisions"}],"predecessor-version":[{"id":8035,"href":"https:\/\/historiografija.hr\/index.php?rest_route=\/wp\/v2\/posts\/8032\/revisions\/8035"}],"wp:featuredmedia":[{"embeddable":true,"href":"https:\/\/historiografija.hr\/index.php?rest_route=\/wp\/v2\/media\/8033"}],"wp:attachment":[{"href":"https:\/\/historiografija.hr\/index.php?rest_route=%2Fwp%2Fv2%2Fmedia&parent=8032"}],"wp:term":[{"taxonomy":"category","embeddable":true,"href":"https:\/\/historiografija.hr\/index.php?rest_route=%2Fwp%2Fv2%2Fcategories&post=8032"},{"taxonomy":"post_tag","embeddable":true,"href":"https:\/\/historiografija.hr\/index.php?rest_route=%2Fwp%2Fv2%2Ftags&post=8032"}],"curies":[{"name":"wp","href":"https:\/\/api.w.org\/{rel}","templated":true}]}}