{"id":8004,"date":"2018-01-20T18:07:22","date_gmt":"2018-01-20T18:07:22","guid":{"rendered":"http:\/\/historiografija.hr\/?p=8004"},"modified":"2018-01-20T18:08:46","modified_gmt":"2018-01-20T18:08:46","slug":"xavier-bougarel-islam-and-nationhood-in-bosnia-herzegovina-surviving-empires","status":"publish","type":"post","link":"https:\/\/historiografija.hr\/?p=8004","title":{"rendered":"Xavier Bougarel, &#8220;Islam and Nationhood in Bosnia-Herzegovina: Surviving Empires&#8221;"},"content":{"rendered":"<p>Povjesni\u010dar Xavier Bougarel objavio je 2017. godine knjigu &#8220;Islam and Nationhood in Bosnia-Herzegovina&#8221; o modernoj i suvremenoj povijesti bosanskih muslimana, nacionalnom identitetu Bo\u0161njaka i transformacijama bosanskog islama.<\/p>\n<p>&nbsp;<\/p>\n<p>&nbsp;<\/p>\n<p>&#8212;<\/p>\n<p>&nbsp;<\/p>\n<p><strong>Islam and Nationhood in Bosnia-Herzegovina <\/strong><br \/>\n<strong>Surviving Empires<\/strong><\/p>\n<p>&nbsp;<\/p>\n<p>&nbsp;<\/p>\n<p>By: Xavier Bougarel<\/p>\n<p>&nbsp;<\/p>\n<p>&nbsp;<\/p>\n<p>Published: 14-12-2017<\/p>\n<p>Extent: 280<\/p>\n<p>&nbsp;<\/p>\n<p>Imprint: Bloomsbury Academic<\/p>\n<p>&nbsp;<\/p>\n<p>&nbsp;<\/p>\n<p><strong>About Islam and Nationhood in Bosnia-Herzegovina<\/strong><\/p>\n<p>&nbsp;<\/p>\n<p>Based on substantial fieldwork and thorough knowledge of written sources, Xavier Bougarel offers an innovative analysis of the post-Ottoman and post-Communist history of Bosnian Muslims. Islam and Nationhood in Bosnia-Herzegovina explores little-known aspects of the war in Bosnia and Herzegovina, unravels the paradoxes of Bosniak national identity, and retraces the transformations of Bosnian Islam from the end of the Ottoman period to today. It offers fresh perspectives on the wars and post-war periods of the Yugoslav space, the forming of national identities and the strength of imperial legacies in Eastern Europe, and Islam&#8217;s presence in Europe.<\/p>\n<p>&nbsp;<\/p>\n<p>&nbsp;<\/p>\n<p>The question of how Islam is tied to national identity still divides Bosnian Muslims. Islam and Nationhood in Bosnia-Herzegovina places the history of ties between Islam and politics in Bosnia and Herzegovina in the larger global context of Bosnian Muslims relations both with the umma (the global Muslim community) and Europe from the late 19th century to the present and is a vital contribution to research on Islam in the West.<\/p>\n<p>&nbsp;<\/p>\n<p>&nbsp;<\/p>\n<p><strong>Table of contents<\/strong><\/p>\n<p>&nbsp;<\/p>\n<p>Acronyms<br \/>\nNote on terminology<br \/>\nList of maps<br \/>\nIntroduction<br \/>\n1. The origins of national indetermination (1878-1914)<br \/>\n2. The disillusions of Yugoslavism (1914-1941)<br \/>\n3. A winding search for security (1941\u20131945)<br \/>\n4. Emergence of the Muslim nation (1945\u201390)<br \/>\n5. Caught in the mortal embrace of nationalism (1990\u201395)<br \/>\n6. A Bosniak nation centred on Islam (1990-95)<br \/>\n7. Dreams of a nation, search for an empire (1995\u20132013)<br \/>\nConclusion<br \/>\nBibliography<br \/>\nindex<\/p>\n<p>&nbsp;<\/p>\n<p><strong>Reviews<\/strong><\/p>\n<p>&nbsp;<\/p>\n<p>\u201cBougarel&#8217;s book is the finest analysis of roots and evolution of Islamic ideology in Europe, as well as a thoughtful account of the historical and political trajectory of Bosnia in recent years. Its ultimate input is in elucidating why and how Bosniak Muslims in Europe turned their back on pan-Islam, endorsing instead a special brand of Islamic nationalism, which failed other Muslim nation states in the Middle East.\u201d \u2013 <strong>Maya Shatzmiller, Professor of History, University of Western Ontario, Canada<\/strong><\/p>\n<p>&nbsp;<\/p>\n<p>\u201cThis insightful study demonstrates the centrality of Islam and Islamic institutions in the evolution of Bosniak national identity. Drawing upon significant new research, Islam and Nationhood in Bosnia-Herzegovina greatly advances our understanding of Muslim responses to war and nation-building in the 1990s.\u201d \u2013 <strong>Emily Greble, Associate Professor of History and East European Studies, Vanderbilt University, USA<\/strong><\/p>\n<p>&nbsp;<\/p>\n<p>\u201cThis is a comprehensive and accessible presentation of a complex situation. The author combines an expert account of the deep history of Bosnia and Herzegovina with a knowledgeable analysis of where the country is today. This is an essential addition to the literature for both students and the general reader.\u201d \u2013 <strong>Jorgen Nielsen, Professor of Contemporary European Islam, University of Birmingham, UK<\/strong><\/p>\n<p>&nbsp;<\/p>\n<p>\u201cIn Islam and Nationhood in Bosnia-Herzegovina: Surviving Empires, Xavier Bougarel once again demonstrates why he should be considered one of the outstanding scholars of former-Yugoslavia. The book is meticulously researched and originally argued, and methodology (combining long-term factors and deep understanding of the historical context with relevant theoretical discussions) is apt. Dr Bougarel&#8217;s scholarship and his obvious urge to question, probe and challenge established norms and conventional wisdoms about the region set him apart from most of his peers. A decades-long political and identity crisis in Bosnia-Herzegovina makes the book particularly timely. It should be read not only by students of the modern Balkans, but by anyone interested in such pertinent questions of our era as religion, nationalism, and empire.\u201d \u2013 <strong>Dejan Djokic, Professor of History, Goldsmiths, University of London, UK<\/strong><\/p>\n<p>&nbsp;<\/p>\n<p>&nbsp;<\/p>\n<p><a href=\"https:\/\/www.bloomsbury.com\/uk\/islam-and-nationhood-in-bosnia-herzegovina-9781350003590\/\">https:\/\/www.bloomsbury.com\/uk\/islam-and-nationhood-in-bosnia-herzegovina-9781350003590\/<\/a><\/p>\n<p>&nbsp;<\/p>\n<p>&nbsp;<\/p>\n","protected":false},"excerpt":{"rendered":"","protected":false},"author":2,"featured_media":8005,"comment_status":"open","ping_status":"open","sticky":false,"template":"","format":"standard","meta":{"_acf_changed":false,"jetpack_post_was_ever_published":false,"_jetpack_newsletter_access":"","_jetpack_dont_email_post_to_subs":false,"_jetpack_newsletter_tier_id":0,"_jetpack_memberships_contains_paywalled_content":false,"_jetpack_memberships_contains_paid_content":false,"footnotes":"","jetpack_publicize_message":"","jetpack_publicize_feature_enabled":true,"jetpack_social_post_already_shared":true,"jetpack_social_options":{"image_generator_settings":{"template":"highway","default_image_id":0,"font":"","enabled":false},"version":2}},"categories":[8,3],"tags":[],"class_list":["post-8004","post","type-post","status-publish","format-standard","has-post-thumbnail","hentry","category-knjige","category-novosti"],"acf":{"facebook_opis":""},"jetpack_publicize_connections":[],"jetpack_featured_media_url":"https:\/\/i0.wp.com\/historiografija.hr\/wp-content\/uploads\/2018\/01\/islam.jpg?fit=160%2C240&ssl=1","jetpack_sharing_enabled":true,"jetpack-related-posts":[{"id":52580,"url":"https:\/\/historiografija.hr\/?p=52580","url_meta":{"origin":8004,"position":0},"title":"Conference &#8220;Living in the aftermaths: Trauma, politics and survival in Yugoslavia and successor states, 1945 \u2013 present&#8221;","author":"Branimir Jankovi\u0107","date":"21. travnja 2026.","format":false,"excerpt":"The conference aims to explore how war-related psychological distress was experienced, narrated, debated and reframed in Yugoslavia in the second half of the twentieth century. It asks how the theme of wounded psyche and wartime suffering was addressed and acknowledged in political, psychiatric and broader cultural discourses of socialist Yugoslavia,\u2026","rel":"","context":"U &quot;Novosti&quot;","block_context":{"text":"Novosti","link":"https:\/\/historiografija.hr\/?cat=3"},"img":{"alt_text":"","src":"https:\/\/i0.wp.com\/historiografija.hr\/wp-content\/uploads\/2026\/04\/Battle_of_Neretva_Picasso_poster-Conference-Living-in-the-aftermaths.webp?fit=564%2C954&ssl=1&resize=350%2C200","width":350,"height":200,"srcset":"https:\/\/i0.wp.com\/historiografija.hr\/wp-content\/uploads\/2026\/04\/Battle_of_Neretva_Picasso_poster-Conference-Living-in-the-aftermaths.webp?fit=564%2C954&ssl=1&resize=350%2C200 1x, https:\/\/i0.wp.com\/historiografija.hr\/wp-content\/uploads\/2026\/04\/Battle_of_Neretva_Picasso_poster-Conference-Living-in-the-aftermaths.webp?fit=564%2C954&ssl=1&resize=525%2C300 1.5x"},"classes":[]},{"id":52657,"url":"https:\/\/historiografija.hr\/?p=52657","url_meta":{"origin":8004,"position":1},"title":"[Predavanje] Jezik i drugost u (post)socijalisti\u010dkoj Srbiji: diskurzivne politike identiteta (YugoLab)","author":"Branimir Jankovi\u0107","date":"24. travnja 2026.","format":false,"excerpt":"U sklopu projekta Prizma \/ IMAGINATION (\u201eZami\u0161ljanje nacije: srpski nacionalni narativi u sporu (XX\u2013XXI vek)\u201c), koji se realizuje na Institutu za filozofiju i dru\u0161tvenu teoriju Univerziteta u Beogradu (2024\u20132027) uz finansijsku podr\u0161ku Fonda za nauku Republike Srbije, organizuje se serija predavanja na kojoj istra\u017eiva\u010di i istra\u017eiva\u010dice projekta predstavljaju rezultate svojih\u2026","rel":"","context":"U &quot;Novosti&quot;","block_context":{"text":"Novosti","link":"https:\/\/historiografija.hr\/?cat=3"},"img":{"alt_text":"","src":"https:\/\/i0.wp.com\/historiografija.hr\/wp-content\/uploads\/2026\/04\/IFDT_28_IV.png?fit=1200%2C675&ssl=1&resize=350%2C200","width":350,"height":200,"srcset":"https:\/\/i0.wp.com\/historiografija.hr\/wp-content\/uploads\/2026\/04\/IFDT_28_IV.png?fit=1200%2C675&ssl=1&resize=350%2C200 1x, https:\/\/i0.wp.com\/historiografija.hr\/wp-content\/uploads\/2026\/04\/IFDT_28_IV.png?fit=1200%2C675&ssl=1&resize=525%2C300 1.5x, https:\/\/i0.wp.com\/historiografija.hr\/wp-content\/uploads\/2026\/04\/IFDT_28_IV.png?fit=1200%2C675&ssl=1&resize=700%2C400 2x, https:\/\/i0.wp.com\/historiografija.hr\/wp-content\/uploads\/2026\/04\/IFDT_28_IV.png?fit=1200%2C675&ssl=1&resize=1050%2C600 3x"},"classes":[]}],"_links":{"self":[{"href":"https:\/\/historiografija.hr\/index.php?rest_route=\/wp\/v2\/posts\/8004","targetHints":{"allow":["GET"]}}],"collection":[{"href":"https:\/\/historiografija.hr\/index.php?rest_route=\/wp\/v2\/posts"}],"about":[{"href":"https:\/\/historiografija.hr\/index.php?rest_route=\/wp\/v2\/types\/post"}],"author":[{"embeddable":true,"href":"https:\/\/historiografija.hr\/index.php?rest_route=\/wp\/v2\/users\/2"}],"replies":[{"embeddable":true,"href":"https:\/\/historiografija.hr\/index.php?rest_route=%2Fwp%2Fv2%2Fcomments&post=8004"}],"version-history":[{"count":3,"href":"https:\/\/historiografija.hr\/index.php?rest_route=\/wp\/v2\/posts\/8004\/revisions"}],"predecessor-version":[{"id":8008,"href":"https:\/\/historiografija.hr\/index.php?rest_route=\/wp\/v2\/posts\/8004\/revisions\/8008"}],"wp:featuredmedia":[{"embeddable":true,"href":"https:\/\/historiografija.hr\/index.php?rest_route=\/wp\/v2\/media\/8005"}],"wp:attachment":[{"href":"https:\/\/historiografija.hr\/index.php?rest_route=%2Fwp%2Fv2%2Fmedia&parent=8004"}],"wp:term":[{"taxonomy":"category","embeddable":true,"href":"https:\/\/historiografija.hr\/index.php?rest_route=%2Fwp%2Fv2%2Fcategories&post=8004"},{"taxonomy":"post_tag","embeddable":true,"href":"https:\/\/historiografija.hr\/index.php?rest_route=%2Fwp%2Fv2%2Ftags&post=8004"}],"curies":[{"name":"wp","href":"https:\/\/api.w.org\/{rel}","templated":true}]}}