{"id":7960,"date":"2018-01-18T14:59:21","date_gmt":"2018-01-18T14:59:21","guid":{"rendered":"http:\/\/historiografija.hr\/?p=7960"},"modified":"2018-01-18T14:59:21","modified_gmt":"2018-01-18T14:59:21","slug":"conceptual-history-in-the-european-space","status":"publish","type":"post","link":"https:\/\/historiografija.hr\/?p=7960","title":{"rendered":"Conceptual History in the European Space"},"content":{"rendered":"<p>Objavljen je 2017. godine zbornik radova iz podru\u010dja povijesti koncepata koje je primijenjeno na problematiku europskog prostora.<\/p>\n<p>&nbsp;<\/p>\n<p>&nbsp;<\/p>\n<p>&#8212;<\/p>\n<p>&nbsp;<\/p>\n<p>&nbsp;<\/p>\n<p><strong>Conceptual History in the European Space<\/strong><\/p>\n<p>&nbsp;<\/p>\n<p>Edited by Willibald Steinmetz, Michael Freeden, and Javier Fern\u00e1ndez-Sebasti\u00e1n<\/p>\n<p>&nbsp;<\/p>\n<p>320 pages<\/p>\n<p>&nbsp;<\/p>\n<p>2017<\/p>\n<p>&nbsp;<\/p>\n<p><strong>Description<\/strong><\/p>\n<p>&nbsp;<\/p>\n<p>The result of extensive collaboration among leading scholars from across Europe, Conceptual History in the European Space represents a landmark intervention in the historiography of concepts. It brings together ambitious thematic studies that combine the pioneering methods of historian Reinhart Koselleck with contemporary insights and debates, each one illuminating a key feature of the European conceptual landscape. With clarifying overviews of such contested theoretical terrain as translatability, spatiality, and center-periphery dynamics, it also provides indispensable contextualization for an era of widespread disenchantment with and misunderstanding of the European project.<\/p>\n<p>&nbsp;<\/p>\n<p><strong>Willibald Steinmetz<\/strong> is Professor of Modern and Contemporary History at Bielefeld University. He has published widely on conceptual history and is co-editor of the book series Historische Semantik with Vandenhoeck &amp; Ruprecht. Among his publications are the edited volumes \u201cPolitik\u201d: Situationen eines Wortgebrauchs im Europa der Neuzeit (2007), Political Languages in the Age of Extremes (2011) and Historische Semantik des Politischen: Vom Mittelalter bis ins 20. Jahrhundert, with Ulrich Meier and Martin Papenheim (2012).<\/p>\n<p>&nbsp;<\/p>\n<p><strong>Michael Freeden<\/strong> is Emeritus Professor of Politics at the University of Oxford and Professorial Research Associate, SOAS, University of London. His main interests are the nature of political thinking, the analysis of ideologies, and the study of liberal thought from the 19th century onwards. His books include Ideologies and Political Theory: A Conceptual Approach (1996), Liberal Languages (2005), The Political Theory of Political Thinking: The Anatomy of a Practice (2013) and Liberalism: A Very Short Introduction (2015). He is the founding editor of the Journal of Political Ideologies.<\/p>\n<p>&nbsp;<\/p>\n<p><strong>Javier Fern\u00e1ndez-Sebasti\u00e1n<\/strong> is Professor of History of Political Thought at the University of the Basque Country. He has published extensively on modern intellectual and conceptual history, with a particular focus on Spain and the Iberian world. He serves on the editorial board of various journals as well as the series International Archives of the History of Ideas with Springer Verlag. He has recently edited the volumes Political Concepts and Time: New Approaches to Conceptual History (2011) and La Aurora de la Libertad. Los primeros liberalismos en el mundo iberoamerican (2012).<\/p>\n<p>&nbsp;<\/p>\n<p>&nbsp;<\/p>\n<p>Contents<\/p>\n<p>&nbsp;<\/p>\n<p>List of Figures<\/p>\n<p>&nbsp;<\/p>\n<p>Introduction: Conceptual History: Challenges, Conundrums, Complexities<br \/>\nWillibald Steinmetz and Michael Freeden<\/p>\n<p>&nbsp;<\/p>\n<p><strong>Chapter 1.<\/strong> Europe at Different Speeds: Asynchronicities and Multiple Times in European Conceptual History<\/p>\n<p>Helge Jordheim<\/p>\n<p>&nbsp;<\/p>\n<p><strong>Chapter 2.<\/strong> Multiple Transformations: Temporal Frameworks for a European Conceptual History<br \/>\nWillibald Steinmetz<\/p>\n<p>&nbsp;<\/p>\n<p><strong>Chapter 3.<\/strong> Concepts and Debates: Rhetorical Perspectives on Conceptual Change<br \/>\nKari Palonen<\/p>\n<p>&nbsp;<\/p>\n<p><strong>Chapter 4.<\/strong> Conceptual History, Ideology and Language<br \/>\nMichael Freeden<\/p>\n<p>&nbsp;<\/p>\n<p><strong>Chapter 5.<\/strong> Transnational Conceptual History, Methodological Nationalism and Europe<br \/>\nJani Marjanen<\/p>\n<p>&nbsp;<\/p>\n<p><strong>Chapter 6.<\/strong> Conceptual History: The Comparative Dimension<br \/>\nJ\u00f6rn Leonhard<\/p>\n<p>&nbsp;<\/p>\n<p><strong>Chapter 7.<\/strong> Concepts, Contests and Contexts: Conceptual History and the Problem of Translatability<br \/>\nL\u00e1szl\u00f3 Kontler<\/p>\n<p>&nbsp;<\/p>\n<p><strong>Chapter 8.<\/strong> Conceptualizing Spaces within Europe: The Case of Meso-Regions<br \/>\nDiana Mishkova and Bal\u00e1zs Trencs\u00e9nyi<\/p>\n<p>&nbsp;<\/p>\n<p><strong>Chapter 9.<\/strong> Conceptualizing Modernity in Multi- and Intercultural Spaces: The Case of Central and Eastern Europe<br \/>\nVictor Neumann<\/p>\n<p>&nbsp;<\/p>\n<p><strong>Chapter 10.<\/strong> Concepts in a Nordic Periphery<br \/>\nHenrik Stenius<\/p>\n<p>&nbsp;<\/p>\n<p><strong>Conclusions:<\/strong> Setting the Agenda for a European Conceptual History<br \/>\nJavier Fern\u00e1ndez-Sebasti\u00e1n<\/p>\n<p>&nbsp;<\/p>\n<p>Index<\/p>\n<p>&nbsp;<\/p>\n<p>&nbsp;<\/p>\n<p><a href=\"http:\/\/www.berghahnbooks.com\/title\/SteinmetzConceptual\">http:\/\/www.berghahnbooks.com\/title\/SteinmetzConceptual<\/a><\/p>\n<p>&nbsp;<\/p>\n<p>&nbsp;<\/p>\n","protected":false},"excerpt":{"rendered":"","protected":false},"author":2,"featured_media":7961,"comment_status":"open","ping_status":"open","sticky":false,"template":"","format":"standard","meta":{"_acf_changed":false,"jetpack_post_was_ever_published":false,"_jetpack_newsletter_access":"","_jetpack_dont_email_post_to_subs":false,"_jetpack_newsletter_tier_id":0,"_jetpack_memberships_contains_paywalled_content":false,"_jetpack_memberships_contains_paid_content":false,"footnotes":"","jetpack_publicize_message":"","jetpack_publicize_feature_enabled":true,"jetpack_social_post_already_shared":true,"jetpack_social_options":{"image_generator_settings":{"template":"highway","default_image_id":0,"font":"","enabled":false},"version":2}},"categories":[8,3],"tags":[],"class_list":["post-7960","post","type-post","status-publish","format-standard","has-post-thumbnail","hentry","category-knjige","category-novosti"],"acf":{"facebook_opis":""},"jetpack_publicize_connections":[],"jetpack_featured_media_url":"https:\/\/i0.wp.com\/historiografija.hr\/wp-content\/uploads\/2018\/01\/SteinmetzConceptual.jpg?fit=400%2C615&ssl=1","jetpack_sharing_enabled":true,"jetpack-related-posts":[{"id":52664,"url":"https:\/\/historiografija.hr\/?p=52664","url_meta":{"origin":7960,"position":0},"title":"CfP: CONFERENCE OF THE HISTORY OF CONCEPTS GROUP, HELSINKI, 19TH\u201321ST AUGUST 2026 (DEADLINE: 30TH APRIL 2026)","author":"Branimir Jankovi\u0107","date":"24. travnja 2026.","format":false,"excerpt":"The annual conference of the History of Concepts Group is held at the University of Helsinki, 19-21 August 2026. Conference of the History of Concepts Group Conceptual history studies the use of concepts and tries to understand how historical actors have linguistically articulated views of the world. Studying concepts from\u2026","rel":"","context":"U &quot;Novosti&quot;","block_context":{"text":"Novosti","link":"https:\/\/historiografija.hr\/?cat=3"},"img":{"alt_text":"","src":"https:\/\/i0.wp.com\/historiografija.hr\/wp-content\/uploads\/2017\/10\/hsozkult.png?fit=1006%2C241&ssl=1&resize=350%2C200","width":350,"height":200,"srcset":"https:\/\/i0.wp.com\/historiografija.hr\/wp-content\/uploads\/2017\/10\/hsozkult.png?fit=1006%2C241&ssl=1&resize=350%2C200 1x, https:\/\/i0.wp.com\/historiografija.hr\/wp-content\/uploads\/2017\/10\/hsozkult.png?fit=1006%2C241&ssl=1&resize=525%2C300 1.5x, https:\/\/i0.wp.com\/historiografija.hr\/wp-content\/uploads\/2017\/10\/hsozkult.png?fit=1006%2C241&ssl=1&resize=700%2C400 2x"},"classes":[]},{"id":52641,"url":"https:\/\/historiografija.hr\/?p=52641","url_meta":{"origin":7960,"position":1},"title":"CfP: WHO OWNS THE PAST? VERNACULAR MEMORY, STATE MEMORY, AND THE POLITICS OF OWNERSHIP","author":"Branimir Jankovi\u0107","date":"24. travnja 2026.","format":false,"excerpt":"VIENNA, 31ST AUGUST\u20133RD SEPTEMBER 2026 (DEADLINE: 24TH APRIL 2026) The Center for Austrian Studies at the European Forum at the Hebrew University and the Austrian Academy of Sciences\/Institute of Culture Studies invite early postdocs, PhD candidates, and advanced Master\u2019s students from the Hebrew University of Jerusalem and universities and academic\u2026","rel":"","context":"U &quot;Novosti&quot;","block_context":{"text":"Novosti","link":"https:\/\/historiografija.hr\/?cat=3"},"img":{"alt_text":"","src":"https:\/\/i0.wp.com\/historiografija.hr\/wp-content\/uploads\/2017\/10\/hsozkult.png?fit=1006%2C241&ssl=1&resize=350%2C200","width":350,"height":200,"srcset":"https:\/\/i0.wp.com\/historiografija.hr\/wp-content\/uploads\/2017\/10\/hsozkult.png?fit=1006%2C241&ssl=1&resize=350%2C200 1x, https:\/\/i0.wp.com\/historiografija.hr\/wp-content\/uploads\/2017\/10\/hsozkult.png?fit=1006%2C241&ssl=1&resize=525%2C300 1.5x, https:\/\/i0.wp.com\/historiografija.hr\/wp-content\/uploads\/2017\/10\/hsozkult.png?fit=1006%2C241&ssl=1&resize=700%2C400 2x"},"classes":[]},{"id":52520,"url":"https:\/\/historiografija.hr\/?p=52520","url_meta":{"origin":7960,"position":2},"title":"Predstavljanje knjige &#8220;Socialist Economics in Yugoslavia: A Critical History&#8221; u Zagrebu","author":"Branimir Jankovi\u0107","date":"17. travnja 2026.","format":false,"excerpt":"Pozivamo vas na predstavljanje knjige \"Socialist Economics in Yugoslavia: A Critical History\", autora Mislava \u00a0\u017ditka i Marka Grde\u0161i\u0107a (Routledge, 2026). Na predstavljanju \u0107e govoriti Branko Milanovi\u0107 (CUNY), Milica Uvali\u0107 (EUI), Zdravko Petak (FPZG) te autori.\u00a0 Predstavljanje \u0107e se odr\u017eati u srijedu 22. travnja u 16:00 sati na Fakultetu politi\u010dkih znanosti\u2026","rel":"","context":"U &quot;Novosti&quot;","block_context":{"text":"Novosti","link":"https:\/\/historiografija.hr\/?cat=3"},"img":{"alt_text":"","src":"https:\/\/i0.wp.com\/historiografija.hr\/wp-content\/uploads\/2026\/04\/Poziv-na-predstavljanje.png?fit=800%2C652&ssl=1&resize=350%2C200","width":350,"height":200,"srcset":"https:\/\/i0.wp.com\/historiografija.hr\/wp-content\/uploads\/2026\/04\/Poziv-na-predstavljanje.png?fit=800%2C652&ssl=1&resize=350%2C200 1x, https:\/\/i0.wp.com\/historiografija.hr\/wp-content\/uploads\/2026\/04\/Poziv-na-predstavljanje.png?fit=800%2C652&ssl=1&resize=525%2C300 1.5x, https:\/\/i0.wp.com\/historiografija.hr\/wp-content\/uploads\/2026\/04\/Poziv-na-predstavljanje.png?fit=800%2C652&ssl=1&resize=700%2C400 2x"},"classes":[]},{"id":52516,"url":"https:\/\/historiografija.hr\/?p=52516","url_meta":{"origin":7960,"position":3},"title":"Marko Grde\u0161i\u0107, Mislav \u017ditko, \u201eSocialist Economics in Yugoslavia: A Critical History\u201c","author":"Branimir Jankovi\u0107","date":"17. travnja 2026.","format":false,"excerpt":"This book presents a critical history of Yugoslav socialist economics, from its inception in the late 1940s to its dissolution in the late 1980s. After the dramatic break with the Soviet Union in 1948, Yugoslavia found itself in urgent need of a third way: A socialist trajectory which would not\u2026","rel":"","context":"U &quot;Knjige&quot;","block_context":{"text":"Knjige","link":"https:\/\/historiografija.hr\/?cat=8"},"img":{"alt_text":"","src":"https:\/\/i0.wp.com\/historiografija.hr\/wp-content\/uploads\/2026\/04\/Zitko_Grdesic.jpg?fit=350%2C535&ssl=1&resize=350%2C200","width":350,"height":200},"classes":[]},{"id":52531,"url":"https:\/\/historiografija.hr\/?p=52531","url_meta":{"origin":7960,"position":4},"title":"Jonathan G. Leslie, \u201eFear and Insecurity: Israel and the Iran Threat Narrative\u201c","author":"Branimir Jankovi\u0107","date":"17. travnja 2026.","format":false,"excerpt":"Why is Israel\u2019s former ally Iran now perceived as the country\u2019s greatest threat? Description To observers of the Iran-Israel conflict, its vitriolic rhetoric might suggest an ancient hatred between Jews and Muslims\u2013a biblical feud dating back hundreds, or thousands, of years. But this rivalry is a far more modern development.\u2026","rel":"","context":"U &quot;Knjige&quot;","block_context":{"text":"Knjige","link":"https:\/\/historiografija.hr\/?cat=8"},"img":{"alt_text":"","src":"https:\/\/i0.wp.com\/historiografija.hr\/wp-content\/uploads\/2026\/04\/Leslie.jpg?fit=391%2C612&ssl=1&resize=350%2C200","width":350,"height":200},"classes":[]},{"id":52586,"url":"https:\/\/historiografija.hr\/?p=52586","url_meta":{"origin":7960,"position":5},"title":"Aur\u00e9lie Daher, \u201eHezbollah: Mobilisation and Power\u201c","author":"Branimir Jankovi\u0107","date":"22. travnja 2026.","format":false,"excerpt":"Morning Star \u2018Book of the Year\u2019 Social movement, liberation party or terrorist group? With Hezbollah\u2019s growing involvement in the war in Syria, this study of its impact on Lebanon, drawing heavily on first-hand interviews, could not be more timely. Description Almost forty years after its foundation, Hezbollah remains an enigma.\u2026","rel":"","context":"U &quot;Knjige&quot;","block_context":{"text":"Knjige","link":"https:\/\/historiografija.hr\/?cat=8"},"img":{"alt_text":"","src":"https:\/\/i0.wp.com\/historiografija.hr\/wp-content\/uploads\/2026\/04\/Daher-Hezbollah.jpg?fit=600%2C931&ssl=1&resize=350%2C200","width":350,"height":200,"srcset":"https:\/\/i0.wp.com\/historiografija.hr\/wp-content\/uploads\/2026\/04\/Daher-Hezbollah.jpg?fit=600%2C931&ssl=1&resize=350%2C200 1x, https:\/\/i0.wp.com\/historiografija.hr\/wp-content\/uploads\/2026\/04\/Daher-Hezbollah.jpg?fit=600%2C931&ssl=1&resize=525%2C300 1.5x"},"classes":[]}],"_links":{"self":[{"href":"https:\/\/historiografija.hr\/index.php?rest_route=\/wp\/v2\/posts\/7960","targetHints":{"allow":["GET"]}}],"collection":[{"href":"https:\/\/historiografija.hr\/index.php?rest_route=\/wp\/v2\/posts"}],"about":[{"href":"https:\/\/historiografija.hr\/index.php?rest_route=\/wp\/v2\/types\/post"}],"author":[{"embeddable":true,"href":"https:\/\/historiografija.hr\/index.php?rest_route=\/wp\/v2\/users\/2"}],"replies":[{"embeddable":true,"href":"https:\/\/historiografija.hr\/index.php?rest_route=%2Fwp%2Fv2%2Fcomments&post=7960"}],"version-history":[{"count":1,"href":"https:\/\/historiografija.hr\/index.php?rest_route=\/wp\/v2\/posts\/7960\/revisions"}],"predecessor-version":[{"id":7962,"href":"https:\/\/historiografija.hr\/index.php?rest_route=\/wp\/v2\/posts\/7960\/revisions\/7962"}],"wp:featuredmedia":[{"embeddable":true,"href":"https:\/\/historiografija.hr\/index.php?rest_route=\/wp\/v2\/media\/7961"}],"wp:attachment":[{"href":"https:\/\/historiografija.hr\/index.php?rest_route=%2Fwp%2Fv2%2Fmedia&parent=7960"}],"wp:term":[{"taxonomy":"category","embeddable":true,"href":"https:\/\/historiografija.hr\/index.php?rest_route=%2Fwp%2Fv2%2Fcategories&post=7960"},{"taxonomy":"post_tag","embeddable":true,"href":"https:\/\/historiografija.hr\/index.php?rest_route=%2Fwp%2Fv2%2Ftags&post=7960"}],"curies":[{"name":"wp","href":"https:\/\/api.w.org\/{rel}","templated":true}]}}