{"id":7954,"date":"2018-01-17T14:16:58","date_gmt":"2018-01-17T14:16:58","guid":{"rendered":"http:\/\/historiografija.hr\/?p=7954"},"modified":"2018-01-17T14:16:58","modified_gmt":"2018-01-17T14:16:58","slug":"izlozba-vlaho-bukovac-1-3-parisko-razdoblje-1877-1893","status":"publish","type":"post","link":"https:\/\/historiografija.hr\/?p=7954","title":{"rendered":"Izlo\u017eba &#8220;Vlaho Bukovac 1\/3 \u2013 pari\u0161ko razdoblje (1877. \u2013 1893.)&#8221;"},"content":{"rendered":"<p>Galerija Klovi\u0107evi dvori u Zagrebu i Ku\u0107a Bukovac u Cavtatu otvaraju od 18. sije\u010dnja do 11. o\u017eujka 2018. prvu od tri predvi\u0111ene izlo\u017ebe o Vlahi Bukovcu, s ciljem predstavljanja tri najzna\u010dajnija razdoblja Bukov\u010deva stvarala\u0161tva: pari\u0161ko, zagreba\u010dko i pra\u0161ko.<\/p>\n<p>&nbsp;<\/p>\n<p>&nbsp;<\/p>\n<p>&#8212;<\/p>\n<p>&nbsp;<\/p>\n<p>&nbsp;<\/p>\n<p><strong>VLAHO BUKOVAC 1\/3<\/strong><\/p>\n<p><strong>pari\u0161ko razdoblje 1877. \u2013 1893.<\/strong><\/p>\n<p>&nbsp;<\/p>\n<p>&nbsp;<\/p>\n<p>18. 1. \u2014 11. 3. 2018.<\/p>\n<p>&nbsp;<\/p>\n<p>&nbsp;<\/p>\n<p>Galerija Klovi\u0107evi dvori iz Zagreba i Ku\u0107a Bukovac u Cavtatu otvaraju prvu od tri predvi\u0111ene izlo\u017ebe o Vlahi Bukovcu. Namjera je kroz tri zasebne izlo\u017ebe predstaviti tri najzna\u010dajnija razdoblja Bukov\u010deva stvarala\u0161tva: pari\u0161ko, zagreba\u010dko i pra\u0161ko.<\/p>\n<p>&nbsp;<\/p>\n<p>&nbsp;<\/p>\n<p>Prva izlo\u017eba obra\u0111uje Bukov\u010dev \u017eivot i rad u Parizu od 1877. do 1893. godine, te njegovu afirmaciju u Engleskoj, Crnoj Gori, Srbiji kao i bu\u0111enje doma\u0107e likovne sredine u Dalmaciji.<\/p>\n<p>&nbsp;<\/p>\n<p>&nbsp;<\/p>\n<p>Autorice izlo\u017ebene koncepcije su Petra Vugrinec (vi\u0161a kustosica, Galerija Klovi\u0107evi dvori) i Lucija Vukovi\u0107 (kustosica, Ku\u0107a Bukovac) dok su koautori:<\/p>\n<p>&nbsp;<\/p>\n<p>1.dr. sc. Rachel Rossner, ameri\u010dka povjesni\u010darka umjetnosti koja je doktorirala s temom Great Expectations: The South Slavs in the Paris Salon Canvases of Vlaho Bukovac and Jaroslav \u010cermak na The University of Chicago, Intervju sa Rachel Rossner mo\u017eete pro\u010ditati ovdje: Intervju Rachel Rossner (JL, 8. 12. 2017.)<\/p>\n<p>&nbsp;<\/p>\n<p>2.ugledni engleski povjesni\u010dar umjetnosti Alex Kidson, glavni kustos triju izlo\u017eaba o Vlahi Bukovcu pod nazivom Searching for Blaise: Vlaho Bukovac (1855 \u2013 1922) and his Northern Patrons, Walker Art Gallery, Liverpool, XI\/ 2005. \u2013 I\/2006, Mercer Art Gallery Harrogate, I \u2013 III\/ 2006. i Bonhams u Londonu,<\/p>\n<p>&nbsp;<\/p>\n<p>3.Jadranka Beresford-Peirse, osniva\u010dica internacionalne Zaklade hrvatskih spomenika koja se dugi niz godina trudi detektirati Bukov\u010deva djela u Velikoj Britaniji<\/p>\n<p>&nbsp;<\/p>\n<p>4.akademik dr. sc. Radoslav Tomi\u0107, Institut za povijest umjetnosti, Split<\/p>\n<p>&nbsp;<\/p>\n<p>5.dr. sc. Igor Borozan, izvanredni profesor Filozofskog fakulteta u Beogradu.<\/p>\n<p>&nbsp;<\/p>\n<p>&nbsp;<\/p>\n<p>Po prvi \u0107e se puta u Hrvatskoj predstaviti djela iz Engleske i Francuske koje je radio za trgovce Vicars Brothers te pripadnike engleskoga visokog dru\u0161tva Richarda Le Douxa i Samsona Foxa. Bit \u0107e izlo\u017eena i djela koja je predstavljao na pari\u0161kom Salonu poput La Grande Iza, Andromeda ili Dalmatinski ribari te Portret Baltazara Bogi\u0161i\u0107a. Na nov \u0107e se na\u010din valorizirati Bukov\u010devo slikarstvo nastalo izvan atelijera i akademije, njegovi slobodno kadrirani pejza\u017ei. Bukov\u010deva autobiografija \u201eMoj \u017eivot\u201c neiscrpno je vrelo podataka, neraskidivo vezano za stvarala\u0161tvo. Izlo\u017eba \u0107e prikazati kronolo\u0161ki slijed, uspone i razo\u010daranja mladog umjetnika hrabro vo\u0111enog idejom da postane umjetnik u europskoj prijestolnici, Parizu.<\/p>\n<p>&nbsp;<\/p>\n<p>&nbsp;<\/p>\n<p>Djela za izlo\u017ebu dolaze iz Velike Britanije, Francuske, Slovenije, Srbije, Vojvodine, Crne Gore, a posebna atrakcija izlo\u017ebe monumentalna je kompozicija Isus prijatelj malenih iz crkve Franjeva\u010dkog samostana u Tomislavgradu impozantnih dimenzija 3 x 4,40 m, koja je nagra\u0111ena na pari\u0161kom Salonu 1888. godine. Slika \u0107e po prvi puta biti predstavljena hrvatskoj javnosti.<\/p>\n<p>&nbsp;<\/p>\n<p>&nbsp;<\/p>\n<p>Namjera ovoga opse\u017enog projekta je sublimirati sva novija dosada\u0161nja istra\u017eivanja o Vlahu Bukovcu, rodona\u010delniku hrvatskog modernog slikarstva, provedena u Hrvatskoj, ali i izvan nje, jer Bukovac je posljednjih godina postao predmetom istra\u017eivanja me\u0111unarodnih stru\u010dnjaka. \u017deljeli bismo uklju\u010diti opus ovoga umjetnika u dijalog sa suvremenicima, te jezikom suvremene vizualne prezentacije prodrijeti dalje od lokalnoga promi\u0161ljanja.<\/p>\n<p>&nbsp;<\/p>\n<p>&nbsp;<\/p>\n<p>Izvori:<\/p>\n<p>&nbsp;<\/p>\n<blockquote class=\"wp-embedded-content\" data-secret=\"w2BMzaZ01F\"><p><a href=\"http:\/\/gkd.hr\/izlozba\/vlaho-bukovac-parizu\/\">Vlaho Bukovac 1\/3 &#8211; pari\u0161ko razdoblje<\/a><\/p><\/blockquote>\n<p><iframe loading=\"lazy\" class=\"wp-embedded-content\" sandbox=\"allow-scripts\" security=\"restricted\" style=\"position: absolute; clip: rect(1px, 1px, 1px, 1px);\" src=\"http:\/\/gkd.hr\/izlozba\/vlaho-bukovac-parizu\/embed\/#?secret=w2BMzaZ01F\" data-secret=\"w2BMzaZ01F\" width=\"600\" height=\"338\" title=\"&#8220;Vlaho Bukovac 1\/3 &#8211; pari\u0161ko razdoblje&#8221; &#8212; Galerija Klovi\u0107evi dvori\" frameborder=\"0\" marginwidth=\"0\" marginheight=\"0\" scrolling=\"no\"><\/iframe><\/p>\n<p>&nbsp;<\/p>\n<p><a href=\"http:\/\/www.mdc.hr\/hr\/mdc\/publikacije\/newsletter\/newsletter-16-1-2018\/#Bukovac\">http:\/\/www.mdc.hr\/hr\/mdc\/publikacije\/newsletter\/newsletter-16-1-2018\/#Bukovac<\/a><\/p>\n<p>&nbsp;<\/p>\n<p>&nbsp;<\/p>\n","protected":false},"excerpt":{"rendered":"","protected":false},"author":2,"featured_media":7955,"comment_status":"open","ping_status":"open","sticky":false,"template":"","format":"standard","meta":{"_acf_changed":false,"jetpack_post_was_ever_published":false,"_jetpack_newsletter_access":"","_jetpack_dont_email_post_to_subs":false,"_jetpack_newsletter_tier_id":0,"_jetpack_memberships_contains_paywalled_content":false,"_jetpack_memberships_contains_paid_content":false,"footnotes":"","jetpack_publicize_message":"","jetpack_publicize_feature_enabled":true,"jetpack_social_post_already_shared":true,"jetpack_social_options":{"image_generator_settings":{"template":"highway","default_image_id":0,"font":"","enabled":false},"version":2}},"categories":[10,3],"tags":[],"class_list":["post-7954","post","type-post","status-publish","format-standard","has-post-thumbnail","hentry","category-izlozbe","category-novosti"],"acf":{"facebook_opis":""},"jetpack_publicize_connections":[],"jetpack_featured_media_url":"https:\/\/i0.wp.com\/historiografija.hr\/wp-content\/uploads\/2018\/01\/Bukovac.jpg?fit=540%2C360&ssl=1","jetpack_sharing_enabled":true,"jetpack-related-posts":[{"id":52511,"url":"https:\/\/historiografija.hr\/?p=52511","url_meta":{"origin":7954,"position":0},"title":"Izlo\u017eba &#8220;Lica Sljemena&#8221;","author":"Branimir Jankovi\u0107","date":"17. travnja 2026.","format":false,"excerpt":"Srda\u010dno vas pozivamo na otvorenje izlo\u017ebe Lica Sljemena koje \u0107e se odr\u017eati u srijedu 22. travnja 2026. u 18 h ispred Muzeja Prigorja (Trg Dragutina Domjani\u0107a 5, Sesvete). Izlo\u017eba proizlazi iz istra\u017eivanja Nevene \u0160krbi\u0107 Alempijevi\u0107, Petre Kelemen i Sanje Potkonjak te intervjua sa Sljemena\u0161icama i Sljemena\u0161ima, koji su provedeni u\u2026","rel":"","context":"U &quot;Izlo\u017ebe&quot;","block_context":{"text":"Izlo\u017ebe","link":"https:\/\/historiografija.hr\/?cat=10"},"img":{"alt_text":"","src":"https:\/\/i0.wp.com\/historiografija.hr\/wp-content\/uploads\/2026\/04\/Izlozba-Lica-Sljemena.png?fit=1080%2C686&ssl=1&resize=350%2C200","width":350,"height":200,"srcset":"https:\/\/i0.wp.com\/historiografija.hr\/wp-content\/uploads\/2026\/04\/Izlozba-Lica-Sljemena.png?fit=1080%2C686&ssl=1&resize=350%2C200 1x, https:\/\/i0.wp.com\/historiografija.hr\/wp-content\/uploads\/2026\/04\/Izlozba-Lica-Sljemena.png?fit=1080%2C686&ssl=1&resize=525%2C300 1.5x, https:\/\/i0.wp.com\/historiografija.hr\/wp-content\/uploads\/2026\/04\/Izlozba-Lica-Sljemena.png?fit=1080%2C686&ssl=1&resize=700%2C400 2x, https:\/\/i0.wp.com\/historiografija.hr\/wp-content\/uploads\/2026\/04\/Izlozba-Lica-Sljemena.png?fit=1080%2C686&ssl=1&resize=1050%2C600 3x"},"classes":[]},{"id":52575,"url":"https:\/\/historiografija.hr\/?p=52575","url_meta":{"origin":7954,"position":1},"title":"Izlo\u017eba dje\u010djih radova \u201cU po\u010detku bija\u0161e crte\u017e\u2026\u201d","author":"Branimir Jankovi\u0107","date":"21. travnja 2026.","format":false,"excerpt":"U subotu, 25. travnja 2026. u 11 sati u Galeriji Klovi\u0107evi dvori sve\u010dano otvaramo izlo\u017ebu dje\u010djih radova pod nazivom U po\u010detku bija\u0161e crte\u017e\u2026 Radovi su nastali u sklopu likovnih radionica uz izlo\u017ebu U po\u010detku bija\u0161e kraljevstvo \u2013 izlo\u017eba povodom 1100 godina Hrvatskoga Kraljevstva. Na brojnim likovnim radionicama, uz \u0161kolsku djecu,\u2026","rel":"","context":"U &quot;Izlo\u017ebe&quot;","block_context":{"text":"Izlo\u017ebe","link":"https:\/\/historiografija.hr\/?cat=10"},"img":{"alt_text":"","src":"https:\/\/i0.wp.com\/historiografija.hr\/wp-content\/uploads\/2025\/10\/Klovicevi_sluzbeni-plakat.png?fit=840%2C1200&ssl=1&resize=350%2C200","width":350,"height":200,"srcset":"https:\/\/i0.wp.com\/historiografija.hr\/wp-content\/uploads\/2025\/10\/Klovicevi_sluzbeni-plakat.png?fit=840%2C1200&ssl=1&resize=350%2C200 1x, https:\/\/i0.wp.com\/historiografija.hr\/wp-content\/uploads\/2025\/10\/Klovicevi_sluzbeni-plakat.png?fit=840%2C1200&ssl=1&resize=525%2C300 1.5x, https:\/\/i0.wp.com\/historiografija.hr\/wp-content\/uploads\/2025\/10\/Klovicevi_sluzbeni-plakat.png?fit=840%2C1200&ssl=1&resize=700%2C400 2x"},"classes":[]},{"id":52505,"url":"https:\/\/historiografija.hr\/?p=52505","url_meta":{"origin":7954,"position":2},"title":"Izlo\u017eba &#8220;Eschenstock \/ Jasenov prut&#8221;","author":"Branimir Jankovi\u0107","date":"17. travnja 2026.","format":false,"excerpt":"Srpsko narodno vije\u0107e (SNV) i Vizura aperta postavljaju izlo\u017ebu \u0161vicarskog slikara Velimira Ili\u0161evi\u0107a: Eschenstock \/ Jasenov prut. Izlo\u017eba se uz prisustvo autora otvara povodom 81. godi\u0161njice proboja logora\u0161a iz usta\u0161kog logora smrti Jasenovac 22. aprila 2026. u 19 sati u Srpskom kulturnom centru (SKC) u Preradovi\u0107evoj ulici 21 u Zagrebu.\u2026","rel":"","context":"U &quot;Izlo\u017ebe&quot;","block_context":{"text":"Izlo\u017ebe","link":"https:\/\/historiografija.hr\/?cat=10"},"img":{"alt_text":"","src":"https:\/\/i0.wp.com\/historiografija.hr\/wp-content\/uploads\/2026\/04\/Jasenov_prut.jpg?fit=1024%2C640&ssl=1&resize=350%2C200","width":350,"height":200,"srcset":"https:\/\/i0.wp.com\/historiografija.hr\/wp-content\/uploads\/2026\/04\/Jasenov_prut.jpg?fit=1024%2C640&ssl=1&resize=350%2C200 1x, https:\/\/i0.wp.com\/historiografija.hr\/wp-content\/uploads\/2026\/04\/Jasenov_prut.jpg?fit=1024%2C640&ssl=1&resize=525%2C300 1.5x, https:\/\/i0.wp.com\/historiografija.hr\/wp-content\/uploads\/2026\/04\/Jasenov_prut.jpg?fit=1024%2C640&ssl=1&resize=700%2C400 2x"},"classes":[]},{"id":52573,"url":"https:\/\/historiografija.hr\/?p=52573","url_meta":{"origin":7954,"position":3},"title":"Znanstvena konferencija &#8220;Filozofija odgoja: povijest, praksa, perspektive&#8221;","author":"Branimir Jankovi\u0107","date":"21. travnja 2026.","format":false,"excerpt":"Znanstvena konferencija \"Filozofija odgoja: povijest, praksa, perspektive\" odr\u017eat \u0107e se 23. i 24. travnja 2026. u Konferencijskoj dvorani Knji\u017enice Filozofskog fakulteta u Zagrebu (2. kat).\u00a0Konferencija je organizirana u okviru projekta\u00a0SUMKOS (voditeljica prof. dr. sc. Ivana Zagorac, financiran\u00a0sredstvima NextGenerationEU), uz potporu Odsjeka za filozofiju.\u00a0 Uz izlaga\u010dki dio, konferencija obuhva\u0107a i izlo\u017ebu\u2026","rel":"","context":"U &quot;Novosti&quot;","block_context":{"text":"Novosti","link":"https:\/\/historiografija.hr\/?cat=3"},"img":{"alt_text":"","src":"","width":0,"height":0},"classes":[]},{"id":52607,"url":"https:\/\/historiografija.hr\/?p=52607","url_meta":{"origin":7954,"position":4},"title":"No\u0107 knjige: Kako je prije 410 godina smr\u0107u Shakespearea i Cervantesa zavr\u0161ilo razdoblje renesanse u knji\u017eevnosti","author":"Branimir Jankovi\u0107","date":"22. travnja 2026.","format":false,"excerpt":"\u010cetvrtak, 23. travnja 2026. u 18:00 sati, Knji\u017eara Matice hrvatske, Ulica Matice hrvatske 2, Zagreb Uvodna rije\u010d: dr. sc.\u00a0Dubravka Brezak Stama\u0107, pro\u010delnica Odjela za knji\u017eevnost Matice hrvatske Prof. dr. sc. Ivan Lupi\u0107, redoviti profesor u Odsjeku za anglistiku i Odsjeku za kroatistiku Sveu\u010dili\u0161ta u RijeciShakespeare, kazali\u0161te, glazbaKada se susre\u0107emo sa\u2026","rel":"","context":"U &quot;Novosti&quot;","block_context":{"text":"Novosti","link":"https:\/\/historiografija.hr\/?cat=3"},"img":{"alt_text":"","src":"https:\/\/i0.wp.com\/historiografija.hr\/wp-content\/uploads\/2026\/04\/noc_knjige_2026.jpg?fit=680%2C276&ssl=1&resize=350%2C200","width":350,"height":200,"srcset":"https:\/\/i0.wp.com\/historiografija.hr\/wp-content\/uploads\/2026\/04\/noc_knjige_2026.jpg?fit=680%2C276&ssl=1&resize=350%2C200 1x, https:\/\/i0.wp.com\/historiografija.hr\/wp-content\/uploads\/2026\/04\/noc_knjige_2026.jpg?fit=680%2C276&ssl=1&resize=525%2C300 1.5x"},"classes":[]},{"id":52666,"url":"https:\/\/historiografija.hr\/?p=52666","url_meta":{"origin":7954,"position":5},"title":"Najava programa Festivala povijesti Kliofest (5-8. V. 2026)","author":"Branimir Jankovi\u0107","date":"24. travnja 2026.","format":false,"excerpt":"Po trinaesti put odr\u017eava se Festival povijesti Kliofest! Do petka \u0107emo odr\u017eati osam okruglih stolova i dva kolokvija te niz predstavljanja knjiga i projekata razli\u010dite tematike, od antike do suvremenosti. Bit \u0107e predstavljeno i nekoliko izlo\u017ebi te odr\u017ean jedan povijesni kviz. Prikazat \u0107emo i jedan film \u2013 o generalu Boroevi\u0107u.\u2026","rel":"","context":"U &quot;Novosti&quot;","block_context":{"text":"Novosti","link":"https:\/\/historiografija.hr\/?cat=3"},"img":{"alt_text":"","src":"https:\/\/i0.wp.com\/historiografija.hr\/wp-content\/uploads\/2026\/04\/Kliofest-2026.jpg?fit=526%2C526&ssl=1&resize=350%2C200","width":350,"height":200,"srcset":"https:\/\/i0.wp.com\/historiografija.hr\/wp-content\/uploads\/2026\/04\/Kliofest-2026.jpg?fit=526%2C526&ssl=1&resize=350%2C200 1x, https:\/\/i0.wp.com\/historiografija.hr\/wp-content\/uploads\/2026\/04\/Kliofest-2026.jpg?fit=526%2C526&ssl=1&resize=525%2C300 1.5x"},"classes":[]}],"_links":{"self":[{"href":"https:\/\/historiografija.hr\/index.php?rest_route=\/wp\/v2\/posts\/7954","targetHints":{"allow":["GET"]}}],"collection":[{"href":"https:\/\/historiografija.hr\/index.php?rest_route=\/wp\/v2\/posts"}],"about":[{"href":"https:\/\/historiografija.hr\/index.php?rest_route=\/wp\/v2\/types\/post"}],"author":[{"embeddable":true,"href":"https:\/\/historiografija.hr\/index.php?rest_route=\/wp\/v2\/users\/2"}],"replies":[{"embeddable":true,"href":"https:\/\/historiografija.hr\/index.php?rest_route=%2Fwp%2Fv2%2Fcomments&post=7954"}],"version-history":[{"count":1,"href":"https:\/\/historiografija.hr\/index.php?rest_route=\/wp\/v2\/posts\/7954\/revisions"}],"predecessor-version":[{"id":7956,"href":"https:\/\/historiografija.hr\/index.php?rest_route=\/wp\/v2\/posts\/7954\/revisions\/7956"}],"wp:featuredmedia":[{"embeddable":true,"href":"https:\/\/historiografija.hr\/index.php?rest_route=\/wp\/v2\/media\/7955"}],"wp:attachment":[{"href":"https:\/\/historiografija.hr\/index.php?rest_route=%2Fwp%2Fv2%2Fmedia&parent=7954"}],"wp:term":[{"taxonomy":"category","embeddable":true,"href":"https:\/\/historiografija.hr\/index.php?rest_route=%2Fwp%2Fv2%2Fcategories&post=7954"},{"taxonomy":"post_tag","embeddable":true,"href":"https:\/\/historiografija.hr\/index.php?rest_route=%2Fwp%2Fv2%2Ftags&post=7954"}],"curies":[{"name":"wp","href":"https:\/\/api.w.org\/{rel}","templated":true}]}}