{"id":7914,"date":"2018-01-15T22:47:15","date_gmt":"2018-01-15T22:47:15","guid":{"rendered":"http:\/\/historiografija.hr\/?p=7914"},"modified":"2018-01-15T22:47:15","modified_gmt":"2018-01-15T22:47:15","slug":"motor-mijene-august-cesarec-vs-zofka-kveder","status":"publish","type":"post","link":"https:\/\/historiografija.hr\/?p=7914","title":{"rendered":"&#8220;Motor mijene&#8221;: August Cesarec vs. Zofka Kveder"},"content":{"rendered":"<p>U srijedu, 17. I. 2017. u 18h u Booksi u Zagrebu novi termin \u201cMotora mijene\u201d odlu\u010dio je \u201ckontrastirati antipode: revolucionarnog aktivista, smjernog ideologa Augusta Cesarca i Zofku Kveder, zagovarateljicu jugoslavenskog me\u0161trovi\u0107evskog nacionalizma, spisateljicu i sufra\u017eetkinju\u201d.<\/p>\n<p>&nbsp;<\/p>\n<p>&nbsp;<\/p>\n<p>&#8212;<\/p>\n<p>&nbsp;<\/p>\n<p>&nbsp;<\/p>\n<p><strong>Motor mijene &#8211; Motor des Wandels<\/strong><\/p>\n<p>&nbsp;<\/p>\n<p>&nbsp;<\/p>\n<p>BOOKSA<br \/>\nMarti\u0107eva 14d, Zagreb<\/p>\n<p>&nbsp;<\/p>\n<p>&nbsp;<\/p>\n<p>18 sati<\/p>\n<p>&nbsp;<\/p>\n<p>&nbsp;<\/p>\n<p>Ovako u knjizi \u201eHrvatska lijeva inteligencija\u201c Milan Ivekovi\u0107 uspostavlja relaciju Kveder-Cesarec (Krle\u017ea):<\/p>\n<p>***<br \/>\nKako je hrvatska gra\u0111anska inteligencija reagirala na revolucionarne ideje \u201ePlamena\u201c najbolje ilustrira polemi\u010dki \u010dlanak Zofke Kveder-Demetrovi\u0107, objavljen u \u201eJugoslavenskoj \u017eeni\u201c [\u201eMiroslav Krle\u017ea, njegovi trabanti i njihov &#8216;Plamen&#8217;\u201c, \u201eJugoslavenska \u017eena\u201c, br. 5\/1919, str.205]:<\/p>\n<p>\u201eO Krle\u017ea, o Cesar\u010de, o \u0160imi\u0107u! Za\u0161to toliko mrzite, toliko bu\u010dite, sa topovskim tanetima bijete oko sebe?! Vi \u0107ete \u201eneprosvije\u0161\u0107enu i nesretnu va\u0161u bra\u0107u\u201c jo\u0161 vi\u0161e uznemiriti, razjariti i smesti. Kad ptice \u201eu mraku zapadnu u ku\u0107u\u201c, treba tiho otvoriti prozore i \u010dekati blago, da same na\u0111u izlaz i da ne \u201erazbijaju u zabuni krilima svojima sve, \u0161to im je na putu\u201c. Ne trebamo \u201ePlamena\u201c, koji sik\u0107e i uni\u0161tava i nagr\u0111uje sve, \u0161to mu se slu\u010dajno desi na putu poput onih groznih \u201eFlammenwerfera\u201c, koje su izumili Nijemci u ovome ratu. Svjetla nam treba, \u010distog, blagog svjetla, koje stalno i sigurno obasjava putove opasne, da ne zalutamo i da se ne strovalimo u ponore\u201c, pisala je ova \u010dasna hrvatska spisateljica, izra\u017eavaju\u0107i shva\u0107anja svoje malogra\u0111anske sredine, koja se vi\u0161e od svega bojala da se njihova \u201eneprosvije\u0161\u0107ena i nesretna bra\u0107a\u201c ne \u201erazjare\u201c.<br \/>\n***<\/p>\n<p>Na pro\u0161lom sastanku \u2013 na raspravi o Cesar\u010devu romanu Bjegunci (<a href=\"https:\/\/www.facebook.com\/events\/1903836373091529\/\">https:\/\/www.facebook.com\/events\/1903836373091529\/<\/a>) \u2013 govorili smo, me\u0111u inim, o liku Bugine majke, aktivistice zagreba\u010dkog i jugoslavenskog feministi\u010dkog gra\u0111anskog pokreta. Rije\u010d je o Zofki Kveder, kojoj Cesarec nije priu\u0161tio laskavo ovjekovje\u010denje. Prisjetiv\u0161i se Krle\u017eine poslovi\u010dne \u2013 nietzscheanske \u2013 mizoginije (na prvom sastanku bilo je rije\u010di o izostavljanju progresivnih \u017eenskih karaktera u \u201eGolgoti\u201c), detaljno smo se pozabavili \u017eenskim pitanjem u \u201eBjeguncima\u201c i do\u0161li do zaklju\u010dka da roman \u2013 izuzev obra\u010duna s gra\u0111anskim feminizmom uop\u0107e i Zofkom Kveder ponaosob \u2013 kroz glavni lik Buge predstavlja slojevit doprinos raspravi o \u017eenskoj emancipaciji u \u0161irem kontekstu internacionalnih revolucionarnih gibanja.<br \/>\nUnato\u010d stilizaciji majke kao narcisoidne, megalomanske i nacionalisti\u010dko-bur\u017eujske, svegutaju\u0107e zvijeri, njen lik prepoznali smo i kao va\u017enu, pomno gra\u0111enu, mo\u0107nu \u017eensku pojavu, koja se od k\u0107eri Buge razlikuje bar utoliko \u0161to je aktivna, odlu\u010dna, politi\u010dki subjektivirana (nedvojbeno \u201eorganska intelektualka\u201c svoje klase).<\/p>\n<p>Zato smo \u2013 a i da ne potpadnemo sasvim Cesar\u010devoj (a o\u010digledno i Ivekovi\u0107evoj) polemi\u010dkoj poziciji \u2013 odlu\u010dili kontrastirati antipode: revolucionarnog aktivista, smjernog ideologa Augusta Cesarca i Zofku Kveder, zagovarateljicu jugoslavenskog me\u0161trovi\u0107evskog nacionalizma, spisateljicu i sufra\u017eetkinju koja 1917. godine prva javno tra\u017ei \u017eensko pravo glasa (\u0161to je ostvareno tek 11. kolovoza 1945.g.).<\/p>\n<p>&nbsp;<\/p>\n<p>&nbsp;<\/p>\n<p>Izvor i dodatne informacije:<\/p>\n<p><a href=\"https:\/\/www.facebook.com\/events\/173046196779771\/\">https:\/\/www.facebook.com\/events\/173046196779771\/<\/a><\/p>\n<p>&nbsp;<\/p>\n<p>&nbsp;<\/p>\n","protected":false},"excerpt":{"rendered":"","protected":false},"author":2,"featured_media":7915,"comment_status":"open","ping_status":"open","sticky":false,"template":"","format":"standard","meta":{"_acf_changed":false,"jetpack_post_was_ever_published":false,"_jetpack_newsletter_access":"","_jetpack_dont_email_post_to_subs":false,"_jetpack_newsletter_tier_id":0,"_jetpack_memberships_contains_paywalled_content":false,"_jetpack_memberships_contains_paid_content":false,"footnotes":"","jetpack_publicize_message":"","jetpack_publicize_feature_enabled":true,"jetpack_social_post_already_shared":true,"jetpack_social_options":{"image_generator_settings":{"template":"highway","default_image_id":0,"font":"","enabled":false},"version":2}},"categories":[3],"tags":[],"class_list":["post-7914","post","type-post","status-publish","format-standard","has-post-thumbnail","hentry","category-novosti"],"acf":{"facebook_opis":""},"jetpack_publicize_connections":[],"jetpack_featured_media_url":"https:\/\/i0.wp.com\/historiografija.hr\/wp-content\/uploads\/2018\/01\/Kveder-Cesarec.jpg?fit=1240%2C874&ssl=1","jetpack_sharing_enabled":true,"jetpack-related-posts":[{"id":52589,"url":"https:\/\/historiografija.hr\/?p=52589","url_meta":{"origin":7914,"position":0},"title":"Predstavljena knjiga Miomira \u017du\u017eula &#8220;Dayton: Diplomacija &#8211; druga strana rata&#8221;","author":"Branimir Jankovi\u0107","date":"22. travnja 2026.","format":false,"excerpt":"Knjiga Miomira \u017du\u017eula \u201eDayton: Diplomacija \u2013 druga strana rata\u201d predstavljena je u srijedu, 22. travnja 2026. godine u foajeu Hrvatskoga narodnog kazali\u0161ta u Zagrebu. Op\u0161irnije: https:\/\/vijesti.hrt.hr\/hrvatska\/predstavljena-knjiga-miomira-zuzula-dayton-diplomacija-druga-strana-rata-12683259 https:\/\/www.vecernji.ba\/amp\/vijesti\/zuzulova-knjiga-o-daytonu-predstavljena-u-zagrebu-diplomacija-kao-druga-strana-rata-1953700 https:\/\/www.tportal.hr\/vijesti\/clanak\/bivsi-sanaderov-ministar-odrzao-promociju-evo-tko-je-sve-dosao-na-predstavljanje-knjige-miomira-zuzula-foto-20260422 https:\/\/direktno.hr\/zivot\/kultura\/zuzul-otkrio-sve-o-drugoj-strani-rata-za-hrvatsku-se-nije-libio-povuci-nekoga-i-za-kosu-395042 https:\/\/www.24sata.hr\/news\/miomir-zuzul-predstavio-je-knjigu-o-daytonu-diplomacija-je-bila-druga-strana-rata-1123152 https:\/\/www.vecernji.hr\/kultura\/kolinda-grabar-kitarovic-otvoreno-miomir-zuzul-nije-vukao-samo-za-rukav-nego-i-za-kosu-1953722 https:\/\/www.vecernji.hr\/kultura\/i-papa-lav-xiv-eksplicitno-je-daytonski-sporazum-istaknuo-kao-primjer-uspjesna-rjesavanja-sukoba-1952215","rel":"","context":"U &quot;Novosti&quot;","block_context":{"text":"Novosti","link":"https:\/\/historiografija.hr\/?cat=3"},"img":{"alt_text":"","src":"https:\/\/i0.wp.com\/historiografija.hr\/wp-content\/uploads\/2026\/04\/Dayton.jpg?fit=1024%2C683&ssl=1&resize=350%2C200","width":350,"height":200,"srcset":"https:\/\/i0.wp.com\/historiografija.hr\/wp-content\/uploads\/2026\/04\/Dayton.jpg?fit=1024%2C683&ssl=1&resize=350%2C200 1x, https:\/\/i0.wp.com\/historiografija.hr\/wp-content\/uploads\/2026\/04\/Dayton.jpg?fit=1024%2C683&ssl=1&resize=525%2C300 1.5x, https:\/\/i0.wp.com\/historiografija.hr\/wp-content\/uploads\/2026\/04\/Dayton.jpg?fit=1024%2C683&ssl=1&resize=700%2C400 2x"},"classes":[]},{"id":52552,"url":"https:\/\/historiografija.hr\/?p=52552","url_meta":{"origin":7914,"position":1},"title":"Besplatni glazbeni antikvarijat","author":"Branimir Jankovi\u0107","date":"20. travnja 2026.","format":false,"excerpt":"Muzi\u010dka akademija Sveu\u010dili\u0161ta u Zagrebu 23. travnja 2026. od 10 do 17 sati Pozivamo Vas na Besplatni glazbeni antikvarijat, koji u sklopu manifestacije No\u0107 knjige 2026. organizira Hrvatska udruga muzi\u010dkih knji\u017enica, arhiva i dokumentacijskih centara (HUMKAD). Antikvarijat \u0107e se odr\u017eati na Svjetski dan knjige \u2013 u \u010detvrtak 23. travnja 2026.\u2026","rel":"","context":"U &quot;Novosti&quot;","block_context":{"text":"Novosti","link":"https:\/\/historiografija.hr\/?cat=3"},"img":{"alt_text":"","src":"https:\/\/i0.wp.com\/historiografija.hr\/wp-content\/uploads\/2026\/04\/Besplatni-glazbeni-antikvarijat-23.-4.-2026.jpg?fit=1200%2C848&ssl=1&resize=350%2C200","width":350,"height":200,"srcset":"https:\/\/i0.wp.com\/historiografija.hr\/wp-content\/uploads\/2026\/04\/Besplatni-glazbeni-antikvarijat-23.-4.-2026.jpg?fit=1200%2C848&ssl=1&resize=350%2C200 1x, https:\/\/i0.wp.com\/historiografija.hr\/wp-content\/uploads\/2026\/04\/Besplatni-glazbeni-antikvarijat-23.-4.-2026.jpg?fit=1200%2C848&ssl=1&resize=525%2C300 1.5x, https:\/\/i0.wp.com\/historiografija.hr\/wp-content\/uploads\/2026\/04\/Besplatni-glazbeni-antikvarijat-23.-4.-2026.jpg?fit=1200%2C848&ssl=1&resize=700%2C400 2x, https:\/\/i0.wp.com\/historiografija.hr\/wp-content\/uploads\/2026\/04\/Besplatni-glazbeni-antikvarijat-23.-4.-2026.jpg?fit=1200%2C848&ssl=1&resize=1050%2C600 3x"},"classes":[]},{"id":52631,"url":"https:\/\/historiografija.hr\/?p=52631","url_meta":{"origin":7914,"position":2},"title":"Predavanje Ivana Tepe\u0161a: Djelovanje hrvatske politi\u010dke emigracije","author":"Branimir Jankovi\u0107","date":"23. travnja 2026.","format":false,"excerpt":"Odjel za me\u0111unarodnu suradnju i iseljeni\u0161tvo Matice hrvatske Predavanje Ivana Tepe\u0161a: Djelovanje hrvatske politi\u010dke emigracije Utorak, 28. travnja 2026. u 18:00 sati, Dvorana Ljudevita Jonkea (Mala dvorana MH), Strossmayerov trg 4, Zagreb dr. sc. Ivan Tepe\u0161, Institut za istra\u017eivanje migracija Hrvatska politi\u010dka emigracija obilje\u017eila je polustoljetnu hrvatsku povijest u drugoj\u2026","rel":"","context":"U &quot;Novosti&quot;","block_context":{"text":"Novosti","link":"https:\/\/historiografija.hr\/?cat=3"},"img":{"alt_text":"","src":"","width":0,"height":0},"classes":[]},{"id":52592,"url":"https:\/\/historiografija.hr\/?p=52592","url_meta":{"origin":7914,"position":3},"title":"Predstavljanje knjige &#8220;Turska ku\u0107a u Rijeci&#8221; u Zagrebu","author":"Branimir Jankovi\u0107","date":"22. travnja 2026.","format":false,"excerpt":"U prostorijama Turskog kulturnog centra Yunus Emre u Zagrebu, u utorak 21. travnja 2026. godine, odr\u017eano je sve\u010dano predstavljanje dopunjenog izdanja knjige Turska ku\u0107a u Rijeci, u organizaciji Hrvatsko-turskog dru\u0161tva Rijeka i partnerstvu sa Skupinom prijateljstva Hrvatska-Turska Hrvatskog sabora, Veleposlanstvom Republike Turske u Republici Hrvatskoj te Turskim kulturnim centrom Yunus\u2026","rel":"","context":"U &quot;Novosti&quot;","block_context":{"text":"Novosti","link":"https:\/\/historiografija.hr\/?cat=3"},"img":{"alt_text":"","src":"https:\/\/i0.wp.com\/historiografija.hr\/wp-content\/uploads\/2026\/04\/Turska-kuca-ZG.jpg?fit=1200%2C800&ssl=1&resize=350%2C200","width":350,"height":200,"srcset":"https:\/\/i0.wp.com\/historiografija.hr\/wp-content\/uploads\/2026\/04\/Turska-kuca-ZG.jpg?fit=1200%2C800&ssl=1&resize=350%2C200 1x, https:\/\/i0.wp.com\/historiografija.hr\/wp-content\/uploads\/2026\/04\/Turska-kuca-ZG.jpg?fit=1200%2C800&ssl=1&resize=525%2C300 1.5x, https:\/\/i0.wp.com\/historiografija.hr\/wp-content\/uploads\/2026\/04\/Turska-kuca-ZG.jpg?fit=1200%2C800&ssl=1&resize=700%2C400 2x, https:\/\/i0.wp.com\/historiografija.hr\/wp-content\/uploads\/2026\/04\/Turska-kuca-ZG.jpg?fit=1200%2C800&ssl=1&resize=1050%2C600 3x"},"classes":[]},{"id":52669,"url":"https:\/\/historiografija.hr\/?p=52669","url_meta":{"origin":7914,"position":4},"title":"Predavanje Igora Dude &#8220;Odmor kao \u017eivotna potreba: o slobodnom vremenu u socijalisti\u010dkoj Jugoslaviji&#8221;","author":"Branimir Jankovi\u0107","date":"27. travnja 2026.","format":false,"excerpt":"U sklopu proljetnog ciklusa programa\u00a0Kriti\u010dka dramaturgija: pauza, u\u00a0subotu, 25. travnja 2026. u 19 sati\u00a0u prostoru Udru\u017eenja hrvatskih arhitekata povjesni\u010dar Igor Duda\u00a0odr\u017eao je predavanje naslovljeno\u00a0Odmor kao \u017eivotna potreba: o slobodnom vremenu u socijalisti\u010dkoj Jugoslaviji. Industrijalizacija i urbanizacija dru\u0161tava u povijesti su zna\u010dile i prelazak s predindustrijskog na industrijsko shva\u0107anje vremena. Ono\u2026","rel":"","context":"U &quot;Novosti&quot;","block_context":{"text":"Novosti","link":"https:\/\/historiografija.hr\/?cat=3"},"img":{"alt_text":"","src":"https:\/\/i0.wp.com\/historiografija.hr\/wp-content\/uploads\/2026\/04\/Duda.png?fit=1200%2C628&ssl=1&resize=350%2C200","width":350,"height":200,"srcset":"https:\/\/i0.wp.com\/historiografija.hr\/wp-content\/uploads\/2026\/04\/Duda.png?fit=1200%2C628&ssl=1&resize=350%2C200 1x, https:\/\/i0.wp.com\/historiografija.hr\/wp-content\/uploads\/2026\/04\/Duda.png?fit=1200%2C628&ssl=1&resize=525%2C300 1.5x, https:\/\/i0.wp.com\/historiografija.hr\/wp-content\/uploads\/2026\/04\/Duda.png?fit=1200%2C628&ssl=1&resize=700%2C400 2x, https:\/\/i0.wp.com\/historiografija.hr\/wp-content\/uploads\/2026\/04\/Duda.png?fit=1200%2C628&ssl=1&resize=1050%2C600 3x"},"classes":[]},{"id":52502,"url":"https:\/\/historiografija.hr\/?p=52502","url_meta":{"origin":7914,"position":5},"title":"Novi znanstveni projekt Hrvatskog instituta za povijest: \u201c\u017drtve ratova i dr\u017eavnog\/politi\u010dkog nasilja u hrvatskoj povijesti 20. stolje\u0107a\u201d","author":"Branimir Jankovi\u0107","date":"17. travnja 2026.","format":false,"excerpt":"Na redovitoj sjednici Vlade RH, 16. travnja 2026., donijet je Zaklju\u010dak kojim se pokre\u0107e znanstveni projekt \u201c\u017drtve ratova i dr\u017eavnog\/politi\u010dkog nasilja u hrvatskoj povijesti 20. stolje\u0107a\u201d. Projekt \u0107e provoditi i koordinirati Hrvatski institut za povijest u razdoblju trajanja projekta od pet godina. Zakljucak Vlade RH Iz teksta projektnog prijedloga: Problematika\u2026","rel":"","context":"U &quot;Novosti&quot;","block_context":{"text":"Novosti","link":"https:\/\/historiografija.hr\/?cat=3"},"img":{"alt_text":"","src":"https:\/\/i0.wp.com\/historiografija.hr\/wp-content\/uploads\/2026\/04\/Vlada-RH.jpg?fit=1200%2C557&ssl=1&resize=350%2C200","width":350,"height":200,"srcset":"https:\/\/i0.wp.com\/historiografija.hr\/wp-content\/uploads\/2026\/04\/Vlada-RH.jpg?fit=1200%2C557&ssl=1&resize=350%2C200 1x, https:\/\/i0.wp.com\/historiografija.hr\/wp-content\/uploads\/2026\/04\/Vlada-RH.jpg?fit=1200%2C557&ssl=1&resize=525%2C300 1.5x, https:\/\/i0.wp.com\/historiografija.hr\/wp-content\/uploads\/2026\/04\/Vlada-RH.jpg?fit=1200%2C557&ssl=1&resize=700%2C400 2x, https:\/\/i0.wp.com\/historiografija.hr\/wp-content\/uploads\/2026\/04\/Vlada-RH.jpg?fit=1200%2C557&ssl=1&resize=1050%2C600 3x"},"classes":[]}],"_links":{"self":[{"href":"https:\/\/historiografija.hr\/index.php?rest_route=\/wp\/v2\/posts\/7914","targetHints":{"allow":["GET"]}}],"collection":[{"href":"https:\/\/historiografija.hr\/index.php?rest_route=\/wp\/v2\/posts"}],"about":[{"href":"https:\/\/historiografija.hr\/index.php?rest_route=\/wp\/v2\/types\/post"}],"author":[{"embeddable":true,"href":"https:\/\/historiografija.hr\/index.php?rest_route=\/wp\/v2\/users\/2"}],"replies":[{"embeddable":true,"href":"https:\/\/historiografija.hr\/index.php?rest_route=%2Fwp%2Fv2%2Fcomments&post=7914"}],"version-history":[{"count":1,"href":"https:\/\/historiografija.hr\/index.php?rest_route=\/wp\/v2\/posts\/7914\/revisions"}],"predecessor-version":[{"id":7916,"href":"https:\/\/historiografija.hr\/index.php?rest_route=\/wp\/v2\/posts\/7914\/revisions\/7916"}],"wp:featuredmedia":[{"embeddable":true,"href":"https:\/\/historiografija.hr\/index.php?rest_route=\/wp\/v2\/media\/7915"}],"wp:attachment":[{"href":"https:\/\/historiografija.hr\/index.php?rest_route=%2Fwp%2Fv2%2Fmedia&parent=7914"}],"wp:term":[{"taxonomy":"category","embeddable":true,"href":"https:\/\/historiografija.hr\/index.php?rest_route=%2Fwp%2Fv2%2Fcategories&post=7914"},{"taxonomy":"post_tag","embeddable":true,"href":"https:\/\/historiografija.hr\/index.php?rest_route=%2Fwp%2Fv2%2Ftags&post=7914"}],"curies":[{"name":"wp","href":"https:\/\/api.w.org\/{rel}","templated":true}]}}