{"id":7854,"date":"2018-01-10T22:32:29","date_gmt":"2018-01-10T22:32:29","guid":{"rendered":"http:\/\/historiografija.hr\/?p=7854"},"modified":"2018-01-10T22:32:29","modified_gmt":"2018-01-10T22:32:29","slug":"izlozba-mesokombinat-o-belju","status":"publish","type":"post","link":"https:\/\/historiografija.hr\/?p=7854","title":{"rendered":"Izlo\u017eba \u201cMESOKOMBINAT\u201d o BELJU"},"content":{"rendered":"<p>U Galeriji Kazamat u Osijeku otvorena je 6. sije\u010dnja 2018. izlo\u017eba suvremene umjetnosti \u201cMesokombinat\u201d Neboj\u0161e Vukovi\u0107a koja tematizira \u201cnekada\u0161njeg gospodarskog diva Belje\u201d.<\/p>\n<p>&nbsp;<\/p>\n<p>&nbsp;<\/p>\n<p>&#8212;<\/p>\n<p>&nbsp;<\/p>\n<p>&nbsp;<\/p>\n<p>Galerija Kazamat<\/p>\n<p>&nbsp;<\/p>\n<p>&nbsp;<\/p>\n<p>HDLU Osijek<\/p>\n<p>&nbsp;<\/p>\n<p>&nbsp;<\/p>\n<p><strong>IZLO\u017dBA: MESOKOMBINAT, Neboj\u0161a Vukovi\u0107<\/strong><\/p>\n<p>&nbsp;<\/p>\n<p>&nbsp;<\/p>\n<p>O IZLO\u017dBI:<\/p>\n<p>&nbsp;<\/p>\n<p>&nbsp;<\/p>\n<p>Jedinstvena neinhibirana ekspresivnost mladog autora Neboj\u0161e Vukovi\u0107a prisutna je u \u0161irokom spektru medija kojima se bavio u dosada\u0161njem radu. Usmjeren na istra\u017eivanje relacija autora i gledatelja, pojedinca i skupine, njegovim radovima dominira atmosfera koju svjesno inducira kaosom, kakofonijom i agresivno\u0161\u0107u. Radovi mu se estetski oslanjaju na divlju razigranost i neobuzdanost dadaista i neodadaista poput Kurta Schwittersa i Roberta Rauschenberga, dok je sadr\u017eajem i karakterom sveprisutna aura agresivnosti i tjelesnosti Junge Wilde i Be\u010dkih akcionista.<\/p>\n<p>&nbsp;<\/p>\n<p>Radovi, koji medijski variraju od kola\u017ea, fotomonta\u017ea, ready-madeova i taksidermije do audiovizualnih rje\u0161enja, redovito polaze od istra\u017eivanja osobnih intelektualnih i psiholo\u0161kih barijera. Oblikovanju radova pristupao je koriste\u0107i se istovremeno pop kulturnim, supkulturnim i motivima \u201cs one strane\u201d moralnog spektra. Izla\u017eu\u0107i ih en masse ili \u201cunose\u0107i ih u lice\u201d gledatelja, Neboj\u0161a suo\u010dava promatra\u010da s jednakim izazovom &#8211; uva\u017eavanjem pozicije druga\u010dijeg i Drugog. Svjesno izbjegava \u201cred\u201d i u svojim se kompozicijama prepu\u0161ta induciranom, cageovskom kaosu kao pokreta\u010da \u017eivota i atmosfere, te ozna\u010ditelja unutar djela samog po sebi. Promatra\u010di uranjaju u Neboj\u0161in svijet kroz atmosferi\u010dnost i misticizam kojima pro\u017eima svoje radove, \u010dime ti radovi preuzimaju ulogu komunikatora izme\u0111u promatra\u010da i umjetnika. Iskrenost i neobuzdanost, provokativnost i komunikativnost Neboj\u0161inih intimno kodiranih radova omogu\u0107uju dublje prodiranje u osobna psiholo\u0161ka stanja, te istovremeno pozivaju publiku da prigrle bogatstvo ljudske razli\u010ditosti.<\/p>\n<p>&nbsp;<\/p>\n<p>&nbsp;<\/p>\n<p>Novi smjer kojim je Neboj\u0161a krenuo predstavlja ne samo novi medijski iskorak, nego i novu konceptualnu dimenziju, pri \u010demu zadr\u017eava svoje prepoznatljive stilske okvire. Zadr\u017eavaju\u0107i naizglednu nasumi\u010dnost, neinhibiran stil i sveprisutnu autorefleksivnost, Neboj\u0161a pred publiku postavlja jednu konkretnu dru\u0161tveno orijentiranu temu. U svom novom video radu Mesokombinat Neboj\u0161a predstavlja osjetljivu temu iz njegove mati\u010dne sredine, Bilja u Baranji, koje je prolazilo kroz redovite gospodarsko-politi\u010dke devastacije. Regija koja se spominje jedino u kontekstu dnevno-politi\u010dkih kalkulacija, prostor je sustavnog politi\u010dkog nasilja i institucionalnog nemara. Duboko marginalizirani, njeni stanovnici prepu\u0161teni su sebi samima dok bespomo\u0107no promatraju dezintegraciju dru\u0161tvenog, ekonomskog i kulturnog tkiva od kojeg je skrojen njihov identitet. Klju\u010dan dio njihova identiteta bio je upravo nekada\u0161nji gospodarski div Belje, koji je bio vi\u0161e od pukog ekonomskog subjekta mjesta. Onaj sna\u017ean dru\u0161tveni i kulturni \u017eivot, koji se od Austro-Ugarske pa do kraja Jugoslavije oko Belja gradio, erodirao je i u kratkom roku zaboravljen: sve to u periodu nacionalisti\u010dki inducirane tranzicije prema neoliberalnome kapitalisti\u010dkom idealu. Upravo je ova erozija vrijednosti od dru\u0161tvenog prema onom feudalnome partikularnom interesu tema rada Neboj\u0161e Vukovi\u0107a.<\/p>\n<p>&nbsp;<\/p>\n<p>U naizgled benevolentnoj formi video spota Neboj\u0161a hrabro koristi sirovi amaterski jezik kamere i slike \u017eele\u0107i, u Thompsonovskoj maniri, pod svaku cijenu izbje\u0107i uljep\u0161avanje realnoga du\u0161evnog stanja mjesta. Linearni storytelling njegovih video-dokumentiranih posjeta oklja\u0161trenom pogonu klaonice i mesoprera\u0111iva\u010dkom pogonu Belja pro\u0161iveni su razli\u010ditim umontiranim fragmenima, ogoljenima od suvi\u0161ne estetizacije, sna\u017enoga simboli\u010dkog i vernakularnog karaktera. Rad Mesokombinat stilski nastavlja prepoznatljivu oblikovnu dihotomiju, heterogenost i atmosferi\u010dnost, no konceptulano je nadogra\u0111uje smionom kriti\u010dno\u0161\u0107u prema potpunoj eroziji dru\u0161tvenih vrijednosti u Baranji, te \u017eeljom da na svoj specifi\u010dan na\u010din zapo\u010dne dijalog na temu mjesta Bilja i Baranje u \u0161irem kontekstu.<\/p>\n<p>&nbsp;<\/p>\n<p>&nbsp;<\/p>\n<p>Mesokombinat svojevrsni je manifest u kojem Neboj\u0161a progovara njemu specifi\u010dnim individualnim amalgamom vernakularnoga i likovnog simboli\u010dkog jezika nadopunjenog glazbenim radom mladoga suvremenog autora koji se krije iza naziva Hydropleximus. Poetika zanemarenosti i napu\u0161tenosti Mesokombinata Neboj\u0161e Vukovi\u0107a, nalik onoj Hansa Bellmera, zastra\u0161uju\u0107e je spretno komplementirana sinteti\u010dkim i industrijskim kaemefdiemovskom (KMFDM) zvukom Hydropleximusa. Njihova suradnja predstavlja ne samo spretnu sintezu na estetskoj nego i na konceptualnoj i dru\u0161tveno- anga\u017eiranoj dimenziji rada. Mesokombinat se mora promatrati kroz prizmu konteksta iz kojeg je proiza\u0161ao i fenomenu o kojem govori. Dezintegracija dru\u0161tvenog, ljudskog i \u017eivotinjskog korpusa u ovom kontekstu pru\u017ea jedinstvenu i modernu perspektivu, svojevrstan genius loci dana\u0161nje Baranje te njena kulturno i dru\u0161tveno neodvojivog subjekta &#8211; Belja. Nama naviknutima na isproducirane marketin\u0161ke imaginarije brendova i logotipova, rad Mesokombinat pru\u017ea istinit i bolan vizual naspram onoga prisutnog na policama trgovina.<\/p>\n<p>&nbsp;<\/p>\n<p>&nbsp;<\/p>\n<p>Izvor i dodatne informacije:<\/p>\n<p>&nbsp;<\/p>\n<p>&nbsp;<\/p>\n<p><a href=\"http:\/\/hdlu-osijek.hr\/news\/izlozba-mesokombinat-nebojsa-vukovic\">http:\/\/hdlu-osijek.hr\/news\/izlozba-mesokombinat-nebojsa-vukovic<\/a><\/p>\n<p>&nbsp;<\/p>\n<p>&nbsp;<\/p>\n","protected":false},"excerpt":{"rendered":"","protected":false},"author":2,"featured_media":7855,"comment_status":"open","ping_status":"open","sticky":false,"template":"","format":"standard","meta":{"_acf_changed":false,"jetpack_post_was_ever_published":false,"_jetpack_newsletter_access":"","_jetpack_dont_email_post_to_subs":false,"_jetpack_newsletter_tier_id":0,"_jetpack_memberships_contains_paywalled_content":false,"_jetpack_memberships_contains_paid_content":false,"footnotes":"","jetpack_publicize_message":"","jetpack_publicize_feature_enabled":true,"jetpack_social_post_already_shared":true,"jetpack_social_options":{"image_generator_settings":{"template":"highway","default_image_id":0,"font":"","enabled":false},"version":2}},"categories":[10,3],"tags":[],"class_list":["post-7854","post","type-post","status-publish","format-standard","has-post-thumbnail","hentry","category-izlozbe","category-novosti"],"acf":{"facebook_opis":""},"jetpack_publicize_connections":[],"jetpack_featured_media_url":"https:\/\/i0.wp.com\/historiografija.hr\/wp-content\/uploads\/2018\/01\/vukovic_mesokombinat.jpg?fit=630%2C430&ssl=1","jetpack_sharing_enabled":true,"jetpack-related-posts":[{"id":52575,"url":"https:\/\/historiografija.hr\/?p=52575","url_meta":{"origin":7854,"position":0},"title":"Izlo\u017eba dje\u010djih radova \u201cU po\u010detku bija\u0161e crte\u017e\u2026\u201d","author":"Branimir Jankovi\u0107","date":"21. travnja 2026.","format":false,"excerpt":"U subotu, 25. travnja 2026. u 11 sati u Galeriji Klovi\u0107evi dvori sve\u010dano otvaramo izlo\u017ebu dje\u010djih radova pod nazivom U po\u010detku bija\u0161e crte\u017e\u2026 Radovi su nastali u sklopu likovnih radionica uz izlo\u017ebu U po\u010detku bija\u0161e kraljevstvo \u2013 izlo\u017eba povodom 1100 godina Hrvatskoga Kraljevstva. Na brojnim likovnim radionicama, uz \u0161kolsku djecu,\u2026","rel":"","context":"U &quot;Izlo\u017ebe&quot;","block_context":{"text":"Izlo\u017ebe","link":"https:\/\/historiografija.hr\/?cat=10"},"img":{"alt_text":"","src":"https:\/\/i0.wp.com\/historiografija.hr\/wp-content\/uploads\/2025\/10\/Klovicevi_sluzbeni-plakat.png?fit=840%2C1200&ssl=1&resize=350%2C200","width":350,"height":200,"srcset":"https:\/\/i0.wp.com\/historiografija.hr\/wp-content\/uploads\/2025\/10\/Klovicevi_sluzbeni-plakat.png?fit=840%2C1200&ssl=1&resize=350%2C200 1x, https:\/\/i0.wp.com\/historiografija.hr\/wp-content\/uploads\/2025\/10\/Klovicevi_sluzbeni-plakat.png?fit=840%2C1200&ssl=1&resize=525%2C300 1.5x, https:\/\/i0.wp.com\/historiografija.hr\/wp-content\/uploads\/2025\/10\/Klovicevi_sluzbeni-plakat.png?fit=840%2C1200&ssl=1&resize=700%2C400 2x"},"classes":[]},{"id":52511,"url":"https:\/\/historiografija.hr\/?p=52511","url_meta":{"origin":7854,"position":1},"title":"Izlo\u017eba &#8220;Lica Sljemena&#8221;","author":"Branimir Jankovi\u0107","date":"17. travnja 2026.","format":false,"excerpt":"Srda\u010dno vas pozivamo na otvorenje izlo\u017ebe Lica Sljemena koje \u0107e se odr\u017eati u srijedu 22. travnja 2026. u 18 h ispred Muzeja Prigorja (Trg Dragutina Domjani\u0107a 5, Sesvete). Izlo\u017eba proizlazi iz istra\u017eivanja Nevene \u0160krbi\u0107 Alempijevi\u0107, Petre Kelemen i Sanje Potkonjak te intervjua sa Sljemena\u0161icama i Sljemena\u0161ima, koji su provedeni u\u2026","rel":"","context":"U &quot;Izlo\u017ebe&quot;","block_context":{"text":"Izlo\u017ebe","link":"https:\/\/historiografija.hr\/?cat=10"},"img":{"alt_text":"","src":"https:\/\/i0.wp.com\/historiografija.hr\/wp-content\/uploads\/2026\/04\/Izlozba-Lica-Sljemena.png?fit=1080%2C686&ssl=1&resize=350%2C200","width":350,"height":200,"srcset":"https:\/\/i0.wp.com\/historiografija.hr\/wp-content\/uploads\/2026\/04\/Izlozba-Lica-Sljemena.png?fit=1080%2C686&ssl=1&resize=350%2C200 1x, https:\/\/i0.wp.com\/historiografija.hr\/wp-content\/uploads\/2026\/04\/Izlozba-Lica-Sljemena.png?fit=1080%2C686&ssl=1&resize=525%2C300 1.5x, https:\/\/i0.wp.com\/historiografija.hr\/wp-content\/uploads\/2026\/04\/Izlozba-Lica-Sljemena.png?fit=1080%2C686&ssl=1&resize=700%2C400 2x, https:\/\/i0.wp.com\/historiografija.hr\/wp-content\/uploads\/2026\/04\/Izlozba-Lica-Sljemena.png?fit=1080%2C686&ssl=1&resize=1050%2C600 3x"},"classes":[]},{"id":52505,"url":"https:\/\/historiografija.hr\/?p=52505","url_meta":{"origin":7854,"position":2},"title":"Izlo\u017eba &#8220;Eschenstock \/ Jasenov prut&#8221;","author":"Branimir Jankovi\u0107","date":"17. travnja 2026.","format":false,"excerpt":"Srpsko narodno vije\u0107e (SNV) i Vizura aperta postavljaju izlo\u017ebu \u0161vicarskog slikara Velimira Ili\u0161evi\u0107a: Eschenstock \/ Jasenov prut. Izlo\u017eba se uz prisustvo autora otvara povodom 81. godi\u0161njice proboja logora\u0161a iz usta\u0161kog logora smrti Jasenovac 22. aprila 2026. u 19 sati u Srpskom kulturnom centru (SKC) u Preradovi\u0107evoj ulici 21 u Zagrebu.\u2026","rel":"","context":"U &quot;Izlo\u017ebe&quot;","block_context":{"text":"Izlo\u017ebe","link":"https:\/\/historiografija.hr\/?cat=10"},"img":{"alt_text":"","src":"https:\/\/i0.wp.com\/historiografija.hr\/wp-content\/uploads\/2026\/04\/Jasenov_prut.jpg?fit=1024%2C640&ssl=1&resize=350%2C200","width":350,"height":200,"srcset":"https:\/\/i0.wp.com\/historiografija.hr\/wp-content\/uploads\/2026\/04\/Jasenov_prut.jpg?fit=1024%2C640&ssl=1&resize=350%2C200 1x, https:\/\/i0.wp.com\/historiografija.hr\/wp-content\/uploads\/2026\/04\/Jasenov_prut.jpg?fit=1024%2C640&ssl=1&resize=525%2C300 1.5x, https:\/\/i0.wp.com\/historiografija.hr\/wp-content\/uploads\/2026\/04\/Jasenov_prut.jpg?fit=1024%2C640&ssl=1&resize=700%2C400 2x"},"classes":[]},{"id":52666,"url":"https:\/\/historiografija.hr\/?p=52666","url_meta":{"origin":7854,"position":3},"title":"Najava programa Festivala povijesti Kliofest (5-8. V. 2026)","author":"Branimir Jankovi\u0107","date":"24. travnja 2026.","format":false,"excerpt":"Po trinaesti put odr\u017eava se Festival povijesti Kliofest! Do petka \u0107emo odr\u017eati osam okruglih stolova i dva kolokvija te niz predstavljanja knjiga i projekata razli\u010dite tematike, od antike do suvremenosti. Bit \u0107e predstavljeno i nekoliko izlo\u017ebi te odr\u017ean jedan povijesni kviz. Prikazat \u0107emo i jedan film \u2013 o generalu Boroevi\u0107u.\u2026","rel":"","context":"U &quot;Novosti&quot;","block_context":{"text":"Novosti","link":"https:\/\/historiografija.hr\/?cat=3"},"img":{"alt_text":"","src":"https:\/\/i0.wp.com\/historiografija.hr\/wp-content\/uploads\/2026\/04\/Kliofest-2026.jpg?fit=526%2C526&ssl=1&resize=350%2C200","width":350,"height":200,"srcset":"https:\/\/i0.wp.com\/historiografija.hr\/wp-content\/uploads\/2026\/04\/Kliofest-2026.jpg?fit=526%2C526&ssl=1&resize=350%2C200 1x, https:\/\/i0.wp.com\/historiografija.hr\/wp-content\/uploads\/2026\/04\/Kliofest-2026.jpg?fit=526%2C526&ssl=1&resize=525%2C300 1.5x"},"classes":[]},{"id":52520,"url":"https:\/\/historiografija.hr\/?p=52520","url_meta":{"origin":7854,"position":4},"title":"Predstavljanje knjige &#8220;Socialist Economics in Yugoslavia: A Critical History&#8221; u Zagrebu","author":"Branimir Jankovi\u0107","date":"17. travnja 2026.","format":false,"excerpt":"Pozivamo vas na predstavljanje knjige \"Socialist Economics in Yugoslavia: A Critical History\", autora Mislava \u00a0\u017ditka i Marka Grde\u0161i\u0107a (Routledge, 2026). Na predstavljanju \u0107e govoriti Branko Milanovi\u0107 (CUNY), Milica Uvali\u0107 (EUI), Zdravko Petak (FPZG) te autori.\u00a0 Predstavljanje \u0107e se odr\u017eati u srijedu 22. travnja u 16:00 sati na Fakultetu politi\u010dkih znanosti\u2026","rel":"","context":"U &quot;Novosti&quot;","block_context":{"text":"Novosti","link":"https:\/\/historiografija.hr\/?cat=3"},"img":{"alt_text":"","src":"https:\/\/i0.wp.com\/historiografija.hr\/wp-content\/uploads\/2026\/04\/Poziv-na-predstavljanje.png?fit=800%2C652&ssl=1&resize=350%2C200","width":350,"height":200,"srcset":"https:\/\/i0.wp.com\/historiografija.hr\/wp-content\/uploads\/2026\/04\/Poziv-na-predstavljanje.png?fit=800%2C652&ssl=1&resize=350%2C200 1x, https:\/\/i0.wp.com\/historiografija.hr\/wp-content\/uploads\/2026\/04\/Poziv-na-predstavljanje.png?fit=800%2C652&ssl=1&resize=525%2C300 1.5x, https:\/\/i0.wp.com\/historiografija.hr\/wp-content\/uploads\/2026\/04\/Poziv-na-predstavljanje.png?fit=800%2C652&ssl=1&resize=700%2C400 2x"},"classes":[]},{"id":52607,"url":"https:\/\/historiografija.hr\/?p=52607","url_meta":{"origin":7854,"position":5},"title":"No\u0107 knjige: Kako je prije 410 godina smr\u0107u Shakespearea i Cervantesa zavr\u0161ilo razdoblje renesanse u knji\u017eevnosti","author":"Branimir Jankovi\u0107","date":"22. travnja 2026.","format":false,"excerpt":"\u010cetvrtak, 23. travnja 2026. u 18:00 sati, Knji\u017eara Matice hrvatske, Ulica Matice hrvatske 2, Zagreb Uvodna rije\u010d: dr. sc.\u00a0Dubravka Brezak Stama\u0107, pro\u010delnica Odjela za knji\u017eevnost Matice hrvatske Prof. dr. sc. Ivan Lupi\u0107, redoviti profesor u Odsjeku za anglistiku i Odsjeku za kroatistiku Sveu\u010dili\u0161ta u RijeciShakespeare, kazali\u0161te, glazbaKada se susre\u0107emo sa\u2026","rel":"","context":"U &quot;Novosti&quot;","block_context":{"text":"Novosti","link":"https:\/\/historiografija.hr\/?cat=3"},"img":{"alt_text":"","src":"https:\/\/i0.wp.com\/historiografija.hr\/wp-content\/uploads\/2026\/04\/noc_knjige_2026.jpg?fit=680%2C276&ssl=1&resize=350%2C200","width":350,"height":200,"srcset":"https:\/\/i0.wp.com\/historiografija.hr\/wp-content\/uploads\/2026\/04\/noc_knjige_2026.jpg?fit=680%2C276&ssl=1&resize=350%2C200 1x, https:\/\/i0.wp.com\/historiografija.hr\/wp-content\/uploads\/2026\/04\/noc_knjige_2026.jpg?fit=680%2C276&ssl=1&resize=525%2C300 1.5x"},"classes":[]}],"_links":{"self":[{"href":"https:\/\/historiografija.hr\/index.php?rest_route=\/wp\/v2\/posts\/7854","targetHints":{"allow":["GET"]}}],"collection":[{"href":"https:\/\/historiografija.hr\/index.php?rest_route=\/wp\/v2\/posts"}],"about":[{"href":"https:\/\/historiografija.hr\/index.php?rest_route=\/wp\/v2\/types\/post"}],"author":[{"embeddable":true,"href":"https:\/\/historiografija.hr\/index.php?rest_route=\/wp\/v2\/users\/2"}],"replies":[{"embeddable":true,"href":"https:\/\/historiografija.hr\/index.php?rest_route=%2Fwp%2Fv2%2Fcomments&post=7854"}],"version-history":[{"count":1,"href":"https:\/\/historiografija.hr\/index.php?rest_route=\/wp\/v2\/posts\/7854\/revisions"}],"predecessor-version":[{"id":7856,"href":"https:\/\/historiografija.hr\/index.php?rest_route=\/wp\/v2\/posts\/7854\/revisions\/7856"}],"wp:featuredmedia":[{"embeddable":true,"href":"https:\/\/historiografija.hr\/index.php?rest_route=\/wp\/v2\/media\/7855"}],"wp:attachment":[{"href":"https:\/\/historiografija.hr\/index.php?rest_route=%2Fwp%2Fv2%2Fmedia&parent=7854"}],"wp:term":[{"taxonomy":"category","embeddable":true,"href":"https:\/\/historiografija.hr\/index.php?rest_route=%2Fwp%2Fv2%2Fcategories&post=7854"},{"taxonomy":"post_tag","embeddable":true,"href":"https:\/\/historiografija.hr\/index.php?rest_route=%2Fwp%2Fv2%2Ftags&post=7854"}],"curies":[{"name":"wp","href":"https:\/\/api.w.org\/{rel}","templated":true}]}}