{"id":7764,"date":"2018-01-04T14:07:22","date_gmt":"2018-01-04T14:07:22","guid":{"rendered":"http:\/\/historiografija.hr\/?p=7764"},"modified":"2018-01-04T14:07:22","modified_gmt":"2018-01-04T14:07:22","slug":"fond-mjeseca-fondovi-kotarske-oblasti-samobor","status":"publish","type":"post","link":"https:\/\/historiografija.hr\/?p=7764","title":{"rendered":"\u201cFond mjeseca\u201d: Fondovi Kotarske oblasti Samobor"},"content":{"rendered":"<p>\u201cFond mjeseca\u201d (sije\u010danj 2018) Dr\u017eavnog arhiva u Zagrebu su fondovi Kotarske oblasti Samobor.<\/p>\n<p>&nbsp;<\/p>\n<p>&nbsp;<\/p>\n<p>\u2014<\/p>\n<blockquote class=\"wp-embedded-content\" data-secret=\"0B4sle2Hhs\"><p><a href=\"http:\/\/daz.hr\/\">Dr\u017eavni arhiv u Zagrebu<\/a><\/p><\/blockquote>\n<p><iframe loading=\"lazy\" class=\"wp-embedded-content\" sandbox=\"allow-scripts\" security=\"restricted\" style=\"position: absolute; clip: rect(1px, 1px, 1px, 1px);\" src=\"http:\/\/daz.hr\/embed\/#?secret=0B4sle2Hhs\" data-secret=\"0B4sle2Hhs\" width=\"600\" height=\"338\" title=\"&#8220;Dr\u017eavni arhiv u Zagrebu&#8221; &#8212; Dr\u017eavni arhiv u Zagrebu\" frameborder=\"0\" marginwidth=\"0\" marginheight=\"0\" scrolling=\"no\"><\/iframe><\/p>\n<p>&nbsp;<\/p>\n<p>&nbsp;<\/p>\n<p><strong>Fond mjeseca<\/strong><\/p>\n<p><a href=\"http:\/\/daz.hr\/fond-mjeseca\/\">http:\/\/daz.hr\/fond-mjeseca\/<\/a><\/p>\n<p>&nbsp;<\/p>\n<p>&nbsp;<\/p>\n<p>Sije\u010danj 2018.<\/p>\n<p>&nbsp;<\/p>\n<p>&nbsp;<\/p>\n<p><strong>Fondovi Kotarske oblasti Samobor<\/strong><\/p>\n<p>&nbsp;<\/p>\n<p>&nbsp;<\/p>\n<p>Fond HR-DAZG-1178 Kotarska oblast Samobor (Sresko na\u010delstvo Samobor) sadr\u017ei spise Predsjedni\u0161tva Kotarske oblasti Samobor, dokumentaciju o \u0161umama na samoborskom podru\u010dju, te malu koli\u010dinu raznih spisa nastalim djelovanjem Oblasti. Fond HR-DAZG-1180 Kotarska oblast Samobor sadr\u017ei registraturna pomagala (urud\u017ebene zapisnike i kazalo), spise Predsjedni\u0161tva, tajne i op\u0107e spise, dokumentaciju nastalu radom \u201eAprovizacionog odbora\u201c, dokumentaciju Molbenog stegovnog povjerenstva, potjernice, okru\u017enice, zabilje\u017enice o \u017didovima na podru\u010dju kotara Samobor, o pregledu poslovanja op\u0107ina i druge, dok je fond HR-DAZG-1285 Kraljevska kotarska oblast Samobor vrlo fragmentirano sa\u010duvan. Navedeni fondovi pokrivaju razdoblje od 1854. pa sve do 1945. godine te mogu poslu\u017eiti kao izvor za istra\u017eivanje lokalne gospodarske i socijalne povijesti na podru\u010dju Kotarske oblasti Samobor.<\/p>\n<p>&nbsp;<\/p>\n<p>&nbsp;<\/p>\n","protected":false},"excerpt":{"rendered":"","protected":false},"author":2,"featured_media":7765,"comment_status":"open","ping_status":"open","sticky":false,"template":"","format":"standard","meta":{"_acf_changed":false,"jetpack_post_was_ever_published":false,"_jetpack_newsletter_access":"","_jetpack_dont_email_post_to_subs":false,"_jetpack_newsletter_tier_id":0,"_jetpack_memberships_contains_paywalled_content":false,"_jetpack_memberships_contains_paid_content":false,"footnotes":"","jetpack_publicize_message":"","jetpack_publicize_feature_enabled":true,"jetpack_social_post_already_shared":true,"jetpack_social_options":{"image_generator_settings":{"template":"highway","default_image_id":0,"font":"","enabled":false},"version":2}},"categories":[3],"tags":[],"class_list":["post-7764","post","type-post","status-publish","format-standard","has-post-thumbnail","hentry","category-novosti"],"acf":{"facebook_opis":""},"jetpack_publicize_connections":[],"jetpack_featured_media_url":"https:\/\/i0.wp.com\/historiografija.hr\/wp-content\/uploads\/2018\/01\/1-HR-DAZG-1285-kut-3-1.jpg?fit=2165%2C3129&ssl=1","jetpack_sharing_enabled":true,"jetpack-related-posts":[{"id":52559,"url":"https:\/\/historiografija.hr\/?p=52559","url_meta":{"origin":7764,"position":0},"title":"Dobitnici dr\u017eavne nagrade za znanost za 2024. godinu","author":"Branimir Jankovi\u0107","date":"20. travnja 2026.","format":false,"excerpt":"Na sjednici Odbora za podjelu dr\u017eavnih nagrada za znanost odr\u017eanoj 16. travnja 2026. godine donesena je Odluka o dodjeli dr\u017eavnih nagrada za znanost za 2024. godinu. Godi\u0161njom nagradom za popularizaciju i promid\u017ebu znanosti nagra\u0111eni su u podru\u010dju humanisti\u010dkih znanosti znanstveni suradnici dr. sc. Josip Mihaljevi\u0107 i dr. sc. Gordan Ravan\u010di\u0107,\u2026","rel":"","context":"U &quot;Novosti&quot;","block_context":{"text":"Novosti","link":"https:\/\/historiografija.hr\/?cat=3"},"img":{"alt_text":"","src":"https:\/\/i0.wp.com\/historiografija.hr\/wp-content\/uploads\/2021\/12\/povijesne-kontroverze.jpg?fit=1200%2C675&ssl=1&resize=350%2C200","width":350,"height":200,"srcset":"https:\/\/i0.wp.com\/historiografija.hr\/wp-content\/uploads\/2021\/12\/povijesne-kontroverze.jpg?fit=1200%2C675&ssl=1&resize=350%2C200 1x, https:\/\/i0.wp.com\/historiografija.hr\/wp-content\/uploads\/2021\/12\/povijesne-kontroverze.jpg?fit=1200%2C675&ssl=1&resize=525%2C300 1.5x, https:\/\/i0.wp.com\/historiografija.hr\/wp-content\/uploads\/2021\/12\/povijesne-kontroverze.jpg?fit=1200%2C675&ssl=1&resize=700%2C400 2x, https:\/\/i0.wp.com\/historiografija.hr\/wp-content\/uploads\/2021\/12\/povijesne-kontroverze.jpg?fit=1200%2C675&ssl=1&resize=1050%2C600 3x"},"classes":[]},{"id":52569,"url":"https:\/\/historiografija.hr\/?p=52569","url_meta":{"origin":7764,"position":1},"title":"[Predavanje] Ne \u010dekaju\u0107i inspiraciju \u2013 anga\u017eovane intelektualne, kulturalne i umetni\u010dke prakse u me\u0111uratnom periodu: teorija i praksa kriti\u010dke levice u jugoslovenskoj kulturi (YugoLab)","author":"Branimir Jankovi\u0107","date":"21. travnja 2026.","format":false,"excerpt":"U vreme agresivnog ja\u010danja globalne desnice, (pro)fa\u0161isti\u010dkih, rasisti\u010dkih i imperijalisti\u010dkih politika, dok je istovremeno globalna levica izrazito slaba, a progresivni pokreti atomizirani i fragmentisani, va\u017eno je iz savremene perspektive vratiti se revolucionarnim i emancipatorskim zbivanjima u jugoslovenskom (ali i s njima u vezi internacionalnim de\u0161avanjima), kao i dru\u0161tvenoj ulozi kulturalnih\u2026","rel":"","context":"U &quot;Novosti&quot;","block_context":{"text":"Novosti","link":"https:\/\/historiografija.hr\/?cat=3"},"img":{"alt_text":"","src":"","width":0,"height":0},"classes":[]},{"id":52613,"url":"https:\/\/historiografija.hr\/?p=52613","url_meta":{"origin":7764,"position":2},"title":"No\u0107 knjige u Hrvatskom dr\u017eavnom arhivu","author":"Branimir Jankovi\u0107","date":"22. travnja 2026.","format":false,"excerpt":"Predstavljanje knjige Rajke Bu\u0107in \u201dLije\u010denje i zbrinjavanje \u017didova u Bolnici sestara milosrdnica u Zagrebu 1941. \u2013 1945.\u201d u \u010detvrtak, 23. travnja 2026. u 13 sati u Hrvatskom dr\u017eavnom arhivu u Zagrebu. Izvor: https:\/\/www.arhiv.hr\/hr-hr\/Kulturno-prosvjetne-aktivnosti\/ArticleId\/1986\/oamid\/1633","rel":"","context":"U &quot;Novosti&quot;","block_context":{"text":"Novosti","link":"https:\/\/historiografija.hr\/?cat=3"},"img":{"alt_text":"","src":"https:\/\/i0.wp.com\/historiografija.hr\/wp-content\/uploads\/2026\/04\/noc_knjige_2026.jpg?fit=680%2C276&ssl=1&resize=350%2C200","width":350,"height":200,"srcset":"https:\/\/i0.wp.com\/historiografija.hr\/wp-content\/uploads\/2026\/04\/noc_knjige_2026.jpg?fit=680%2C276&ssl=1&resize=350%2C200 1x, https:\/\/i0.wp.com\/historiografija.hr\/wp-content\/uploads\/2026\/04\/noc_knjige_2026.jpg?fit=680%2C276&ssl=1&resize=525%2C300 1.5x"},"classes":[]},{"id":52556,"url":"https:\/\/historiografija.hr\/?p=52556","url_meta":{"origin":7764,"position":3},"title":"ZagrebDox 2026.","author":"Branimir Jankovi\u0107","date":"20. travnja 2026.","format":false,"excerpt":"Me\u0111unarodni festival dokumentarnog filma 19. - 26. travnja 2026. Kaptol Boutique Cinema, Zagreb Program i dodatne obavijesti: https:\/\/zagrebdox.net\/hr","rel":"","context":"U &quot;Filmovi i serije&quot;","block_context":{"text":"Filmovi i serije","link":"https:\/\/historiografija.hr\/?cat=13"},"img":{"alt_text":"","src":"https:\/\/i0.wp.com\/historiografija.hr\/wp-content\/uploads\/2026\/04\/DOX-logo.jpg?fit=600%2C600&ssl=1&resize=350%2C200","width":350,"height":200,"srcset":"https:\/\/i0.wp.com\/historiografija.hr\/wp-content\/uploads\/2026\/04\/DOX-logo.jpg?fit=600%2C600&ssl=1&resize=350%2C200 1x, https:\/\/i0.wp.com\/historiografija.hr\/wp-content\/uploads\/2026\/04\/DOX-logo.jpg?fit=600%2C600&ssl=1&resize=525%2C300 1.5x"},"classes":[]},{"id":52439,"url":"https:\/\/historiografija.hr\/?p=52439","url_meta":{"origin":7764,"position":4},"title":"Tribina &#8220;Ahmi\u0107i 33 godine kasnije: Ne u na\u0161e ime&#8221;","author":"Branimir Jankovi\u0107","date":"16. travnja 2026.","format":false,"excerpt":"U \u010detvrtak, 16. travnja 2026. u 17 sati u Knji\u017enici i \u010ditaonici Bogdana Ogrizovi\u0107a u Zagrebu odr\u017eat \u0107e se tribina pod nazivom Ahmi\u0107i 33 godine kasnije: Ne u na\u0161e ime. Na tribini \u0107e govoriti Ivica \u0110iki\u0107, novinar, Mubera Masli\u0107 \u2013 \u017ddralovi\u0107, aktivistikinja, prevoditeljica za arapski, Domagoj Fuk, student politologije, \u010dlan\u2026","rel":"","context":"U &quot;Novosti&quot;","block_context":{"text":"Novosti","link":"https:\/\/historiografija.hr\/?cat=3"},"img":{"alt_text":"","src":"https:\/\/i0.wp.com\/historiografija.hr\/wp-content\/uploads\/2026\/04\/Zagreb_2026.jpeg?fit=1200%2C900&ssl=1&resize=350%2C200","width":350,"height":200,"srcset":"https:\/\/i0.wp.com\/historiografija.hr\/wp-content\/uploads\/2026\/04\/Zagreb_2026.jpeg?fit=1200%2C900&ssl=1&resize=350%2C200 1x, https:\/\/i0.wp.com\/historiografija.hr\/wp-content\/uploads\/2026\/04\/Zagreb_2026.jpeg?fit=1200%2C900&ssl=1&resize=525%2C300 1.5x, https:\/\/i0.wp.com\/historiografija.hr\/wp-content\/uploads\/2026\/04\/Zagreb_2026.jpeg?fit=1200%2C900&ssl=1&resize=700%2C400 2x, https:\/\/i0.wp.com\/historiografija.hr\/wp-content\/uploads\/2026\/04\/Zagreb_2026.jpeg?fit=1200%2C900&ssl=1&resize=1050%2C600 3x"},"classes":[]},{"id":52681,"url":"https:\/\/historiografija.hr\/?p=52681","url_meta":{"origin":7764,"position":5},"title":"XIII. Festival povijesti Kliofest 2026.","author":"Branimir Jankovi\u0107","date":"27. travnja 2026.","format":false,"excerpt":"Trinaesti Festival povijesti Kliofest odr\u017eava se od 5. do 8. svibnja 2026. u Nacionalnoj i sveu\u010dili\u0161noj knji\u017enici u Zagrebu, kao i na nekoliko drugih lokacija u gradu. Cjelokupni program nalazi se u programskoj knji\u017eici u nastavku. Kliofest 2026 - ProgramPreuzmi","rel":"","context":"U &quot;Prikazi i osvrti&quot;","block_context":{"text":"Prikazi i osvrti","link":"https:\/\/historiografija.hr\/?cat=4"},"img":{"alt_text":"","src":"","width":0,"height":0},"classes":[]}],"_links":{"self":[{"href":"https:\/\/historiografija.hr\/index.php?rest_route=\/wp\/v2\/posts\/7764","targetHints":{"allow":["GET"]}}],"collection":[{"href":"https:\/\/historiografija.hr\/index.php?rest_route=\/wp\/v2\/posts"}],"about":[{"href":"https:\/\/historiografija.hr\/index.php?rest_route=\/wp\/v2\/types\/post"}],"author":[{"embeddable":true,"href":"https:\/\/historiografija.hr\/index.php?rest_route=\/wp\/v2\/users\/2"}],"replies":[{"embeddable":true,"href":"https:\/\/historiografija.hr\/index.php?rest_route=%2Fwp%2Fv2%2Fcomments&post=7764"}],"version-history":[{"count":1,"href":"https:\/\/historiografija.hr\/index.php?rest_route=\/wp\/v2\/posts\/7764\/revisions"}],"predecessor-version":[{"id":7766,"href":"https:\/\/historiografija.hr\/index.php?rest_route=\/wp\/v2\/posts\/7764\/revisions\/7766"}],"wp:featuredmedia":[{"embeddable":true,"href":"https:\/\/historiografija.hr\/index.php?rest_route=\/wp\/v2\/media\/7765"}],"wp:attachment":[{"href":"https:\/\/historiografija.hr\/index.php?rest_route=%2Fwp%2Fv2%2Fmedia&parent=7764"}],"wp:term":[{"taxonomy":"category","embeddable":true,"href":"https:\/\/historiografija.hr\/index.php?rest_route=%2Fwp%2Fv2%2Fcategories&post=7764"},{"taxonomy":"post_tag","embeddable":true,"href":"https:\/\/historiografija.hr\/index.php?rest_route=%2Fwp%2Fv2%2Ftags&post=7764"}],"curies":[{"name":"wp","href":"https:\/\/api.w.org\/{rel}","templated":true}]}}