{"id":7684,"date":"2017-12-28T11:31:54","date_gmt":"2017-12-28T11:31:54","guid":{"rendered":"http:\/\/historiografija.hr\/?p=7684"},"modified":"2017-12-28T11:33:35","modified_gmt":"2017-12-28T11:33:35","slug":"karl-kaser-hollywood-auf-dem-balkan-die-visuelle-moderne-an-der-europaischen-peripherie-1900-1970","status":"publish","type":"post","link":"https:\/\/historiografija.hr\/?p=7684","title":{"rendered":"Karl Kaser, \u201cHollywood auf dem Balkan. Die visuelle Moderne an der europ\u00e4ischen Peripherie (1900-1970)&#8221;"},"content":{"rendered":"<p>Povjesni\u010dar Karl Kaser objavio je 2017. godine knjigu o Hollywoodu na Balkanu, odnosno o kulturnoj i socijalnoj povijesti kina u balkanskim zemljama od svojih po\u010detaka do 1970-ih godina.<\/p>\n<p>&nbsp;<\/p>\n<p>&#8212;-<\/p>\n<p>&nbsp;<\/p>\n<p>Karl Kaser<\/p>\n<p>&nbsp;<\/p>\n<p><strong>Hollywood auf dem Balkan<\/strong><\/p>\n<p>&nbsp;<\/p>\n<p><strong>Die visuelle Moderne an der europ\u00e4ischen Peripherie (1900-1970)<\/strong><\/p>\n<p>&nbsp;<\/p>\n<p>&nbsp;<\/p>\n<p>2017, 388 S.<\/p>\n<p>&nbsp;<\/p>\n<p>Das Buch bietet eine Kultur- und Sozialgeschichte des Kinos in den Balkanl\u00e4ndern von seinen Anf\u00e4ngen bis zum Aufstieg des Fernsehens in den fr\u00fchen 1970er-Jahren. \u201eHollywood auf dem Balkan\u201c bezieht sich auf den Umstand, dass das Filmgesch\u00e4ft von ausl\u00e4ndischen Produktionsfirmen, in erster Linie jedoch von Hollywoodproduktionen, bestimmt wurde, da es in den ersten Jahrzehnten des Films kaum Eigenproduktionen gab. Das Buch zeigt, dass das Kino bis zur Mitte des 20. Jahrhunderts ein beinahe ausschlie\u00dflich st\u00e4dtisches Ph\u00e4nomen darstellte und von der muslimischen Bev\u00f6lkerung weitgehend gemieden wurde. Der Aufstieg des Kinos zu einem visuellen Massenvergn\u00fcgen erfolgte erst in den 1960er-Jahren, als sich auch in den Balkanl\u00e4ndern eine Filmindustrie entfalten konnte.<\/p>\n<p>&nbsp;<\/p>\n<p>&nbsp;<\/p>\n<p>Karl Kaser ist o. Univ.-Prof. f\u00fcr S\u00fcdosteurop\u00e4ische Geschichte am Institut f\u00fcr Geschichte der Universit\u00e4t Graz.<\/p>\n<p>&nbsp;<\/p>\n<p>&nbsp;<\/p>\n<p><a href=\"http:\/\/www.boehlau-verlag.com\/978-3-205-20474-9.html\">http:\/\/www.boehlau-verlag.com\/978-3-205-20474-9.html<\/a><\/p>\n<p>&nbsp;<\/p>\n<p>&nbsp;<\/p>\n","protected":false},"excerpt":{"rendered":"","protected":false},"author":2,"featured_media":7685,"comment_status":"open","ping_status":"open","sticky":false,"template":"","format":"standard","meta":{"_acf_changed":false,"jetpack_post_was_ever_published":false,"_jetpack_newsletter_access":"","_jetpack_dont_email_post_to_subs":false,"_jetpack_newsletter_tier_id":0,"_jetpack_memberships_contains_paywalled_content":false,"_jetpack_memberships_contains_paid_content":false,"footnotes":"","jetpack_publicize_message":"","jetpack_publicize_feature_enabled":true,"jetpack_social_post_already_shared":true,"jetpack_social_options":{"image_generator_settings":{"template":"highway","default_image_id":0,"font":"","enabled":false},"version":2}},"categories":[8,3],"tags":[],"class_list":["post-7684","post","type-post","status-publish","format-standard","has-post-thumbnail","hentry","category-knjige","category-novosti"],"acf":{"facebook_opis":""},"jetpack_publicize_connections":[],"jetpack_featured_media_url":"https:\/\/i0.wp.com\/historiografija.hr\/wp-content\/uploads\/2017\/12\/Kaser.jpg?fit=460%2C650&ssl=1","jetpack_sharing_enabled":true,"jetpack-related-posts":[],"_links":{"self":[{"href":"https:\/\/historiografija.hr\/index.php?rest_route=\/wp\/v2\/posts\/7684","targetHints":{"allow":["GET"]}}],"collection":[{"href":"https:\/\/historiografija.hr\/index.php?rest_route=\/wp\/v2\/posts"}],"about":[{"href":"https:\/\/historiografija.hr\/index.php?rest_route=\/wp\/v2\/types\/post"}],"author":[{"embeddable":true,"href":"https:\/\/historiografija.hr\/index.php?rest_route=\/wp\/v2\/users\/2"}],"replies":[{"embeddable":true,"href":"https:\/\/historiografija.hr\/index.php?rest_route=%2Fwp%2Fv2%2Fcomments&post=7684"}],"version-history":[{"count":3,"href":"https:\/\/historiografija.hr\/index.php?rest_route=\/wp\/v2\/posts\/7684\/revisions"}],"predecessor-version":[{"id":7688,"href":"https:\/\/historiografija.hr\/index.php?rest_route=\/wp\/v2\/posts\/7684\/revisions\/7688"}],"wp:featuredmedia":[{"embeddable":true,"href":"https:\/\/historiografija.hr\/index.php?rest_route=\/wp\/v2\/media\/7685"}],"wp:attachment":[{"href":"https:\/\/historiografija.hr\/index.php?rest_route=%2Fwp%2Fv2%2Fmedia&parent=7684"}],"wp:term":[{"taxonomy":"category","embeddable":true,"href":"https:\/\/historiografija.hr\/index.php?rest_route=%2Fwp%2Fv2%2Fcategories&post=7684"},{"taxonomy":"post_tag","embeddable":true,"href":"https:\/\/historiografija.hr\/index.php?rest_route=%2Fwp%2Fv2%2Ftags&post=7684"}],"curies":[{"name":"wp","href":"https:\/\/api.w.org\/{rel}","templated":true}]}}