{"id":7646,"date":"2017-12-22T13:32:57","date_gmt":"2017-12-22T13:32:57","guid":{"rendered":"http:\/\/historiografija.hr\/?p=7646"},"modified":"2017-12-22T13:32:57","modified_gmt":"2017-12-22T13:32:57","slug":"andrijana-petrina-povodom-zbornika-nadbiskup-stepinac-i-srbi-u-hrvatskoj-u-kontekstu-drugog-svjetskog-rata-i-poraca-2016","status":"publish","type":"post","link":"https:\/\/historiografija.hr\/?p=7646","title":{"rendered":"Andrijana Petrina &#8211; povodom zbornika &#8220;Nadbiskup Stepinac i Srbi u Hrvatskoj u kontekstu Drugog svjetskog rata i pora\u0107a&#8221;, 2016."},"content":{"rendered":"<p><strong><em>\u00a0<\/em><\/strong><\/p>\n<p><strong><em>Nadbiskup<\/em><\/strong><strong><em> Stepinac<\/em><\/strong><strong><em> i<\/em><\/strong><strong><em> Srbi<\/em><\/strong><strong><em> u<\/em><\/strong><strong><em> Hrvatskoj<\/em><\/strong><strong><em> u<\/em><\/strong><strong><em> kontekstu<\/em><\/strong><strong><em> Drugog<\/em><\/strong><strong><em> svjetskog<\/em><\/strong><strong><em> rata<\/em><\/strong><strong><em> i<\/em><\/strong><strong><em> pora<\/em><\/strong><strong><em>\u0107a<\/em><\/strong><strong><em>, <\/em>ur<\/strong><strong>. Ivan<\/strong><strong> Majnari<\/strong><strong>\u0107, Mario<\/strong><strong> Kevo<\/strong><strong>, Tomislav<\/strong><strong> Ani<\/strong><strong>\u0107, Hrvatsko<\/strong><strong> katoli<\/strong><strong>\u010dko<\/strong><strong> sveu<\/strong><strong>\u010dili<\/strong><strong>\u0161te<\/strong><strong>, Zagreba<\/strong><strong>\u010dka<\/strong><strong> nadbiskupija<\/strong><strong>, Kr<\/strong><strong>\u0161\u0107anska<\/strong><strong> sada<\/strong><strong>\u0161njost<\/strong><strong>, Zagreb<\/strong><strong> 2016, 488 str<\/strong><strong>.<\/strong><\/p>\n<p>&nbsp;<\/p>\n<p>&nbsp;<\/p>\n<p>\u201cPonovo nagla\u0161avam da mi je savjest \u010dista pa kad povijest jedanput bude mirno i objektivno progovorila, ne\u0107e biti sumnje da se Katoli\u010dkoj crkvi ne\u0107e ni\u0161ta ozbiljno mo\u0107i predbaciti.\u201d S ovim rije\u010dima zagreba\u010dki nadbiskup Alojzije Stepinac zavr\u0161io je jednu od svojih propovijedi i gotovo proro\u010danski najavio predmet dugotrajnih rasprava u povjesni\u010darskim, crkvenim i javnim krugovima na podru\u010dju dr\u017eava biv\u0161e Jugoslavije, ali i \u0161ire. Uloga nadbiskupa Stepinca u doga\u0111ajima Drugog svjetskog rata izvor je neslaganja ponajprije Katoli\u010dke i Srpske pravoslavne crkve, odakle se prelijeva na \u010ditavo dru\u0161tvo iz kojeg nisu isklju\u010deni ni povjesni\u010dari. Nastojanje jednih da se predstavljaju kao Stepin\u010devi odvjetnici, odnosno drugih kao njegovi tu\u017eitelji rezultiralo je nevjerojatnom produkcijom (naj\u010de\u0161\u0107e jednostranih) biografija ove kompleksne li\u010dnosti. Nemogu\u0107nost postizanja konsenzusa nagnala je papu Franju i na zaustavljanje kanonizacije Alojzija Stepinca te osnivanje krajem 2014. godine Mje\u0161ovite komisije Katoli\u010dke i Pravoslavne crkve s ciljem, ponajprije, otvaranja me\u0111usobnog dijaloga izme\u0111u spomenutih strana, a zatim i postizanja boljeg razumijevanja i djelovanja nadbiskupa. Dio je to Franjine politike ekumenizacije, kojom se nastoji prije\u0107i preko najte\u017eeg kamena spoticanja i pobolj\u0161ati odnose Katoli\u010dke crkve u Hrvatskoj i Pravoslavne crkve u Srbiji.<\/p>\n<p>&nbsp;<\/p>\n<p>Nastoje\u0107i slijediti put koji je zapo\u010deo papa Franjo, Zagreba\u010dka nadbiskupija u suradnji s Hrvatskim katoli\u010dkim sveu\u010dili\u0161tem organizirala je u studenom 2015. godine znanstveni skup <em>Nadbiskup Stepinac i Srbi u Hrvatskoj u kontekstu Drugog svjetskog rata i pora\u0107a<\/em>. Ubrzo je izdan i zbornik radova istoimenog naslova. Kao \u0161to je ve\u0107 iz sadr\u017eaja vidljivo, a u uvodnoj rije\u010di i istaknuto, zbornik je podijeljen na dvije osnovne cjeline. Uvodna cjelina izme\u0111u ostalog sadr\u017ei pozdravni govor kardinala Josipa Bozani\u0107a i pozdravni govor \u017deljka Tanji\u0107a, rektora Hrvatskog katoli\u010dkog sveu\u010dili\u0161ta, dok znanstvena cjelina obuhva\u0107a deset zanimljivih radova sudionika skupa, ve\u0107inom povjesni\u010dara, \u010dije se biografije mogu prona\u0107i na po\u010detku svakog \u010dlanka.<a href=\"#_edn1\" name=\"_ednref1\">[i]<\/a><\/p>\n<p>&nbsp;<\/p>\n<p>U svojoj propovijedi Stepinac je napomenuo da \u0107e <em>prava istina<\/em> iza\u0107i na vidjelo tek kada \u201epovijest bude mirno i objektivno progovorila\u201c, sugeriraju\u0107i da jugoslavenske komunisti\u010dke vlasti to nisu u stanju u\u010diniti, zbog svojih ideolo\u0161kih pogleda i odnosa prema religiji. Danas, nakon vi\u0161e od dva desetlje\u0107a od raspada Jugoslavije, odnosno vi\u0161e od pola stolje\u0107a od montiranog procesa Alojziju Stepincu, \u010dini se kako je regionalna historiografija kona\u010dno spremna za reviziju slu\u010daja Alojzija Stepinca unutar akademskih institucija, gdje \u0107e argumentiranu raspravu u otklonu od svojih ideolo\u0161kih uvjerenja voditi stru\u010dnjaci s obje strane. Ili se barem zbornikom (i skupom) ovakva poruka name\u0107e. Osim toga, rektor Tanji\u0107, a s njim i kardinal Bozani\u0107 u svojim uvodnim pozdravima nagla\u0161avaju \u201etra\u017eenje istine\u201c kao glavnu zada\u0107u skupa, koja \u0107e, nastavlja Bozani\u0107 \u201epridonijeti osvjetljavanju odnosa nadbiskupa Stepinca prema pripadnicima srpskoga naroda u Hrvatskoj i prema Srpskoj pravoslavnoj crkvi.\u201c \u010citaju\u0107i ove optimisti\u010dne izjave, nisam mogla ne zapitati se kako posti\u0107i taj ideal <em>povijesne istine <\/em>te nastoje li rektor Tanji\u0107 i kardinal Bozani\u0107 svojim govorima sugerirati da je sve napisano ranije o Stepincu la\u017e?\u00a0 Bilo kako bilo, svrha mog osvrta, nakon pro\u010ditanih uvodnih rije\u010di, bila bi analizirati kako su zamislili i koliko su uspjeha u \u201etra\u017eenju istine\u201c imali autori \u010dlanaka. Stoga se u daljnjem tekstu ni ne osvr\u0107em na sadr\u017eaj \u010dlanaka jer njihovi naslovi govore sami za sebe.<\/p>\n<p>&nbsp;<\/p>\n<p>Ponajprije, va\u017eno je naglasiti kako se ovim skupom i zbornikom rasprava oko Alojzija Stepinca pomakla s <em>pat<\/em> pozicije. Umjesto dosada\u0161njih ve\u0107 iznimno zamornih pitanja \u201eJe li Stepinac mogao u\u010diniti vi\u0161e kako bi pomogao drugima za vrijeme Drugog svjetskog rata\u201c ili \u201e\u0160to je Stepinac: mu\u010denik ili zlo\u010dinac?\u201c, prilikom \u010dega su anakronisti\u010dki odgovori odlazili s jedne krajnosti u drugu i pritom vodili raspravu u slijepu ulicu, tema zbornika preciznije je usmjerena i nastoji analizirati njegov odnos prema srpskom narodu i Srpskoj pravoslavnoj crkvi. Mana je ipak zbornika ograni\u010denost na razdoblje Drugog svjetskog rata i pora\u0107a, \u010dime se u potpunosti zanemaruju uzroci i razlozi nekih Stepin\u010devih kasnijih izjava i djela. \u010cinjenica da bi se u tom slu\u010daju moralo posegnuti za metodama intelektualne historije, historije emocija te historijske antropologije i imagologije, a osim toga suvereno vladati crkvenom historijom me\u0111uratnog razdoblja, u \u010demu historiografija na ovim podru\u010djima oskudijeva, zasigurno je jedan od razloga nebavljenja predratnim razdobljem. No, sve u svemu, preciziranje teme jedan je od prvih koraka ka konstruktivnoj raspravi.<\/p>\n<p>&nbsp;<\/p>\n<p>Vidljiva je tako\u0111er namjera organizatora skupa za stvaranjem atmosfere dijaloga, kojom se nastoji supstituirati dosada\u0161nju praksu monologa i prepiranja, naj\u010de\u0161\u0107e preko medija. U tom smislu, va\u017eno je pozivanje na skup stranih povjesni\u010dara, Milana Koljanina i Radmile Radi\u0107 iz Srbije, Robina Harrisa iz Velike Britanije te ameri\u010dke povjesni\u010darke Esther Gitman. Rad posljednje <em>Nadbiskup zagreba\u010dki Alojzije Stepinac: pred sudom Titovih komunista, povjesni\u010dara i sada\u0161njeg srpskog re\u017eima<\/em> tako\u0111er je uvr\u0161ten u uvodni dio zbornika. Pozivanje srpskih povjesni\u010dara razli\u010ditog mi\u0161ljenja od ostalih sudionika, iako pohvalno, ipak u sebi sadr\u017ei (minimalno) dva problema. Prvo, uo\u010dljiva je generalizacija prema kojoj s jedne strane stoji hrvatska historiografija (i Katoli\u010dka crkva), a s druge strane srpska historiografija (i Srpska pravoslavna crkva) iz \u010dega bi se mogao izvu\u0107i neto\u010dan zaklju\u010dak o homogenim historiografijama, odnosno nepostojanje suprotstavljenih mi\u0161ljenja unutar iste historiografije. Uklju\u010divanjem i primjerice drugih hrvatskih povjesni\u010dara, koji ne zastupaju stav o Alojziju Stepincu kao heroju i mu\u010deniku, kao \u0161to \u010dine ostali sudionici, bliski stavovima Hrvatskog katoli\u010dkog sveu\u010dili\u0161ta i Zagreba\u010dke nadbiskupije, odnosno kardinala Bozani\u0107a<a href=\"#_edn2\" name=\"_ednref2\">[ii]<\/a> puno bi se lak\u0161e uvjerilo \u010ditatelja u iskrenost namjere za \u201etra\u017eenjem prave istine\u201c. Osim toga, na taj na\u010din pridonijelo bi ravnopravnom i produktivnijem dijalogu izme\u0111u dvije strane te uklanjanju <em>pro forma<\/em> efekta, \u0161to je ujedno i gore spomenuti drugi problem.<\/p>\n<p>&nbsp;<\/p>\n<p>Op\u0107enito govore\u0107i, nemogu\u0107e je ne primijetiti sna\u017enu emotivnu involviranost me\u0111u sudionicima rasprava o Alojziju Stepincu. Rije\u010d je o osobi koju su jugoslavenske vlasti osudile na \u0161esnaest godina zatvora zbog <em>\u0161utnje<\/em> tijekom Drugog svjetskog rata. Brojni stanovnici biv\u0161e dr\u017eave bezuvjetno su prihvatili stav jugoslavenskih vlasti o Stepincu kao zlo\u010dincu i kolaboracionistu s usta\u0161kim re\u017eimom. Ovu paradigmu u Hrvatskoj u potpunosti su promijenile dru\u0161tveno-politi\u010dke prilike devedesetih godina. Alojzije Stepinac postao je mu\u010denik i heroj, borac za samostalnu hrvatsku dr\u017eavu, koji se od prvih dana protivio uspostavljanju nove Jugoslavije, kao i komunisti\u010dkom preuzimanju vlasti nad njom. U tom smislu krenule su rasprave onih koji su zadr\u017eali narativ jugoslavenskih vlasti i onih koji su preuzeli novostvoreni narativ. Kao rezultat, broj monografija posve\u0107enih nadbiskupu Stepincu i njegovoj ulozi u Drugom svjetskom ratu udvostru\u010dio se, ali njihova kvaliteta izrazito je diskutabilna. Tako primjerice hrvatski povjesni\u010dar Jure Kri\u0161to historiografska djela koja se sla\u017eu s jugoslavenskim vlastima u \u017eargonu naziva \u201esme\u0107em\u201c. Do danas se situacija nije znatno promijenila. Svjesni su toga i ostali sudionici skupa pa gotovo svi napominju, poput profesora Miroslava Akmad\u017ee, da je \u201eodnos nadbiskupa Stepinca prema Srpskoj pravoslavnoj crkvi i pravoslavnima nu\u017eno utvrditi objektivnim historiografskim istra\u017eivanjima, bez unaprijed odre\u0111enih emotivnih stavova i naklonosti\u201c.<a href=\"#_edn3\" name=\"_ednref3\">[iii]<\/a> Objektivnosti se nadao i sam Stepinac, a u ovom slu\u010daju to se name\u0107e i u zborniku kao imperativ u svrhu \u201etra\u017eenja istine\u201c, iako je ve\u0107 davno postalo jasno kako je objektivnost povjesni\u010dara mit. Rije\u010d je o neostvarivom idealu, kojem povjesni\u010dari konstantno te\u017ee, posebice kada su u pitanju osjetljive teme. U tom poku\u0161aju, povjesni\u010dari se koriste izvorima jer ih upravo oni pribli\u017eavaju toj nespoznatljivoj objektivnoj istini. Me\u0111utim i izvori \u010desto mogu varati i skrivati istinu jer su u kona\u010dnici i oni ideolo\u0161ki konstrukt osoba koje su ih pisale te plod vremenskog razdoblja u kojem su nastali. Takve, posredovane izvore povjesni\u010dari interpretiraju \u010desto na razli\u010dite na\u010dine, stoga kao krajnji rezultat dobivamo vi\u0161e \u201erazli\u010ditih istina\u201c, od kojih nijedna nije \u201eprava\u201c.<\/p>\n<p>&nbsp;<\/p>\n<p>Kada bi se hipotetski objektivnost i mogla realizirati u potpunosti, <em>cijelu istinu <\/em>o Stepincu u ovom trenutku nikad ne bismo mogli saznati. Naime, \u201eistina\u201c za autore \u010dlanaka nalazi se u \u201ehistoriografskim izvorima\u201c, koje je nu\u017eno argumentirati, \u201ea ne donositi zaklju\u010dke na temelju osobnog dojma ili vjerske i politi\u010dke naklonosti ili nenaklonosti\u201c. Upravo je oslonac na njih temelj svakog \u010dlanka te mu daje potreban legitimitet pa se gotovo nijedan autor ne ustru\u010dava posvetiti dobar dio svojeg rada nabrajanju kori\u0161tenih dokumenata. Ipak, autori imaju velikih problema s priznavanjem kako to nisu svi postoje\u0107i izvori, ve\u0107 da su brojni jo\u0161 uvijek dio zatvorenih vatikanskih, a posljedi\u010dno i kaptolskih arhiva. Tek kada se treba osvrnuti na nepo\u0161tenost jugoslavenskih vlasti, Juraj Batelja isti\u010de: \u201eTo neprocjenjivo blago o svjedo\u010danstvu kr\u0161\u0107anske ljubavi nadbiskupa Stepinca i Katoli\u010dke crkve prema srpskim pravoslavcima, do danas je obavijeno velom tajne, koja je proiza\u0161la iz \u010dinjenice da je komunisti\u010dki re\u017eim do\u0161av\u0161i na vlast, otu\u0111io Crkvi njezine dokumente i do dana dana\u0161njeg nije ih vratio.\u201d Zbog svega navedenog, ne mogu ne zamijetiti kako autori u poku\u0161aju bijega od neobjektivnosti sami upadaju u zamku selektivnosti i jednostranosti, dok istovremeno samouvjereno kritiziraju predstavnike druge strane. Osim toga, poprili\u010dno su isklju\u010divi prema mogu\u0107nosti pronalaska novih izvora, koji bi u potpunosti izmijenili njihove stavove.<\/p>\n<p>&nbsp;<\/p>\n<p>Kona\u010dno, mogu konstatirati kako je papa Franjo svojom inicijativom neproduktivne rasprave oko Alojzija Stepinca pomaknuo s mrtve to\u010dke. Vidljivo je to u organizaciji znanstvenog skupa <em>Nadbiskup Stepinac i Srbi u Hrvatskoj u kontekstu Drugog svjetskog rata i pora\u0107a<\/em>, a zatim i u izdanju istoimenog zbornika, koji radi dostupnosti i razumljivosti javnosti izvan mati\u010dnog podru\u010dja sadr\u017ei prijevode \u010dlanaka na engleski jezik te sa\u017eetke na talijanskom jeziku. No, kod pape Franje uo\u010dava se jedan va\u017ean iskorak, koji kod nas jo\u0161 uvijek nedostaje. Naime, u mje\u0161ovitu komisiju radi postizanja \u0161to je mogu\u0107e bolje ravnopravnosti pozvan je jednak broj sudionika su\u010deljenih strana uz dvojicu neutralnih promatra\u010da. Organizatori skupa na\u017ealost jo\u0161 uvijek nisu spremni u potpunosti slijediti ovakvu (naprednu?) politiku pape Franje pa su tako i primat prou\u010davanju osobe i djela Alojzija Stepinca i dalje dali osobama sebi bliskih stavova. Pozivanjem stranih povjesni\u010dara organizatori skupa htjeli su naglasiti objektivnost u pristupu ovoj temi. U tom smislu pozivanje srpskih povjesni\u010dara je razumljivo, ali ne i Robina Harrisa i Esther Gitman, koji su poznati isklju\u010divo po pozitivnom odnosu prema Alojziju Stepincu, s obzirom da u svijetu postoji \u010ditav niz povjesni\u010dara koji o djelovanju Alojzija Stepinca i Katoli\u010dke crkve tijekom Drugog svjetskog rata imaju bitno druga\u010dije mi\u0161ljenje. Stoga ni ovaj skup nije u znatnoj mjeri doprinio otvaranju pomirljivog dijaloga, a u kona\u010dnici i ostvarivanju zadanog cilja \u201etra\u017eenja istine\u201c. Pokazatelj je to nedovoljne zrelosti historiografije u Hrvatskoj i regiji, ali i svojevrstan znak za uzbunu s obzirom da je od smrti Alojzija Stepinca pro\u0161lo vi\u0161e od pola stolje\u0107a, a rasprave oko njegove uloge u Drugom svjetskom ratu jo\u0161 uvijek traju. Mo\u017eemo se samo nadati da \u0107e barem rad mje\u0161ovite komisije pridonijeti stvaranju civilizacijskog ozra\u010dja i da \u0107e neproduktivne monologe transformirati u konstruktivni dijalog.<\/p>\n<p>&nbsp;<\/p>\n<p><em>Andrijana Petrina<\/em><\/p>\n<p>&nbsp;<\/p>\n<hr \/>\n<p>&nbsp;<\/p>\n<p><a href=\"#_ednref1\" name=\"_edn1\">[i]<\/a> Ivica \u0160ute: <em>Hrvatska u stolje\u0107u promjena: od stvaranja prve jugoslavenske dr\u017eave do kraja Drugog svjetskog rata<\/em>, Tomislav Ani\u0107: <em>Geneza negativnog mita o nadbiskupu Stepincu nakon 1945<\/em>., Mario Jareb: <em>Izme\u0111u navodne \u0161utnje i negativnih stereotipa: odnos zagreba\u010dkog nadbiskupa Alojzija Stepinca prema vlastima NDH u svjetlu djelovanja hrvatskih katoli\u010dkih medija tijekom Drugog svjetskog rata<\/em>, Milan Koljanin: <em>Nadbiskup Stepinac i vlasti u Nezavisnoj Dr\u017eavi Hrvatsko<\/em>j, Radmila Radi\u0107: <em>Alojzije Stepinac i odnos prema Srbima i pravoslavlju<\/em>, Miroslav Akmad\u017ea: <em>Alojzije Stepinac i Srpska pravoslavna crkva<\/em>, Jure Kri\u0161to<em>: Dr\u017eavni program vjerskih prijelaza i reakcije nadbiskupa Stepinca i drugih katoli\u010dkih predstavnika u Nezavisnoj Dr\u017eavi Hrvatskoj<\/em>, Mario Kevo: <em>Uloga nadbiskupa Stepinca u zbrinjavanju i spa\u0161avanju srpske i \u017eidovske djece<\/em>, Robin Harris: <em>Stepinac i Srbi: istina, la\u017ei i manipulacija<\/em>, Juraj Batelja: <em>Nadbiskup Stepinac spa\u0161avao je Srbe i uz pomo\u0107 Srba \u2013 dr. Marko Vidakovi\u0107 i Dje\u010dja akcija<\/em>.<\/p>\n<p>&nbsp;<\/p>\n<p><a href=\"#_ednref2\" name=\"_edn2\">[ii]<\/a> Ovdje bih htjela izuzeti prof. dr. sc. Ivicu \u0160utu, \u010diji je rad primarno vezan uz politi\u010dku situaciju u me\u0111uratnom razdoblju.<\/p>\n<p>&nbsp;<\/p>\n<p><a href=\"#_ednref3\" name=\"_edn3\">[iii]<\/a> Rije\u010d urednika: \u201eAutorski prinosi su utemeljeni isklju\u010divo na historiografskim metodama, tj. temelje se na izvoru, kojeg se nastoji analizirati i interpretirati sukladno dobu u kojem je nastao mimo politi\u010dkih, socijalnih i dnevno politi\u010dkih usmjerenja dana\u0161njice\u201d ili Juraj Batelja: \u201cStoga, objektivan i istinoljubiv pristup povijesnim \u010dinjenicama u posve druga\u010dijem svjetlu donosi bolji pogled i jasniji sud o zagreba\u010dkom nadbiskupu Alojziju Stepincu negoli su to kadri u\u010diniti proizvoljni zaklju\u010dci.\u201d<\/p>\n<p>&nbsp;<\/p>\n","protected":false},"excerpt":{"rendered":"","protected":false},"author":2,"featured_media":0,"comment_status":"open","ping_status":"open","sticky":false,"template":"","format":"standard","meta":{"_acf_changed":false,"jetpack_post_was_ever_published":false,"_jetpack_newsletter_access":"","_jetpack_dont_email_post_to_subs":false,"_jetpack_newsletter_tier_id":0,"_jetpack_memberships_contains_paywalled_content":false,"_jetpack_memberships_contains_paid_content":false,"footnotes":"","jetpack_publicize_message":"","jetpack_publicize_feature_enabled":true,"jetpack_social_post_already_shared":true,"jetpack_social_options":{"image_generator_settings":{"template":"highway","default_image_id":0,"font":"","enabled":false},"version":2}},"categories":[4],"tags":[],"class_list":["post-7646","post","type-post","status-publish","format-standard","hentry","category-osvrti"],"acf":{"facebook_opis":""},"jetpack_publicize_connections":[],"jetpack_featured_media_url":"","jetpack_sharing_enabled":true,"jetpack-related-posts":[{"id":52502,"url":"https:\/\/historiografija.hr\/?p=52502","url_meta":{"origin":7646,"position":0},"title":"Novi znanstveni projekt Hrvatskog instituta za povijest: \u201c\u017drtve ratova i dr\u017eavnog\/politi\u010dkog nasilja u hrvatskoj povijesti 20. stolje\u0107a\u201d","author":"Branimir Jankovi\u0107","date":"17. travnja 2026.","format":false,"excerpt":"Na redovitoj sjednici Vlade RH, 16. travnja 2026., donijet je Zaklju\u010dak kojim se pokre\u0107e znanstveni projekt \u201c\u017drtve ratova i dr\u017eavnog\/politi\u010dkog nasilja u hrvatskoj povijesti 20. stolje\u0107a\u201d. Projekt \u0107e provoditi i koordinirati Hrvatski institut za povijest u razdoblju trajanja projekta od pet godina. Zakljucak Vlade RH Iz teksta projektnog prijedloga: Problematika\u2026","rel":"","context":"U &quot;Novosti&quot;","block_context":{"text":"Novosti","link":"https:\/\/historiografija.hr\/?cat=3"},"img":{"alt_text":"","src":"https:\/\/i0.wp.com\/historiografija.hr\/wp-content\/uploads\/2026\/04\/Vlada-RH.jpg?fit=1200%2C557&ssl=1&resize=350%2C200","width":350,"height":200,"srcset":"https:\/\/i0.wp.com\/historiografija.hr\/wp-content\/uploads\/2026\/04\/Vlada-RH.jpg?fit=1200%2C557&ssl=1&resize=350%2C200 1x, https:\/\/i0.wp.com\/historiografija.hr\/wp-content\/uploads\/2026\/04\/Vlada-RH.jpg?fit=1200%2C557&ssl=1&resize=525%2C300 1.5x, https:\/\/i0.wp.com\/historiografija.hr\/wp-content\/uploads\/2026\/04\/Vlada-RH.jpg?fit=1200%2C557&ssl=1&resize=700%2C400 2x, https:\/\/i0.wp.com\/historiografija.hr\/wp-content\/uploads\/2026\/04\/Vlada-RH.jpg?fit=1200%2C557&ssl=1&resize=1050%2C600 3x"},"classes":[]},{"id":52669,"url":"https:\/\/historiografija.hr\/?p=52669","url_meta":{"origin":7646,"position":1},"title":"Predavanje Igora Dude &#8220;Odmor kao \u017eivotna potreba: o slobodnom vremenu u socijalisti\u010dkoj Jugoslaviji&#8221;","author":"Branimir Jankovi\u0107","date":"27. travnja 2026.","format":false,"excerpt":"U sklopu proljetnog ciklusa programa\u00a0Kriti\u010dka dramaturgija: pauza, u\u00a0subotu, 25. travnja 2026. u 19 sati\u00a0u prostoru Udru\u017eenja hrvatskih arhitekata povjesni\u010dar Igor Duda\u00a0odr\u017eao je predavanje naslovljeno\u00a0Odmor kao \u017eivotna potreba: o slobodnom vremenu u socijalisti\u010dkoj Jugoslaviji. Industrijalizacija i urbanizacija dru\u0161tava u povijesti su zna\u010dile i prelazak s predindustrijskog na industrijsko shva\u0107anje vremena. Ono\u2026","rel":"","context":"U &quot;Novosti&quot;","block_context":{"text":"Novosti","link":"https:\/\/historiografija.hr\/?cat=3"},"img":{"alt_text":"","src":"https:\/\/i0.wp.com\/historiografija.hr\/wp-content\/uploads\/2026\/04\/Duda.png?fit=1200%2C628&ssl=1&resize=350%2C200","width":350,"height":200,"srcset":"https:\/\/i0.wp.com\/historiografija.hr\/wp-content\/uploads\/2026\/04\/Duda.png?fit=1200%2C628&ssl=1&resize=350%2C200 1x, https:\/\/i0.wp.com\/historiografija.hr\/wp-content\/uploads\/2026\/04\/Duda.png?fit=1200%2C628&ssl=1&resize=525%2C300 1.5x, https:\/\/i0.wp.com\/historiografija.hr\/wp-content\/uploads\/2026\/04\/Duda.png?fit=1200%2C628&ssl=1&resize=700%2C400 2x, https:\/\/i0.wp.com\/historiografija.hr\/wp-content\/uploads\/2026\/04\/Duda.png?fit=1200%2C628&ssl=1&resize=1050%2C600 3x"},"classes":[]},{"id":52505,"url":"https:\/\/historiografija.hr\/?p=52505","url_meta":{"origin":7646,"position":2},"title":"Izlo\u017eba &#8220;Eschenstock \/ Jasenov prut&#8221;","author":"Branimir Jankovi\u0107","date":"17. travnja 2026.","format":false,"excerpt":"Srpsko narodno vije\u0107e (SNV) i Vizura aperta postavljaju izlo\u017ebu \u0161vicarskog slikara Velimira Ili\u0161evi\u0107a: Eschenstock \/ Jasenov prut. Izlo\u017eba se uz prisustvo autora otvara povodom 81. godi\u0161njice proboja logora\u0161a iz usta\u0161kog logora smrti Jasenovac 22. aprila 2026. u 19 sati u Srpskom kulturnom centru (SKC) u Preradovi\u0107evoj ulici 21 u Zagrebu.\u2026","rel":"","context":"U &quot;Izlo\u017ebe&quot;","block_context":{"text":"Izlo\u017ebe","link":"https:\/\/historiografija.hr\/?cat=10"},"img":{"alt_text":"","src":"https:\/\/i0.wp.com\/historiografija.hr\/wp-content\/uploads\/2026\/04\/Jasenov_prut.jpg?fit=1024%2C640&ssl=1&resize=350%2C200","width":350,"height":200,"srcset":"https:\/\/i0.wp.com\/historiografija.hr\/wp-content\/uploads\/2026\/04\/Jasenov_prut.jpg?fit=1024%2C640&ssl=1&resize=350%2C200 1x, https:\/\/i0.wp.com\/historiografija.hr\/wp-content\/uploads\/2026\/04\/Jasenov_prut.jpg?fit=1024%2C640&ssl=1&resize=525%2C300 1.5x, https:\/\/i0.wp.com\/historiografija.hr\/wp-content\/uploads\/2026\/04\/Jasenov_prut.jpg?fit=1024%2C640&ssl=1&resize=700%2C400 2x"},"classes":[]},{"id":52508,"url":"https:\/\/historiografija.hr\/?p=52508","url_meta":{"origin":7646,"position":3},"title":"Glazbena radionica \u201eDUGMETARA REVISITED\u201c","author":"Branimir Jankovi\u0107","date":"17. travnja 2026.","format":false,"excerpt":"DUGMETARA REVISITED glazbena radionica vodi: Ana Horvat 13., 20. i 27. travnja, od 18 do 20 sati Radiona, Nova cesta 186 Na tri radioni\u010dka susreta uranjamo u naslje\u0111e Dugmetare, biv\u0161e tvornice dugmadi na Savskoj cesti koja je po\u010detkom 2000-ih igrom slu\u010daja postala \u017eivo, jedinstveno mjesto glazbene proizvodnje. Svoje su probe\u2026","rel":"","context":"U &quot;Novosti&quot;","block_context":{"text":"Novosti","link":"https:\/\/historiografija.hr\/?cat=3"},"img":{"alt_text":"","src":"https:\/\/i0.wp.com\/historiografija.hr\/wp-content\/uploads\/2026\/04\/TRESNJA_TRESTI.jpg?fit=380%2C475&ssl=1&resize=350%2C200","width":350,"height":200},"classes":[]},{"id":52660,"url":"https:\/\/historiografija.hr\/?p=52660","url_meta":{"origin":7646,"position":4},"title":"Medijski odjeci \u010dlanka Steve \u0110ura\u0161kovi\u0107a \u201e\u017dupanovljeva ne\u017eeljena djeca: ideolo\u0161ko pribli\u017eavanje neoliberala i kr\u0161\u0107anske radikalne desnice u Hrvatskoj\u201c","author":"Branimir Jankovi\u0107","date":"24. travnja 2026.","format":false,"excerpt":"U sklopu projekta \u201eIzazovi intelektualne povijesti: recepcije, preobrazbe i upotrebe politi\u010dkih ideja\u201c objavljen je polemi\u010dki \u010dlanak Steve \u0110ura\u0161kovi\u0107a \u201e\u017dupanovljeva ne\u017eeljena djeca: ideolo\u0161ko pribli\u017eavanje neoliberala i kr\u0161\u0107anske radikalne desnice u Hrvatskoj\u201c, koji je izazvao odre\u0111ene medijske reakcije. Stevo \u0110ura\u0161kovi\u0107 \u017dupanovljeva ne\u017eeljena djeca: ideolo\u0161ko pribli\u017eavanje neoliberala i kr\u0161\u0107anske radikalne desnice u Hrvatskoj\u2026","rel":"","context":"U &quot;Novosti&quot;","block_context":{"text":"Novosti","link":"https:\/\/historiografija.hr\/?cat=3"},"img":{"alt_text":"","src":"https:\/\/i0.wp.com\/historiografija.hr\/wp-content\/uploads\/2026\/04\/SD.png?fit=809%2C821&ssl=1&resize=350%2C200","width":350,"height":200,"srcset":"https:\/\/i0.wp.com\/historiografija.hr\/wp-content\/uploads\/2026\/04\/SD.png?fit=809%2C821&ssl=1&resize=350%2C200 1x, https:\/\/i0.wp.com\/historiografija.hr\/wp-content\/uploads\/2026\/04\/SD.png?fit=809%2C821&ssl=1&resize=525%2C300 1.5x, https:\/\/i0.wp.com\/historiografija.hr\/wp-content\/uploads\/2026\/04\/SD.png?fit=809%2C821&ssl=1&resize=700%2C400 2x"},"classes":[]},{"id":52666,"url":"https:\/\/historiografija.hr\/?p=52666","url_meta":{"origin":7646,"position":5},"title":"Najava programa Festivala povijesti Kliofest (5-8. V. 2026)","author":"Branimir Jankovi\u0107","date":"24. travnja 2026.","format":false,"excerpt":"Po trinaesti put odr\u017eava se Festival povijesti Kliofest! Do petka \u0107emo odr\u017eati osam okruglih stolova i dva kolokvija te niz predstavljanja knjiga i projekata razli\u010dite tematike, od antike do suvremenosti. Bit \u0107e predstavljeno i nekoliko izlo\u017ebi te odr\u017ean jedan povijesni kviz. Prikazat \u0107emo i jedan film \u2013 o generalu Boroevi\u0107u.\u2026","rel":"","context":"U &quot;Novosti&quot;","block_context":{"text":"Novosti","link":"https:\/\/historiografija.hr\/?cat=3"},"img":{"alt_text":"","src":"https:\/\/i0.wp.com\/historiografija.hr\/wp-content\/uploads\/2026\/04\/Kliofest-2026.jpg?fit=526%2C526&ssl=1&resize=350%2C200","width":350,"height":200,"srcset":"https:\/\/i0.wp.com\/historiografija.hr\/wp-content\/uploads\/2026\/04\/Kliofest-2026.jpg?fit=526%2C526&ssl=1&resize=350%2C200 1x, https:\/\/i0.wp.com\/historiografija.hr\/wp-content\/uploads\/2026\/04\/Kliofest-2026.jpg?fit=526%2C526&ssl=1&resize=525%2C300 1.5x"},"classes":[]}],"_links":{"self":[{"href":"https:\/\/historiografija.hr\/index.php?rest_route=\/wp\/v2\/posts\/7646","targetHints":{"allow":["GET"]}}],"collection":[{"href":"https:\/\/historiografija.hr\/index.php?rest_route=\/wp\/v2\/posts"}],"about":[{"href":"https:\/\/historiografija.hr\/index.php?rest_route=\/wp\/v2\/types\/post"}],"author":[{"embeddable":true,"href":"https:\/\/historiografija.hr\/index.php?rest_route=\/wp\/v2\/users\/2"}],"replies":[{"embeddable":true,"href":"https:\/\/historiografija.hr\/index.php?rest_route=%2Fwp%2Fv2%2Fcomments&post=7646"}],"version-history":[{"count":1,"href":"https:\/\/historiografija.hr\/index.php?rest_route=\/wp\/v2\/posts\/7646\/revisions"}],"predecessor-version":[{"id":7647,"href":"https:\/\/historiografija.hr\/index.php?rest_route=\/wp\/v2\/posts\/7646\/revisions\/7647"}],"wp:attachment":[{"href":"https:\/\/historiografija.hr\/index.php?rest_route=%2Fwp%2Fv2%2Fmedia&parent=7646"}],"wp:term":[{"taxonomy":"category","embeddable":true,"href":"https:\/\/historiografija.hr\/index.php?rest_route=%2Fwp%2Fv2%2Fcategories&post=7646"},{"taxonomy":"post_tag","embeddable":true,"href":"https:\/\/historiografija.hr\/index.php?rest_route=%2Fwp%2Fv2%2Ftags&post=7646"}],"curies":[{"name":"wp","href":"https:\/\/api.w.org\/{rel}","templated":true}]}}