{"id":7628,"date":"2017-12-21T21:55:46","date_gmt":"2017-12-21T21:55:46","guid":{"rendered":"http:\/\/historiografija.hr\/?p=7628"},"modified":"2017-12-21T22:41:27","modified_gmt":"2017-12-21T22:41:27","slug":"wilhelm-kuehs-biografski-roman-dianas-liste-dijanina-lista","status":"publish","type":"post","link":"https:\/\/historiografija.hr\/?p=7628","title":{"rendered":"Wilhelm Kuehs, biografski roman \u201cDianas Liste\u201d \/ \u201cDijanina lista\u201d"},"content":{"rendered":"<p>Austrijski autor Wilhelm Kuehs objavio je 2017. godine biografski roman \u201cDianas Liste\u201d koji je ubrzo objavljen u srpskom izdanju kao \u201cDijanina lista\u201d, a\u00a0nadamo se\u00a0da \u0107e zbog znatnog interesa za Dianu Budisavljevi\u0107 izazvati\u00a0odgovaraju\u0107e zanimanje i u Hrvatskoj.<\/p>\n<p>&nbsp;<\/p>\n<p>&nbsp;<\/p>\n<p>&#8212;<\/p>\n<p>&nbsp;<\/p>\n<p>&nbsp;<\/p>\n<p>Wilhelm Kuehs<\/p>\n<p>&nbsp;<\/p>\n<p>&nbsp;<\/p>\n<p><strong>Dianas Liste<\/strong><\/p>\n<p>&nbsp;<\/p>\n<p>&nbsp;<\/p>\n<p><strong>Ein biografischer Roman<\/strong><\/p>\n<p>&nbsp;<\/p>\n<p>&nbsp;<\/p>\n<p>2017 Tyrolia Innsbruck<\/p>\n<p>&nbsp;<\/p>\n<p>&nbsp;<\/p>\n<p>264 Seiten<\/p>\n<p>&nbsp;<\/p>\n<p>&nbsp;<\/p>\n<p>\u201eIch wollte, dass geholfen werde, wo immer es m\u00f6glich war\u201c Diana Budisavljevi\u0107<\/p>\n<p>&nbsp;<\/p>\n<p>&nbsp;<\/p>\n<p>Sie rettete tausende Kinder aus den Konzentrationslagern der kroatischen Usta\u0161a. Doch Diana Budisavljevi\u0107 ist heute fast vergessen. Als Diana Obexer in Innsbruck geboren, ging sie die der Liebe wegen nach Kroatien. Dort fand sie mitten im Grauen des Zweiten Weltkrieges ihre Bestimmung. Mit Mut, Beharrlichkeit und oft unter Lebensgefahr bewahrten Diana und ihre Helfer die Kinder vor dem sicheren Tod in den Lagern. \u201eDianas Liste\u201c erz\u00e4hlt die Geschichte dieser au\u00dfergew\u00f6hnlichen Heldin.<\/p>\n<p>&nbsp;<\/p>\n<p>&nbsp;<\/p>\n<p><a href=\"https:\/\/www.tyroliaverlag.at\/list\/978-3-7022-3597-0\">https:\/\/www.tyroliaverlag.at\/list\/978-3-7022-3597-0<\/a><\/p>\n<p>&nbsp;<\/p>\n<p>&nbsp;<\/p>\n<p><a href=\"https:\/\/derstandard.at\/2000054167289\/Dianas-Liste-Die-Buchfuehrung-des-Ueberlebens\">https:\/\/derstandard.at\/2000054167289\/Dianas-Liste-Die-Buchfuehrung-des-Ueberlebens<\/a><\/p>\n<p>&nbsp;<\/p>\n<p>&nbsp;<\/p>\n<p><a href=\"http:\/\/www.innsbruckinformiert.at\/dianas-liste\">http:\/\/www.innsbruckinformiert.at\/dianas-liste<\/a><\/p>\n<p>&nbsp;<\/p>\n<p>&nbsp;<\/p>\n<p>&#8212;<\/p>\n<p>&nbsp;<\/p>\n<p>&nbsp;<\/p>\n<p>SAMIZDAT<\/p>\n<p>&nbsp;<\/p>\n<p>&nbsp;<\/p>\n<p>Vilhelm Kues<\/p>\n<p>&nbsp;<\/p>\n<p><strong>Dijanina lista: biografski roman<\/strong><\/p>\n<p>&nbsp;<\/p>\n<p>&nbsp;<\/p>\n<p>Beograd 2017.<\/p>\n<p>&nbsp;<\/p>\n<p>&nbsp;<\/p>\n<p>S njema\u010dkoga prevela Du\u0161ica Milojkovi\u0107<\/p>\n<p>&nbsp;<\/p>\n<p>Predgovor: istori\u010dar Milan Koljanin<\/p>\n<p>&nbsp;<\/p>\n<p>Broj strana: 220<\/p>\n<p>&nbsp;<\/p>\n<p>&nbsp;<\/p>\n<p>&nbsp;<\/p>\n<p>Knjiga Vilhelma Kuesa Dijanina lista pri\u010da istinitu pri\u010du o izuzetnoj \u017eeni Dijani Budisavljevi\u0107, koja je tokom Drugog svetskog rata sprovela jednu od najve\u0107ih humanitarnih akcija ne samo na tlu podeljene i okupirane Jugoslavije nego i u Evropi pod okupacijom ili dominacijom nacisti\u010dke Nema\u010dke. Re\u010d je o akciji spasavanja vi\u0161e hiljada srpske dece iz logora Nezavisne Dr\u017eave Hrvatske.<\/p>\n<p>&nbsp;<\/p>\n<p>&nbsp;<\/p>\n<p>Akcija spasavanja srpske dece iz usta\u0161kih logora u svom punom obimu otpo\u010dela je posle operacije nema\u010dkih i snaga NDH u Bosanskoj Krajini i na Kozari, u junu i julu 1942. Posle u\u017easnih pokolja tokom same operacije, desetine hiljada osoba svih uzrasta je deportovano u Jasenovac, najve\u0107i usta\u0161ki koncentracioni logor. Veliki broj zato\u010denika je odmah ubijen, dok je jedan broj mu\u0161karaca i \u017eena upu\u0107en u logore u Nema\u010dkoj ili Norve\u0161koj, direktno ili preko logora na Beogradskom sajmi\u0161tu. Od \u017eena su pre deportovanja oduzeta deca, \u010dak iako se radilo o sasvim malim bebama. Tako se po\u010detkom leta 1942. u usta\u0161kim logorima u Jasenovcu, Staroj Gradi\u0161ki i okolini na\u0161lo vi\u0161e hiljada srpske dece odvojene od roditelja, me\u0111u kojom je ubrzo nastao pomor od gladi i bolesti. Velika grupa dece je usmr\u0107ena otrovnim gasom u logoru Stara Gradi\u0161ka. Potpuno uni\u0161tenje ovih malih zato\u010denika spre\u010dila je akcija koju je vodila Dijana Budisavljevi\u0107, tada ve\u0107 sa \u0161irokim krugom saradnika.<\/p>\n<p>&nbsp;<\/p>\n<p>&nbsp;<\/p>\n<p>Odmah nakon rata pripadnici OZNA-e od Dijane Budisavljevi\u0107 oduzimaju kompletnu bri\u017eljivo vo\u0111enu kartoteku s fotografijama, te joj zabranjuju dalji rad.<\/p>\n<p>&nbsp;<\/p>\n<p>&nbsp;<\/p>\n<p>Vilhelm Kues je uspeo verno da do\u010dara ono \u0161to je bilo osnovno: atmosferu masovnih progona i smrti. Njegova knjiga ima izuzetan zna\u010daj za upoznavanje \u0161iroke javnosti s jednim tako va\u017enim humanitarnim poduhvatom kakav je spasavanje srpske dece iz usta\u0161kih logora.<\/p>\n<p>&nbsp;<\/p>\n<p>&nbsp;<\/p>\n<p>Fantasti\u010dan intervju s autorom knjige mo\u017eete pogledati klikom ovde:<\/p>\n<p>&nbsp;<\/p>\n<p>&nbsp;<\/p>\n<p><a href=\"http:\/\/rs.n1info.com\/a338996\/Video\/Info\/N1-intervju-Vilhelm-Kues.html\">http:\/\/rs.n1info.com\/a338996\/Video\/Info\/N1-intervju-Vilhelm-Kues.html<\/a><\/p>\n<p>&nbsp;<\/p>\n<p>&nbsp;<\/p>\n<p>Izvor: <a href=\"https:\/\/samizdatb92.rs\/975fcbbf-919b-446c-bdb9-27cc5a0ea90b\/Dijanina-lista.aspx#.Wjwj3GNy5es\">https:\/\/samizdatb92.rs\/975fcbbf-919b-446c-bdb9-27cc5a0ea90b\/Dijanina-lista.aspx#.Wjwj3GNy5es<\/a><\/p>\n<p>&nbsp;<\/p>\n<p>&nbsp;<\/p>\n<p><strong>Dodatne informacije:<\/strong><\/p>\n<p>&nbsp;<\/p>\n<p><a href=\"https:\/\/www.b92.net\/kultura\/vesti.php?nav_category=272&amp;yyyy=2017&amp;mm=10&amp;nav_id=1318471\">https:\/\/www.b92.net\/kultura\/vesti.php?nav_category=272&amp;yyyy=2017&amp;mm=10&amp;nav_id=1318471<\/a><\/p>\n<p>&nbsp;<\/p>\n<p><a href=\"https:\/\/www.b92.net\/kultura\/vesti.php?nav_category=272&amp;yyyy=2017&amp;mm=10&amp;dd=19&amp;nav_id=1315837\">https:\/\/www.b92.net\/kultura\/vesti.php?nav_category=272&amp;yyyy=2017&amp;mm=10&amp;dd=19&amp;nav_id=1315837<\/a><\/p>\n<p>&nbsp;<\/p>\n<p><a href=\"http:\/\/www.danas.rs\/kultura.11.html?news_id=360379&amp;title=Holokaust+je+rana+koja+mo%C5%BEda+nikada+ne%C4%87e+zaceliti\">http:\/\/www.danas.rs\/kultura.11.html?news_id=360379&amp;title=Holokaust+je+rana+koja+mo%C5%BEda+nikada+ne%C4%87e+zaceliti<\/a><\/p>\n<p>&nbsp;<\/p>\n<p><a href=\"http:\/\/www.tanjug.rs\/multimedia.aspx?izb=v&amp;&amp;GalID=320683\">http:\/\/www.tanjug.rs\/multimedia.aspx?izb=v&amp;&amp;GalID=320683<\/a><\/p>\n<p>&nbsp;<\/p>\n<p><a href=\"https:\/\/naslovi.net\/2017-10-28\/dnevnik\/kues-zasto-je-diana-budisavljevic-tako-sramno-precutana\/20657977\">https:\/\/naslovi.net\/2017-10-28\/dnevnik\/kues-zasto-je-diana-budisavljevic-tako-sramno-precutana\/20657977<\/a><\/p>\n<p>&nbsp;<\/p>\n<p><a href=\"https:\/\/www.vecernji.hr\/kultura\/prica-diane-budisavljevic-govori-o-gra-anima-a-ne-o-ustasama-ili-partizanima-1203580\">https:\/\/www.vecernji.hr\/kultura\/prica-diane-budisavljevic-govori-o-gra-anima-a-ne-o-ustasama-ili-partizanima-1203580<\/a><\/p>\n<p>&nbsp;<\/p>\n<p>&nbsp;<\/p>\n","protected":false},"excerpt":{"rendered":"","protected":false},"author":2,"featured_media":7629,"comment_status":"open","ping_status":"open","sticky":false,"template":"","format":"standard","meta":{"_acf_changed":false,"jetpack_post_was_ever_published":false,"_jetpack_newsletter_access":"","_jetpack_dont_email_post_to_subs":false,"_jetpack_newsletter_tier_id":0,"_jetpack_memberships_contains_paywalled_content":false,"_jetpack_memberships_contains_paid_content":false,"footnotes":"","jetpack_publicize_message":"","jetpack_publicize_feature_enabled":true,"jetpack_social_post_already_shared":true,"jetpack_social_options":{"image_generator_settings":{"template":"highway","default_image_id":0,"font":"","enabled":false},"version":2}},"categories":[3,12],"tags":[],"class_list":["post-7628","post","type-post","status-publish","format-standard","has-post-thumbnail","hentry","category-novosti","category-knjizevnost"],"acf":{"facebook_opis":""},"jetpack_publicize_connections":[],"jetpack_featured_media_url":"https:\/\/i0.wp.com\/historiografija.hr\/wp-content\/uploads\/2017\/12\/Dijanina-lista.jpg?fit=1524%2C2669&ssl=1","jetpack_sharing_enabled":true,"jetpack-related-posts":[{"id":52607,"url":"https:\/\/historiografija.hr\/?p=52607","url_meta":{"origin":7628,"position":0},"title":"No\u0107 knjige: Kako je prije 410 godina smr\u0107u Shakespearea i Cervantesa zavr\u0161ilo razdoblje renesanse u knji\u017eevnosti","author":"Branimir Jankovi\u0107","date":"22. travnja 2026.","format":false,"excerpt":"\u010cetvrtak, 23. travnja 2026. u 18:00 sati, Knji\u017eara Matice hrvatske, Ulica Matice hrvatske 2, Zagreb Uvodna rije\u010d: dr. sc.\u00a0Dubravka Brezak Stama\u0107, pro\u010delnica Odjela za knji\u017eevnost Matice hrvatske Prof. dr. sc. Ivan Lupi\u0107, redoviti profesor u Odsjeku za anglistiku i Odsjeku za kroatistiku Sveu\u010dili\u0161ta u RijeciShakespeare, kazali\u0161te, glazbaKada se susre\u0107emo sa\u2026","rel":"","context":"U &quot;Novosti&quot;","block_context":{"text":"Novosti","link":"https:\/\/historiografija.hr\/?cat=3"},"img":{"alt_text":"","src":"https:\/\/i0.wp.com\/historiografija.hr\/wp-content\/uploads\/2026\/04\/noc_knjige_2026.jpg?fit=680%2C276&ssl=1&resize=350%2C200","width":350,"height":200,"srcset":"https:\/\/i0.wp.com\/historiografija.hr\/wp-content\/uploads\/2026\/04\/noc_knjige_2026.jpg?fit=680%2C276&ssl=1&resize=350%2C200 1x, https:\/\/i0.wp.com\/historiografija.hr\/wp-content\/uploads\/2026\/04\/noc_knjige_2026.jpg?fit=680%2C276&ssl=1&resize=525%2C300 1.5x"},"classes":[]},{"id":52536,"url":"https:\/\/historiografija.hr\/?p=52536","url_meta":{"origin":7628,"position":1},"title":"Kader Abdolah, \u201ePrije nego \u0161to bude kasno\u201c","author":"Branimir Jankovi\u0107","date":"20. travnja 2026.","format":false,"excerpt":"Kader Abdolah \u017eeli se vratiti ku\u0107i. Ali povratak je nemogu\u0107: u Iranu bi bio uhap\u0161en. Pod la\u017enim imenom i s krivotvorenim paso\u0161em ipak uspijeva u\u0107i u domovinu i sti\u017ee do roditeljske ku\u0107e, visoko u planinama. Majka ga ne prepoznaje, otac je mrtav, a sve \u0161to je tra\u017eio izmi\u010de mu pred\u2026","rel":"","context":"U &quot;Novosti&quot;","block_context":{"text":"Novosti","link":"https:\/\/historiografija.hr\/?cat=3"},"img":{"alt_text":"","src":"https:\/\/i0.wp.com\/historiografija.hr\/wp-content\/uploads\/2026\/04\/Prije-nego-sto-bude-kasno.webp?fit=566%2C872&ssl=1&resize=350%2C200","width":350,"height":200,"srcset":"https:\/\/i0.wp.com\/historiografija.hr\/wp-content\/uploads\/2026\/04\/Prije-nego-sto-bude-kasno.webp?fit=566%2C872&ssl=1&resize=350%2C200 1x, https:\/\/i0.wp.com\/historiografija.hr\/wp-content\/uploads\/2026\/04\/Prije-nego-sto-bude-kasno.webp?fit=566%2C872&ssl=1&resize=525%2C300 1.5x"},"classes":[]},{"id":52657,"url":"https:\/\/historiografija.hr\/?p=52657","url_meta":{"origin":7628,"position":2},"title":"[Predavanje] Jezik i drugost u (post)socijalisti\u010dkoj Srbiji: diskurzivne politike identiteta (YugoLab)","author":"Branimir Jankovi\u0107","date":"24. travnja 2026.","format":false,"excerpt":"U sklopu projekta Prizma \/ IMAGINATION (\u201eZami\u0161ljanje nacije: srpski nacionalni narativi u sporu (XX\u2013XXI vek)\u201c), koji se realizuje na Institutu za filozofiju i dru\u0161tvenu teoriju Univerziteta u Beogradu (2024\u20132027) uz finansijsku podr\u0161ku Fonda za nauku Republike Srbije, organizuje se serija predavanja na kojoj istra\u017eiva\u010di i istra\u017eiva\u010dice projekta predstavljaju rezultate svojih\u2026","rel":"","context":"U &quot;Novosti&quot;","block_context":{"text":"Novosti","link":"https:\/\/historiografija.hr\/?cat=3"},"img":{"alt_text":"","src":"https:\/\/i0.wp.com\/historiografija.hr\/wp-content\/uploads\/2026\/04\/IFDT_28_IV.png?fit=1200%2C675&ssl=1&resize=350%2C200","width":350,"height":200,"srcset":"https:\/\/i0.wp.com\/historiografija.hr\/wp-content\/uploads\/2026\/04\/IFDT_28_IV.png?fit=1200%2C675&ssl=1&resize=350%2C200 1x, https:\/\/i0.wp.com\/historiografija.hr\/wp-content\/uploads\/2026\/04\/IFDT_28_IV.png?fit=1200%2C675&ssl=1&resize=525%2C300 1.5x, https:\/\/i0.wp.com\/historiografija.hr\/wp-content\/uploads\/2026\/04\/IFDT_28_IV.png?fit=1200%2C675&ssl=1&resize=700%2C400 2x, https:\/\/i0.wp.com\/historiografija.hr\/wp-content\/uploads\/2026\/04\/IFDT_28_IV.png?fit=1200%2C675&ssl=1&resize=1050%2C600 3x"},"classes":[]},{"id":52666,"url":"https:\/\/historiografija.hr\/?p=52666","url_meta":{"origin":7628,"position":3},"title":"Najava programa Festivala povijesti Kliofest (5-8. V. 2026)","author":"Branimir Jankovi\u0107","date":"24. travnja 2026.","format":false,"excerpt":"Po trinaesti put odr\u017eava se Festival povijesti Kliofest! Do petka \u0107emo odr\u017eati osam okruglih stolova i dva kolokvija te niz predstavljanja knjiga i projekata razli\u010dite tematike, od antike do suvremenosti. Bit \u0107e predstavljeno i nekoliko izlo\u017ebi te odr\u017ean jedan povijesni kviz. Prikazat \u0107emo i jedan film \u2013 o generalu Boroevi\u0107u.\u2026","rel":"","context":"U &quot;Novosti&quot;","block_context":{"text":"Novosti","link":"https:\/\/historiografija.hr\/?cat=3"},"img":{"alt_text":"","src":"https:\/\/i0.wp.com\/historiografija.hr\/wp-content\/uploads\/2026\/04\/Kliofest-2026.jpg?fit=526%2C526&ssl=1&resize=350%2C200","width":350,"height":200,"srcset":"https:\/\/i0.wp.com\/historiografija.hr\/wp-content\/uploads\/2026\/04\/Kliofest-2026.jpg?fit=526%2C526&ssl=1&resize=350%2C200 1x, https:\/\/i0.wp.com\/historiografija.hr\/wp-content\/uploads\/2026\/04\/Kliofest-2026.jpg?fit=526%2C526&ssl=1&resize=525%2C300 1.5x"},"classes":[]},{"id":52505,"url":"https:\/\/historiografija.hr\/?p=52505","url_meta":{"origin":7628,"position":4},"title":"Izlo\u017eba &#8220;Eschenstock \/ Jasenov prut&#8221;","author":"Branimir Jankovi\u0107","date":"17. travnja 2026.","format":false,"excerpt":"Srpsko narodno vije\u0107e (SNV) i Vizura aperta postavljaju izlo\u017ebu \u0161vicarskog slikara Velimira Ili\u0161evi\u0107a: Eschenstock \/ Jasenov prut. Izlo\u017eba se uz prisustvo autora otvara povodom 81. godi\u0161njice proboja logora\u0161a iz usta\u0161kog logora smrti Jasenovac 22. aprila 2026. u 19 sati u Srpskom kulturnom centru (SKC) u Preradovi\u0107evoj ulici 21 u Zagrebu.\u2026","rel":"","context":"U &quot;Izlo\u017ebe&quot;","block_context":{"text":"Izlo\u017ebe","link":"https:\/\/historiografija.hr\/?cat=10"},"img":{"alt_text":"","src":"https:\/\/i0.wp.com\/historiografija.hr\/wp-content\/uploads\/2026\/04\/Jasenov_prut.jpg?fit=1024%2C640&ssl=1&resize=350%2C200","width":350,"height":200,"srcset":"https:\/\/i0.wp.com\/historiografija.hr\/wp-content\/uploads\/2026\/04\/Jasenov_prut.jpg?fit=1024%2C640&ssl=1&resize=350%2C200 1x, https:\/\/i0.wp.com\/historiografija.hr\/wp-content\/uploads\/2026\/04\/Jasenov_prut.jpg?fit=1024%2C640&ssl=1&resize=525%2C300 1.5x, https:\/\/i0.wp.com\/historiografija.hr\/wp-content\/uploads\/2026\/04\/Jasenov_prut.jpg?fit=1024%2C640&ssl=1&resize=700%2C400 2x"},"classes":[]},{"id":52569,"url":"https:\/\/historiografija.hr\/?p=52569","url_meta":{"origin":7628,"position":5},"title":"[Predavanje] Ne \u010dekaju\u0107i inspiraciju \u2013 anga\u017eovane intelektualne, kulturalne i umetni\u010dke prakse u me\u0111uratnom periodu: teorija i praksa kriti\u010dke levice u jugoslovenskoj kulturi (YugoLab)","author":"Branimir Jankovi\u0107","date":"21. travnja 2026.","format":false,"excerpt":"U vreme agresivnog ja\u010danja globalne desnice, (pro)fa\u0161isti\u010dkih, rasisti\u010dkih i imperijalisti\u010dkih politika, dok je istovremeno globalna levica izrazito slaba, a progresivni pokreti atomizirani i fragmentisani, va\u017eno je iz savremene perspektive vratiti se revolucionarnim i emancipatorskim zbivanjima u jugoslovenskom (ali i s njima u vezi internacionalnim de\u0161avanjima), kao i dru\u0161tvenoj ulozi kulturalnih\u2026","rel":"","context":"U &quot;Novosti&quot;","block_context":{"text":"Novosti","link":"https:\/\/historiografija.hr\/?cat=3"},"img":{"alt_text":"","src":"","width":0,"height":0},"classes":[]}],"_links":{"self":[{"href":"https:\/\/historiografija.hr\/index.php?rest_route=\/wp\/v2\/posts\/7628","targetHints":{"allow":["GET"]}}],"collection":[{"href":"https:\/\/historiografija.hr\/index.php?rest_route=\/wp\/v2\/posts"}],"about":[{"href":"https:\/\/historiografija.hr\/index.php?rest_route=\/wp\/v2\/types\/post"}],"author":[{"embeddable":true,"href":"https:\/\/historiografija.hr\/index.php?rest_route=\/wp\/v2\/users\/2"}],"replies":[{"embeddable":true,"href":"https:\/\/historiografija.hr\/index.php?rest_route=%2Fwp%2Fv2%2Fcomments&post=7628"}],"version-history":[{"count":4,"href":"https:\/\/historiografija.hr\/index.php?rest_route=\/wp\/v2\/posts\/7628\/revisions"}],"predecessor-version":[{"id":7643,"href":"https:\/\/historiografija.hr\/index.php?rest_route=\/wp\/v2\/posts\/7628\/revisions\/7643"}],"wp:featuredmedia":[{"embeddable":true,"href":"https:\/\/historiografija.hr\/index.php?rest_route=\/wp\/v2\/media\/7629"}],"wp:attachment":[{"href":"https:\/\/historiografija.hr\/index.php?rest_route=%2Fwp%2Fv2%2Fmedia&parent=7628"}],"wp:term":[{"taxonomy":"category","embeddable":true,"href":"https:\/\/historiografija.hr\/index.php?rest_route=%2Fwp%2Fv2%2Fcategories&post=7628"},{"taxonomy":"post_tag","embeddable":true,"href":"https:\/\/historiografija.hr\/index.php?rest_route=%2Fwp%2Fv2%2Ftags&post=7628"}],"curies":[{"name":"wp","href":"https:\/\/api.w.org\/{rel}","templated":true}]}}