{"id":7612,"date":"2017-12-20T12:59:08","date_gmt":"2017-12-20T12:59:08","guid":{"rendered":"http:\/\/historiografija.hr\/?p=7612"},"modified":"2017-12-20T12:59:08","modified_gmt":"2017-12-20T12:59:08","slug":"icty-symposium-final-reflections-on-the-icty","status":"publish","type":"post","link":"https:\/\/historiografija.hr\/?p=7612","title":{"rendered":"ICTY Symposium: Final Reflections on the ICTY"},"content":{"rendered":"<p>U ponedjeljak, 18. prosinca 2017. u Hagu je odr\u017ean simpozij o zna\u010denju i naslje\u0111u Me\u0111unarodnog kaznenog suda za biv\u0161u Jugoslaviju na kojem je sudjelovao povjesni\u010dar Hrvoje Klasi\u0107.<\/p>\n<p><strong>\u00a0<\/strong><\/p>\n<p><strong>&#8212;<\/strong><\/p>\n<p><strong>\u00a0<\/strong><\/p>\n<p>At the present time, it appears more relevant than ever for the international community to reflect on why international criminal courts and tribunals are needed, what they can contribute and whether they make a difference. The efforts, achievements and challenges of the International Criminal Tribunal for the former Yugoslavia (ICTY or Tribunal) provide rich material with which to answer these questions.<\/p>\n<p>As one of the key events in the <em>ICTY Legacy Dialogues<\/em> series, and on the eve of its closure, the Tribunal will hold a final symposium on Monday, 18 December 2017 in The\u00a0Hague at the Leiden University\u2019s The Hague Campus. This occasion will provide participants and attendees with an invaluable opportunity to discuss and address the contributions that the ICTY has made during its 24 years of existence in three key areas:<\/p>\n<ul>\n<li>Contribution to international criminal courts and tribunals;<\/li>\n<li>Contribution to the region of the former Yugoslavia; and<\/li>\n<li>Contribution to international criminal law.<\/li>\n<\/ul>\n<p>In reflecting on these contributions, it is envisaged that two aims will be achieved. First, a picture will emerge of why international criminal courts and tribunals are needed and what they can contribute both to the international community and to the communities around the world affected by genocide, crimes against humanity and war crimes. Second, the symposium will provide an opportunity for rigorous and analytical discussion about what will constitute the core of the Tribunal\u2019s legacy. By facilitating dialogue between a variety of stakeholders, it is hoped that dynamic and lively debate will emerge, and a range of views will be both voiced and challenged.<\/p>\n<p>Overall, the goal is to go beyond \u201ctaking stock\u201d of what the ICTY has achieved, and examine what its continued, broader significance will be in the future and how its legacy can be carried forward.<\/p>\n<p>&nbsp;<\/p>\n<p>&nbsp;<\/p>\n<p><strong>Agenda<\/strong><\/p>\n<p>9:00-9:30<\/p>\n<p><strong>Symposium Inauguration<\/strong><\/p>\n<ul>\n<li>Address by <strong>Saskia Bruines, <\/strong>Deputy Mayor for Knowledge Economy, International Affairs, Youth and Education, City of The Hague, on <em>\u2018Contemporary relevance of international courts and tribunals after the ICTY\u2019<\/em><\/li>\n<li>Remarks by <strong>Judge Carmel Agius<\/strong>, President of the International Criminal Tribunal for the former Yugoslavia (ICTY)<\/li>\n<li>Remarks by<strong> Carsten Stahn<\/strong>, Professor of International Criminal Law and Global Justice and Programme Director of the Grotius Centre, Leiden University<\/li>\n<\/ul>\n<p>9:30-11:00<\/p>\n<p><strong>Panel I: Discussion on ICTY\u2019s Contribution to International Criminal Courts and Tribunals<\/strong><\/p>\n<p>A defining feature of the ICTY\u2019s work over its 24-year history has been its role in constructing \u201cfrom the ground up\u201d a set of working practices for the developing field of international criminal law. In breaking new ground as the first tribunal of its kind since the Nuremberg and Tokyo Trials after World War\u00a0II, the ICTY has accumulated a wealth of practical knowledge and experience which is of significant value to other international criminal courts and tribunals. This panel will provide an opportunity to discuss the Tribunal\u2019s pioneering efforts and practical impact, and to debate the most important lessons that can be learnt by other international criminal courts and tribunals. Following some introductory remarks from the moderator, the panel will address various substantive areas in turn, allowing each panellist to share reflections on how their unique respective experiences with the ICTY were carried forward to other institutions. At the end of the session there will be time for questions from the audience.<\/p>\n<p>Moderator:<\/p>\n<p><strong>John Hocking<\/strong>, Registrar of the ICTY<\/p>\n<p>Panellists:<\/p>\n<ul>\n<li><strong>Judge Elizabeth Odio-Benito<\/strong>, Judge at the Inter-American Court of Human Rights, former Judge at the ICTY and the International Criminal Court (ICC)<\/li>\n<li><strong>Colleen Rohan<\/strong>, President of the Association of Defence Counsel Practicing Before International Courts and Tribunals<\/li>\n<li><strong>Mark Harmon<\/strong>, former International Co-Investigating Judge at the Extraordinary Chambers in the Courts of Cambodia and former Senior Trial Attorney at the ICTY Office of the Prosecutor<\/li>\n<li><strong>Martin Petrov<\/strong>, former Chief of Office of the Registrar of the ICTY<\/li>\n<\/ul>\n<p>11:15-12:45<\/p>\n<p><strong>Panel II: Discussion on ICTY\u2019s Contribution to the Region<\/strong><\/p>\n<p>The fundamental \u2013 and frank \u2013 questions underpinning this panel discussion are: \u201cWhat is the significance of the Tribunal\u2019s work in the region of the former Yugoslavia?\u201d and \u201cHow can other international courts and tribunals best make use of the Tribunal\u2019s experience in dealing with their own affected regions?\u201d It is with these questions in mind that the panel will discuss three distinct elements of the ICTY\u2019s work pertaining to the region. The first of these is the Tribunal\u2019s mandate, namely what it was meant to achieve in the region \u2013 and conversely what it was not meant to achieve and never could have achieved, given its nature as a court of law and how to better manage expectations of affected communities. Second, with reference to the experience of the ICTY, the panel will discuss the nature and extent of the contribution that an international court or tribunal is capable of making in creating an historical record and thereby preventing denial of the facts. Finally, the panel will discuss the ICTY\u2019s experience and contribution to the region through cooperation with national authorities and legal systems, referral of cases, enforcement of arrest warrants, and capacity building.<\/p>\n<p>Moderator:<\/p>\n<p><strong>David Scheffer<\/strong>, Professor of Law at Northwestern University and former United States Ambassador at Large for War Crimes Issues<\/p>\n<p>Panellists:<\/p>\n<ul>\n<li><strong>Aleksandar Konti\u0107<\/strong>, former Legal Officer, Immediate Office of the ICTY Prosecutor<\/li>\n<li><strong>Lord Paddy Ashdown<\/strong>, former High Representative for Bosnia and Herzegovina<\/li>\n<li><strong>Nerma Jela\u010di\u0107<\/strong>, Deputy Director, Commission for International Justice and Accountability and former Head of Communications, ICTY<\/li>\n<li><strong>Hrvoje Klasi\u0107<\/strong>, Assistant Professor at the Department of History, University of Zagreb<\/li>\n<li><strong>Jelena Krsti\u0107<\/strong>, Outreach and Fundraising Director, Humanitarian Law Center<\/li>\n<\/ul>\n<p>12:45-14:15<\/p>\n<p><strong>Screening Premiere: Final ICTY Documentary \u201c<em>No Room for Denial<\/em>\u201d<\/strong><\/p>\n<p>Introductory Remarks by ICTY Registrar John Hocking<\/p>\n<p>14:15-16:15<\/p>\n<p><strong>Panel III: Discussion on ICTY\u2019s Contribution to International Criminal Law<\/strong><\/p>\n<p>The Tribunal has made enormous contributions to the development of international criminal law and international humanitarian law, not only through its jurisprudence but also its procedure and practice. In many ways, it was tasked with \u201cfilling the gaps\u201d in its own Statute, as well as in the international community\u2019s understanding of certain crimes and modes of criminal liability. These contributions can be broadly organised into three sub-topics. First, the ICTY has been a pioneer in defining modes of criminal responsibility. Second, the Tribunal has fleshed out the elements of several crimes under international law, clarifying various definitions and the factual scenarios in which they apply. Third, the ICTY has made significant achievements in relation to international criminal procedure. For each sub-topic, two panel members will have a moderated discussion contrasting different aspects of these contributions to international criminal law.<\/p>\n<p>Moderator:<\/p>\n<p><strong>Patricia Sellers<\/strong>, Special Advisor for Gender\u00a0to the Office of the Prosecutor of the ICC and Visiting Fellow, Kellogg College, Oxford University<\/p>\n<p>Panellists:<\/p>\n<ul>\n<li><strong>Judge<\/strong> <strong>Alphons Orie<\/strong>, Judge of the Mechanism for International Criminal Tribunals (Mechanism) and former ICTY Judge<\/li>\n<li><strong>G\u00f6ran Sluiter<\/strong>, Professor of International Criminal Law and Procedure, University of Amsterdam<\/li>\n<li><strong>Judge Fausto Pocar<\/strong>, <em>ad hoc<\/em> Judge at the International Court of Justice and former Judge and President of the ICTY<\/li>\n<li><strong>William Schabas<\/strong>, Professor of International Criminal Law and Human Rights, Leiden University<\/li>\n<li><strong>Catherine Marchi-Uhel<\/strong>, Head of the International Impartial and Independent Mechanism\u00a0on Syria and former Head of ICTY Chambers<\/li>\n<li><strong>Steven Hill,<\/strong> Legal Adviser and Director of Legal Affairs at the North Atlantic Treaty Organization (TBC)<\/li>\n<\/ul>\n<p>16:30-18:00<\/p>\n<p><strong>Closing Session on the Future of International Criminal Justice<\/strong><\/p>\n<p>Whereas the first three panel discussions of the day will consider the Tribunal\u2019s contributions to international criminal courts and tribunals, the former Yugoslavia, and international criminal law, this final part of the symposium programme will focus on the universality of the Tribunal\u2019s work. Each speaker will deliver a short but emphatic statement on the importance of international criminal courts and tribunals \u2013 particularly in today\u2019s political climate \u2013 and the significance of the ICTY\u2019s work on a global level. This panel event will be an opportunity for speakers to offer ideas and reflections that may serve as inspiration for the future, going beyond the field of law. This will be a truly inspirational and impactful end to the day\u2019s events, and a fitting way to conclude the last ever symposium to be hosted by the Tribunal.<\/p>\n<p>Moderator:<\/p>\n<p><strong>Karim\u00a0A.\u00a0A.\u00a0Khan\u00a0QC<\/strong>, President of the ICC Bar Association<\/p>\n<p>Panellists:<\/p>\n<ul>\n<li><strong>Judge Christoph Fl\u00fcgge<\/strong>, Judge of the Mechanism and former ICTY Judge<\/li>\n<li><strong>Judge Theodor Meron<\/strong>, President of the Mechanism and former Judge and President of the ICTY<\/li>\n<li><strong>Diane Orentlicher<\/strong>, Professor of International Law, Washington College of Law, American University<\/li>\n<li><strong>Judge Silvia Fern\u00e1ndez de Gurmendi<\/strong>, President of the ICC<\/li>\n<li><strong>Serge Brammertz<\/strong>, Prosecutor of the ICTY and Mechanism<\/li>\n<\/ul>\n<p>&nbsp;<\/p>\n<p><a href=\"http:\/\/www.icty.org\/en\/in-focus\/icty-legacy-dialogues\/icty-symposium-final-reflections-on-the-icty\">http:\/\/www.icty.org\/en\/in-focus\/icty-legacy-dialogues\/icty-symposium-final-reflections-on-the-icty<\/a><\/p>\n<p>&nbsp;<\/p>\n<p>&nbsp;<\/p>\n","protected":false},"excerpt":{"rendered":"","protected":false},"author":2,"featured_media":7613,"comment_status":"open","ping_status":"open","sticky":false,"template":"","format":"standard","meta":{"_acf_changed":false,"jetpack_post_was_ever_published":false,"_jetpack_newsletter_access":"","_jetpack_dont_email_post_to_subs":false,"_jetpack_newsletter_tier_id":0,"_jetpack_memberships_contains_paywalled_content":false,"_jetpack_memberships_contains_paid_content":false,"footnotes":"","jetpack_publicize_message":"","jetpack_publicize_feature_enabled":true,"jetpack_social_post_already_shared":true,"jetpack_social_options":{"image_generator_settings":{"template":"highway","default_image_id":0,"font":"","enabled":false},"version":2}},"categories":[3],"tags":[],"class_list":["post-7612","post","type-post","status-publish","format-standard","has-post-thumbnail","hentry","category-novosti"],"acf":{"facebook_opis":""},"jetpack_publicize_connections":[],"jetpack_featured_media_url":"https:\/\/i0.wp.com\/historiografija.hr\/wp-content\/uploads\/2017\/12\/legacy-dialogues_logo.jpg?fit=160%2C160&ssl=1","jetpack_sharing_enabled":true,"jetpack-related-posts":[{"id":52505,"url":"https:\/\/historiografija.hr\/?p=52505","url_meta":{"origin":7612,"position":0},"title":"Izlo\u017eba &#8220;Eschenstock \/ Jasenov prut&#8221;","author":"Branimir Jankovi\u0107","date":"17. travnja 2026.","format":false,"excerpt":"Srpsko narodno vije\u0107e (SNV) i Vizura aperta postavljaju izlo\u017ebu \u0161vicarskog slikara Velimira Ili\u0161evi\u0107a: Eschenstock \/ Jasenov prut. Izlo\u017eba se uz prisustvo autora otvara povodom 81. godi\u0161njice proboja logora\u0161a iz usta\u0161kog logora smrti Jasenovac 22. aprila 2026. u 19 sati u Srpskom kulturnom centru (SKC) u Preradovi\u0107evoj ulici 21 u Zagrebu.\u2026","rel":"","context":"U &quot;Izlo\u017ebe&quot;","block_context":{"text":"Izlo\u017ebe","link":"https:\/\/historiografija.hr\/?cat=10"},"img":{"alt_text":"","src":"https:\/\/i0.wp.com\/historiografija.hr\/wp-content\/uploads\/2026\/04\/Jasenov_prut.jpg?fit=1024%2C640&ssl=1&resize=350%2C200","width":350,"height":200,"srcset":"https:\/\/i0.wp.com\/historiografija.hr\/wp-content\/uploads\/2026\/04\/Jasenov_prut.jpg?fit=1024%2C640&ssl=1&resize=350%2C200 1x, https:\/\/i0.wp.com\/historiografija.hr\/wp-content\/uploads\/2026\/04\/Jasenov_prut.jpg?fit=1024%2C640&ssl=1&resize=525%2C300 1.5x, https:\/\/i0.wp.com\/historiografija.hr\/wp-content\/uploads\/2026\/04\/Jasenov_prut.jpg?fit=1024%2C640&ssl=1&resize=700%2C400 2x"},"classes":[]},{"id":52569,"url":"https:\/\/historiografija.hr\/?p=52569","url_meta":{"origin":7612,"position":1},"title":"[Predavanje] Ne \u010dekaju\u0107i inspiraciju \u2013 anga\u017eovane intelektualne, kulturalne i umetni\u010dke prakse u me\u0111uratnom periodu: teorija i praksa kriti\u010dke levice u jugoslovenskoj kulturi (YugoLab)","author":"Branimir Jankovi\u0107","date":"21. travnja 2026.","format":false,"excerpt":"U vreme agresivnog ja\u010danja globalne desnice, (pro)fa\u0161isti\u010dkih, rasisti\u010dkih i imperijalisti\u010dkih politika, dok je istovremeno globalna levica izrazito slaba, a progresivni pokreti atomizirani i fragmentisani, va\u017eno je iz savremene perspektive vratiti se revolucionarnim i emancipatorskim zbivanjima u jugoslovenskom (ali i s njima u vezi internacionalnim de\u0161avanjima), kao i dru\u0161tvenoj ulozi kulturalnih\u2026","rel":"","context":"U &quot;Novosti&quot;","block_context":{"text":"Novosti","link":"https:\/\/historiografija.hr\/?cat=3"},"img":{"alt_text":"","src":"","width":0,"height":0},"classes":[]},{"id":52563,"url":"https:\/\/historiografija.hr\/?p=52563","url_meta":{"origin":7612,"position":2},"title":"Predavanje Nenada Fabijani\u0107a o stadionu Poljud u Splitu","author":"Branimir Jankovi\u0107","date":"21. travnja 2026.","format":false,"excerpt":"Znanstveno vije\u0107e za arhitekturu, urbanizam i ure\u0111enje prostora Hrvatske akademije znanosti i umjetnosti organizira predavanje \u201cPo Poljudu\u201d koje \u0107e u srijedu 22. travnja 2026. s po\u010detkom u 14 sati u Knji\u017enici HAZU, Strossmayerov trg 14 u Zagrebu, odr\u017eati\u00a0prof. emerit. dr. art. Nenad Fabijani\u0107,\u00a0\u010dlan suradnik HAZU. Predavanje \u201ePo Poljudu\u201c (Projekt obnove)\u2026","rel":"","context":"U &quot;Novosti&quot;","block_context":{"text":"Novosti","link":"https:\/\/historiografija.hr\/?cat=3"},"img":{"alt_text":"","src":"https:\/\/i0.wp.com\/historiografija.hr\/wp-content\/uploads\/2026\/04\/Poljud-scaled.jpeg?fit=1200%2C800&ssl=1&resize=350%2C200","width":350,"height":200,"srcset":"https:\/\/i0.wp.com\/historiografija.hr\/wp-content\/uploads\/2026\/04\/Poljud-scaled.jpeg?fit=1200%2C800&ssl=1&resize=350%2C200 1x, https:\/\/i0.wp.com\/historiografija.hr\/wp-content\/uploads\/2026\/04\/Poljud-scaled.jpeg?fit=1200%2C800&ssl=1&resize=525%2C300 1.5x, https:\/\/i0.wp.com\/historiografija.hr\/wp-content\/uploads\/2026\/04\/Poljud-scaled.jpeg?fit=1200%2C800&ssl=1&resize=700%2C400 2x, https:\/\/i0.wp.com\/historiografija.hr\/wp-content\/uploads\/2026\/04\/Poljud-scaled.jpeg?fit=1200%2C800&ssl=1&resize=1050%2C600 3x"},"classes":[]},{"id":52628,"url":"https:\/\/historiografija.hr\/?p=52628","url_meta":{"origin":7612,"position":3},"title":"Predavanje dopisnog \u010dlana HAZU Alaina Finkielkrauta Izrael, Europa, antisemitizam","author":"Branimir Jankovi\u0107","date":"23. travnja 2026.","format":false,"excerpt":"Francuski filozof Alain Finkielkraut, redoviti \u010dlan Francuske akademije i dopisni \u010dlan HAZU, odr\u017eat \u0107e predavanje\u00a0Izrael, Europa, antisemitizam u utorak 28. travnja 2026. u 13 sati u Knji\u017enici HAZU,\u00a0Strossmayerov trg 14 u Zagrebu. Uvodne rije\u010di odr\u017eat \u0107e\u00a0akademkinja \u017deljka \u010corak i\u00a0akademik Dra\u017een Katunari\u0107. Predavanje \u0107e se odr\u017eati na francuskom jeziku uz konsekutivno\u2026","rel":"","context":"U &quot;Novosti&quot;","block_context":{"text":"Novosti","link":"https:\/\/historiografija.hr\/?cat=3"},"img":{"alt_text":"","src":"https:\/\/i0.wp.com\/historiografija.hr\/wp-content\/uploads\/2026\/04\/Alain_Finkielkraut.jpg?fit=350%2C407&ssl=1&resize=350%2C200","width":350,"height":200},"classes":[]},{"id":52592,"url":"https:\/\/historiografija.hr\/?p=52592","url_meta":{"origin":7612,"position":4},"title":"Predstavljanje knjige &#8220;Turska ku\u0107a u Rijeci&#8221; u Zagrebu","author":"Branimir Jankovi\u0107","date":"22. travnja 2026.","format":false,"excerpt":"U prostorijama Turskog kulturnog centra Yunus Emre u Zagrebu, u utorak 21. travnja 2026. godine, odr\u017eano je sve\u010dano predstavljanje dopunjenog izdanja knjige Turska ku\u0107a u Rijeci, u organizaciji Hrvatsko-turskog dru\u0161tva Rijeka i partnerstvu sa Skupinom prijateljstva Hrvatska-Turska Hrvatskog sabora, Veleposlanstvom Republike Turske u Republici Hrvatskoj te Turskim kulturnim centrom Yunus\u2026","rel":"","context":"U &quot;Novosti&quot;","block_context":{"text":"Novosti","link":"https:\/\/historiografija.hr\/?cat=3"},"img":{"alt_text":"","src":"https:\/\/i0.wp.com\/historiografija.hr\/wp-content\/uploads\/2026\/04\/Turska-kuca-ZG.jpg?fit=1200%2C800&ssl=1&resize=350%2C200","width":350,"height":200,"srcset":"https:\/\/i0.wp.com\/historiografija.hr\/wp-content\/uploads\/2026\/04\/Turska-kuca-ZG.jpg?fit=1200%2C800&ssl=1&resize=350%2C200 1x, https:\/\/i0.wp.com\/historiografija.hr\/wp-content\/uploads\/2026\/04\/Turska-kuca-ZG.jpg?fit=1200%2C800&ssl=1&resize=525%2C300 1.5x, https:\/\/i0.wp.com\/historiografija.hr\/wp-content\/uploads\/2026\/04\/Turska-kuca-ZG.jpg?fit=1200%2C800&ssl=1&resize=700%2C400 2x, https:\/\/i0.wp.com\/historiografija.hr\/wp-content\/uploads\/2026\/04\/Turska-kuca-ZG.jpg?fit=1200%2C800&ssl=1&resize=1050%2C600 3x"},"classes":[]},{"id":52528,"url":"https:\/\/historiografija.hr\/?p=52528","url_meta":{"origin":7612,"position":5},"title":"[Promocija knjige] Banja Luka u ratu: Etnopolitika i svakodnevica (1990\u20131995) (ActiveLab, YugoLab)","author":"Branimir Jankovi\u0107","date":"17. travnja 2026.","format":false,"excerpt":"Institut za filozofiju i dru\u0161tvenu teoriju i O\u0161tra Nula organizuju promociju knjige Banja Luka u ratu: Etnopolitika i svakodnevica (1990\u20131995) autorke Armine Galija\u0161, koja \u0107e se odr\u017eati 20. aprila 2026. u 12.00 sati u prostorijama Instituta (Kraljice Natalije 45, Beograd). Re\u010d je o prvom nau\u010dno utemeljenom i sistematskom radu koji\u2026","rel":"","context":"U &quot;Novosti&quot;","block_context":{"text":"Novosti","link":"https:\/\/historiografija.hr\/?cat=3"},"img":{"alt_text":"","src":"https:\/\/i0.wp.com\/historiografija.hr\/wp-content\/uploads\/2026\/04\/20-april-RS.jpg?fit=1200%2C675&ssl=1&resize=350%2C200","width":350,"height":200,"srcset":"https:\/\/i0.wp.com\/historiografija.hr\/wp-content\/uploads\/2026\/04\/20-april-RS.jpg?fit=1200%2C675&ssl=1&resize=350%2C200 1x, https:\/\/i0.wp.com\/historiografija.hr\/wp-content\/uploads\/2026\/04\/20-april-RS.jpg?fit=1200%2C675&ssl=1&resize=525%2C300 1.5x, https:\/\/i0.wp.com\/historiografija.hr\/wp-content\/uploads\/2026\/04\/20-april-RS.jpg?fit=1200%2C675&ssl=1&resize=700%2C400 2x, https:\/\/i0.wp.com\/historiografija.hr\/wp-content\/uploads\/2026\/04\/20-april-RS.jpg?fit=1200%2C675&ssl=1&resize=1050%2C600 3x"},"classes":[]}],"_links":{"self":[{"href":"https:\/\/historiografija.hr\/index.php?rest_route=\/wp\/v2\/posts\/7612","targetHints":{"allow":["GET"]}}],"collection":[{"href":"https:\/\/historiografija.hr\/index.php?rest_route=\/wp\/v2\/posts"}],"about":[{"href":"https:\/\/historiografija.hr\/index.php?rest_route=\/wp\/v2\/types\/post"}],"author":[{"embeddable":true,"href":"https:\/\/historiografija.hr\/index.php?rest_route=\/wp\/v2\/users\/2"}],"replies":[{"embeddable":true,"href":"https:\/\/historiografija.hr\/index.php?rest_route=%2Fwp%2Fv2%2Fcomments&post=7612"}],"version-history":[{"count":1,"href":"https:\/\/historiografija.hr\/index.php?rest_route=\/wp\/v2\/posts\/7612\/revisions"}],"predecessor-version":[{"id":7614,"href":"https:\/\/historiografija.hr\/index.php?rest_route=\/wp\/v2\/posts\/7612\/revisions\/7614"}],"wp:featuredmedia":[{"embeddable":true,"href":"https:\/\/historiografija.hr\/index.php?rest_route=\/wp\/v2\/media\/7613"}],"wp:attachment":[{"href":"https:\/\/historiografija.hr\/index.php?rest_route=%2Fwp%2Fv2%2Fmedia&parent=7612"}],"wp:term":[{"taxonomy":"category","embeddable":true,"href":"https:\/\/historiografija.hr\/index.php?rest_route=%2Fwp%2Fv2%2Fcategories&post=7612"},{"taxonomy":"post_tag","embeddable":true,"href":"https:\/\/historiografija.hr\/index.php?rest_route=%2Fwp%2Fv2%2Ftags&post=7612"}],"curies":[{"name":"wp","href":"https:\/\/api.w.org\/{rel}","templated":true}]}}